{"id":1786,"date":"2021-09-13T20:49:31","date_gmt":"2021-09-14T01:49:31","guid":{"rendered":"https:\/\/www.bbmnoticias.com\/labravaradiofm\/?p=1786"},"modified":"2021-09-13T20:49:32","modified_gmt":"2021-09-14T01:49:32","slug":"no-puede-escuchar-revelan-por-que-sergio-mayer-fue-hospitalizado-sospechan-de-envenenamiento","status":"publish","type":"post","link":"https:\/\/www.bbmnoticias.com\/labravaradiofm\/2021\/09\/13\/no-puede-escuchar-revelan-por-que-sergio-mayer-fue-hospitalizado-sospechan-de-envenenamiento\/","title":{"rendered":"&#8220;No puede escuchar&#8221;: Revelan por qu\u00e9 Sergio Mayer fue hospitalizado; sospechan de &#8216;envenenamiento&#8217;"},"content":{"rendered":"<div style=\"margin-top: 0px; margin-bottom: 0px;\" class=\"sharethis-inline-share-buttons\" ><\/div>\n<p>Sergio Mayer fue hospitalizado de emergencia por un problema de o\u00eddo. Recientemente revelaron que el famoso habr\u00eda perdido el &#8220;90% de su o\u00eddo izquierdo&#8221;. Adem\u00e1s hay sospecha de envenenamiento. <\/p>\n\n\n\n<p>Sergio Mayer fue hospitalizado de emergencia, as\u00ed lo dieron a conocer en el programa Hoy de Televisa. Sobre el ex Garibaldi y pol\u00edtico se inform\u00f3 que el motivo de su hospitalizaci\u00f3n hab\u00eda sido por un virus le hab\u00eda da\u00f1ado el o\u00eddo. <\/p>\n\n\n\n<p>Sin embargo, en medio de las especulaciones sobre su estado de salud, reci\u00e9n se dio a conocer que el famoso est\u00e1 delicado, pero estable y que hay una sospecha de envenenamiento.<\/p>\n\n\n\n<p> \u00bfQu\u00e9 es lo que tiene el ex diputado que enfrenta varias denuncias por tr\u00e1fico de influencias por el caso de H\u00e9ctor Parra? Desde esta ma\u00f1ana en el programa Hoy de Televisa se inform\u00f3 que Sergio Mayer hab\u00eda sido hospitalizado de emergencia, por lo que no hab\u00eda logrado llegar al foro para hablar de las pol\u00e9micas que hoy en d\u00eda lo envuelven por tr\u00e1fico de influencias. <\/p>\n\n\n\n<p>Tras darse a conocer la noticia, Ana Mar\u00eda Alvarado revel\u00f3 en el programa Todo para la Mujer que el tambi\u00e9n bailar\u00edn ingres\u00f3 al hospital de emergencia y que es probable que pierda por completo la audici\u00f3n del o\u00eddo izquierdo. <\/p>\n\n\n\n<p>M\u00e1s tarde, en el programa Despierta Am\u00e9rica se inform\u00f3 que la representante del famoso asegur\u00f3 que hab\u00eda una posibilidad de envenenamiento. \u201cPerdi\u00f3 el 90% de su o\u00eddo izquierdo. <\/p>\n\n\n\n<p>Es una intoxicaci\u00f3n muy fuerte y se sospecha envenenamiento\u201d, comunic\u00f3 el programa citado. Sergio Mayer no acudi\u00f3 al programa Hoy por hospitalizaci\u00f3n El ex bailar\u00edn de S\u00f3lo para mujeres acudir\u00eda al programa &#8216;Hoy&#8217; para hablar de las controversias que ha generado recientemente por el caso H\u00e9ctor Parra y las denuncias que hay en su contra por tr\u00e1fico de influencias. <\/p>\n\n\n\n<p>Por ello, para aclarar lo que pasaba, los conductores explicaron que el esposo de Issabela Camil hab\u00eda sido hospitalizado. <\/p>\n\n\n\n<p>Andrea Legarreta, Ra\u00fal Araiza, Lambda Garc\u00eda y Arath de la Torre mostraron su preocupaci\u00f3n por Sergio Mayer, pues lo catalogaron como alguien comprometido. \u201cDijimos que iba a venir Sergio Mayer, pero nos acabamos de enterar que es muy probable que Sergio este hospitalizado, no nos consta pero no nos ha contestado el tel\u00e9fono\u201d, indic\u00f3 Arath de la Torre en el programa Hoy. <\/p>\n\n\n\n<p>Asimismo, Arath de la Torre destac\u00f3 que Sergio Mayer siempre est\u00e1 a primera hora cuando tiene compromisos, pero en esta ocasi\u00f3n no fue as\u00ed. \u201cEs una persona muy puntual, es alguien que conozco desde hace muchos a\u00f1os y estar\u00eda aqu\u00ed desde primera hora. Esperemos que este bien\u201d, coment\u00f3.<\/p>\n\n\n\n<p>En este sentido, Andrea Legarreta adelant\u00f3 que al parecer Sergio Mayer tiene un virus en el o\u00eddo. \u201cEl viernes cuando la producci\u00f3n le hizo la invitaci\u00f3n, coment\u00f3 que estaba enfrentando un virus que le hab\u00eda da\u00f1ado el o\u00eddo, entonces al parecer est\u00e1 en un hospital\u201d, asegur\u00f3 Andrea Legarreta. <\/p>\n","protected":false},"excerpt":{"rendered":"<p>Sergio Mayer fue hospitalizado de emergencia por un problema de o\u00eddo. Recientemente revelaron que el famoso habr\u00eda perdido el &#8220;90% de su o\u00eddo izquierdo&#8221;. Adem\u00e1s hay sospecha de envenenamiento. Sergio Mayer fue hospitalizado de emergencia, as\u00ed lo dieron a conocer en el programa Hoy de Televisa. Sobre el ex Garibaldi y pol\u00edtico se inform\u00f3 que [&hellip;]<\/p>\n","protected":false},"author":9,"featured_media":1787,"comment_status":"closed","ping_status":"closed","sticky":false,"template":"","format":"standard","meta":{"footnotes":""},"categories":[1],"tags":[],"class_list":{"0":"post-1786","1":"post","2":"type-post","3":"status-publish","4":"format-standard","5":"has-post-thumbnail","7":"category-sin-categoria"},"yoast_head":"<!-- This site is optimized with the Yoast SEO plugin v27.4 - https:\/\/yoast.com\/product\/yoast-seo-wordpress\/ -->\n<title>&quot;No puede escuchar&quot;: Revelan por qu\u00e9 Sergio Mayer fue hospitalizado; sospechan de &#039;envenenamiento&#039; - LA BRAVA RADIO<\/title>\n<meta name=\"robots\" content=\"index, follow, max-snippet:-1, max-image-preview:large, max-video-preview:-1\" \/>\n<link rel=\"canonical\" href=\"https:\/\/www.bbmnoticias.com\/labravaradiofm\/2021\/09\/13\/no-puede-escuchar-revelan-por-que-sergio-mayer-fue-hospitalizado-sospechan-de-envenenamiento\/\" \/>\n<meta property=\"og:locale\" content=\"es_MX\" \/>\n<meta property=\"og:type\" content=\"article\" \/>\n<meta property=\"og:title\" content=\"&quot;No puede escuchar&quot;: Revelan por qu\u00e9 Sergio Mayer fue hospitalizado; sospechan de &#039;envenenamiento&#039; - LA BRAVA RADIO\" \/>\n<meta property=\"og:description\" content=\"Sergio Mayer fue hospitalizado de emergencia por un problema de o\u00eddo. Recientemente revelaron que el famoso habr\u00eda perdido el &#8220;90% de su o\u00eddo izquierdo&#8221;. Adem\u00e1s hay sospecha de envenenamiento. Sergio Mayer fue hospitalizado de emergencia, as\u00ed lo dieron a conocer en el programa Hoy de Televisa. Sobre el ex Garibaldi y pol\u00edtico se inform\u00f3 que [&hellip;]\" \/>\n<meta property=\"og:url\" content=\"https:\/\/www.bbmnoticias.com\/labravaradiofm\/2021\/09\/13\/no-puede-escuchar-revelan-por-que-sergio-mayer-fue-hospitalizado-sospechan-de-envenenamiento\/\" \/>\n<meta property=\"og:site_name\" content=\"LA BRAVA RADIO\" \/>\n<meta property=\"article:published_time\" content=\"2021-09-14T01:49:31+00:00\" \/>\n<meta property=\"article:modified_time\" content=\"2021-09-14T01:49:32+00:00\" \/>\n<meta property=\"og:image\" content=\"https:\/\/www.bbmnoticias.com\/labravaradiofm\/wp-content\/uploads\/sites\/5\/2021\/09\/espectaculos3-13.09.21.jpg\" \/>\n\t<meta property=\"og:image:width\" content=\"680\" \/>\n\t<meta property=\"og:image:height\" content=\"410\" \/>\n\t<meta property=\"og:image:type\" content=\"image\/jpeg\" \/>\n<meta name=\"author\" content=\"Milenio\" \/>\n<meta name=\"twitter:card\" content=\"summary_large_image\" \/>\n<meta name=\"twitter:label1\" content=\"Escrito por\" \/>\n\t<meta name=\"twitter:data1\" content=\"Milenio\" \/>\n\t<meta name=\"twitter:label2\" content=\"Tiempo de lectura\" \/>\n\t<meta name=\"twitter:data2\" content=\"3 minutos\" \/>\n<script type=\"application\/ld+json\" class=\"yoast-schema-graph\">{\"@context\":\"https:\\\/\\\/schema.org\",\"@graph\":[{\"@type\":\"Article\",\"@id\":\"https:\\\/\\\/www.bbmnoticias.com\\\/labravaradiofm\\\/2021\\\/09\\\/13\\\/no-puede-escuchar-revelan-por-que-sergio-mayer-fue-hospitalizado-sospechan-de-envenenamiento\\\/#article\",\"isPartOf\":{\"@id\":\"https:\\\/\\\/www.bbmnoticias.com\\\/labravaradiofm\\\/2021\\\/09\\\/13\\\/no-puede-escuchar-revelan-por-que-sergio-mayer-fue-hospitalizado-sospechan-de-envenenamiento\\\/\"},\"author\":{\"name\":\"Milenio\",\"@id\":\"https:\\\/\\\/www.bbmnoticias.com\\\/labravaradiofm\\\/#\\\/schema\\\/person\\\/1e4f9fdcc0861e07811d58b3cabb2be6\"},\"headline\":\"&#8220;No puede escuchar&#8221;: Revelan por qu\u00e9 Sergio Mayer fue hospitalizado; sospechan de &#8216;envenenamiento&#8217;\",\"datePublished\":\"2021-09-14T01:49:31+00:00\",\"dateModified\":\"2021-09-14T01:49:32+00:00\",\"mainEntityOfPage\":{\"@id\":\"https:\\\/\\\/www.bbmnoticias.com\\\/labravaradiofm\\\/2021\\\/09\\\/13\\\/no-puede-escuchar-revelan-por-que-sergio-mayer-fue-hospitalizado-sospechan-de-envenenamiento\\\/\"},\"wordCount\":529,\"image\":{\"@id\":\"https:\\\/\\\/www.bbmnoticias.com\\\/labravaradiofm\\\/2021\\\/09\\\/13\\\/no-puede-escuchar-revelan-por-que-sergio-mayer-fue-hospitalizado-sospechan-de-envenenamiento\\\/#primaryimage\"},\"thumbnailUrl\":\"https:\\\/\\\/www.bbmnoticias.com\\\/labravaradiofm\\\/wp-content\\\/uploads\\\/sites\\\/5\\\/2021\\\/09\\\/espectaculos3-13.09.21.jpg\",\"inLanguage\":\"es\"},{\"@type\":\"WebPage\",\"@id\":\"https:\\\/\\\/www.bbmnoticias.com\\\/labravaradiofm\\\/2021\\\/09\\\/13\\\/no-puede-escuchar-revelan-por-que-sergio-mayer-fue-hospitalizado-sospechan-de-envenenamiento\\\/\",\"url\":\"https:\\\/\\\/www.bbmnoticias.com\\\/labravaradiofm\\\/2021\\\/09\\\/13\\\/no-puede-escuchar-revelan-por-que-sergio-mayer-fue-hospitalizado-sospechan-de-envenenamiento\\\/\",\"name\":\"\\\"No puede escuchar\\\": Revelan por qu\u00e9 Sergio Mayer fue hospitalizado; sospechan de 'envenenamiento' - LA BRAVA RADIO\",\"isPartOf\":{\"@id\":\"https:\\\/\\\/www.bbmnoticias.com\\\/labravaradiofm\\\/#website\"},\"primaryImageOfPage\":{\"@id\":\"https:\\\/\\\/www.bbmnoticias.com\\\/labravaradiofm\\\/2021\\\/09\\\/13\\\/no-puede-escuchar-revelan-por-que-sergio-mayer-fue-hospitalizado-sospechan-de-envenenamiento\\\/#primaryimage\"},\"image\":{\"@id\":\"https:\\\/\\\/www.bbmnoticias.com\\\/labravaradiofm\\\/2021\\\/09\\\/13\\\/no-puede-escuchar-revelan-por-que-sergio-mayer-fue-hospitalizado-sospechan-de-envenenamiento\\\/#primaryimage\"},\"thumbnailUrl\":\"https:\\\/\\\/www.bbmnoticias.com\\\/labravaradiofm\\\/wp-content\\\/uploads\\\/sites\\\/5\\\/2021\\\/09\\\/espectaculos3-13.09.21.jpg\",\"datePublished\":\"2021-09-14T01:49:31+00:00\",\"dateModified\":\"2021-09-14T01:49:32+00:00\",\"author\":{\"@id\":\"https:\\\/\\\/www.bbmnoticias.com\\\/labravaradiofm\\\/#\\\/schema\\\/person\\\/1e4f9fdcc0861e07811d58b3cabb2be6\"},\"breadcrumb\":{\"@id\":\"https:\\\/\\\/www.bbmnoticias.com\\\/labravaradiofm\\\/2021\\\/09\\\/13\\\/no-puede-escuchar-revelan-por-que-sergio-mayer-fue-hospitalizado-sospechan-de-envenenamiento\\\/#breadcrumb\"},\"inLanguage\":\"es\",\"potentialAction\":[{\"@type\":\"ReadAction\",\"target\":[\"https:\\\/\\\/www.bbmnoticias.com\\\/labravaradiofm\\\/2021\\\/09\\\/13\\\/no-puede-escuchar-revelan-por-que-sergio-mayer-fue-hospitalizado-sospechan-de-envenenamiento\\\/\"]}]},{\"@type\":\"ImageObject\",\"inLanguage\":\"es\",\"@id\":\"https:\\\/\\\/www.bbmnoticias.com\\\/labravaradiofm\\\/2021\\\/09\\\/13\\\/no-puede-escuchar-revelan-por-que-sergio-mayer-fue-hospitalizado-sospechan-de-envenenamiento\\\/#primaryimage\",\"url\":\"https:\\\/\\\/www.bbmnoticias.com\\\/labravaradiofm\\\/wp-content\\\/uploads\\\/sites\\\/5\\\/2021\\\/09\\\/espectaculos3-13.09.21.jpg\",\"contentUrl\":\"https:\\\/\\\/www.bbmnoticias.com\\\/labravaradiofm\\\/wp-content\\\/uploads\\\/sites\\\/5\\\/2021\\\/09\\\/espectaculos3-13.09.21.jpg\",\"width\":680,\"height\":410},{\"@type\":\"BreadcrumbList\",\"@id\":\"https:\\\/\\\/www.bbmnoticias.com\\\/labravaradiofm\\\/2021\\\/09\\\/13\\\/no-puede-escuchar-revelan-por-que-sergio-mayer-fue-hospitalizado-sospechan-de-envenenamiento\\\/#breadcrumb\",\"itemListElement\":[{\"@type\":\"ListItem\",\"position\":1,\"name\":\"Inicio\",\"item\":\"https:\\\/\\\/www.bbmnoticias.com\\\/labravaradiofm\\\/\"},{\"@type\":\"ListItem\",\"position\":2,\"name\":\"&#8220;No puede escuchar&#8221;: Revelan por qu\u00e9 Sergio Mayer fue hospitalizado; sospechan de &#8216;envenenamiento&#8217;\"}]},{\"@type\":\"WebSite\",\"@id\":\"https:\\\/\\\/www.bbmnoticias.com\\\/labravaradiofm\\\/#website\",\"url\":\"https:\\\/\\\/www.bbmnoticias.com\\\/labravaradiofm\\\/\",\"name\":\"LA BRAVA RADIO\",\"description\":\"Empresa productora de medios, Radiodifusi\u00f3n, Noticias, tendencias y todo lo que necesitas saber de la pol\u00edtica mexicana e internacional; entretenimiento, espect\u00e1culos, salud y mucho m\u00e1s.\",\"potentialAction\":[{\"@type\":\"SearchAction\",\"target\":{\"@type\":\"EntryPoint\",\"urlTemplate\":\"https:\\\/\\\/www.bbmnoticias.com\\\/labravaradiofm\\\/?s={search_term_string}\"},\"query-input\":{\"@type\":\"PropertyValueSpecification\",\"valueRequired\":true,\"valueName\":\"search_term_string\"}}],\"inLanguage\":\"es\"},{\"@type\":\"Person\",\"@id\":\"https:\\\/\\\/www.bbmnoticias.com\\\/labravaradiofm\\\/#\\\/schema\\\/person\\\/1e4f9fdcc0861e07811d58b3cabb2be6\",\"name\":\"Milenio\",\"image\":{\"@type\":\"ImageObject\",\"inLanguage\":\"es\",\"@id\":\"https:\\\/\\\/secure.gravatar.com\\\/avatar\\\/cc78c90822baf77761fc8dc7e5a764bdbe7760545b0e1698cf9eff8a1818736c?s=96&d=mm&r=g\",\"url\":\"https:\\\/\\\/secure.gravatar.com\\\/avatar\\\/cc78c90822baf77761fc8dc7e5a764bdbe7760545b0e1698cf9eff8a1818736c?s=96&d=mm&r=g\",\"contentUrl\":\"https:\\\/\\\/secure.gravatar.com\\\/avatar\\\/cc78c90822baf77761fc8dc7e5a764bdbe7760545b0e1698cf9eff8a1818736c?s=96&d=mm&r=g\",\"caption\":\"Milenio\"},\"url\":\"https:\\\/\\\/www.bbmnoticias.com\\\/labravaradiofm\\\/author\\\/milenio\\\/\"}]}<\/script>\n<!-- \/ Yoast SEO plugin. -->","yoast_head_json":{"title":"\"No puede escuchar\": Revelan por qu\u00e9 Sergio Mayer fue hospitalizado; sospechan de 'envenenamiento' - LA BRAVA RADIO","robots":{"index":"index","follow":"follow","max-snippet":"max-snippet:-1","max-image-preview":"max-image-preview:large","max-video-preview":"max-video-preview:-1"},"canonical":"https:\/\/www.bbmnoticias.com\/labravaradiofm\/2021\/09\/13\/no-puede-escuchar-revelan-por-que-sergio-mayer-fue-hospitalizado-sospechan-de-envenenamiento\/","og_locale":"es_MX","og_type":"article","og_title":"\"No puede escuchar\": Revelan por qu\u00e9 Sergio Mayer fue hospitalizado; sospechan de 'envenenamiento' - LA BRAVA RADIO","og_description":"Sergio Mayer fue hospitalizado de emergencia por un problema de o\u00eddo. Recientemente revelaron que el famoso habr\u00eda perdido el &#8220;90% de su o\u00eddo izquierdo&#8221;. Adem\u00e1s hay sospecha de envenenamiento. Sergio Mayer fue hospitalizado de emergencia, as\u00ed lo dieron a conocer en el programa Hoy de Televisa. Sobre el ex Garibaldi y pol\u00edtico se inform\u00f3 que [&hellip;]","og_url":"https:\/\/www.bbmnoticias.com\/labravaradiofm\/2021\/09\/13\/no-puede-escuchar-revelan-por-que-sergio-mayer-fue-hospitalizado-sospechan-de-envenenamiento\/","og_site_name":"LA BRAVA RADIO","article_published_time":"2021-09-14T01:49:31+00:00","article_modified_time":"2021-09-14T01:49:32+00:00","og_image":[{"width":680,"height":410,"url":"https:\/\/www.bbmnoticias.com\/labravaradiofm\/wp-content\/uploads\/sites\/5\/2021\/09\/espectaculos3-13.09.21.jpg","type":"image\/jpeg"}],"author":"Milenio","twitter_card":"summary_large_image","twitter_misc":{"Escrito por":"Milenio","Tiempo de lectura":"3 minutos"},"schema":{"@context":"https:\/\/schema.org","@graph":[{"@type":"Article","@id":"https:\/\/www.bbmnoticias.com\/labravaradiofm\/2021\/09\/13\/no-puede-escuchar-revelan-por-que-sergio-mayer-fue-hospitalizado-sospechan-de-envenenamiento\/#article","isPartOf":{"@id":"https:\/\/www.bbmnoticias.com\/labravaradiofm\/2021\/09\/13\/no-puede-escuchar-revelan-por-que-sergio-mayer-fue-hospitalizado-sospechan-de-envenenamiento\/"},"author":{"name":"Milenio","@id":"https:\/\/www.bbmnoticias.com\/labravaradiofm\/#\/schema\/person\/1e4f9fdcc0861e07811d58b3cabb2be6"},"headline":"&#8220;No puede escuchar&#8221;: Revelan por qu\u00e9 Sergio Mayer fue hospitalizado; sospechan de &#8216;envenenamiento&#8217;","datePublished":"2021-09-14T01:49:31+00:00","dateModified":"2021-09-14T01:49:32+00:00","mainEntityOfPage":{"@id":"https:\/\/www.bbmnoticias.com\/labravaradiofm\/2021\/09\/13\/no-puede-escuchar-revelan-por-que-sergio-mayer-fue-hospitalizado-sospechan-de-envenenamiento\/"},"wordCount":529,"image":{"@id":"https:\/\/www.bbmnoticias.com\/labravaradiofm\/2021\/09\/13\/no-puede-escuchar-revelan-por-que-sergio-mayer-fue-hospitalizado-sospechan-de-envenenamiento\/#primaryimage"},"thumbnailUrl":"https:\/\/www.bbmnoticias.com\/labravaradiofm\/wp-content\/uploads\/sites\/5\/2021\/09\/espectaculos3-13.09.21.jpg","inLanguage":"es"},{"@type":"WebPage","@id":"https:\/\/www.bbmnoticias.com\/labravaradiofm\/2021\/09\/13\/no-puede-escuchar-revelan-por-que-sergio-mayer-fue-hospitalizado-sospechan-de-envenenamiento\/","url":"https:\/\/www.bbmnoticias.com\/labravaradiofm\/2021\/09\/13\/no-puede-escuchar-revelan-por-que-sergio-mayer-fue-hospitalizado-sospechan-de-envenenamiento\/","name":"\"No puede escuchar\": Revelan por qu\u00e9 Sergio Mayer fue hospitalizado; sospechan de 'envenenamiento' - LA BRAVA RADIO","isPartOf":{"@id":"https:\/\/www.bbmnoticias.com\/labravaradiofm\/#website"},"primaryImageOfPage":{"@id":"https:\/\/www.bbmnoticias.com\/labravaradiofm\/2021\/09\/13\/no-puede-escuchar-revelan-por-que-sergio-mayer-fue-hospitalizado-sospechan-de-envenenamiento\/#primaryimage"},"image":{"@id":"https:\/\/www.bbmnoticias.com\/labravaradiofm\/2021\/09\/13\/no-puede-escuchar-revelan-por-que-sergio-mayer-fue-hospitalizado-sospechan-de-envenenamiento\/#primaryimage"},"thumbnailUrl":"https:\/\/www.bbmnoticias.com\/labravaradiofm\/wp-content\/uploads\/sites\/5\/2021\/09\/espectaculos3-13.09.21.jpg","datePublished":"2021-09-14T01:49:31+00:00","dateModified":"2021-09-14T01:49:32+00:00","author":{"@id":"https:\/\/www.bbmnoticias.com\/labravaradiofm\/#\/schema\/person\/1e4f9fdcc0861e07811d58b3cabb2be6"},"breadcrumb":{"@id":"https:\/\/www.bbmnoticias.com\/labravaradiofm\/2021\/09\/13\/no-puede-escuchar-revelan-por-que-sergio-mayer-fue-hospitalizado-sospechan-de-envenenamiento\/#breadcrumb"},"inLanguage":"es","potentialAction":[{"@type":"ReadAction","target":["https:\/\/www.bbmnoticias.com\/labravaradiofm\/2021\/09\/13\/no-puede-escuchar-revelan-por-que-sergio-mayer-fue-hospitalizado-sospechan-de-envenenamiento\/"]}]},{"@type":"ImageObject","inLanguage":"es","@id":"https:\/\/www.bbmnoticias.com\/labravaradiofm\/2021\/09\/13\/no-puede-escuchar-revelan-por-que-sergio-mayer-fue-hospitalizado-sospechan-de-envenenamiento\/#primaryimage","url":"https:\/\/www.bbmnoticias.com\/labravaradiofm\/wp-content\/uploads\/sites\/5\/2021\/09\/espectaculos3-13.09.21.jpg","contentUrl":"https:\/\/www.bbmnoticias.com\/labravaradiofm\/wp-content\/uploads\/sites\/5\/2021\/09\/espectaculos3-13.09.21.jpg","width":680,"height":410},{"@type":"BreadcrumbList","@id":"https:\/\/www.bbmnoticias.com\/labravaradiofm\/2021\/09\/13\/no-puede-escuchar-revelan-por-que-sergio-mayer-fue-hospitalizado-sospechan-de-envenenamiento\/#breadcrumb","itemListElement":[{"@type":"ListItem","position":1,"name":"Inicio","item":"https:\/\/www.bbmnoticias.com\/labravaradiofm\/"},{"@type":"ListItem","position":2,"name":"&#8220;No puede escuchar&#8221;: Revelan por qu\u00e9 Sergio Mayer fue hospitalizado; sospechan de &#8216;envenenamiento&#8217;"}]},{"@type":"WebSite","@id":"https:\/\/www.bbmnoticias.com\/labravaradiofm\/#website","url":"https:\/\/www.bbmnoticias.com\/labravaradiofm\/","name":"LA BRAVA RADIO","description":"Empresa productora de medios, Radiodifusi\u00f3n, Noticias, tendencias y todo lo que necesitas saber de la pol\u00edtica mexicana e internacional; entretenimiento, espect\u00e1culos, salud y mucho m\u00e1s.","potentialAction":[{"@type":"SearchAction","target":{"@type":"EntryPoint","urlTemplate":"https:\/\/www.bbmnoticias.com\/labravaradiofm\/?s={search_term_string}"},"query-input":{"@type":"PropertyValueSpecification","valueRequired":true,"valueName":"search_term_string"}}],"inLanguage":"es"},{"@type":"Person","@id":"https:\/\/www.bbmnoticias.com\/labravaradiofm\/#\/schema\/person\/1e4f9fdcc0861e07811d58b3cabb2be6","name":"Milenio","image":{"@type":"ImageObject","inLanguage":"es","@id":"https:\/\/secure.gravatar.com\/avatar\/cc78c90822baf77761fc8dc7e5a764bdbe7760545b0e1698cf9eff8a1818736c?s=96&d=mm&r=g","url":"https:\/\/secure.gravatar.com\/avatar\/cc78c90822baf77761fc8dc7e5a764bdbe7760545b0e1698cf9eff8a1818736c?s=96&d=mm&r=g","contentUrl":"https:\/\/secure.gravatar.com\/avatar\/cc78c90822baf77761fc8dc7e5a764bdbe7760545b0e1698cf9eff8a1818736c?s=96&d=mm&r=g","caption":"Milenio"},"url":"https:\/\/www.bbmnoticias.com\/labravaradiofm\/author\/milenio\/"}]}},"_links":{"self":[{"href":"https:\/\/www.bbmnoticias.com\/labravaradiofm\/wp-json\/wp\/v2\/posts\/1786","targetHints":{"allow":["GET"]}}],"collection":[{"href":"https:\/\/www.bbmnoticias.com\/labravaradiofm\/wp-json\/wp\/v2\/posts"}],"about":[{"href":"https:\/\/www.bbmnoticias.com\/labravaradiofm\/wp-json\/wp\/v2\/types\/post"}],"author":[{"embeddable":true,"href":"https:\/\/www.bbmnoticias.com\/labravaradiofm\/wp-json\/wp\/v2\/users\/9"}],"replies":[{"embeddable":true,"href":"https:\/\/www.bbmnoticias.com\/labravaradiofm\/wp-json\/wp\/v2\/comments?post=1786"}],"version-history":[{"count":0,"href":"https:\/\/www.bbmnoticias.com\/labravaradiofm\/wp-json\/wp\/v2\/posts\/1786\/revisions"}],"wp:featuredmedia":[{"embeddable":true,"href":"https:\/\/www.bbmnoticias.com\/labravaradiofm\/wp-json\/wp\/v2\/media\/1787"}],"wp:attachment":[{"href":"https:\/\/www.bbmnoticias.com\/labravaradiofm\/wp-json\/wp\/v2\/media?parent=1786"}],"wp:term":[{"taxonomy":"category","embeddable":true,"href":"https:\/\/www.bbmnoticias.com\/labravaradiofm\/wp-json\/wp\/v2\/categories?post=1786"},{"taxonomy":"post_tag","embeddable":true,"href":"https:\/\/www.bbmnoticias.com\/labravaradiofm\/wp-json\/wp\/v2\/tags?post=1786"}],"curies":[{"name":"wp","href":"https:\/\/api.w.org\/{rel}","templated":true}]}}