{"id":1770,"date":"2021-09-13T20:09:22","date_gmt":"2021-09-14T01:09:22","guid":{"rendered":"https:\/\/www.bbmnoticias.com\/labravaradiofm\/?p=1770"},"modified":"2021-09-13T20:14:06","modified_gmt":"2021-09-14T01:14:06","slug":"vacunaran-contra-covid-19-a-ninos-de-entre-12-y-17-anos-en-piedras-negras-coahuila","status":"publish","type":"post","link":"https:\/\/www.bbmnoticias.com\/labravaradiofm\/2021\/09\/13\/vacunaran-contra-covid-19-a-ninos-de-entre-12-y-17-anos-en-piedras-negras-coahuila\/","title":{"rendered":"Vacunar\u00e1n contra covid-19 a ni\u00f1os, de entre 12 y 17 a\u00f1os, en Piedras Negras, Coahuila"},"content":{"rendered":"<div style=\"margin-top: 0px; margin-bottom: 0px;\" class=\"sharethis-inline-share-buttons\" ><\/div>\n<p>*En total se aplicar\u00e1n mil inmunizaciones a los hijos de trabajadores de empresas y maquilas del municipio<\/p>\n\n\n\n<p>*La vacunaci\u00f3n se llevar\u00e1 a cabo el martes 14 de septiembre<\/p>\n\n\n\n<p>Un total de mil ni\u00f1os ser\u00e1n vacunados contra covid-19 en Piedras Negras, Coahuila. <\/p>\n\n\n\n<p>El martes 14 de septiembre del 2021 dar\u00e1 inicio la vacunaci\u00f3n contra covid-19 en ni\u00f1os, de entre 12 y 17 a\u00f1os, en Piedras Negras, <strong>Coahuila<\/strong>.<\/p>\n\n\n\n<p>En total se aplicar\u00e1n mil inmunizaciones a los hijos de trabajadores de empresas y maquilas del municipio.<\/p>\n\n\n\n<p>\u201cGracias a las gestiones llevadas a cabo por parte del Gobierno de Coahuila, a trav\u00e9s de la Secretar\u00eda de Salud de Coahuila, este martes 14 de septiembre se iniciar\u00e1 con la etapa de inmunizaci\u00f3n a los primeros mil j\u00f3venes de 12 a 17 a\u00f1os en el Municipio de Piedras Negras\u201d, inform\u00f3 el Gobierno de Coahuila a trav\u00e9s de Twitter.<\/p>\n\n\n\n<figure class=\"wp-block-embed is-type-rich is-provider-twitter wp-block-embed-twitter\"><div class=\"wp-block-embed__wrapper\">\n<blockquote class=\"twitter-tweet\" data-width=\"550\" data-dnt=\"true\"><p lang=\"es\" dir=\"ltr\">Gracias a las gestiones llevadas a cabo por parte del <a href=\"https:\/\/twitter.com\/GobDeCoahuila?ref_src=twsrc%5Etfw\">@GobDeCoahuila<\/a> a trav\u00e9s de la <a href=\"https:\/\/twitter.com\/SS_Coahuila?ref_src=twsrc%5Etfw\">@SS_Coahuila<\/a>, este martes 14 de septiembre se iniciar\u00e1 con la etapa de <a href=\"https:\/\/twitter.com\/hashtag\/inmunizaci%C3%B3n?src=hash&amp;ref_src=twsrc%5Etfw\">#inmunizaci\u00f3n<\/a> a los primeros mil <a href=\"https:\/\/twitter.com\/hashtag\/j%C3%B3venes?src=hash&amp;ref_src=twsrc%5Etfw\">#j\u00f3venes<\/a> de 12 a 17 a\u00f1os en el Municipio de <a href=\"https:\/\/twitter.com\/hashtag\/PiedrasNegras?src=hash&amp;ref_src=twsrc%5Etfw\">#PiedrasNegras<\/a>. <a href=\"https:\/\/t.co\/7lhoH0ya49\">pic.twitter.com\/7lhoH0ya49<\/a><\/p>&mdash; Gobierno de Coahuila (@GobDeCoahuila) <a href=\"https:\/\/twitter.com\/GobDeCoahuila\/status\/1437158276563718154?ref_src=twsrc%5Etfw\">September 12, 2021<\/a><\/blockquote><script async src=\"https:\/\/platform.twitter.com\/widgets.js\" charset=\"utf-8\"><\/script>\n<\/div><\/figure>\n\n\n\n<p>Los detalles de esta jornada de vacunaci\u00f3n fueron dados a conocer por parte de la Secretar\u00eda de Salud de Coahuila y el Gobierno del estado, encabezado por Miguel \u00c1ngel Riquelme.<\/p>\n\n\n\n<p>\u201cEsta aplicaci\u00f3n est\u00e1 orientada para los hijos de trabajadores de las distintas empresas y maquilas ubicadas en Piedras Negras, con el claro objetivo de brindar seguridad a este important\u00edsimo sector de nuestra frontera\u201d, se\u00f1al\u00f3 Roberto Bernal G\u00f3mez, el secretario de Salud de Coahuila.<\/p>\n\n\n\n<p>Hasta el momento no se han dado a conocer las sedes y los horarios en que se aplicar\u00e1n las dosis.<\/p>\n\n\n\n<p>Con informaci\u00f3n del Gobierno de Coahuila<\/p>\n\n\n\n<p>JPG\/ noticieros.televisa.com<\/p>\n","protected":false},"excerpt":{"rendered":"<p>*En total se aplicar\u00e1n mil inmunizaciones a los hijos de trabajadores de empresas y maquilas del municipio *La vacunaci\u00f3n se llevar\u00e1 a cabo el martes 14 de septiembre Un total de mil ni\u00f1os ser\u00e1n vacunados contra covid-19 en Piedras Negras, Coahuila. El martes 14 de septiembre del 2021 dar\u00e1 inicio la vacunaci\u00f3n contra covid-19 en [&hellip;]<\/p>\n","protected":false},"author":4,"featured_media":1775,"comment_status":"closed","ping_status":"closed","sticky":false,"template":"","format":"standard","meta":{"footnotes":""},"categories":[19],"tags":[],"class_list":{"0":"post-1770","1":"post","2":"type-post","3":"status-publish","4":"format-standard","5":"has-post-thumbnail","7":"category-nacional"},"yoast_head":"<!-- This site is optimized with the Yoast SEO plugin v27.4 - https:\/\/yoast.com\/product\/yoast-seo-wordpress\/ -->\n<title>Vacunar\u00e1n contra covid-19 a ni\u00f1os, de entre 12 y 17 a\u00f1os, en Piedras Negras, Coahuila - LA BRAVA RADIO<\/title>\n<meta name=\"robots\" content=\"index, follow, max-snippet:-1, max-image-preview:large, max-video-preview:-1\" \/>\n<link rel=\"canonical\" href=\"https:\/\/www.bbmnoticias.com\/labravaradiofm\/2021\/09\/13\/vacunaran-contra-covid-19-a-ninos-de-entre-12-y-17-anos-en-piedras-negras-coahuila\/\" \/>\n<meta property=\"og:locale\" content=\"es_MX\" \/>\n<meta property=\"og:type\" content=\"article\" \/>\n<meta property=\"og:title\" content=\"Vacunar\u00e1n contra covid-19 a ni\u00f1os, de entre 12 y 17 a\u00f1os, en Piedras Negras, Coahuila - LA BRAVA RADIO\" \/>\n<meta property=\"og:description\" content=\"*En total se aplicar\u00e1n mil inmunizaciones a los hijos de trabajadores de empresas y maquilas del municipio *La vacunaci\u00f3n se llevar\u00e1 a cabo el martes 14 de septiembre Un total de mil ni\u00f1os ser\u00e1n vacunados contra covid-19 en Piedras Negras, Coahuila. El martes 14 de septiembre del 2021 dar\u00e1 inicio la vacunaci\u00f3n contra covid-19 en [&hellip;]\" \/>\n<meta property=\"og:url\" content=\"https:\/\/www.bbmnoticias.com\/labravaradiofm\/2021\/09\/13\/vacunaran-contra-covid-19-a-ninos-de-entre-12-y-17-anos-en-piedras-negras-coahuila\/\" \/>\n<meta property=\"og:site_name\" content=\"LA BRAVA RADIO\" \/>\n<meta property=\"article:published_time\" content=\"2021-09-14T01:09:22+00:00\" \/>\n<meta property=\"article:modified_time\" content=\"2021-09-14T01:14:06+00:00\" \/>\n<meta property=\"og:image\" content=\"https:\/\/www.bbmnoticias.com\/labravaradiofm\/wp-content\/uploads\/sites\/5\/2021\/09\/nacional7-13.09.21-1.jpeg\" \/>\n\t<meta property=\"og:image:width\" content=\"1008\" \/>\n\t<meta property=\"og:image:height\" content=\"604\" \/>\n\t<meta property=\"og:image:type\" content=\"image\/jpeg\" \/>\n<meta name=\"author\" content=\"Agencias\" \/>\n<meta name=\"twitter:card\" content=\"summary_large_image\" \/>\n<meta name=\"twitter:label1\" content=\"Escrito por\" \/>\n\t<meta name=\"twitter:data1\" content=\"Agencias\" \/>\n\t<meta name=\"twitter:label2\" content=\"Tiempo de lectura\" \/>\n\t<meta name=\"twitter:data2\" content=\"2 minutos\" \/>\n<script type=\"application\/ld+json\" class=\"yoast-schema-graph\">{\"@context\":\"https:\\\/\\\/schema.org\",\"@graph\":[{\"@type\":\"Article\",\"@id\":\"https:\\\/\\\/www.bbmnoticias.com\\\/labravaradiofm\\\/2021\\\/09\\\/13\\\/vacunaran-contra-covid-19-a-ninos-de-entre-12-y-17-anos-en-piedras-negras-coahuila\\\/#article\",\"isPartOf\":{\"@id\":\"https:\\\/\\\/www.bbmnoticias.com\\\/labravaradiofm\\\/2021\\\/09\\\/13\\\/vacunaran-contra-covid-19-a-ninos-de-entre-12-y-17-anos-en-piedras-negras-coahuila\\\/\"},\"author\":{\"name\":\"Agencias\",\"@id\":\"https:\\\/\\\/www.bbmnoticias.com\\\/labravaradiofm\\\/#\\\/schema\\\/person\\\/857a3daf5c8142f29919023f377fbfad\"},\"headline\":\"Vacunar\u00e1n contra covid-19 a ni\u00f1os, de entre 12 y 17 a\u00f1os, en Piedras Negras, Coahuila\",\"datePublished\":\"2021-09-14T01:09:22+00:00\",\"dateModified\":\"2021-09-14T01:14:06+00:00\",\"mainEntityOfPage\":{\"@id\":\"https:\\\/\\\/www.bbmnoticias.com\\\/labravaradiofm\\\/2021\\\/09\\\/13\\\/vacunaran-contra-covid-19-a-ninos-de-entre-12-y-17-anos-en-piedras-negras-coahuila\\\/\"},\"wordCount\":280,\"image\":{\"@id\":\"https:\\\/\\\/www.bbmnoticias.com\\\/labravaradiofm\\\/2021\\\/09\\\/13\\\/vacunaran-contra-covid-19-a-ninos-de-entre-12-y-17-anos-en-piedras-negras-coahuila\\\/#primaryimage\"},\"thumbnailUrl\":\"https:\\\/\\\/www.bbmnoticias.com\\\/labravaradiofm\\\/wp-content\\\/uploads\\\/sites\\\/5\\\/2021\\\/09\\\/nacional7-13.09.21-1.jpeg\",\"articleSection\":[\"NACIONAL\"],\"inLanguage\":\"es\"},{\"@type\":\"WebPage\",\"@id\":\"https:\\\/\\\/www.bbmnoticias.com\\\/labravaradiofm\\\/2021\\\/09\\\/13\\\/vacunaran-contra-covid-19-a-ninos-de-entre-12-y-17-anos-en-piedras-negras-coahuila\\\/\",\"url\":\"https:\\\/\\\/www.bbmnoticias.com\\\/labravaradiofm\\\/2021\\\/09\\\/13\\\/vacunaran-contra-covid-19-a-ninos-de-entre-12-y-17-anos-en-piedras-negras-coahuila\\\/\",\"name\":\"Vacunar\u00e1n contra covid-19 a ni\u00f1os, de entre 12 y 17 a\u00f1os, en Piedras Negras, Coahuila - LA BRAVA RADIO\",\"isPartOf\":{\"@id\":\"https:\\\/\\\/www.bbmnoticias.com\\\/labravaradiofm\\\/#website\"},\"primaryImageOfPage\":{\"@id\":\"https:\\\/\\\/www.bbmnoticias.com\\\/labravaradiofm\\\/2021\\\/09\\\/13\\\/vacunaran-contra-covid-19-a-ninos-de-entre-12-y-17-anos-en-piedras-negras-coahuila\\\/#primaryimage\"},\"image\":{\"@id\":\"https:\\\/\\\/www.bbmnoticias.com\\\/labravaradiofm\\\/2021\\\/09\\\/13\\\/vacunaran-contra-covid-19-a-ninos-de-entre-12-y-17-anos-en-piedras-negras-coahuila\\\/#primaryimage\"},\"thumbnailUrl\":\"https:\\\/\\\/www.bbmnoticias.com\\\/labravaradiofm\\\/wp-content\\\/uploads\\\/sites\\\/5\\\/2021\\\/09\\\/nacional7-13.09.21-1.jpeg\",\"datePublished\":\"2021-09-14T01:09:22+00:00\",\"dateModified\":\"2021-09-14T01:14:06+00:00\",\"author\":{\"@id\":\"https:\\\/\\\/www.bbmnoticias.com\\\/labravaradiofm\\\/#\\\/schema\\\/person\\\/857a3daf5c8142f29919023f377fbfad\"},\"breadcrumb\":{\"@id\":\"https:\\\/\\\/www.bbmnoticias.com\\\/labravaradiofm\\\/2021\\\/09\\\/13\\\/vacunaran-contra-covid-19-a-ninos-de-entre-12-y-17-anos-en-piedras-negras-coahuila\\\/#breadcrumb\"},\"inLanguage\":\"es\",\"potentialAction\":[{\"@type\":\"ReadAction\",\"target\":[\"https:\\\/\\\/www.bbmnoticias.com\\\/labravaradiofm\\\/2021\\\/09\\\/13\\\/vacunaran-contra-covid-19-a-ninos-de-entre-12-y-17-anos-en-piedras-negras-coahuila\\\/\"]}]},{\"@type\":\"ImageObject\",\"inLanguage\":\"es\",\"@id\":\"https:\\\/\\\/www.bbmnoticias.com\\\/labravaradiofm\\\/2021\\\/09\\\/13\\\/vacunaran-contra-covid-19-a-ninos-de-entre-12-y-17-anos-en-piedras-negras-coahuila\\\/#primaryimage\",\"url\":\"https:\\\/\\\/www.bbmnoticias.com\\\/labravaradiofm\\\/wp-content\\\/uploads\\\/sites\\\/5\\\/2021\\\/09\\\/nacional7-13.09.21-1.jpeg\",\"contentUrl\":\"https:\\\/\\\/www.bbmnoticias.com\\\/labravaradiofm\\\/wp-content\\\/uploads\\\/sites\\\/5\\\/2021\\\/09\\\/nacional7-13.09.21-1.jpeg\",\"width\":1008,\"height\":604},{\"@type\":\"BreadcrumbList\",\"@id\":\"https:\\\/\\\/www.bbmnoticias.com\\\/labravaradiofm\\\/2021\\\/09\\\/13\\\/vacunaran-contra-covid-19-a-ninos-de-entre-12-y-17-anos-en-piedras-negras-coahuila\\\/#breadcrumb\",\"itemListElement\":[{\"@type\":\"ListItem\",\"position\":1,\"name\":\"Inicio\",\"item\":\"https:\\\/\\\/www.bbmnoticias.com\\\/labravaradiofm\\\/\"},{\"@type\":\"ListItem\",\"position\":2,\"name\":\"Vacunar\u00e1n contra covid-19 a ni\u00f1os, de entre 12 y 17 a\u00f1os, en Piedras Negras, Coahuila\"}]},{\"@type\":\"WebSite\",\"@id\":\"https:\\\/\\\/www.bbmnoticias.com\\\/labravaradiofm\\\/#website\",\"url\":\"https:\\\/\\\/www.bbmnoticias.com\\\/labravaradiofm\\\/\",\"name\":\"LA BRAVA RADIO\",\"description\":\"Empresa productora de medios, Radiodifusi\u00f3n, Noticias, tendencias y todo lo que necesitas saber de la pol\u00edtica mexicana e internacional; entretenimiento, espect\u00e1culos, salud y mucho m\u00e1s.\",\"potentialAction\":[{\"@type\":\"SearchAction\",\"target\":{\"@type\":\"EntryPoint\",\"urlTemplate\":\"https:\\\/\\\/www.bbmnoticias.com\\\/labravaradiofm\\\/?s={search_term_string}\"},\"query-input\":{\"@type\":\"PropertyValueSpecification\",\"valueRequired\":true,\"valueName\":\"search_term_string\"}}],\"inLanguage\":\"es\"},{\"@type\":\"Person\",\"@id\":\"https:\\\/\\\/www.bbmnoticias.com\\\/labravaradiofm\\\/#\\\/schema\\\/person\\\/857a3daf5c8142f29919023f377fbfad\",\"name\":\"Agencias\",\"image\":{\"@type\":\"ImageObject\",\"inLanguage\":\"es\",\"@id\":\"https:\\\/\\\/secure.gravatar.com\\\/avatar\\\/739e0b61adf9e398b425c36718c8752286da0e8cd90f20ce9a86678abc26aa0d?s=96&d=mm&r=g\",\"url\":\"https:\\\/\\\/secure.gravatar.com\\\/avatar\\\/739e0b61adf9e398b425c36718c8752286da0e8cd90f20ce9a86678abc26aa0d?s=96&d=mm&r=g\",\"contentUrl\":\"https:\\\/\\\/secure.gravatar.com\\\/avatar\\\/739e0b61adf9e398b425c36718c8752286da0e8cd90f20ce9a86678abc26aa0d?s=96&d=mm&r=g\",\"caption\":\"Agencias\"},\"url\":\"https:\\\/\\\/www.bbmnoticias.com\\\/labravaradiofm\\\/author\\\/agencias\\\/\"}]}<\/script>\n<!-- \/ Yoast SEO plugin. -->","yoast_head_json":{"title":"Vacunar\u00e1n contra covid-19 a ni\u00f1os, de entre 12 y 17 a\u00f1os, en Piedras Negras, Coahuila - LA BRAVA RADIO","robots":{"index":"index","follow":"follow","max-snippet":"max-snippet:-1","max-image-preview":"max-image-preview:large","max-video-preview":"max-video-preview:-1"},"canonical":"https:\/\/www.bbmnoticias.com\/labravaradiofm\/2021\/09\/13\/vacunaran-contra-covid-19-a-ninos-de-entre-12-y-17-anos-en-piedras-negras-coahuila\/","og_locale":"es_MX","og_type":"article","og_title":"Vacunar\u00e1n contra covid-19 a ni\u00f1os, de entre 12 y 17 a\u00f1os, en Piedras Negras, Coahuila - LA BRAVA RADIO","og_description":"*En total se aplicar\u00e1n mil inmunizaciones a los hijos de trabajadores de empresas y maquilas del municipio *La vacunaci\u00f3n se llevar\u00e1 a cabo el martes 14 de septiembre Un total de mil ni\u00f1os ser\u00e1n vacunados contra covid-19 en Piedras Negras, Coahuila. El martes 14 de septiembre del 2021 dar\u00e1 inicio la vacunaci\u00f3n contra covid-19 en [&hellip;]","og_url":"https:\/\/www.bbmnoticias.com\/labravaradiofm\/2021\/09\/13\/vacunaran-contra-covid-19-a-ninos-de-entre-12-y-17-anos-en-piedras-negras-coahuila\/","og_site_name":"LA BRAVA RADIO","article_published_time":"2021-09-14T01:09:22+00:00","article_modified_time":"2021-09-14T01:14:06+00:00","og_image":[{"width":1008,"height":604,"url":"https:\/\/www.bbmnoticias.com\/labravaradiofm\/wp-content\/uploads\/sites\/5\/2021\/09\/nacional7-13.09.21-1.jpeg","type":"image\/jpeg"}],"author":"Agencias","twitter_card":"summary_large_image","twitter_misc":{"Escrito por":"Agencias","Tiempo de lectura":"2 minutos"},"schema":{"@context":"https:\/\/schema.org","@graph":[{"@type":"Article","@id":"https:\/\/www.bbmnoticias.com\/labravaradiofm\/2021\/09\/13\/vacunaran-contra-covid-19-a-ninos-de-entre-12-y-17-anos-en-piedras-negras-coahuila\/#article","isPartOf":{"@id":"https:\/\/www.bbmnoticias.com\/labravaradiofm\/2021\/09\/13\/vacunaran-contra-covid-19-a-ninos-de-entre-12-y-17-anos-en-piedras-negras-coahuila\/"},"author":{"name":"Agencias","@id":"https:\/\/www.bbmnoticias.com\/labravaradiofm\/#\/schema\/person\/857a3daf5c8142f29919023f377fbfad"},"headline":"Vacunar\u00e1n contra covid-19 a ni\u00f1os, de entre 12 y 17 a\u00f1os, en Piedras Negras, Coahuila","datePublished":"2021-09-14T01:09:22+00:00","dateModified":"2021-09-14T01:14:06+00:00","mainEntityOfPage":{"@id":"https:\/\/www.bbmnoticias.com\/labravaradiofm\/2021\/09\/13\/vacunaran-contra-covid-19-a-ninos-de-entre-12-y-17-anos-en-piedras-negras-coahuila\/"},"wordCount":280,"image":{"@id":"https:\/\/www.bbmnoticias.com\/labravaradiofm\/2021\/09\/13\/vacunaran-contra-covid-19-a-ninos-de-entre-12-y-17-anos-en-piedras-negras-coahuila\/#primaryimage"},"thumbnailUrl":"https:\/\/www.bbmnoticias.com\/labravaradiofm\/wp-content\/uploads\/sites\/5\/2021\/09\/nacional7-13.09.21-1.jpeg","articleSection":["NACIONAL"],"inLanguage":"es"},{"@type":"WebPage","@id":"https:\/\/www.bbmnoticias.com\/labravaradiofm\/2021\/09\/13\/vacunaran-contra-covid-19-a-ninos-de-entre-12-y-17-anos-en-piedras-negras-coahuila\/","url":"https:\/\/www.bbmnoticias.com\/labravaradiofm\/2021\/09\/13\/vacunaran-contra-covid-19-a-ninos-de-entre-12-y-17-anos-en-piedras-negras-coahuila\/","name":"Vacunar\u00e1n contra covid-19 a ni\u00f1os, de entre 12 y 17 a\u00f1os, en Piedras Negras, Coahuila - LA BRAVA RADIO","isPartOf":{"@id":"https:\/\/www.bbmnoticias.com\/labravaradiofm\/#website"},"primaryImageOfPage":{"@id":"https:\/\/www.bbmnoticias.com\/labravaradiofm\/2021\/09\/13\/vacunaran-contra-covid-19-a-ninos-de-entre-12-y-17-anos-en-piedras-negras-coahuila\/#primaryimage"},"image":{"@id":"https:\/\/www.bbmnoticias.com\/labravaradiofm\/2021\/09\/13\/vacunaran-contra-covid-19-a-ninos-de-entre-12-y-17-anos-en-piedras-negras-coahuila\/#primaryimage"},"thumbnailUrl":"https:\/\/www.bbmnoticias.com\/labravaradiofm\/wp-content\/uploads\/sites\/5\/2021\/09\/nacional7-13.09.21-1.jpeg","datePublished":"2021-09-14T01:09:22+00:00","dateModified":"2021-09-14T01:14:06+00:00","author":{"@id":"https:\/\/www.bbmnoticias.com\/labravaradiofm\/#\/schema\/person\/857a3daf5c8142f29919023f377fbfad"},"breadcrumb":{"@id":"https:\/\/www.bbmnoticias.com\/labravaradiofm\/2021\/09\/13\/vacunaran-contra-covid-19-a-ninos-de-entre-12-y-17-anos-en-piedras-negras-coahuila\/#breadcrumb"},"inLanguage":"es","potentialAction":[{"@type":"ReadAction","target":["https:\/\/www.bbmnoticias.com\/labravaradiofm\/2021\/09\/13\/vacunaran-contra-covid-19-a-ninos-de-entre-12-y-17-anos-en-piedras-negras-coahuila\/"]}]},{"@type":"ImageObject","inLanguage":"es","@id":"https:\/\/www.bbmnoticias.com\/labravaradiofm\/2021\/09\/13\/vacunaran-contra-covid-19-a-ninos-de-entre-12-y-17-anos-en-piedras-negras-coahuila\/#primaryimage","url":"https:\/\/www.bbmnoticias.com\/labravaradiofm\/wp-content\/uploads\/sites\/5\/2021\/09\/nacional7-13.09.21-1.jpeg","contentUrl":"https:\/\/www.bbmnoticias.com\/labravaradiofm\/wp-content\/uploads\/sites\/5\/2021\/09\/nacional7-13.09.21-1.jpeg","width":1008,"height":604},{"@type":"BreadcrumbList","@id":"https:\/\/www.bbmnoticias.com\/labravaradiofm\/2021\/09\/13\/vacunaran-contra-covid-19-a-ninos-de-entre-12-y-17-anos-en-piedras-negras-coahuila\/#breadcrumb","itemListElement":[{"@type":"ListItem","position":1,"name":"Inicio","item":"https:\/\/www.bbmnoticias.com\/labravaradiofm\/"},{"@type":"ListItem","position":2,"name":"Vacunar\u00e1n contra covid-19 a ni\u00f1os, de entre 12 y 17 a\u00f1os, en Piedras Negras, Coahuila"}]},{"@type":"WebSite","@id":"https:\/\/www.bbmnoticias.com\/labravaradiofm\/#website","url":"https:\/\/www.bbmnoticias.com\/labravaradiofm\/","name":"LA BRAVA RADIO","description":"Empresa productora de medios, Radiodifusi\u00f3n, Noticias, tendencias y todo lo que necesitas saber de la pol\u00edtica mexicana e internacional; entretenimiento, espect\u00e1culos, salud y mucho m\u00e1s.","potentialAction":[{"@type":"SearchAction","target":{"@type":"EntryPoint","urlTemplate":"https:\/\/www.bbmnoticias.com\/labravaradiofm\/?s={search_term_string}"},"query-input":{"@type":"PropertyValueSpecification","valueRequired":true,"valueName":"search_term_string"}}],"inLanguage":"es"},{"@type":"Person","@id":"https:\/\/www.bbmnoticias.com\/labravaradiofm\/#\/schema\/person\/857a3daf5c8142f29919023f377fbfad","name":"Agencias","image":{"@type":"ImageObject","inLanguage":"es","@id":"https:\/\/secure.gravatar.com\/avatar\/739e0b61adf9e398b425c36718c8752286da0e8cd90f20ce9a86678abc26aa0d?s=96&d=mm&r=g","url":"https:\/\/secure.gravatar.com\/avatar\/739e0b61adf9e398b425c36718c8752286da0e8cd90f20ce9a86678abc26aa0d?s=96&d=mm&r=g","contentUrl":"https:\/\/secure.gravatar.com\/avatar\/739e0b61adf9e398b425c36718c8752286da0e8cd90f20ce9a86678abc26aa0d?s=96&d=mm&r=g","caption":"Agencias"},"url":"https:\/\/www.bbmnoticias.com\/labravaradiofm\/author\/agencias\/"}]}},"_links":{"self":[{"href":"https:\/\/www.bbmnoticias.com\/labravaradiofm\/wp-json\/wp\/v2\/posts\/1770","targetHints":{"allow":["GET"]}}],"collection":[{"href":"https:\/\/www.bbmnoticias.com\/labravaradiofm\/wp-json\/wp\/v2\/posts"}],"about":[{"href":"https:\/\/www.bbmnoticias.com\/labravaradiofm\/wp-json\/wp\/v2\/types\/post"}],"author":[{"embeddable":true,"href":"https:\/\/www.bbmnoticias.com\/labravaradiofm\/wp-json\/wp\/v2\/users\/4"}],"replies":[{"embeddable":true,"href":"https:\/\/www.bbmnoticias.com\/labravaradiofm\/wp-json\/wp\/v2\/comments?post=1770"}],"version-history":[{"count":0,"href":"https:\/\/www.bbmnoticias.com\/labravaradiofm\/wp-json\/wp\/v2\/posts\/1770\/revisions"}],"wp:featuredmedia":[{"embeddable":true,"href":"https:\/\/www.bbmnoticias.com\/labravaradiofm\/wp-json\/wp\/v2\/media\/1775"}],"wp:attachment":[{"href":"https:\/\/www.bbmnoticias.com\/labravaradiofm\/wp-json\/wp\/v2\/media?parent=1770"}],"wp:term":[{"taxonomy":"category","embeddable":true,"href":"https:\/\/www.bbmnoticias.com\/labravaradiofm\/wp-json\/wp\/v2\/categories?post=1770"},{"taxonomy":"post_tag","embeddable":true,"href":"https:\/\/www.bbmnoticias.com\/labravaradiofm\/wp-json\/wp\/v2\/tags?post=1770"}],"curies":[{"name":"wp","href":"https:\/\/api.w.org\/{rel}","templated":true}]}}