{"id":1710,"date":"2021-09-13T09:36:05","date_gmt":"2021-09-13T14:36:05","guid":{"rendered":"https:\/\/www.bbmnoticias.com\/labravaradiofm\/?p=1710"},"modified":"2021-09-13T09:36:06","modified_gmt":"2021-09-13T14:36:06","slug":"guerra-y-paz-en-el-arte-ruso-presenta-distintas-perspectivas-sobre-dos-polos","status":"publish","type":"post","link":"https:\/\/www.bbmnoticias.com\/labravaradiofm\/2021\/09\/13\/guerra-y-paz-en-el-arte-ruso-presenta-distintas-perspectivas-sobre-dos-polos\/","title":{"rendered":"Guerra y paz en el arte ruso presenta distintas perspectivas sobre dos polos"},"content":{"rendered":"<div style=\"margin-top: 0px; margin-bottom: 0px;\" class=\"sharethis-inline-share-buttons\" ><\/div>\n<p>Una de las exposiciones anuales que se presenta en la Colecci\u00f3n del Museo Ruso de M\u00e1laga, <em>Guerra y paz. <\/em>Compuesta por 183 obras<em> <\/em>muestra valiosas piezas art\u00edsticas, son una ventana a la cultura, la tradici\u00f3n y la historia de Rusia.<\/p>\n\n\n\n<p>Los visitantes se perder\u00e1n entre las obras de gran formato y la belleza que nos invitan a reflexionar sobre la guerra que ha marcado el devenir de la historia de la humanidad desde tiempo inmemorial.<\/p>\n\n\n\n<p>Ofrece la exposici\u00f3n una mirada completa desde distintas perspectivas, sobre dos polos antag\u00f3nicos y esenciales de la vida.&nbsp; La curadora de la exposici\u00f3n es Evgenia Petrova.<\/p>\n\n\n\n<p>\u201cLa creaci\u00f3n y producci\u00f3n art\u00edstica con tema b\u00e9lico fue tan importante en Rusia que dio lugar a un g\u00e9nero propio. En la Edad Media ya se pod\u00edan apreciar en la pintura de iconos, los motivos militares. Las iglesias y templos albergaban representaciones b\u00e9licas, como el ej\u00e9rcito de guerreros liderados por el arc\u00e1ngel San Miguel entre otros motivos de origen religioso. Cuando Rusia se convierte en imperio, en el siglo XVIII, y se funda la Academia Imperial de las Artes de San Petersburgo en 1757, este g\u00e9nero resurge con nuevas corrientes e influencias art\u00edsticas\u201d, explica Petrova.<\/p>\n\n\n\n<p>Se\u00f1ala que creadores alemanes y franceses estrechamente vinculados con Rusia desempe\u00f1aron un papel destacado en la formaci\u00f3n y el desarrollo de la escuela nacional de pintura de batallas. Entre ellos figuran Gottfried Willewalde,Theodor Horschelt, Aleksandr Kotzebue, Adolph Charlemagne, Franz Roubaud y Rudolf Frenz, destacando en el retrato militar el ingl\u00e9s George Dawe. Entre los escultores que se dedicaron a esta tem\u00e1tica, fueron especialmente famosos.<\/p>\n\n\n\n<p>\u201cSe puede afirmar que ya en la segunda mitad del siglo XIX, los artistas rusos, relacionados sobre todo con la escuela realista, pasaron a ocupar un lugar preponderante en este g\u00e9nero. Las representaciones de las consecuencias nefastas de la guerra, destacando los aspectos cotidianos, son las m\u00e1s frecuentes durante esta \u00e9poca\u201d<\/p>\n\n\n\n<p>Visitar est\u00e1 exposici\u00f3n es ver la guerra a trav\u00e9s de la&nbsp; plasmaci\u00f3n pl\u00e1stica ha sido objeto de atenci\u00f3n de los artistas, que bien por un encargo bien por propia iniciativa han acudido a su representaci\u00f3n. Las m\u00e1s de las veces para ensalzar las glorias y haza\u00f1as de sus comitentes, pero tambi\u00e9n para denunciar de manera gr\u00e1fica sus terribles efectos, pues, tambi\u00e9n dice el sabio chino que la guerra es mala por naturaleza.<\/p>\n\n\n\n<p>Una de las grandes obras que se muestran es la del artista Malevich cuya espectacularmente po\u00e9tica caballer\u00eda roja vuelve a la colecci\u00f3n del museo ruso o el atormentado irrepetible artista que sucumbir\u00eda al alambre ya las privaciones en el sitio de Leningrado el actual San Petersburgo.&nbsp;<\/p>\n\n\n\n<p>Sin duda alguna est\u00e1 muestra se\u00f1ala acciones que son vividas en la guerra como el regreso de los participantes a sus hogares, as\u00ed como la situaci\u00f3n social y econ\u00f3mica en la que se encuentran sus familias. Pero adem\u00e1s nos deja ver la esperanza que dan los ni\u00f1os, as\u00ed&nbsp; se ven magn\u00edficas esculturas y delicados objetos como jarrones vasos y vajillas de Artes Decorativas que conformaban una vez m\u00e1s un espl\u00e9ndido retablo de las maravillas del arte ruso que atesoran las colecciones del Museo Estatal de arte ruso de San Petersburgo y que ahora pueden verse en M\u00e1laga.<\/p>\n","protected":false},"excerpt":{"rendered":"<p>Una de las exposiciones anuales que se presenta en la Colecci\u00f3n del Museo Ruso de M\u00e1laga, Guerra y paz. Compuesta por 183 obras muestra valiosas piezas art\u00edsticas, son una ventana a la cultura, la tradici\u00f3n y la historia de Rusia. Los visitantes se perder\u00e1n entre las obras de gran formato y la belleza que nos [&hellip;]<\/p>\n","protected":false},"author":2,"featured_media":1711,"comment_status":"closed","ping_status":"closed","sticky":false,"template":"","format":"standard","meta":{"footnotes":""},"categories":[1],"tags":[],"class_list":{"0":"post-1710","1":"post","2":"type-post","3":"status-publish","4":"format-standard","5":"has-post-thumbnail","7":"category-sin-categoria"},"yoast_head":"<!-- This site is optimized with the Yoast SEO plugin v27.4 - https:\/\/yoast.com\/product\/yoast-seo-wordpress\/ -->\n<title>Guerra y paz en el arte ruso presenta distintas perspectivas sobre dos polos - LA BRAVA RADIO<\/title>\n<meta name=\"robots\" content=\"index, follow, max-snippet:-1, max-image-preview:large, max-video-preview:-1\" \/>\n<link rel=\"canonical\" href=\"https:\/\/www.bbmnoticias.com\/labravaradiofm\/2021\/09\/13\/guerra-y-paz-en-el-arte-ruso-presenta-distintas-perspectivas-sobre-dos-polos\/\" \/>\n<meta property=\"og:locale\" content=\"es_MX\" \/>\n<meta property=\"og:type\" content=\"article\" \/>\n<meta property=\"og:title\" content=\"Guerra y paz en el arte ruso presenta distintas perspectivas sobre dos polos - LA BRAVA RADIO\" \/>\n<meta property=\"og:description\" content=\"Una de las exposiciones anuales que se presenta en la Colecci\u00f3n del Museo Ruso de M\u00e1laga, Guerra y paz. Compuesta por 183 obras muestra valiosas piezas art\u00edsticas, son una ventana a la cultura, la tradici\u00f3n y la historia de Rusia. Los visitantes se perder\u00e1n entre las obras de gran formato y la belleza que nos [&hellip;]\" \/>\n<meta property=\"og:url\" content=\"https:\/\/www.bbmnoticias.com\/labravaradiofm\/2021\/09\/13\/guerra-y-paz-en-el-arte-ruso-presenta-distintas-perspectivas-sobre-dos-polos\/\" \/>\n<meta property=\"og:site_name\" content=\"LA BRAVA RADIO\" \/>\n<meta property=\"article:published_time\" content=\"2021-09-13T14:36:05+00:00\" \/>\n<meta property=\"article:modified_time\" content=\"2021-09-13T14:36:06+00:00\" \/>\n<meta property=\"og:image\" content=\"https:\/\/www.bbmnoticias.com\/labravaradiofm\/wp-content\/uploads\/sites\/5\/2021\/09\/espectaculos1-13.09.21.jpg\" \/>\n\t<meta property=\"og:image:width\" content=\"1280\" \/>\n\t<meta property=\"og:image:height\" content=\"960\" \/>\n\t<meta property=\"og:image:type\" content=\"image\/jpeg\" \/>\n<meta name=\"author\" content=\"Staff\" \/>\n<meta name=\"twitter:card\" content=\"summary_large_image\" \/>\n<meta name=\"twitter:label1\" content=\"Escrito por\" \/>\n\t<meta name=\"twitter:data1\" content=\"Staff\" \/>\n\t<meta name=\"twitter:label2\" content=\"Tiempo de lectura\" \/>\n\t<meta name=\"twitter:data2\" content=\"3 minutos\" \/>\n<script type=\"application\/ld+json\" class=\"yoast-schema-graph\">{\"@context\":\"https:\\\/\\\/schema.org\",\"@graph\":[{\"@type\":\"Article\",\"@id\":\"https:\\\/\\\/www.bbmnoticias.com\\\/labravaradiofm\\\/2021\\\/09\\\/13\\\/guerra-y-paz-en-el-arte-ruso-presenta-distintas-perspectivas-sobre-dos-polos\\\/#article\",\"isPartOf\":{\"@id\":\"https:\\\/\\\/www.bbmnoticias.com\\\/labravaradiofm\\\/2021\\\/09\\\/13\\\/guerra-y-paz-en-el-arte-ruso-presenta-distintas-perspectivas-sobre-dos-polos\\\/\"},\"author\":{\"name\":\"Staff\",\"@id\":\"https:\\\/\\\/www.bbmnoticias.com\\\/labravaradiofm\\\/#\\\/schema\\\/person\\\/68a9e9036ef3c5b55aeb2b71dc8bab45\"},\"headline\":\"Guerra y paz en el arte ruso presenta distintas perspectivas sobre dos polos\",\"datePublished\":\"2021-09-13T14:36:05+00:00\",\"dateModified\":\"2021-09-13T14:36:06+00:00\",\"mainEntityOfPage\":{\"@id\":\"https:\\\/\\\/www.bbmnoticias.com\\\/labravaradiofm\\\/2021\\\/09\\\/13\\\/guerra-y-paz-en-el-arte-ruso-presenta-distintas-perspectivas-sobre-dos-polos\\\/\"},\"wordCount\":592,\"image\":{\"@id\":\"https:\\\/\\\/www.bbmnoticias.com\\\/labravaradiofm\\\/2021\\\/09\\\/13\\\/guerra-y-paz-en-el-arte-ruso-presenta-distintas-perspectivas-sobre-dos-polos\\\/#primaryimage\"},\"thumbnailUrl\":\"https:\\\/\\\/www.bbmnoticias.com\\\/labravaradiofm\\\/wp-content\\\/uploads\\\/sites\\\/5\\\/2021\\\/09\\\/espectaculos1-13.09.21.jpg\",\"inLanguage\":\"es\"},{\"@type\":\"WebPage\",\"@id\":\"https:\\\/\\\/www.bbmnoticias.com\\\/labravaradiofm\\\/2021\\\/09\\\/13\\\/guerra-y-paz-en-el-arte-ruso-presenta-distintas-perspectivas-sobre-dos-polos\\\/\",\"url\":\"https:\\\/\\\/www.bbmnoticias.com\\\/labravaradiofm\\\/2021\\\/09\\\/13\\\/guerra-y-paz-en-el-arte-ruso-presenta-distintas-perspectivas-sobre-dos-polos\\\/\",\"name\":\"Guerra y paz en el arte ruso presenta distintas perspectivas sobre dos polos - LA BRAVA RADIO\",\"isPartOf\":{\"@id\":\"https:\\\/\\\/www.bbmnoticias.com\\\/labravaradiofm\\\/#website\"},\"primaryImageOfPage\":{\"@id\":\"https:\\\/\\\/www.bbmnoticias.com\\\/labravaradiofm\\\/2021\\\/09\\\/13\\\/guerra-y-paz-en-el-arte-ruso-presenta-distintas-perspectivas-sobre-dos-polos\\\/#primaryimage\"},\"image\":{\"@id\":\"https:\\\/\\\/www.bbmnoticias.com\\\/labravaradiofm\\\/2021\\\/09\\\/13\\\/guerra-y-paz-en-el-arte-ruso-presenta-distintas-perspectivas-sobre-dos-polos\\\/#primaryimage\"},\"thumbnailUrl\":\"https:\\\/\\\/www.bbmnoticias.com\\\/labravaradiofm\\\/wp-content\\\/uploads\\\/sites\\\/5\\\/2021\\\/09\\\/espectaculos1-13.09.21.jpg\",\"datePublished\":\"2021-09-13T14:36:05+00:00\",\"dateModified\":\"2021-09-13T14:36:06+00:00\",\"author\":{\"@id\":\"https:\\\/\\\/www.bbmnoticias.com\\\/labravaradiofm\\\/#\\\/schema\\\/person\\\/68a9e9036ef3c5b55aeb2b71dc8bab45\"},\"breadcrumb\":{\"@id\":\"https:\\\/\\\/www.bbmnoticias.com\\\/labravaradiofm\\\/2021\\\/09\\\/13\\\/guerra-y-paz-en-el-arte-ruso-presenta-distintas-perspectivas-sobre-dos-polos\\\/#breadcrumb\"},\"inLanguage\":\"es\",\"potentialAction\":[{\"@type\":\"ReadAction\",\"target\":[\"https:\\\/\\\/www.bbmnoticias.com\\\/labravaradiofm\\\/2021\\\/09\\\/13\\\/guerra-y-paz-en-el-arte-ruso-presenta-distintas-perspectivas-sobre-dos-polos\\\/\"]}]},{\"@type\":\"ImageObject\",\"inLanguage\":\"es\",\"@id\":\"https:\\\/\\\/www.bbmnoticias.com\\\/labravaradiofm\\\/2021\\\/09\\\/13\\\/guerra-y-paz-en-el-arte-ruso-presenta-distintas-perspectivas-sobre-dos-polos\\\/#primaryimage\",\"url\":\"https:\\\/\\\/www.bbmnoticias.com\\\/labravaradiofm\\\/wp-content\\\/uploads\\\/sites\\\/5\\\/2021\\\/09\\\/espectaculos1-13.09.21.jpg\",\"contentUrl\":\"https:\\\/\\\/www.bbmnoticias.com\\\/labravaradiofm\\\/wp-content\\\/uploads\\\/sites\\\/5\\\/2021\\\/09\\\/espectaculos1-13.09.21.jpg\",\"width\":1280,\"height\":960},{\"@type\":\"BreadcrumbList\",\"@id\":\"https:\\\/\\\/www.bbmnoticias.com\\\/labravaradiofm\\\/2021\\\/09\\\/13\\\/guerra-y-paz-en-el-arte-ruso-presenta-distintas-perspectivas-sobre-dos-polos\\\/#breadcrumb\",\"itemListElement\":[{\"@type\":\"ListItem\",\"position\":1,\"name\":\"Inicio\",\"item\":\"https:\\\/\\\/www.bbmnoticias.com\\\/labravaradiofm\\\/\"},{\"@type\":\"ListItem\",\"position\":2,\"name\":\"Guerra y paz en el arte ruso presenta distintas perspectivas sobre dos polos\"}]},{\"@type\":\"WebSite\",\"@id\":\"https:\\\/\\\/www.bbmnoticias.com\\\/labravaradiofm\\\/#website\",\"url\":\"https:\\\/\\\/www.bbmnoticias.com\\\/labravaradiofm\\\/\",\"name\":\"LA BRAVA RADIO\",\"description\":\"Empresa productora de medios, Radiodifusi\u00f3n, Noticias, tendencias y todo lo que necesitas saber de la pol\u00edtica mexicana e internacional; entretenimiento, espect\u00e1culos, salud y mucho m\u00e1s.\",\"potentialAction\":[{\"@type\":\"SearchAction\",\"target\":{\"@type\":\"EntryPoint\",\"urlTemplate\":\"https:\\\/\\\/www.bbmnoticias.com\\\/labravaradiofm\\\/?s={search_term_string}\"},\"query-input\":{\"@type\":\"PropertyValueSpecification\",\"valueRequired\":true,\"valueName\":\"search_term_string\"}}],\"inLanguage\":\"es\"},{\"@type\":\"Person\",\"@id\":\"https:\\\/\\\/www.bbmnoticias.com\\\/labravaradiofm\\\/#\\\/schema\\\/person\\\/68a9e9036ef3c5b55aeb2b71dc8bab45\",\"name\":\"Staff\",\"image\":{\"@type\":\"ImageObject\",\"inLanguage\":\"es\",\"@id\":\"https:\\\/\\\/secure.gravatar.com\\\/avatar\\\/fdd21ad66fd8b98c407f9dee5b5e588cfe7f0d8579ec20fa6527cd59bab7f0f0?s=96&d=mm&r=g\",\"url\":\"https:\\\/\\\/secure.gravatar.com\\\/avatar\\\/fdd21ad66fd8b98c407f9dee5b5e588cfe7f0d8579ec20fa6527cd59bab7f0f0?s=96&d=mm&r=g\",\"contentUrl\":\"https:\\\/\\\/secure.gravatar.com\\\/avatar\\\/fdd21ad66fd8b98c407f9dee5b5e588cfe7f0d8579ec20fa6527cd59bab7f0f0?s=96&d=mm&r=g\",\"caption\":\"Staff\"},\"url\":\"https:\\\/\\\/www.bbmnoticias.com\\\/labravaradiofm\\\/author\\\/redaccion\\\/\"}]}<\/script>\n<!-- \/ Yoast SEO plugin. -->","yoast_head_json":{"title":"Guerra y paz en el arte ruso presenta distintas perspectivas sobre dos polos - LA BRAVA RADIO","robots":{"index":"index","follow":"follow","max-snippet":"max-snippet:-1","max-image-preview":"max-image-preview:large","max-video-preview":"max-video-preview:-1"},"canonical":"https:\/\/www.bbmnoticias.com\/labravaradiofm\/2021\/09\/13\/guerra-y-paz-en-el-arte-ruso-presenta-distintas-perspectivas-sobre-dos-polos\/","og_locale":"es_MX","og_type":"article","og_title":"Guerra y paz en el arte ruso presenta distintas perspectivas sobre dos polos - LA BRAVA RADIO","og_description":"Una de las exposiciones anuales que se presenta en la Colecci\u00f3n del Museo Ruso de M\u00e1laga, Guerra y paz. Compuesta por 183 obras muestra valiosas piezas art\u00edsticas, son una ventana a la cultura, la tradici\u00f3n y la historia de Rusia. Los visitantes se perder\u00e1n entre las obras de gran formato y la belleza que nos [&hellip;]","og_url":"https:\/\/www.bbmnoticias.com\/labravaradiofm\/2021\/09\/13\/guerra-y-paz-en-el-arte-ruso-presenta-distintas-perspectivas-sobre-dos-polos\/","og_site_name":"LA BRAVA RADIO","article_published_time":"2021-09-13T14:36:05+00:00","article_modified_time":"2021-09-13T14:36:06+00:00","og_image":[{"width":1280,"height":960,"url":"https:\/\/www.bbmnoticias.com\/labravaradiofm\/wp-content\/uploads\/sites\/5\/2021\/09\/espectaculos1-13.09.21.jpg","type":"image\/jpeg"}],"author":"Staff","twitter_card":"summary_large_image","twitter_misc":{"Escrito por":"Staff","Tiempo de lectura":"3 minutos"},"schema":{"@context":"https:\/\/schema.org","@graph":[{"@type":"Article","@id":"https:\/\/www.bbmnoticias.com\/labravaradiofm\/2021\/09\/13\/guerra-y-paz-en-el-arte-ruso-presenta-distintas-perspectivas-sobre-dos-polos\/#article","isPartOf":{"@id":"https:\/\/www.bbmnoticias.com\/labravaradiofm\/2021\/09\/13\/guerra-y-paz-en-el-arte-ruso-presenta-distintas-perspectivas-sobre-dos-polos\/"},"author":{"name":"Staff","@id":"https:\/\/www.bbmnoticias.com\/labravaradiofm\/#\/schema\/person\/68a9e9036ef3c5b55aeb2b71dc8bab45"},"headline":"Guerra y paz en el arte ruso presenta distintas perspectivas sobre dos polos","datePublished":"2021-09-13T14:36:05+00:00","dateModified":"2021-09-13T14:36:06+00:00","mainEntityOfPage":{"@id":"https:\/\/www.bbmnoticias.com\/labravaradiofm\/2021\/09\/13\/guerra-y-paz-en-el-arte-ruso-presenta-distintas-perspectivas-sobre-dos-polos\/"},"wordCount":592,"image":{"@id":"https:\/\/www.bbmnoticias.com\/labravaradiofm\/2021\/09\/13\/guerra-y-paz-en-el-arte-ruso-presenta-distintas-perspectivas-sobre-dos-polos\/#primaryimage"},"thumbnailUrl":"https:\/\/www.bbmnoticias.com\/labravaradiofm\/wp-content\/uploads\/sites\/5\/2021\/09\/espectaculos1-13.09.21.jpg","inLanguage":"es"},{"@type":"WebPage","@id":"https:\/\/www.bbmnoticias.com\/labravaradiofm\/2021\/09\/13\/guerra-y-paz-en-el-arte-ruso-presenta-distintas-perspectivas-sobre-dos-polos\/","url":"https:\/\/www.bbmnoticias.com\/labravaradiofm\/2021\/09\/13\/guerra-y-paz-en-el-arte-ruso-presenta-distintas-perspectivas-sobre-dos-polos\/","name":"Guerra y paz en el arte ruso presenta distintas perspectivas sobre dos polos - LA BRAVA RADIO","isPartOf":{"@id":"https:\/\/www.bbmnoticias.com\/labravaradiofm\/#website"},"primaryImageOfPage":{"@id":"https:\/\/www.bbmnoticias.com\/labravaradiofm\/2021\/09\/13\/guerra-y-paz-en-el-arte-ruso-presenta-distintas-perspectivas-sobre-dos-polos\/#primaryimage"},"image":{"@id":"https:\/\/www.bbmnoticias.com\/labravaradiofm\/2021\/09\/13\/guerra-y-paz-en-el-arte-ruso-presenta-distintas-perspectivas-sobre-dos-polos\/#primaryimage"},"thumbnailUrl":"https:\/\/www.bbmnoticias.com\/labravaradiofm\/wp-content\/uploads\/sites\/5\/2021\/09\/espectaculos1-13.09.21.jpg","datePublished":"2021-09-13T14:36:05+00:00","dateModified":"2021-09-13T14:36:06+00:00","author":{"@id":"https:\/\/www.bbmnoticias.com\/labravaradiofm\/#\/schema\/person\/68a9e9036ef3c5b55aeb2b71dc8bab45"},"breadcrumb":{"@id":"https:\/\/www.bbmnoticias.com\/labravaradiofm\/2021\/09\/13\/guerra-y-paz-en-el-arte-ruso-presenta-distintas-perspectivas-sobre-dos-polos\/#breadcrumb"},"inLanguage":"es","potentialAction":[{"@type":"ReadAction","target":["https:\/\/www.bbmnoticias.com\/labravaradiofm\/2021\/09\/13\/guerra-y-paz-en-el-arte-ruso-presenta-distintas-perspectivas-sobre-dos-polos\/"]}]},{"@type":"ImageObject","inLanguage":"es","@id":"https:\/\/www.bbmnoticias.com\/labravaradiofm\/2021\/09\/13\/guerra-y-paz-en-el-arte-ruso-presenta-distintas-perspectivas-sobre-dos-polos\/#primaryimage","url":"https:\/\/www.bbmnoticias.com\/labravaradiofm\/wp-content\/uploads\/sites\/5\/2021\/09\/espectaculos1-13.09.21.jpg","contentUrl":"https:\/\/www.bbmnoticias.com\/labravaradiofm\/wp-content\/uploads\/sites\/5\/2021\/09\/espectaculos1-13.09.21.jpg","width":1280,"height":960},{"@type":"BreadcrumbList","@id":"https:\/\/www.bbmnoticias.com\/labravaradiofm\/2021\/09\/13\/guerra-y-paz-en-el-arte-ruso-presenta-distintas-perspectivas-sobre-dos-polos\/#breadcrumb","itemListElement":[{"@type":"ListItem","position":1,"name":"Inicio","item":"https:\/\/www.bbmnoticias.com\/labravaradiofm\/"},{"@type":"ListItem","position":2,"name":"Guerra y paz en el arte ruso presenta distintas perspectivas sobre dos polos"}]},{"@type":"WebSite","@id":"https:\/\/www.bbmnoticias.com\/labravaradiofm\/#website","url":"https:\/\/www.bbmnoticias.com\/labravaradiofm\/","name":"LA BRAVA RADIO","description":"Empresa productora de medios, Radiodifusi\u00f3n, Noticias, tendencias y todo lo que necesitas saber de la pol\u00edtica mexicana e internacional; entretenimiento, espect\u00e1culos, salud y mucho m\u00e1s.","potentialAction":[{"@type":"SearchAction","target":{"@type":"EntryPoint","urlTemplate":"https:\/\/www.bbmnoticias.com\/labravaradiofm\/?s={search_term_string}"},"query-input":{"@type":"PropertyValueSpecification","valueRequired":true,"valueName":"search_term_string"}}],"inLanguage":"es"},{"@type":"Person","@id":"https:\/\/www.bbmnoticias.com\/labravaradiofm\/#\/schema\/person\/68a9e9036ef3c5b55aeb2b71dc8bab45","name":"Staff","image":{"@type":"ImageObject","inLanguage":"es","@id":"https:\/\/secure.gravatar.com\/avatar\/fdd21ad66fd8b98c407f9dee5b5e588cfe7f0d8579ec20fa6527cd59bab7f0f0?s=96&d=mm&r=g","url":"https:\/\/secure.gravatar.com\/avatar\/fdd21ad66fd8b98c407f9dee5b5e588cfe7f0d8579ec20fa6527cd59bab7f0f0?s=96&d=mm&r=g","contentUrl":"https:\/\/secure.gravatar.com\/avatar\/fdd21ad66fd8b98c407f9dee5b5e588cfe7f0d8579ec20fa6527cd59bab7f0f0?s=96&d=mm&r=g","caption":"Staff"},"url":"https:\/\/www.bbmnoticias.com\/labravaradiofm\/author\/redaccion\/"}]}},"_links":{"self":[{"href":"https:\/\/www.bbmnoticias.com\/labravaradiofm\/wp-json\/wp\/v2\/posts\/1710","targetHints":{"allow":["GET"]}}],"collection":[{"href":"https:\/\/www.bbmnoticias.com\/labravaradiofm\/wp-json\/wp\/v2\/posts"}],"about":[{"href":"https:\/\/www.bbmnoticias.com\/labravaradiofm\/wp-json\/wp\/v2\/types\/post"}],"author":[{"embeddable":true,"href":"https:\/\/www.bbmnoticias.com\/labravaradiofm\/wp-json\/wp\/v2\/users\/2"}],"replies":[{"embeddable":true,"href":"https:\/\/www.bbmnoticias.com\/labravaradiofm\/wp-json\/wp\/v2\/comments?post=1710"}],"version-history":[{"count":0,"href":"https:\/\/www.bbmnoticias.com\/labravaradiofm\/wp-json\/wp\/v2\/posts\/1710\/revisions"}],"wp:featuredmedia":[{"embeddable":true,"href":"https:\/\/www.bbmnoticias.com\/labravaradiofm\/wp-json\/wp\/v2\/media\/1711"}],"wp:attachment":[{"href":"https:\/\/www.bbmnoticias.com\/labravaradiofm\/wp-json\/wp\/v2\/media?parent=1710"}],"wp:term":[{"taxonomy":"category","embeddable":true,"href":"https:\/\/www.bbmnoticias.com\/labravaradiofm\/wp-json\/wp\/v2\/categories?post=1710"},{"taxonomy":"post_tag","embeddable":true,"href":"https:\/\/www.bbmnoticias.com\/labravaradiofm\/wp-json\/wp\/v2\/tags?post=1710"}],"curies":[{"name":"wp","href":"https:\/\/api.w.org\/{rel}","templated":true}]}}