{"id":1653,"date":"2021-09-10T18:55:40","date_gmt":"2021-09-10T23:55:40","guid":{"rendered":"https:\/\/www.bbmnoticias.com\/labravaradiofm\/?p=1653"},"modified":"2021-09-10T18:55:42","modified_gmt":"2021-09-10T23:55:42","slug":"la-juventud-y-la-mar-concurso-de-expresion-literaria-al-que-ieepo-y-semar-invitan-a-participar","status":"publish","type":"post","link":"https:\/\/www.bbmnoticias.com\/labravaradiofm\/2021\/09\/10\/la-juventud-y-la-mar-concurso-de-expresion-literaria-al-que-ieepo-y-semar-invitan-a-participar\/","title":{"rendered":"La Juventud y la Mar, concurso de expresi\u00f3n literaria al que IEEPO y Semar invitan a participar"},"content":{"rendered":"<div style=\"margin-top: 0px; margin-bottom: 0px;\" class=\"sharethis-inline-share-buttons\" ><\/div>\n<p><strong>Oaxaca de Ju\u00e1rez, Oax.-<\/strong> En el marco de la celebraci\u00f3n de los \u201c200 a\u00f1os de la Armada de M\u00e9xico\u201d, el Instituto Estatal de Educaci\u00f3n P\u00fablica de Oaxaca (IEEPO), invita a j\u00f3venes estudiantes de entre 13 y 17 a\u00f1os de edad, a participar en el XXI Concurso Nacional de Expresi\u00f3n Literaria \u201cLa Juventud y La Mar\u201d, convocado por la Secretar\u00eda de Marina (Semar) Armada de M\u00e9xico.<\/p>\n\n\n\n<p>La administraci\u00f3n del gobernador Alejandro Murat Hinojosa y el director del Instituto, Francisco \u00c1ngel Villarreal promueven estas actividades que tienen como objetivo motivar a la juventud mexicana para que expresen su sentir y percepci\u00f3n respecto del mar y despertar en ellos el inter\u00e9s por las actividades mar\u00edtimas y navales.<\/p>\n\n\n\n<p>Las y los interesados deben realizar un trabajo literario en el que narren su experiencia y su deseo de un mundo mejor centr\u00e1ndose en el tema de la ecolog\u00eda mar\u00edtima en cualquiera de sus diferentes aspectos y manifestaciones. En Oaxaca, el correo para la recepci\u00f3n de los textos es: <a href=\"mailto:uppcieepo@gmail.com\" target=\"_blank\" rel=\"noreferrer noopener\">uppcieepo@gmail.com<\/a>.<\/p>\n\n\n\n<p>La fecha l\u00edmite para la recepci\u00f3n de trabajos es el 12 de noviembre. Para los tres primeros lugares, los premios consisten en un diploma, souvenirs de la Marina, un paquete de obras literarias y un obsequio sorpresa.<\/p>\n\n\n\n<p>El escrito deber\u00e1 ser elaborado en computadora, a doble espacio, con una extensi\u00f3n m\u00ednima de tres cuartillas y m\u00e1xima de 10. Para mayores informes sobre las bases de este concurso y la entrega de los trabajos, las personas interesadas podr\u00e1n consultar la convocatoria en la p\u00e1gina de internet institucional ww.oaxaca.gob.mx\/ieepo o llamar al tel\u00e9fono 01 800 MARINA y 01 800 62 74 621<\/p>\n\n\n\n<p>Los resultados emitidos por los coordinadores estatales del certamen ser\u00e1n publicados en la p\u00e1gina web oficial de la Semar a partir del 29 de noviembre.<\/p>\n\n\n\n<p>De esta manera, la Secretar\u00eda de Marina-Armada de M\u00e9xico y el IEEPO reiteran su compromiso e inter\u00e9s por continuar fomentando actividades culturales, recreativas e intelectuales que promuevan la construcci\u00f3n de una conciencia ecol\u00f3gica-mar\u00edtima en la juventud mexicana.<\/p>\n","protected":false},"excerpt":{"rendered":"<p>Oaxaca de Ju\u00e1rez, Oax.- En el marco de la celebraci\u00f3n de los \u201c200 a\u00f1os de la Armada de M\u00e9xico\u201d, el Instituto Estatal de Educaci\u00f3n P\u00fablica de Oaxaca (IEEPO), invita a j\u00f3venes estudiantes de entre 13 y 17 a\u00f1os de edad, a participar en el XXI Concurso Nacional de Expresi\u00f3n Literaria \u201cLa Juventud y La Mar\u201d, [&hellip;]<\/p>\n","protected":false},"author":2,"featured_media":1654,"comment_status":"closed","ping_status":"closed","sticky":false,"template":"","format":"standard","meta":{"footnotes":""},"categories":[2],"tags":[],"class_list":{"0":"post-1653","1":"post","2":"type-post","3":"status-publish","4":"format-standard","5":"has-post-thumbnail","7":"category-oaxaca"},"yoast_head":"<!-- This site is optimized with the Yoast SEO plugin v27.4 - https:\/\/yoast.com\/product\/yoast-seo-wordpress\/ -->\n<title>La Juventud y la Mar, concurso de expresi\u00f3n literaria al que IEEPO y Semar invitan a participar - LA BRAVA RADIO<\/title>\n<meta name=\"description\" content=\"Las y los interesados deben realizar un trabajo literario en el que narren su experiencia y su deseo de un mundo\" \/>\n<meta name=\"robots\" content=\"index, follow, max-snippet:-1, max-image-preview:large, max-video-preview:-1\" \/>\n<link rel=\"canonical\" href=\"https:\/\/www.bbmnoticias.com\/labravaradiofm\/2021\/09\/10\/la-juventud-y-la-mar-concurso-de-expresion-literaria-al-que-ieepo-y-semar-invitan-a-participar\/\" \/>\n<meta property=\"og:locale\" content=\"es_MX\" \/>\n<meta property=\"og:type\" content=\"article\" \/>\n<meta property=\"og:title\" content=\"La Juventud y la Mar, concurso de expresi\u00f3n literaria al que IEEPO y Semar invitan a participar - LA BRAVA RADIO\" \/>\n<meta property=\"og:description\" content=\"Las y los interesados deben realizar un trabajo literario en el que narren su experiencia y su deseo de un mundo\" \/>\n<meta property=\"og:url\" content=\"https:\/\/www.bbmnoticias.com\/labravaradiofm\/2021\/09\/10\/la-juventud-y-la-mar-concurso-de-expresion-literaria-al-que-ieepo-y-semar-invitan-a-participar\/\" \/>\n<meta property=\"og:site_name\" content=\"LA BRAVA RADIO\" \/>\n<meta property=\"article:published_time\" content=\"2021-09-10T23:55:40+00:00\" \/>\n<meta property=\"article:modified_time\" content=\"2021-09-10T23:55:42+00:00\" \/>\n<meta property=\"og:image\" content=\"https:\/\/www.bbmnoticias.com\/labravaradiofm\/wp-content\/uploads\/sites\/5\/2021\/09\/local10092021-31.jpeg\" \/>\n\t<meta property=\"og:image:width\" content=\"1160\" \/>\n\t<meta property=\"og:image:height\" content=\"700\" \/>\n\t<meta property=\"og:image:type\" content=\"image\/jpeg\" \/>\n<meta name=\"author\" content=\"Staff\" \/>\n<meta name=\"twitter:card\" content=\"summary_large_image\" \/>\n<meta name=\"twitter:label1\" content=\"Escrito por\" \/>\n\t<meta name=\"twitter:data1\" content=\"Staff\" \/>\n\t<meta name=\"twitter:label2\" content=\"Tiempo de lectura\" \/>\n\t<meta name=\"twitter:data2\" content=\"2 minutos\" \/>\n<script type=\"application\/ld+json\" class=\"yoast-schema-graph\">{\"@context\":\"https:\\\/\\\/schema.org\",\"@graph\":[{\"@type\":\"Article\",\"@id\":\"https:\\\/\\\/www.bbmnoticias.com\\\/labravaradiofm\\\/2021\\\/09\\\/10\\\/la-juventud-y-la-mar-concurso-de-expresion-literaria-al-que-ieepo-y-semar-invitan-a-participar\\\/#article\",\"isPartOf\":{\"@id\":\"https:\\\/\\\/www.bbmnoticias.com\\\/labravaradiofm\\\/2021\\\/09\\\/10\\\/la-juventud-y-la-mar-concurso-de-expresion-literaria-al-que-ieepo-y-semar-invitan-a-participar\\\/\"},\"author\":{\"name\":\"Staff\",\"@id\":\"https:\\\/\\\/www.bbmnoticias.com\\\/labravaradiofm\\\/#\\\/schema\\\/person\\\/34b139c617a70ea5bef5678bffe4dd7b\"},\"headline\":\"La Juventud y la Mar, concurso de expresi\u00f3n literaria al que IEEPO y Semar invitan a participar\",\"datePublished\":\"2021-09-10T23:55:40+00:00\",\"dateModified\":\"2021-09-10T23:55:42+00:00\",\"mainEntityOfPage\":{\"@id\":\"https:\\\/\\\/www.bbmnoticias.com\\\/labravaradiofm\\\/2021\\\/09\\\/10\\\/la-juventud-y-la-mar-concurso-de-expresion-literaria-al-que-ieepo-y-semar-invitan-a-participar\\\/\"},\"wordCount\":373,\"image\":{\"@id\":\"https:\\\/\\\/www.bbmnoticias.com\\\/labravaradiofm\\\/2021\\\/09\\\/10\\\/la-juventud-y-la-mar-concurso-de-expresion-literaria-al-que-ieepo-y-semar-invitan-a-participar\\\/#primaryimage\"},\"thumbnailUrl\":\"https:\\\/\\\/www.bbmnoticias.com\\\/labravaradiofm\\\/wp-content\\\/uploads\\\/sites\\\/5\\\/2021\\\/09\\\/local10092021-31.jpeg\",\"articleSection\":[\"LOCAL\"],\"inLanguage\":\"es\"},{\"@type\":\"WebPage\",\"@id\":\"https:\\\/\\\/www.bbmnoticias.com\\\/labravaradiofm\\\/2021\\\/09\\\/10\\\/la-juventud-y-la-mar-concurso-de-expresion-literaria-al-que-ieepo-y-semar-invitan-a-participar\\\/\",\"url\":\"https:\\\/\\\/www.bbmnoticias.com\\\/labravaradiofm\\\/2021\\\/09\\\/10\\\/la-juventud-y-la-mar-concurso-de-expresion-literaria-al-que-ieepo-y-semar-invitan-a-participar\\\/\",\"name\":\"La Juventud y la Mar, concurso de expresi\u00f3n literaria al que IEEPO y Semar invitan a participar - LA BRAVA RADIO\",\"isPartOf\":{\"@id\":\"https:\\\/\\\/www.bbmnoticias.com\\\/labravaradiofm\\\/#website\"},\"primaryImageOfPage\":{\"@id\":\"https:\\\/\\\/www.bbmnoticias.com\\\/labravaradiofm\\\/2021\\\/09\\\/10\\\/la-juventud-y-la-mar-concurso-de-expresion-literaria-al-que-ieepo-y-semar-invitan-a-participar\\\/#primaryimage\"},\"image\":{\"@id\":\"https:\\\/\\\/www.bbmnoticias.com\\\/labravaradiofm\\\/2021\\\/09\\\/10\\\/la-juventud-y-la-mar-concurso-de-expresion-literaria-al-que-ieepo-y-semar-invitan-a-participar\\\/#primaryimage\"},\"thumbnailUrl\":\"https:\\\/\\\/www.bbmnoticias.com\\\/labravaradiofm\\\/wp-content\\\/uploads\\\/sites\\\/5\\\/2021\\\/09\\\/local10092021-31.jpeg\",\"datePublished\":\"2021-09-10T23:55:40+00:00\",\"dateModified\":\"2021-09-10T23:55:42+00:00\",\"author\":{\"@id\":\"https:\\\/\\\/www.bbmnoticias.com\\\/labravaradiofm\\\/#\\\/schema\\\/person\\\/34b139c617a70ea5bef5678bffe4dd7b\"},\"description\":\"Las y los interesados deben realizar un trabajo literario en el que narren su experiencia y su deseo de un mundo\",\"breadcrumb\":{\"@id\":\"https:\\\/\\\/www.bbmnoticias.com\\\/labravaradiofm\\\/2021\\\/09\\\/10\\\/la-juventud-y-la-mar-concurso-de-expresion-literaria-al-que-ieepo-y-semar-invitan-a-participar\\\/#breadcrumb\"},\"inLanguage\":\"es\",\"potentialAction\":[{\"@type\":\"ReadAction\",\"target\":[\"https:\\\/\\\/www.bbmnoticias.com\\\/labravaradiofm\\\/2021\\\/09\\\/10\\\/la-juventud-y-la-mar-concurso-de-expresion-literaria-al-que-ieepo-y-semar-invitan-a-participar\\\/\"]}]},{\"@type\":\"ImageObject\",\"inLanguage\":\"es\",\"@id\":\"https:\\\/\\\/www.bbmnoticias.com\\\/labravaradiofm\\\/2021\\\/09\\\/10\\\/la-juventud-y-la-mar-concurso-de-expresion-literaria-al-que-ieepo-y-semar-invitan-a-participar\\\/#primaryimage\",\"url\":\"https:\\\/\\\/www.bbmnoticias.com\\\/labravaradiofm\\\/wp-content\\\/uploads\\\/sites\\\/5\\\/2021\\\/09\\\/local10092021-31.jpeg\",\"contentUrl\":\"https:\\\/\\\/www.bbmnoticias.com\\\/labravaradiofm\\\/wp-content\\\/uploads\\\/sites\\\/5\\\/2021\\\/09\\\/local10092021-31.jpeg\",\"width\":1160,\"height\":700,\"caption\":\"La Juventud y la Mar, concurso de expresi\u00f3n literaria al que IEEPO y Semar invitan a participar\"},{\"@type\":\"BreadcrumbList\",\"@id\":\"https:\\\/\\\/www.bbmnoticias.com\\\/labravaradiofm\\\/2021\\\/09\\\/10\\\/la-juventud-y-la-mar-concurso-de-expresion-literaria-al-que-ieepo-y-semar-invitan-a-participar\\\/#breadcrumb\",\"itemListElement\":[{\"@type\":\"ListItem\",\"position\":1,\"name\":\"Inicio\",\"item\":\"https:\\\/\\\/www.bbmnoticias.com\\\/labravaradiofm\\\/\"},{\"@type\":\"ListItem\",\"position\":2,\"name\":\"La Juventud y la Mar, concurso de expresi\u00f3n literaria al que IEEPO y Semar invitan a participar\"}]},{\"@type\":\"WebSite\",\"@id\":\"https:\\\/\\\/www.bbmnoticias.com\\\/labravaradiofm\\\/#website\",\"url\":\"https:\\\/\\\/www.bbmnoticias.com\\\/labravaradiofm\\\/\",\"name\":\"LA BRAVA RADIO\",\"description\":\"Empresa productora de medios, Radiodifusi\u00f3n, Noticias, tendencias y todo lo que necesitas saber de la pol\u00edtica mexicana e internacional; entretenimiento, espect\u00e1culos, salud y mucho m\u00e1s.\",\"potentialAction\":[{\"@type\":\"SearchAction\",\"target\":{\"@type\":\"EntryPoint\",\"urlTemplate\":\"https:\\\/\\\/www.bbmnoticias.com\\\/labravaradiofm\\\/?s={search_term_string}\"},\"query-input\":{\"@type\":\"PropertyValueSpecification\",\"valueRequired\":true,\"valueName\":\"search_term_string\"}}],\"inLanguage\":\"es\"},{\"@type\":\"Person\",\"@id\":\"https:\\\/\\\/www.bbmnoticias.com\\\/labravaradiofm\\\/#\\\/schema\\\/person\\\/34b139c617a70ea5bef5678bffe4dd7b\",\"name\":\"Staff\",\"image\":{\"@type\":\"ImageObject\",\"inLanguage\":\"es\",\"@id\":\"https:\\\/\\\/secure.gravatar.com\\\/avatar\\\/fdd21ad66fd8b98c407f9dee5b5e588cfe7f0d8579ec20fa6527cd59bab7f0f0?s=96&d=mm&r=g\",\"url\":\"https:\\\/\\\/secure.gravatar.com\\\/avatar\\\/fdd21ad66fd8b98c407f9dee5b5e588cfe7f0d8579ec20fa6527cd59bab7f0f0?s=96&d=mm&r=g\",\"contentUrl\":\"https:\\\/\\\/secure.gravatar.com\\\/avatar\\\/fdd21ad66fd8b98c407f9dee5b5e588cfe7f0d8579ec20fa6527cd59bab7f0f0?s=96&d=mm&r=g\",\"caption\":\"Staff\"},\"url\":\"https:\\\/\\\/www.bbmnoticias.com\\\/labravaradiofm\\\/author\\\/redaccion\\\/\"}]}<\/script>\n<!-- \/ Yoast SEO plugin. -->","yoast_head_json":{"title":"La Juventud y la Mar, concurso de expresi\u00f3n literaria al que IEEPO y Semar invitan a participar - LA BRAVA RADIO","description":"Las y los interesados deben realizar un trabajo literario en el que narren su experiencia y su deseo de un mundo","robots":{"index":"index","follow":"follow","max-snippet":"max-snippet:-1","max-image-preview":"max-image-preview:large","max-video-preview":"max-video-preview:-1"},"canonical":"https:\/\/www.bbmnoticias.com\/labravaradiofm\/2021\/09\/10\/la-juventud-y-la-mar-concurso-de-expresion-literaria-al-que-ieepo-y-semar-invitan-a-participar\/","og_locale":"es_MX","og_type":"article","og_title":"La Juventud y la Mar, concurso de expresi\u00f3n literaria al que IEEPO y Semar invitan a participar - LA BRAVA RADIO","og_description":"Las y los interesados deben realizar un trabajo literario en el que narren su experiencia y su deseo de un mundo","og_url":"https:\/\/www.bbmnoticias.com\/labravaradiofm\/2021\/09\/10\/la-juventud-y-la-mar-concurso-de-expresion-literaria-al-que-ieepo-y-semar-invitan-a-participar\/","og_site_name":"LA BRAVA RADIO","article_published_time":"2021-09-10T23:55:40+00:00","article_modified_time":"2021-09-10T23:55:42+00:00","og_image":[{"width":1160,"height":700,"url":"https:\/\/www.bbmnoticias.com\/labravaradiofm\/wp-content\/uploads\/sites\/5\/2021\/09\/local10092021-31.jpeg","type":"image\/jpeg"}],"author":"Staff","twitter_card":"summary_large_image","twitter_misc":{"Escrito por":"Staff","Tiempo de lectura":"2 minutos"},"schema":{"@context":"https:\/\/schema.org","@graph":[{"@type":"Article","@id":"https:\/\/www.bbmnoticias.com\/labravaradiofm\/2021\/09\/10\/la-juventud-y-la-mar-concurso-de-expresion-literaria-al-que-ieepo-y-semar-invitan-a-participar\/#article","isPartOf":{"@id":"https:\/\/www.bbmnoticias.com\/labravaradiofm\/2021\/09\/10\/la-juventud-y-la-mar-concurso-de-expresion-literaria-al-que-ieepo-y-semar-invitan-a-participar\/"},"author":{"name":"Staff","@id":"https:\/\/www.bbmnoticias.com\/labravaradiofm\/#\/schema\/person\/34b139c617a70ea5bef5678bffe4dd7b"},"headline":"La Juventud y la Mar, concurso de expresi\u00f3n literaria al que IEEPO y Semar invitan a participar","datePublished":"2021-09-10T23:55:40+00:00","dateModified":"2021-09-10T23:55:42+00:00","mainEntityOfPage":{"@id":"https:\/\/www.bbmnoticias.com\/labravaradiofm\/2021\/09\/10\/la-juventud-y-la-mar-concurso-de-expresion-literaria-al-que-ieepo-y-semar-invitan-a-participar\/"},"wordCount":373,"image":{"@id":"https:\/\/www.bbmnoticias.com\/labravaradiofm\/2021\/09\/10\/la-juventud-y-la-mar-concurso-de-expresion-literaria-al-que-ieepo-y-semar-invitan-a-participar\/#primaryimage"},"thumbnailUrl":"https:\/\/www.bbmnoticias.com\/labravaradiofm\/wp-content\/uploads\/sites\/5\/2021\/09\/local10092021-31.jpeg","articleSection":["LOCAL"],"inLanguage":"es"},{"@type":"WebPage","@id":"https:\/\/www.bbmnoticias.com\/labravaradiofm\/2021\/09\/10\/la-juventud-y-la-mar-concurso-de-expresion-literaria-al-que-ieepo-y-semar-invitan-a-participar\/","url":"https:\/\/www.bbmnoticias.com\/labravaradiofm\/2021\/09\/10\/la-juventud-y-la-mar-concurso-de-expresion-literaria-al-que-ieepo-y-semar-invitan-a-participar\/","name":"La Juventud y la Mar, concurso de expresi\u00f3n literaria al que IEEPO y Semar invitan a participar - LA BRAVA RADIO","isPartOf":{"@id":"https:\/\/www.bbmnoticias.com\/labravaradiofm\/#website"},"primaryImageOfPage":{"@id":"https:\/\/www.bbmnoticias.com\/labravaradiofm\/2021\/09\/10\/la-juventud-y-la-mar-concurso-de-expresion-literaria-al-que-ieepo-y-semar-invitan-a-participar\/#primaryimage"},"image":{"@id":"https:\/\/www.bbmnoticias.com\/labravaradiofm\/2021\/09\/10\/la-juventud-y-la-mar-concurso-de-expresion-literaria-al-que-ieepo-y-semar-invitan-a-participar\/#primaryimage"},"thumbnailUrl":"https:\/\/www.bbmnoticias.com\/labravaradiofm\/wp-content\/uploads\/sites\/5\/2021\/09\/local10092021-31.jpeg","datePublished":"2021-09-10T23:55:40+00:00","dateModified":"2021-09-10T23:55:42+00:00","author":{"@id":"https:\/\/www.bbmnoticias.com\/labravaradiofm\/#\/schema\/person\/34b139c617a70ea5bef5678bffe4dd7b"},"description":"Las y los interesados deben realizar un trabajo literario en el que narren su experiencia y su deseo de un mundo","breadcrumb":{"@id":"https:\/\/www.bbmnoticias.com\/labravaradiofm\/2021\/09\/10\/la-juventud-y-la-mar-concurso-de-expresion-literaria-al-que-ieepo-y-semar-invitan-a-participar\/#breadcrumb"},"inLanguage":"es","potentialAction":[{"@type":"ReadAction","target":["https:\/\/www.bbmnoticias.com\/labravaradiofm\/2021\/09\/10\/la-juventud-y-la-mar-concurso-de-expresion-literaria-al-que-ieepo-y-semar-invitan-a-participar\/"]}]},{"@type":"ImageObject","inLanguage":"es","@id":"https:\/\/www.bbmnoticias.com\/labravaradiofm\/2021\/09\/10\/la-juventud-y-la-mar-concurso-de-expresion-literaria-al-que-ieepo-y-semar-invitan-a-participar\/#primaryimage","url":"https:\/\/www.bbmnoticias.com\/labravaradiofm\/wp-content\/uploads\/sites\/5\/2021\/09\/local10092021-31.jpeg","contentUrl":"https:\/\/www.bbmnoticias.com\/labravaradiofm\/wp-content\/uploads\/sites\/5\/2021\/09\/local10092021-31.jpeg","width":1160,"height":700,"caption":"La Juventud y la Mar, concurso de expresi\u00f3n literaria al que IEEPO y Semar invitan a participar"},{"@type":"BreadcrumbList","@id":"https:\/\/www.bbmnoticias.com\/labravaradiofm\/2021\/09\/10\/la-juventud-y-la-mar-concurso-de-expresion-literaria-al-que-ieepo-y-semar-invitan-a-participar\/#breadcrumb","itemListElement":[{"@type":"ListItem","position":1,"name":"Inicio","item":"https:\/\/www.bbmnoticias.com\/labravaradiofm\/"},{"@type":"ListItem","position":2,"name":"La Juventud y la Mar, concurso de expresi\u00f3n literaria al que IEEPO y Semar invitan a participar"}]},{"@type":"WebSite","@id":"https:\/\/www.bbmnoticias.com\/labravaradiofm\/#website","url":"https:\/\/www.bbmnoticias.com\/labravaradiofm\/","name":"LA BRAVA RADIO","description":"Empresa productora de medios, Radiodifusi\u00f3n, Noticias, tendencias y todo lo que necesitas saber de la pol\u00edtica mexicana e internacional; entretenimiento, espect\u00e1culos, salud y mucho m\u00e1s.","potentialAction":[{"@type":"SearchAction","target":{"@type":"EntryPoint","urlTemplate":"https:\/\/www.bbmnoticias.com\/labravaradiofm\/?s={search_term_string}"},"query-input":{"@type":"PropertyValueSpecification","valueRequired":true,"valueName":"search_term_string"}}],"inLanguage":"es"},{"@type":"Person","@id":"https:\/\/www.bbmnoticias.com\/labravaradiofm\/#\/schema\/person\/34b139c617a70ea5bef5678bffe4dd7b","name":"Staff","image":{"@type":"ImageObject","inLanguage":"es","@id":"https:\/\/secure.gravatar.com\/avatar\/fdd21ad66fd8b98c407f9dee5b5e588cfe7f0d8579ec20fa6527cd59bab7f0f0?s=96&d=mm&r=g","url":"https:\/\/secure.gravatar.com\/avatar\/fdd21ad66fd8b98c407f9dee5b5e588cfe7f0d8579ec20fa6527cd59bab7f0f0?s=96&d=mm&r=g","contentUrl":"https:\/\/secure.gravatar.com\/avatar\/fdd21ad66fd8b98c407f9dee5b5e588cfe7f0d8579ec20fa6527cd59bab7f0f0?s=96&d=mm&r=g","caption":"Staff"},"url":"https:\/\/www.bbmnoticias.com\/labravaradiofm\/author\/redaccion\/"}]}},"_links":{"self":[{"href":"https:\/\/www.bbmnoticias.com\/labravaradiofm\/wp-json\/wp\/v2\/posts\/1653","targetHints":{"allow":["GET"]}}],"collection":[{"href":"https:\/\/www.bbmnoticias.com\/labravaradiofm\/wp-json\/wp\/v2\/posts"}],"about":[{"href":"https:\/\/www.bbmnoticias.com\/labravaradiofm\/wp-json\/wp\/v2\/types\/post"}],"author":[{"embeddable":true,"href":"https:\/\/www.bbmnoticias.com\/labravaradiofm\/wp-json\/wp\/v2\/users\/2"}],"replies":[{"embeddable":true,"href":"https:\/\/www.bbmnoticias.com\/labravaradiofm\/wp-json\/wp\/v2\/comments?post=1653"}],"version-history":[{"count":0,"href":"https:\/\/www.bbmnoticias.com\/labravaradiofm\/wp-json\/wp\/v2\/posts\/1653\/revisions"}],"wp:featuredmedia":[{"embeddable":true,"href":"https:\/\/www.bbmnoticias.com\/labravaradiofm\/wp-json\/wp\/v2\/media\/1654"}],"wp:attachment":[{"href":"https:\/\/www.bbmnoticias.com\/labravaradiofm\/wp-json\/wp\/v2\/media?parent=1653"}],"wp:term":[{"taxonomy":"category","embeddable":true,"href":"https:\/\/www.bbmnoticias.com\/labravaradiofm\/wp-json\/wp\/v2\/categories?post=1653"},{"taxonomy":"post_tag","embeddable":true,"href":"https:\/\/www.bbmnoticias.com\/labravaradiofm\/wp-json\/wp\/v2\/tags?post=1653"}],"curies":[{"name":"wp","href":"https:\/\/api.w.org\/{rel}","templated":true}]}}