{"id":1569,"date":"2021-09-09T19:37:44","date_gmt":"2021-09-10T00:37:44","guid":{"rendered":"https:\/\/www.bbmnoticias.com\/labravaradiofm\/?p=1569"},"modified":"2021-09-09T19:37:45","modified_gmt":"2021-09-10T00:37:45","slug":"dean-fomentara-desarrollo-y-crecimiento-economico-de-mexico-y-eu-katherine-tai","status":"publish","type":"post","link":"https:\/\/www.bbmnoticias.com\/labravaradiofm\/2021\/09\/09\/dean-fomentara-desarrollo-y-crecimiento-economico-de-mexico-y-eu-katherine-tai\/","title":{"rendered":"DEAN fomentar\u00e1 desarrollo y crecimiento econ\u00f3mico de M\u00e9xico y EU: Katherine Tai"},"content":{"rendered":"<div style=\"margin-top: 0px; margin-bottom: 0px;\" class=\"sharethis-inline-share-buttons\" ><\/div>\n<p>Luego de que se llev\u00f3 a cabo el Di\u00e1logo Econ\u00f3mico de Alto Nivel (DEAN), la representante comercial de Estados Unidos, Katherine Tai, asegur\u00f3 que est\u00e1 herramienta servir\u00e1 para promover las prioridades econ\u00f3micas y sociales para el crecimiento de la regi\u00f3n y la creaci\u00f3n de nuevos empleos.<\/p>\n\n\n\n<p>Expuso que como amigos aliados y vecinos, existen pocas relaciones tan importantes para Estados Unidos, que la que tiene con M\u00e9xico, por lo que la estructura del DEAN es un paso importante en la creaci\u00f3n de un marco general, que permita trabajar de manera cooperativa en una agenda positiva.<\/p>\n\n\n\n<p>\u201cEl DEAN promover\u00e1 las prioridades econ\u00f3micas y sociales estrat\u00e9gicas fundamentales para fomentar el crecimiento econ\u00f3mico regional, la creaci\u00f3n de empleo, la inversi\u00f3n en nuestra gente y la reducci\u00f3n de la desigualdad y la pobreza en todas sus dimensiones\u201d, asegur\u00f3 mediante un mensaje emitido por la oficina del Representante Comercial de Estados Unidos (USTR).<\/p>\n\n\n\n<p>La representante de Estados Unidos expuso que invertir en la gente significa ayudar a los cientos de miles de peque\u00f1as y medianas empresas que ya comercian a trav\u00e9s de las fronteras, para hacer crecer sus negocios, y crear empleos bien remunerados en las comunidades.<\/p>\n\n\n\n<p>Detall\u00f3 que es necesario coordinar esfuerzos conjuntos para promover la innovaci\u00f3n; promover la inversi\u00f3n en emprendedores y pymes; promover estrategias conjuntas de desarrollo de la fuerza laboral que prioricen las habilidades tecnol\u00f3gicas y la capacitaci\u00f3n necesarias para satisfacer las demandas del siglo XXI, y expandir el acceso a oportunidades econ\u00f3micas para grupos subrepresentados, solo puede hacernos m\u00e1s fuertes.<\/p>\n\n\n\n<p>\u201cConstruir una fuerza laboral m\u00e1s altamente calificada en Am\u00e9rica del Norte ayudar\u00e1 a crear mejores oportunidades profesionales para los j\u00f3venes y los trabajadores mayores que pueden no tener t\u00edtulos universitarios, as\u00ed como una econom\u00eda laboral m\u00e1s competitiva que les dar\u00e1 a los trabajadores una mayor movilidad y comerciabilidad\u201d, afirm\u00f3.<\/p>\n\n\n\n<p>Destac\u00f3 que el \u00e9xito del trabajo bajo el DEAN depender\u00e1 de la apertura a las opiniones sobre una amplia variedad de partes interesadas, por lo que confi\u00f3 en que las iniciativas pol\u00edticas y gubernamentales, no deben llevarse a cabo en al vac\u00edo, ni reflejar los puntos de vista de un grupo selecto de partes interesadas, sino de la gente en general.<\/p>\n\n\n\n<p>\u201cCuando escuchamos a m\u00e1s personas, tanto en Estados Unidos como en M\u00e9xico, recibimos los mejores consejos y estamos mejor equipados para atender las necesidades del mayor n\u00famero de nuestros ciudadanos. Este principio ha guiado nuestra asociaci\u00f3n de colaboraci\u00f3n y s\u00e9 que seguir\u00e1 inspirando nuestro trabajo en el futuro\u201d, concluy\u00f3.<\/p>\n","protected":false},"excerpt":{"rendered":"<p>Luego de que se llev\u00f3 a cabo el Di\u00e1logo Econ\u00f3mico de Alto Nivel (DEAN), la representante comercial de Estados Unidos, Katherine Tai, asegur\u00f3 que est\u00e1 herramienta servir\u00e1 para promover las prioridades econ\u00f3micas y sociales para el crecimiento de la regi\u00f3n y la creaci\u00f3n de nuevos empleos. Expuso que como amigos aliados y vecinos, existen pocas [&hellip;]<\/p>\n","protected":false},"author":9,"featured_media":1572,"comment_status":"closed","ping_status":"closed","sticky":false,"template":"","format":"standard","meta":{"footnotes":""},"categories":[1],"tags":[],"class_list":{"0":"post-1569","1":"post","2":"type-post","3":"status-publish","4":"format-standard","5":"has-post-thumbnail","7":"category-sin-categoria"},"yoast_head":"<!-- This site is optimized with the Yoast SEO plugin v27.4 - https:\/\/yoast.com\/product\/yoast-seo-wordpress\/ -->\n<title>DEAN fomentar\u00e1 desarrollo y crecimiento econ\u00f3mico de M\u00e9xico y EU: Katherine Tai - LA BRAVA RADIO<\/title>\n<meta name=\"robots\" content=\"index, follow, max-snippet:-1, max-image-preview:large, max-video-preview:-1\" \/>\n<link rel=\"canonical\" href=\"https:\/\/www.bbmnoticias.com\/labravaradiofm\/2021\/09\/09\/dean-fomentara-desarrollo-y-crecimiento-economico-de-mexico-y-eu-katherine-tai\/\" \/>\n<meta property=\"og:locale\" content=\"es_MX\" \/>\n<meta property=\"og:type\" content=\"article\" \/>\n<meta property=\"og:title\" content=\"DEAN fomentar\u00e1 desarrollo y crecimiento econ\u00f3mico de M\u00e9xico y EU: Katherine Tai - LA BRAVA RADIO\" \/>\n<meta property=\"og:description\" content=\"Luego de que se llev\u00f3 a cabo el Di\u00e1logo Econ\u00f3mico de Alto Nivel (DEAN), la representante comercial de Estados Unidos, Katherine Tai, asegur\u00f3 que est\u00e1 herramienta servir\u00e1 para promover las prioridades econ\u00f3micas y sociales para el crecimiento de la regi\u00f3n y la creaci\u00f3n de nuevos empleos. Expuso que como amigos aliados y vecinos, existen pocas [&hellip;]\" \/>\n<meta property=\"og:url\" content=\"https:\/\/www.bbmnoticias.com\/labravaradiofm\/2021\/09\/09\/dean-fomentara-desarrollo-y-crecimiento-economico-de-mexico-y-eu-katherine-tai\/\" \/>\n<meta property=\"og:site_name\" content=\"LA BRAVA RADIO\" \/>\n<meta property=\"article:published_time\" content=\"2021-09-10T00:37:44+00:00\" \/>\n<meta property=\"article:modified_time\" content=\"2021-09-10T00:37:45+00:00\" \/>\n<meta property=\"og:image\" content=\"https:\/\/www.bbmnoticias.com\/labravaradiofm\/wp-content\/uploads\/sites\/5\/2021\/09\/inter1-09.09.21.jpg\" \/>\n\t<meta property=\"og:image:width\" content=\"958\" \/>\n\t<meta property=\"og:image:height\" content=\"596\" \/>\n\t<meta property=\"og:image:type\" content=\"image\/jpeg\" \/>\n<meta name=\"author\" content=\"Milenio\" \/>\n<meta name=\"twitter:card\" content=\"summary_large_image\" \/>\n<meta name=\"twitter:label1\" content=\"Escrito por\" \/>\n\t<meta name=\"twitter:data1\" content=\"Milenio\" \/>\n\t<meta name=\"twitter:label2\" content=\"Tiempo de lectura\" \/>\n\t<meta name=\"twitter:data2\" content=\"2 minutos\" \/>\n<script type=\"application\/ld+json\" class=\"yoast-schema-graph\">{\"@context\":\"https:\\\/\\\/schema.org\",\"@graph\":[{\"@type\":\"Article\",\"@id\":\"https:\\\/\\\/www.bbmnoticias.com\\\/labravaradiofm\\\/2021\\\/09\\\/09\\\/dean-fomentara-desarrollo-y-crecimiento-economico-de-mexico-y-eu-katherine-tai\\\/#article\",\"isPartOf\":{\"@id\":\"https:\\\/\\\/www.bbmnoticias.com\\\/labravaradiofm\\\/2021\\\/09\\\/09\\\/dean-fomentara-desarrollo-y-crecimiento-economico-de-mexico-y-eu-katherine-tai\\\/\"},\"author\":{\"name\":\"Milenio\",\"@id\":\"https:\\\/\\\/www.bbmnoticias.com\\\/labravaradiofm\\\/#\\\/schema\\\/person\\\/721d0cdff27d6c6be0b7dfbd566fedd1\"},\"headline\":\"DEAN fomentar\u00e1 desarrollo y crecimiento econ\u00f3mico de M\u00e9xico y EU: Katherine Tai\",\"datePublished\":\"2021-09-10T00:37:44+00:00\",\"dateModified\":\"2021-09-10T00:37:45+00:00\",\"mainEntityOfPage\":{\"@id\":\"https:\\\/\\\/www.bbmnoticias.com\\\/labravaradiofm\\\/2021\\\/09\\\/09\\\/dean-fomentara-desarrollo-y-crecimiento-economico-de-mexico-y-eu-katherine-tai\\\/\"},\"wordCount\":457,\"image\":{\"@id\":\"https:\\\/\\\/www.bbmnoticias.com\\\/labravaradiofm\\\/2021\\\/09\\\/09\\\/dean-fomentara-desarrollo-y-crecimiento-economico-de-mexico-y-eu-katherine-tai\\\/#primaryimage\"},\"thumbnailUrl\":\"https:\\\/\\\/www.bbmnoticias.com\\\/labravaradiofm\\\/wp-content\\\/uploads\\\/sites\\\/5\\\/2021\\\/09\\\/inter1-09.09.21.jpg\",\"inLanguage\":\"es\"},{\"@type\":\"WebPage\",\"@id\":\"https:\\\/\\\/www.bbmnoticias.com\\\/labravaradiofm\\\/2021\\\/09\\\/09\\\/dean-fomentara-desarrollo-y-crecimiento-economico-de-mexico-y-eu-katherine-tai\\\/\",\"url\":\"https:\\\/\\\/www.bbmnoticias.com\\\/labravaradiofm\\\/2021\\\/09\\\/09\\\/dean-fomentara-desarrollo-y-crecimiento-economico-de-mexico-y-eu-katherine-tai\\\/\",\"name\":\"DEAN fomentar\u00e1 desarrollo y crecimiento econ\u00f3mico de M\u00e9xico y EU: Katherine Tai - LA BRAVA RADIO\",\"isPartOf\":{\"@id\":\"https:\\\/\\\/www.bbmnoticias.com\\\/labravaradiofm\\\/#website\"},\"primaryImageOfPage\":{\"@id\":\"https:\\\/\\\/www.bbmnoticias.com\\\/labravaradiofm\\\/2021\\\/09\\\/09\\\/dean-fomentara-desarrollo-y-crecimiento-economico-de-mexico-y-eu-katherine-tai\\\/#primaryimage\"},\"image\":{\"@id\":\"https:\\\/\\\/www.bbmnoticias.com\\\/labravaradiofm\\\/2021\\\/09\\\/09\\\/dean-fomentara-desarrollo-y-crecimiento-economico-de-mexico-y-eu-katherine-tai\\\/#primaryimage\"},\"thumbnailUrl\":\"https:\\\/\\\/www.bbmnoticias.com\\\/labravaradiofm\\\/wp-content\\\/uploads\\\/sites\\\/5\\\/2021\\\/09\\\/inter1-09.09.21.jpg\",\"datePublished\":\"2021-09-10T00:37:44+00:00\",\"dateModified\":\"2021-09-10T00:37:45+00:00\",\"author\":{\"@id\":\"https:\\\/\\\/www.bbmnoticias.com\\\/labravaradiofm\\\/#\\\/schema\\\/person\\\/721d0cdff27d6c6be0b7dfbd566fedd1\"},\"breadcrumb\":{\"@id\":\"https:\\\/\\\/www.bbmnoticias.com\\\/labravaradiofm\\\/2021\\\/09\\\/09\\\/dean-fomentara-desarrollo-y-crecimiento-economico-de-mexico-y-eu-katherine-tai\\\/#breadcrumb\"},\"inLanguage\":\"es\",\"potentialAction\":[{\"@type\":\"ReadAction\",\"target\":[\"https:\\\/\\\/www.bbmnoticias.com\\\/labravaradiofm\\\/2021\\\/09\\\/09\\\/dean-fomentara-desarrollo-y-crecimiento-economico-de-mexico-y-eu-katherine-tai\\\/\"]}]},{\"@type\":\"ImageObject\",\"inLanguage\":\"es\",\"@id\":\"https:\\\/\\\/www.bbmnoticias.com\\\/labravaradiofm\\\/2021\\\/09\\\/09\\\/dean-fomentara-desarrollo-y-crecimiento-economico-de-mexico-y-eu-katherine-tai\\\/#primaryimage\",\"url\":\"https:\\\/\\\/www.bbmnoticias.com\\\/labravaradiofm\\\/wp-content\\\/uploads\\\/sites\\\/5\\\/2021\\\/09\\\/inter1-09.09.21.jpg\",\"contentUrl\":\"https:\\\/\\\/www.bbmnoticias.com\\\/labravaradiofm\\\/wp-content\\\/uploads\\\/sites\\\/5\\\/2021\\\/09\\\/inter1-09.09.21.jpg\",\"width\":958,\"height\":596},{\"@type\":\"BreadcrumbList\",\"@id\":\"https:\\\/\\\/www.bbmnoticias.com\\\/labravaradiofm\\\/2021\\\/09\\\/09\\\/dean-fomentara-desarrollo-y-crecimiento-economico-de-mexico-y-eu-katherine-tai\\\/#breadcrumb\",\"itemListElement\":[{\"@type\":\"ListItem\",\"position\":1,\"name\":\"Inicio\",\"item\":\"https:\\\/\\\/www.bbmnoticias.com\\\/labravaradiofm\\\/\"},{\"@type\":\"ListItem\",\"position\":2,\"name\":\"DEAN fomentar\u00e1 desarrollo y crecimiento econ\u00f3mico de M\u00e9xico y EU: Katherine Tai\"}]},{\"@type\":\"WebSite\",\"@id\":\"https:\\\/\\\/www.bbmnoticias.com\\\/labravaradiofm\\\/#website\",\"url\":\"https:\\\/\\\/www.bbmnoticias.com\\\/labravaradiofm\\\/\",\"name\":\"LA BRAVA RADIO\",\"description\":\"Empresa productora de medios, Radiodifusi\u00f3n, Noticias, tendencias y todo lo que necesitas saber de la pol\u00edtica mexicana e internacional; entretenimiento, espect\u00e1culos, salud y mucho m\u00e1s.\",\"potentialAction\":[{\"@type\":\"SearchAction\",\"target\":{\"@type\":\"EntryPoint\",\"urlTemplate\":\"https:\\\/\\\/www.bbmnoticias.com\\\/labravaradiofm\\\/?s={search_term_string}\"},\"query-input\":{\"@type\":\"PropertyValueSpecification\",\"valueRequired\":true,\"valueName\":\"search_term_string\"}}],\"inLanguage\":\"es\"},{\"@type\":\"Person\",\"@id\":\"https:\\\/\\\/www.bbmnoticias.com\\\/labravaradiofm\\\/#\\\/schema\\\/person\\\/721d0cdff27d6c6be0b7dfbd566fedd1\",\"name\":\"Milenio\",\"image\":{\"@type\":\"ImageObject\",\"inLanguage\":\"es\",\"@id\":\"https:\\\/\\\/secure.gravatar.com\\\/avatar\\\/cc78c90822baf77761fc8dc7e5a764bdbe7760545b0e1698cf9eff8a1818736c?s=96&d=mm&r=g\",\"url\":\"https:\\\/\\\/secure.gravatar.com\\\/avatar\\\/cc78c90822baf77761fc8dc7e5a764bdbe7760545b0e1698cf9eff8a1818736c?s=96&d=mm&r=g\",\"contentUrl\":\"https:\\\/\\\/secure.gravatar.com\\\/avatar\\\/cc78c90822baf77761fc8dc7e5a764bdbe7760545b0e1698cf9eff8a1818736c?s=96&d=mm&r=g\",\"caption\":\"Milenio\"},\"url\":\"https:\\\/\\\/www.bbmnoticias.com\\\/labravaradiofm\\\/author\\\/milenio\\\/\"}]}<\/script>\n<!-- \/ Yoast SEO plugin. -->","yoast_head_json":{"title":"DEAN fomentar\u00e1 desarrollo y crecimiento econ\u00f3mico de M\u00e9xico y EU: Katherine Tai - LA BRAVA RADIO","robots":{"index":"index","follow":"follow","max-snippet":"max-snippet:-1","max-image-preview":"max-image-preview:large","max-video-preview":"max-video-preview:-1"},"canonical":"https:\/\/www.bbmnoticias.com\/labravaradiofm\/2021\/09\/09\/dean-fomentara-desarrollo-y-crecimiento-economico-de-mexico-y-eu-katherine-tai\/","og_locale":"es_MX","og_type":"article","og_title":"DEAN fomentar\u00e1 desarrollo y crecimiento econ\u00f3mico de M\u00e9xico y EU: Katherine Tai - LA BRAVA RADIO","og_description":"Luego de que se llev\u00f3 a cabo el Di\u00e1logo Econ\u00f3mico de Alto Nivel (DEAN), la representante comercial de Estados Unidos, Katherine Tai, asegur\u00f3 que est\u00e1 herramienta servir\u00e1 para promover las prioridades econ\u00f3micas y sociales para el crecimiento de la regi\u00f3n y la creaci\u00f3n de nuevos empleos. Expuso que como amigos aliados y vecinos, existen pocas [&hellip;]","og_url":"https:\/\/www.bbmnoticias.com\/labravaradiofm\/2021\/09\/09\/dean-fomentara-desarrollo-y-crecimiento-economico-de-mexico-y-eu-katherine-tai\/","og_site_name":"LA BRAVA RADIO","article_published_time":"2021-09-10T00:37:44+00:00","article_modified_time":"2021-09-10T00:37:45+00:00","og_image":[{"width":958,"height":596,"url":"https:\/\/www.bbmnoticias.com\/labravaradiofm\/wp-content\/uploads\/sites\/5\/2021\/09\/inter1-09.09.21.jpg","type":"image\/jpeg"}],"author":"Milenio","twitter_card":"summary_large_image","twitter_misc":{"Escrito por":"Milenio","Tiempo de lectura":"2 minutos"},"schema":{"@context":"https:\/\/schema.org","@graph":[{"@type":"Article","@id":"https:\/\/www.bbmnoticias.com\/labravaradiofm\/2021\/09\/09\/dean-fomentara-desarrollo-y-crecimiento-economico-de-mexico-y-eu-katherine-tai\/#article","isPartOf":{"@id":"https:\/\/www.bbmnoticias.com\/labravaradiofm\/2021\/09\/09\/dean-fomentara-desarrollo-y-crecimiento-economico-de-mexico-y-eu-katherine-tai\/"},"author":{"name":"Milenio","@id":"https:\/\/www.bbmnoticias.com\/labravaradiofm\/#\/schema\/person\/721d0cdff27d6c6be0b7dfbd566fedd1"},"headline":"DEAN fomentar\u00e1 desarrollo y crecimiento econ\u00f3mico de M\u00e9xico y EU: Katherine Tai","datePublished":"2021-09-10T00:37:44+00:00","dateModified":"2021-09-10T00:37:45+00:00","mainEntityOfPage":{"@id":"https:\/\/www.bbmnoticias.com\/labravaradiofm\/2021\/09\/09\/dean-fomentara-desarrollo-y-crecimiento-economico-de-mexico-y-eu-katherine-tai\/"},"wordCount":457,"image":{"@id":"https:\/\/www.bbmnoticias.com\/labravaradiofm\/2021\/09\/09\/dean-fomentara-desarrollo-y-crecimiento-economico-de-mexico-y-eu-katherine-tai\/#primaryimage"},"thumbnailUrl":"https:\/\/www.bbmnoticias.com\/labravaradiofm\/wp-content\/uploads\/sites\/5\/2021\/09\/inter1-09.09.21.jpg","inLanguage":"es"},{"@type":"WebPage","@id":"https:\/\/www.bbmnoticias.com\/labravaradiofm\/2021\/09\/09\/dean-fomentara-desarrollo-y-crecimiento-economico-de-mexico-y-eu-katherine-tai\/","url":"https:\/\/www.bbmnoticias.com\/labravaradiofm\/2021\/09\/09\/dean-fomentara-desarrollo-y-crecimiento-economico-de-mexico-y-eu-katherine-tai\/","name":"DEAN fomentar\u00e1 desarrollo y crecimiento econ\u00f3mico de M\u00e9xico y EU: Katherine Tai - LA BRAVA RADIO","isPartOf":{"@id":"https:\/\/www.bbmnoticias.com\/labravaradiofm\/#website"},"primaryImageOfPage":{"@id":"https:\/\/www.bbmnoticias.com\/labravaradiofm\/2021\/09\/09\/dean-fomentara-desarrollo-y-crecimiento-economico-de-mexico-y-eu-katherine-tai\/#primaryimage"},"image":{"@id":"https:\/\/www.bbmnoticias.com\/labravaradiofm\/2021\/09\/09\/dean-fomentara-desarrollo-y-crecimiento-economico-de-mexico-y-eu-katherine-tai\/#primaryimage"},"thumbnailUrl":"https:\/\/www.bbmnoticias.com\/labravaradiofm\/wp-content\/uploads\/sites\/5\/2021\/09\/inter1-09.09.21.jpg","datePublished":"2021-09-10T00:37:44+00:00","dateModified":"2021-09-10T00:37:45+00:00","author":{"@id":"https:\/\/www.bbmnoticias.com\/labravaradiofm\/#\/schema\/person\/721d0cdff27d6c6be0b7dfbd566fedd1"},"breadcrumb":{"@id":"https:\/\/www.bbmnoticias.com\/labravaradiofm\/2021\/09\/09\/dean-fomentara-desarrollo-y-crecimiento-economico-de-mexico-y-eu-katherine-tai\/#breadcrumb"},"inLanguage":"es","potentialAction":[{"@type":"ReadAction","target":["https:\/\/www.bbmnoticias.com\/labravaradiofm\/2021\/09\/09\/dean-fomentara-desarrollo-y-crecimiento-economico-de-mexico-y-eu-katherine-tai\/"]}]},{"@type":"ImageObject","inLanguage":"es","@id":"https:\/\/www.bbmnoticias.com\/labravaradiofm\/2021\/09\/09\/dean-fomentara-desarrollo-y-crecimiento-economico-de-mexico-y-eu-katherine-tai\/#primaryimage","url":"https:\/\/www.bbmnoticias.com\/labravaradiofm\/wp-content\/uploads\/sites\/5\/2021\/09\/inter1-09.09.21.jpg","contentUrl":"https:\/\/www.bbmnoticias.com\/labravaradiofm\/wp-content\/uploads\/sites\/5\/2021\/09\/inter1-09.09.21.jpg","width":958,"height":596},{"@type":"BreadcrumbList","@id":"https:\/\/www.bbmnoticias.com\/labravaradiofm\/2021\/09\/09\/dean-fomentara-desarrollo-y-crecimiento-economico-de-mexico-y-eu-katherine-tai\/#breadcrumb","itemListElement":[{"@type":"ListItem","position":1,"name":"Inicio","item":"https:\/\/www.bbmnoticias.com\/labravaradiofm\/"},{"@type":"ListItem","position":2,"name":"DEAN fomentar\u00e1 desarrollo y crecimiento econ\u00f3mico de M\u00e9xico y EU: Katherine Tai"}]},{"@type":"WebSite","@id":"https:\/\/www.bbmnoticias.com\/labravaradiofm\/#website","url":"https:\/\/www.bbmnoticias.com\/labravaradiofm\/","name":"LA BRAVA RADIO","description":"Empresa productora de medios, Radiodifusi\u00f3n, Noticias, tendencias y todo lo que necesitas saber de la pol\u00edtica mexicana e internacional; entretenimiento, espect\u00e1culos, salud y mucho m\u00e1s.","potentialAction":[{"@type":"SearchAction","target":{"@type":"EntryPoint","urlTemplate":"https:\/\/www.bbmnoticias.com\/labravaradiofm\/?s={search_term_string}"},"query-input":{"@type":"PropertyValueSpecification","valueRequired":true,"valueName":"search_term_string"}}],"inLanguage":"es"},{"@type":"Person","@id":"https:\/\/www.bbmnoticias.com\/labravaradiofm\/#\/schema\/person\/721d0cdff27d6c6be0b7dfbd566fedd1","name":"Milenio","image":{"@type":"ImageObject","inLanguage":"es","@id":"https:\/\/secure.gravatar.com\/avatar\/cc78c90822baf77761fc8dc7e5a764bdbe7760545b0e1698cf9eff8a1818736c?s=96&d=mm&r=g","url":"https:\/\/secure.gravatar.com\/avatar\/cc78c90822baf77761fc8dc7e5a764bdbe7760545b0e1698cf9eff8a1818736c?s=96&d=mm&r=g","contentUrl":"https:\/\/secure.gravatar.com\/avatar\/cc78c90822baf77761fc8dc7e5a764bdbe7760545b0e1698cf9eff8a1818736c?s=96&d=mm&r=g","caption":"Milenio"},"url":"https:\/\/www.bbmnoticias.com\/labravaradiofm\/author\/milenio\/"}]}},"_links":{"self":[{"href":"https:\/\/www.bbmnoticias.com\/labravaradiofm\/wp-json\/wp\/v2\/posts\/1569","targetHints":{"allow":["GET"]}}],"collection":[{"href":"https:\/\/www.bbmnoticias.com\/labravaradiofm\/wp-json\/wp\/v2\/posts"}],"about":[{"href":"https:\/\/www.bbmnoticias.com\/labravaradiofm\/wp-json\/wp\/v2\/types\/post"}],"author":[{"embeddable":true,"href":"https:\/\/www.bbmnoticias.com\/labravaradiofm\/wp-json\/wp\/v2\/users\/9"}],"replies":[{"embeddable":true,"href":"https:\/\/www.bbmnoticias.com\/labravaradiofm\/wp-json\/wp\/v2\/comments?post=1569"}],"version-history":[{"count":0,"href":"https:\/\/www.bbmnoticias.com\/labravaradiofm\/wp-json\/wp\/v2\/posts\/1569\/revisions"}],"wp:featuredmedia":[{"embeddable":true,"href":"https:\/\/www.bbmnoticias.com\/labravaradiofm\/wp-json\/wp\/v2\/media\/1572"}],"wp:attachment":[{"href":"https:\/\/www.bbmnoticias.com\/labravaradiofm\/wp-json\/wp\/v2\/media?parent=1569"}],"wp:term":[{"taxonomy":"category","embeddable":true,"href":"https:\/\/www.bbmnoticias.com\/labravaradiofm\/wp-json\/wp\/v2\/categories?post=1569"},{"taxonomy":"post_tag","embeddable":true,"href":"https:\/\/www.bbmnoticias.com\/labravaradiofm\/wp-json\/wp\/v2\/tags?post=1569"}],"curies":[{"name":"wp","href":"https:\/\/api.w.org\/{rel}","templated":true}]}}