{"id":1537,"date":"2021-09-09T15:47:54","date_gmt":"2021-09-09T20:47:54","guid":{"rendered":"https:\/\/www.bbmnoticias.com\/labravaradiofm\/?p=1537"},"modified":"2021-09-09T15:48:04","modified_gmt":"2021-09-09T20:48:04","slug":"por-el-delito-de-robo-con-violencia-fueron-vinculados-a-proceso-cuatro-personas","status":"publish","type":"post","link":"https:\/\/www.bbmnoticias.com\/labravaradiofm\/2021\/09\/09\/por-el-delito-de-robo-con-violencia-fueron-vinculados-a-proceso-cuatro-personas\/","title":{"rendered":"Por el delito de robo con violencia, fueron vinculados a proceso cuatro personas"},"content":{"rendered":"<div style=\"margin-top: 0px; margin-bottom: 0px;\" class=\"sharethis-inline-share-buttons\" ><\/div>\n<p><strong>Oaxaca de Ju\u00e1rez, Oax.-<\/strong>\u00a0Por solicitud de la Fiscal\u00eda General del Estado de Oaxaca (FGEO), el Juez en turno determin\u00f3 vincular a proceso a tres sujetos del sexo masculino y a una mujer, como probables responsables del delito de robo a casa habitaci\u00f3n en perjuicio patrimonial de D J. F. T. A., hechos cometidos en San Jos\u00e9 Ayuquila, distrito de Huajuapan.<\/p>\n\n\n\n<p>De acuerdo con la causa penal 292\/2021, el 7 de agosto de 2021, aproximadamente a las 06:20 horas, los imputados que fueron identificados por las iniciales L. A. V. P., E. U. G. M., C. E. H. P. y M. N. M. M. (mujer), probablemente ingresaron a la casa de v\u00edctima, ubicado en inmediaciones de la calle Leona Vicario, perteneciente a la referida demarcaci\u00f3n de donde sustrajeron diferentes pertenencias que fueron trasladadas en un veh\u00edculo de motor habilitado como taxi.<\/p>\n\n\n\n<p>Ante estos hechos y tras la denuncia presentada, la Instituci\u00f3n de procuraci\u00f3n de justicia atrajo la investigaci\u00f3n -a trav\u00e9s de la Vicefiscal\u00eda Regional de la Mixteca-, logrando presentar a los imputados ante el Juzgado de Control.<\/p>\n\n\n\n<p>Luego de validar los datos de prueba proporcionados por la FGEO, el Juez en turno determin\u00f3 vincular a proceso a L. A. V. P., E. U. G. M., C. E. H. P. y M. N. M. M. (mujer).<\/p>\n","protected":false},"excerpt":{"rendered":"<p>Oaxaca de Ju\u00e1rez, Oax.-\u00a0Por solicitud de la Fiscal\u00eda General del Estado de Oaxaca (FGEO), el Juez en turno determin\u00f3 vincular a proceso a tres sujetos del sexo masculino y a una mujer, como probables responsables del delito de robo a casa habitaci\u00f3n en perjuicio patrimonial de D J. F. T. A., hechos cometidos en San [&hellip;]<\/p>\n","protected":false},"author":2,"featured_media":1538,"comment_status":"closed","ping_status":"closed","sticky":false,"template":"","format":"standard","meta":{"footnotes":""},"categories":[20],"tags":[],"class_list":{"0":"post-1537","1":"post","2":"type-post","3":"status-publish","4":"format-standard","5":"has-post-thumbnail","7":"category-policiaca"},"yoast_head":"<!-- This site is optimized with the Yoast SEO plugin v27.4 - https:\/\/yoast.com\/product\/yoast-seo-wordpress\/ -->\n<title>Por el delito de robo con violencia, fueron vinculados a proceso cuatro personas - LA BRAVA RADIO<\/title>\n<meta name=\"description\" content=\"Ante estos hechos y tras la denuncia presentada, la Instituci\u00f3n de procuraci\u00f3n de justicia atrajo la investigaci\u00f3n -a trav\u00e9s de la Vicefiscal\u00eda Regional de la Mixteca\" \/>\n<meta name=\"robots\" content=\"index, follow, max-snippet:-1, max-image-preview:large, max-video-preview:-1\" \/>\n<link rel=\"canonical\" href=\"https:\/\/www.bbmnoticias.com\/labravaradiofm\/2021\/09\/09\/por-el-delito-de-robo-con-violencia-fueron-vinculados-a-proceso-cuatro-personas\/\" \/>\n<meta property=\"og:locale\" content=\"es_MX\" \/>\n<meta property=\"og:type\" content=\"article\" \/>\n<meta property=\"og:title\" content=\"Por el delito de robo con violencia, fueron vinculados a proceso cuatro personas - LA BRAVA RADIO\" \/>\n<meta property=\"og:description\" content=\"Ante estos hechos y tras la denuncia presentada, la Instituci\u00f3n de procuraci\u00f3n de justicia atrajo la investigaci\u00f3n -a trav\u00e9s de la Vicefiscal\u00eda Regional de la Mixteca\" \/>\n<meta property=\"og:url\" content=\"https:\/\/www.bbmnoticias.com\/labravaradiofm\/2021\/09\/09\/por-el-delito-de-robo-con-violencia-fueron-vinculados-a-proceso-cuatro-personas\/\" \/>\n<meta property=\"og:site_name\" content=\"LA BRAVA RADIO\" \/>\n<meta property=\"article:published_time\" content=\"2021-09-09T20:47:54+00:00\" \/>\n<meta property=\"article:modified_time\" content=\"2021-09-09T20:48:04+00:00\" \/>\n<meta property=\"og:image\" content=\"https:\/\/www.bbmnoticias.com\/labravaradiofm\/wp-content\/uploads\/sites\/5\/2021\/09\/policiaca09092021-23.jpg\" \/>\n\t<meta property=\"og:image:width\" content=\"992\" \/>\n\t<meta property=\"og:image:height\" content=\"558\" \/>\n\t<meta property=\"og:image:type\" content=\"image\/jpeg\" \/>\n<meta name=\"author\" content=\"Staff\" \/>\n<meta name=\"twitter:card\" content=\"summary_large_image\" \/>\n<meta name=\"twitter:label1\" content=\"Escrito por\" \/>\n\t<meta name=\"twitter:data1\" content=\"Staff\" \/>\n\t<meta name=\"twitter:label2\" content=\"Tiempo de lectura\" \/>\n\t<meta name=\"twitter:data2\" content=\"1 minuto\" \/>\n<script type=\"application\/ld+json\" class=\"yoast-schema-graph\">{\"@context\":\"https:\\\/\\\/schema.org\",\"@graph\":[{\"@type\":\"Article\",\"@id\":\"https:\\\/\\\/www.bbmnoticias.com\\\/labravaradiofm\\\/2021\\\/09\\\/09\\\/por-el-delito-de-robo-con-violencia-fueron-vinculados-a-proceso-cuatro-personas\\\/#article\",\"isPartOf\":{\"@id\":\"https:\\\/\\\/www.bbmnoticias.com\\\/labravaradiofm\\\/2021\\\/09\\\/09\\\/por-el-delito-de-robo-con-violencia-fueron-vinculados-a-proceso-cuatro-personas\\\/\"},\"author\":{\"name\":\"Staff\",\"@id\":\"https:\\\/\\\/www.bbmnoticias.com\\\/labravaradiofm\\\/#\\\/schema\\\/person\\\/68a9e9036ef3c5b55aeb2b71dc8bab45\"},\"headline\":\"Por el delito de robo con violencia, fueron vinculados a proceso cuatro personas\",\"datePublished\":\"2021-09-09T20:47:54+00:00\",\"dateModified\":\"2021-09-09T20:48:04+00:00\",\"mainEntityOfPage\":{\"@id\":\"https:\\\/\\\/www.bbmnoticias.com\\\/labravaradiofm\\\/2021\\\/09\\\/09\\\/por-el-delito-de-robo-con-violencia-fueron-vinculados-a-proceso-cuatro-personas\\\/\"},\"wordCount\":236,\"image\":{\"@id\":\"https:\\\/\\\/www.bbmnoticias.com\\\/labravaradiofm\\\/2021\\\/09\\\/09\\\/por-el-delito-de-robo-con-violencia-fueron-vinculados-a-proceso-cuatro-personas\\\/#primaryimage\"},\"thumbnailUrl\":\"https:\\\/\\\/www.bbmnoticias.com\\\/labravaradiofm\\\/wp-content\\\/uploads\\\/sites\\\/5\\\/2021\\\/09\\\/policiaca09092021-23.jpg\",\"articleSection\":[\"POLICIACA\"],\"inLanguage\":\"es\"},{\"@type\":\"WebPage\",\"@id\":\"https:\\\/\\\/www.bbmnoticias.com\\\/labravaradiofm\\\/2021\\\/09\\\/09\\\/por-el-delito-de-robo-con-violencia-fueron-vinculados-a-proceso-cuatro-personas\\\/\",\"url\":\"https:\\\/\\\/www.bbmnoticias.com\\\/labravaradiofm\\\/2021\\\/09\\\/09\\\/por-el-delito-de-robo-con-violencia-fueron-vinculados-a-proceso-cuatro-personas\\\/\",\"name\":\"Por el delito de robo con violencia, fueron vinculados a proceso cuatro personas - LA BRAVA RADIO\",\"isPartOf\":{\"@id\":\"https:\\\/\\\/www.bbmnoticias.com\\\/labravaradiofm\\\/#website\"},\"primaryImageOfPage\":{\"@id\":\"https:\\\/\\\/www.bbmnoticias.com\\\/labravaradiofm\\\/2021\\\/09\\\/09\\\/por-el-delito-de-robo-con-violencia-fueron-vinculados-a-proceso-cuatro-personas\\\/#primaryimage\"},\"image\":{\"@id\":\"https:\\\/\\\/www.bbmnoticias.com\\\/labravaradiofm\\\/2021\\\/09\\\/09\\\/por-el-delito-de-robo-con-violencia-fueron-vinculados-a-proceso-cuatro-personas\\\/#primaryimage\"},\"thumbnailUrl\":\"https:\\\/\\\/www.bbmnoticias.com\\\/labravaradiofm\\\/wp-content\\\/uploads\\\/sites\\\/5\\\/2021\\\/09\\\/policiaca09092021-23.jpg\",\"datePublished\":\"2021-09-09T20:47:54+00:00\",\"dateModified\":\"2021-09-09T20:48:04+00:00\",\"author\":{\"@id\":\"https:\\\/\\\/www.bbmnoticias.com\\\/labravaradiofm\\\/#\\\/schema\\\/person\\\/68a9e9036ef3c5b55aeb2b71dc8bab45\"},\"description\":\"Ante estos hechos y tras la denuncia presentada, la Instituci\u00f3n de procuraci\u00f3n de justicia atrajo la investigaci\u00f3n -a trav\u00e9s de la Vicefiscal\u00eda Regional de la Mixteca\",\"breadcrumb\":{\"@id\":\"https:\\\/\\\/www.bbmnoticias.com\\\/labravaradiofm\\\/2021\\\/09\\\/09\\\/por-el-delito-de-robo-con-violencia-fueron-vinculados-a-proceso-cuatro-personas\\\/#breadcrumb\"},\"inLanguage\":\"es\",\"potentialAction\":[{\"@type\":\"ReadAction\",\"target\":[\"https:\\\/\\\/www.bbmnoticias.com\\\/labravaradiofm\\\/2021\\\/09\\\/09\\\/por-el-delito-de-robo-con-violencia-fueron-vinculados-a-proceso-cuatro-personas\\\/\"]}]},{\"@type\":\"ImageObject\",\"inLanguage\":\"es\",\"@id\":\"https:\\\/\\\/www.bbmnoticias.com\\\/labravaradiofm\\\/2021\\\/09\\\/09\\\/por-el-delito-de-robo-con-violencia-fueron-vinculados-a-proceso-cuatro-personas\\\/#primaryimage\",\"url\":\"https:\\\/\\\/www.bbmnoticias.com\\\/labravaradiofm\\\/wp-content\\\/uploads\\\/sites\\\/5\\\/2021\\\/09\\\/policiaca09092021-23.jpg\",\"contentUrl\":\"https:\\\/\\\/www.bbmnoticias.com\\\/labravaradiofm\\\/wp-content\\\/uploads\\\/sites\\\/5\\\/2021\\\/09\\\/policiaca09092021-23.jpg\",\"width\":992,\"height\":558},{\"@type\":\"BreadcrumbList\",\"@id\":\"https:\\\/\\\/www.bbmnoticias.com\\\/labravaradiofm\\\/2021\\\/09\\\/09\\\/por-el-delito-de-robo-con-violencia-fueron-vinculados-a-proceso-cuatro-personas\\\/#breadcrumb\",\"itemListElement\":[{\"@type\":\"ListItem\",\"position\":1,\"name\":\"Inicio\",\"item\":\"https:\\\/\\\/www.bbmnoticias.com\\\/labravaradiofm\\\/\"},{\"@type\":\"ListItem\",\"position\":2,\"name\":\"Por el delito de robo con violencia, fueron vinculados a proceso cuatro personas\"}]},{\"@type\":\"WebSite\",\"@id\":\"https:\\\/\\\/www.bbmnoticias.com\\\/labravaradiofm\\\/#website\",\"url\":\"https:\\\/\\\/www.bbmnoticias.com\\\/labravaradiofm\\\/\",\"name\":\"LA BRAVA RADIO\",\"description\":\"Empresa productora de medios, Radiodifusi\u00f3n, Noticias, tendencias y todo lo que necesitas saber de la pol\u00edtica mexicana e internacional; entretenimiento, espect\u00e1culos, salud y mucho m\u00e1s.\",\"potentialAction\":[{\"@type\":\"SearchAction\",\"target\":{\"@type\":\"EntryPoint\",\"urlTemplate\":\"https:\\\/\\\/www.bbmnoticias.com\\\/labravaradiofm\\\/?s={search_term_string}\"},\"query-input\":{\"@type\":\"PropertyValueSpecification\",\"valueRequired\":true,\"valueName\":\"search_term_string\"}}],\"inLanguage\":\"es\"},{\"@type\":\"Person\",\"@id\":\"https:\\\/\\\/www.bbmnoticias.com\\\/labravaradiofm\\\/#\\\/schema\\\/person\\\/68a9e9036ef3c5b55aeb2b71dc8bab45\",\"name\":\"Staff\",\"image\":{\"@type\":\"ImageObject\",\"inLanguage\":\"es\",\"@id\":\"https:\\\/\\\/secure.gravatar.com\\\/avatar\\\/fdd21ad66fd8b98c407f9dee5b5e588cfe7f0d8579ec20fa6527cd59bab7f0f0?s=96&d=mm&r=g\",\"url\":\"https:\\\/\\\/secure.gravatar.com\\\/avatar\\\/fdd21ad66fd8b98c407f9dee5b5e588cfe7f0d8579ec20fa6527cd59bab7f0f0?s=96&d=mm&r=g\",\"contentUrl\":\"https:\\\/\\\/secure.gravatar.com\\\/avatar\\\/fdd21ad66fd8b98c407f9dee5b5e588cfe7f0d8579ec20fa6527cd59bab7f0f0?s=96&d=mm&r=g\",\"caption\":\"Staff\"},\"url\":\"https:\\\/\\\/www.bbmnoticias.com\\\/labravaradiofm\\\/author\\\/redaccion\\\/\"}]}<\/script>\n<!-- \/ Yoast SEO plugin. -->","yoast_head_json":{"title":"Por el delito de robo con violencia, fueron vinculados a proceso cuatro personas - LA BRAVA RADIO","description":"Ante estos hechos y tras la denuncia presentada, la Instituci\u00f3n de procuraci\u00f3n de justicia atrajo la investigaci\u00f3n -a trav\u00e9s de la Vicefiscal\u00eda Regional de la Mixteca","robots":{"index":"index","follow":"follow","max-snippet":"max-snippet:-1","max-image-preview":"max-image-preview:large","max-video-preview":"max-video-preview:-1"},"canonical":"https:\/\/www.bbmnoticias.com\/labravaradiofm\/2021\/09\/09\/por-el-delito-de-robo-con-violencia-fueron-vinculados-a-proceso-cuatro-personas\/","og_locale":"es_MX","og_type":"article","og_title":"Por el delito de robo con violencia, fueron vinculados a proceso cuatro personas - LA BRAVA RADIO","og_description":"Ante estos hechos y tras la denuncia presentada, la Instituci\u00f3n de procuraci\u00f3n de justicia atrajo la investigaci\u00f3n -a trav\u00e9s de la Vicefiscal\u00eda Regional de la Mixteca","og_url":"https:\/\/www.bbmnoticias.com\/labravaradiofm\/2021\/09\/09\/por-el-delito-de-robo-con-violencia-fueron-vinculados-a-proceso-cuatro-personas\/","og_site_name":"LA BRAVA RADIO","article_published_time":"2021-09-09T20:47:54+00:00","article_modified_time":"2021-09-09T20:48:04+00:00","og_image":[{"width":992,"height":558,"url":"https:\/\/www.bbmnoticias.com\/labravaradiofm\/wp-content\/uploads\/sites\/5\/2021\/09\/policiaca09092021-23.jpg","type":"image\/jpeg"}],"author":"Staff","twitter_card":"summary_large_image","twitter_misc":{"Escrito por":"Staff","Tiempo de lectura":"1 minuto"},"schema":{"@context":"https:\/\/schema.org","@graph":[{"@type":"Article","@id":"https:\/\/www.bbmnoticias.com\/labravaradiofm\/2021\/09\/09\/por-el-delito-de-robo-con-violencia-fueron-vinculados-a-proceso-cuatro-personas\/#article","isPartOf":{"@id":"https:\/\/www.bbmnoticias.com\/labravaradiofm\/2021\/09\/09\/por-el-delito-de-robo-con-violencia-fueron-vinculados-a-proceso-cuatro-personas\/"},"author":{"name":"Staff","@id":"https:\/\/www.bbmnoticias.com\/labravaradiofm\/#\/schema\/person\/68a9e9036ef3c5b55aeb2b71dc8bab45"},"headline":"Por el delito de robo con violencia, fueron vinculados a proceso cuatro personas","datePublished":"2021-09-09T20:47:54+00:00","dateModified":"2021-09-09T20:48:04+00:00","mainEntityOfPage":{"@id":"https:\/\/www.bbmnoticias.com\/labravaradiofm\/2021\/09\/09\/por-el-delito-de-robo-con-violencia-fueron-vinculados-a-proceso-cuatro-personas\/"},"wordCount":236,"image":{"@id":"https:\/\/www.bbmnoticias.com\/labravaradiofm\/2021\/09\/09\/por-el-delito-de-robo-con-violencia-fueron-vinculados-a-proceso-cuatro-personas\/#primaryimage"},"thumbnailUrl":"https:\/\/www.bbmnoticias.com\/labravaradiofm\/wp-content\/uploads\/sites\/5\/2021\/09\/policiaca09092021-23.jpg","articleSection":["POLICIACA"],"inLanguage":"es"},{"@type":"WebPage","@id":"https:\/\/www.bbmnoticias.com\/labravaradiofm\/2021\/09\/09\/por-el-delito-de-robo-con-violencia-fueron-vinculados-a-proceso-cuatro-personas\/","url":"https:\/\/www.bbmnoticias.com\/labravaradiofm\/2021\/09\/09\/por-el-delito-de-robo-con-violencia-fueron-vinculados-a-proceso-cuatro-personas\/","name":"Por el delito de robo con violencia, fueron vinculados a proceso cuatro personas - LA BRAVA RADIO","isPartOf":{"@id":"https:\/\/www.bbmnoticias.com\/labravaradiofm\/#website"},"primaryImageOfPage":{"@id":"https:\/\/www.bbmnoticias.com\/labravaradiofm\/2021\/09\/09\/por-el-delito-de-robo-con-violencia-fueron-vinculados-a-proceso-cuatro-personas\/#primaryimage"},"image":{"@id":"https:\/\/www.bbmnoticias.com\/labravaradiofm\/2021\/09\/09\/por-el-delito-de-robo-con-violencia-fueron-vinculados-a-proceso-cuatro-personas\/#primaryimage"},"thumbnailUrl":"https:\/\/www.bbmnoticias.com\/labravaradiofm\/wp-content\/uploads\/sites\/5\/2021\/09\/policiaca09092021-23.jpg","datePublished":"2021-09-09T20:47:54+00:00","dateModified":"2021-09-09T20:48:04+00:00","author":{"@id":"https:\/\/www.bbmnoticias.com\/labravaradiofm\/#\/schema\/person\/68a9e9036ef3c5b55aeb2b71dc8bab45"},"description":"Ante estos hechos y tras la denuncia presentada, la Instituci\u00f3n de procuraci\u00f3n de justicia atrajo la investigaci\u00f3n -a trav\u00e9s de la Vicefiscal\u00eda Regional de la Mixteca","breadcrumb":{"@id":"https:\/\/www.bbmnoticias.com\/labravaradiofm\/2021\/09\/09\/por-el-delito-de-robo-con-violencia-fueron-vinculados-a-proceso-cuatro-personas\/#breadcrumb"},"inLanguage":"es","potentialAction":[{"@type":"ReadAction","target":["https:\/\/www.bbmnoticias.com\/labravaradiofm\/2021\/09\/09\/por-el-delito-de-robo-con-violencia-fueron-vinculados-a-proceso-cuatro-personas\/"]}]},{"@type":"ImageObject","inLanguage":"es","@id":"https:\/\/www.bbmnoticias.com\/labravaradiofm\/2021\/09\/09\/por-el-delito-de-robo-con-violencia-fueron-vinculados-a-proceso-cuatro-personas\/#primaryimage","url":"https:\/\/www.bbmnoticias.com\/labravaradiofm\/wp-content\/uploads\/sites\/5\/2021\/09\/policiaca09092021-23.jpg","contentUrl":"https:\/\/www.bbmnoticias.com\/labravaradiofm\/wp-content\/uploads\/sites\/5\/2021\/09\/policiaca09092021-23.jpg","width":992,"height":558},{"@type":"BreadcrumbList","@id":"https:\/\/www.bbmnoticias.com\/labravaradiofm\/2021\/09\/09\/por-el-delito-de-robo-con-violencia-fueron-vinculados-a-proceso-cuatro-personas\/#breadcrumb","itemListElement":[{"@type":"ListItem","position":1,"name":"Inicio","item":"https:\/\/www.bbmnoticias.com\/labravaradiofm\/"},{"@type":"ListItem","position":2,"name":"Por el delito de robo con violencia, fueron vinculados a proceso cuatro personas"}]},{"@type":"WebSite","@id":"https:\/\/www.bbmnoticias.com\/labravaradiofm\/#website","url":"https:\/\/www.bbmnoticias.com\/labravaradiofm\/","name":"LA BRAVA RADIO","description":"Empresa productora de medios, Radiodifusi\u00f3n, Noticias, tendencias y todo lo que necesitas saber de la pol\u00edtica mexicana e internacional; entretenimiento, espect\u00e1culos, salud y mucho m\u00e1s.","potentialAction":[{"@type":"SearchAction","target":{"@type":"EntryPoint","urlTemplate":"https:\/\/www.bbmnoticias.com\/labravaradiofm\/?s={search_term_string}"},"query-input":{"@type":"PropertyValueSpecification","valueRequired":true,"valueName":"search_term_string"}}],"inLanguage":"es"},{"@type":"Person","@id":"https:\/\/www.bbmnoticias.com\/labravaradiofm\/#\/schema\/person\/68a9e9036ef3c5b55aeb2b71dc8bab45","name":"Staff","image":{"@type":"ImageObject","inLanguage":"es","@id":"https:\/\/secure.gravatar.com\/avatar\/fdd21ad66fd8b98c407f9dee5b5e588cfe7f0d8579ec20fa6527cd59bab7f0f0?s=96&d=mm&r=g","url":"https:\/\/secure.gravatar.com\/avatar\/fdd21ad66fd8b98c407f9dee5b5e588cfe7f0d8579ec20fa6527cd59bab7f0f0?s=96&d=mm&r=g","contentUrl":"https:\/\/secure.gravatar.com\/avatar\/fdd21ad66fd8b98c407f9dee5b5e588cfe7f0d8579ec20fa6527cd59bab7f0f0?s=96&d=mm&r=g","caption":"Staff"},"url":"https:\/\/www.bbmnoticias.com\/labravaradiofm\/author\/redaccion\/"}]}},"_links":{"self":[{"href":"https:\/\/www.bbmnoticias.com\/labravaradiofm\/wp-json\/wp\/v2\/posts\/1537","targetHints":{"allow":["GET"]}}],"collection":[{"href":"https:\/\/www.bbmnoticias.com\/labravaradiofm\/wp-json\/wp\/v2\/posts"}],"about":[{"href":"https:\/\/www.bbmnoticias.com\/labravaradiofm\/wp-json\/wp\/v2\/types\/post"}],"author":[{"embeddable":true,"href":"https:\/\/www.bbmnoticias.com\/labravaradiofm\/wp-json\/wp\/v2\/users\/2"}],"replies":[{"embeddable":true,"href":"https:\/\/www.bbmnoticias.com\/labravaradiofm\/wp-json\/wp\/v2\/comments?post=1537"}],"version-history":[{"count":0,"href":"https:\/\/www.bbmnoticias.com\/labravaradiofm\/wp-json\/wp\/v2\/posts\/1537\/revisions"}],"wp:featuredmedia":[{"embeddable":true,"href":"https:\/\/www.bbmnoticias.com\/labravaradiofm\/wp-json\/wp\/v2\/media\/1538"}],"wp:attachment":[{"href":"https:\/\/www.bbmnoticias.com\/labravaradiofm\/wp-json\/wp\/v2\/media?parent=1537"}],"wp:term":[{"taxonomy":"category","embeddable":true,"href":"https:\/\/www.bbmnoticias.com\/labravaradiofm\/wp-json\/wp\/v2\/categories?post=1537"},{"taxonomy":"post_tag","embeddable":true,"href":"https:\/\/www.bbmnoticias.com\/labravaradiofm\/wp-json\/wp\/v2\/tags?post=1537"}],"curies":[{"name":"wp","href":"https:\/\/api.w.org\/{rel}","templated":true}]}}