{"id":14830,"date":"2022-06-22T08:19:32","date_gmt":"2022-06-22T13:19:32","guid":{"rendered":"https:\/\/www.bbmnoticias.com\/labravaradiofm\/?p=14830"},"modified":"2022-06-22T08:19:54","modified_gmt":"2022-06-22T13:19:54","slug":"la-morralla-a-la-basura","status":"publish","type":"post","link":"https:\/\/www.bbmnoticias.com\/labravaradiofm\/2022\/06\/22\/la-morralla-a-la-basura\/","title":{"rendered":"Visi\u00f3n pol\u00edtica &#8211; La Morralla a la basura."},"content":{"rendered":"<div style=\"margin-top: 0px; margin-bottom: 0px;\" class=\"sharethis-inline-share-buttons\" ><\/div>\n<p>Estamos viendo que los tiempos pol\u00edticos est\u00e1n cambiando a pasos agigantados, hemos presenciado como en cosa de tres a\u00f1os, el PRI paso de ser un partido mayoritario en el Pais a lo que hoy es, un instituto pol\u00edtico que lucha por sobre vivir, lleno de muchos dinosaurios que durante lustros se llenaron los bolsillos de dinero&nbsp; a costa de las supuestas luchas sociales que encabezaron y que hoy en dia se niegan a jubilarse de la pol\u00edtica pues no saben hacer otra cosa m\u00e1s que enga\u00f1ar al pueblo.<\/p>\n\n\n\n<p>Tambi\u00e9n hemos visto como la funci\u00f3n de \u201cpaleros\u201d que jugaron siempre los partidos \u201cmorralla\u201d ya no es necesaria y por ello deben desaparecer, pues lejos de hacer algo bueno, lo \u00fanico que representan es un tremendo gasto que l\u00f3gicamente pagamos todos los mexicanos v\u00eda nuestros impuestos, ah\u00ed tenemos el caso del Partido del Trabajo o el Verde ecologista que de ecologista no tiene nada, el Partido Unidad Popular y otros mas que ni caso tiene mencionarlos.<\/p>\n\n\n\n<p>Por ejemplo el dirigente estatal del partido Verde, Jose Antonio Estefan Guillessen ya demostr\u00f3 que el cargo le quedo demasiado grande, y aun cuando de chiripa es diputado federal,&nbsp; no creo que despu\u00e9s vuelva a ocupar otro cargo de elecci\u00f3n popular, pues los oaxaque\u00f1os ya se dieron cuenta que clase de dirigente es, rodeado de casafortunas, de amigos que no quieren reconocer su paternidad, como es el caso de Elpidio Altamirano L\u00f3pez, representante del partido Verde en el IEPCO, que no le quiere dar la pensi\u00f3n alimenticia al hijo que tuvo con la se\u00f1ora Claudia \u201cN\u201d&nbsp;a quien juraba amor eterno y en cuanto supo que estaba embarazada huyo de su lado, ese es el tipo de amigos del dirigente de dicho partido.<\/p>\n\n\n\n<p>Todo Oaxaca sabe que Jose Antonio Estefan, solo esta al frente del partido verde como una figura decorativa, pues quien en verdad todo lo controla, es el actual senador Ra\u00fal Bola\u00f1os Cacho Cu\u00e9 y entre ambos no solo enterraron pol\u00edticamente a dicho partido \u201cMoralla\u201d, sino que lo tienen al borde de la quiebra, con cuentas bancarias embargadas por no querer pagar sus compromisos y para colmo con los poco mas de 24 mil votos que sacaron en la pasada elecci\u00f3n, demostraron que no sirven para nada.<\/p>\n\n\n\n<p>Pero ademas de todo lo anterior y para colmo de males, el hasta hoy dirigente del partido verde ecologista en Oaxaca, Jose Antonio Estefan, pregona ser amigo intimo del gobernador electo y sostiene a los cuatro vientos que tendr\u00e1 mano para designar a por lo menos un secretario en el pr\u00f3ximo gobierno y algunos directores de \u00e1rea, y aunque sabe perfectamente que es una gran mentira, lo pregona por todos lados y con ello flaco favor le hace a Salomon Jara, quien deber\u00eda desmarcarse de esta clase de vividores, pues no demostraron ser buenos aliados, debido a que prometieron aportar a la alianza mas de 100 mil votos y el pueblo les dio la espalda.<\/p>\n\n\n\n<p>Todos sabemos la intensa lucha pol\u00edtica que ha desarrollado el ingeniero Salom\u00f3n Jara Cruz, para poder llegar a donde esta ahora, son m\u00e1s de 25 a\u00f1os si mal no recuerdo que ha estado luchando desde la izquierda, abanderado problemas sociales, apoyando a organizaciones sociales, siendo perseguido por diversos gobernadores, hasta que finamente logro su objetivo, es un pol\u00edtico que viene de abajo, que a pesar de llevar tantos a\u00f1os en la pol\u00edtica, no vive en zonas residenciales de alta plusval\u00eda, no es millonario y tiene ganas de trabajar por Oaxaca&#8230;&#8230;. B\u00fasqueme en Twitter como @visionpolitica 7<\/p>\n\n\n\n<p><\/p>\n","protected":false},"excerpt":{"rendered":"<p>Estamos viendo que los tiempos pol\u00edticos est\u00e1n cambiando a pasos agigantados, hemos presenciado como en cosa de tres a\u00f1os, el PRI paso de ser un partido mayoritario en el Pais a lo que hoy es, un instituto pol\u00edtico que lucha por sobre vivir, lleno de muchos dinosaurios que durante lustros se llenaron los bolsillos de [&hellip;]<\/p>\n","protected":false},"author":17,"featured_media":7749,"comment_status":"closed","ping_status":"closed","sticky":false,"template":"","format":"standard","meta":{"footnotes":""},"categories":[22],"tags":[],"class_list":{"0":"post-14830","1":"post","2":"type-post","3":"status-publish","4":"format-standard","5":"has-post-thumbnail","7":"category-opinion"},"yoast_head":"<!-- This site is optimized with the Yoast SEO plugin v27.4 - https:\/\/yoast.com\/product\/yoast-seo-wordpress\/ -->\n<title>Visi\u00f3n pol\u00edtica - La Morralla a la basura. - LA BRAVA RADIO<\/title>\n<meta name=\"robots\" content=\"index, follow, max-snippet:-1, max-image-preview:large, max-video-preview:-1\" \/>\n<link rel=\"canonical\" href=\"https:\/\/www.bbmnoticias.com\/labravaradiofm\/2022\/06\/22\/la-morralla-a-la-basura\/\" \/>\n<meta property=\"og:locale\" content=\"es_MX\" \/>\n<meta property=\"og:type\" content=\"article\" \/>\n<meta property=\"og:title\" content=\"Visi\u00f3n pol\u00edtica - La Morralla a la basura. - LA BRAVA RADIO\" \/>\n<meta property=\"og:description\" content=\"Estamos viendo que los tiempos pol\u00edticos est\u00e1n cambiando a pasos agigantados, hemos presenciado como en cosa de tres a\u00f1os, el PRI paso de ser un partido mayoritario en el Pais a lo que hoy es, un instituto pol\u00edtico que lucha por sobre vivir, lleno de muchos dinosaurios que durante lustros se llenaron los bolsillos de [&hellip;]\" \/>\n<meta property=\"og:url\" content=\"https:\/\/www.bbmnoticias.com\/labravaradiofm\/2022\/06\/22\/la-morralla-a-la-basura\/\" \/>\n<meta property=\"og:site_name\" content=\"LA BRAVA RADIO\" \/>\n<meta property=\"article:published_time\" content=\"2022-06-22T13:19:32+00:00\" \/>\n<meta property=\"article:modified_time\" content=\"2022-06-22T13:19:54+00:00\" \/>\n<meta property=\"og:image\" content=\"https:\/\/www.bbmnoticias.com\/labravaradiofm\/wp-content\/uploads\/sites\/5\/2021\/12\/vision-politica.webp\" \/>\n\t<meta property=\"og:image:width\" content=\"1150\" \/>\n\t<meta property=\"og:image:height\" content=\"768\" \/>\n\t<meta property=\"og:image:type\" content=\"image\/webp\" \/>\n<meta name=\"author\" content=\"Fernando Cruz Lopez\" \/>\n<meta name=\"twitter:card\" content=\"summary_large_image\" \/>\n<meta name=\"twitter:label1\" content=\"Escrito por\" \/>\n\t<meta name=\"twitter:data1\" content=\"Fernando Cruz Lopez\" \/>\n\t<meta name=\"twitter:label2\" content=\"Tiempo de lectura\" \/>\n\t<meta name=\"twitter:data2\" content=\"3 minutos\" \/>\n<script type=\"application\/ld+json\" class=\"yoast-schema-graph\">{\"@context\":\"https:\\\/\\\/schema.org\",\"@graph\":[{\"@type\":\"Article\",\"@id\":\"https:\\\/\\\/www.bbmnoticias.com\\\/labravaradiofm\\\/2022\\\/06\\\/22\\\/la-morralla-a-la-basura\\\/#article\",\"isPartOf\":{\"@id\":\"https:\\\/\\\/www.bbmnoticias.com\\\/labravaradiofm\\\/2022\\\/06\\\/22\\\/la-morralla-a-la-basura\\\/\"},\"author\":{\"name\":\"Fernando Cruz Lopez\",\"@id\":\"https:\\\/\\\/www.bbmnoticias.com\\\/labravaradiofm\\\/#\\\/schema\\\/person\\\/5064050f91d1c493c1fd0f0d3a6bb745\"},\"headline\":\"Visi\u00f3n pol\u00edtica &#8211; La Morralla a la basura.\",\"datePublished\":\"2022-06-22T13:19:32+00:00\",\"dateModified\":\"2022-06-22T13:19:54+00:00\",\"mainEntityOfPage\":{\"@id\":\"https:\\\/\\\/www.bbmnoticias.com\\\/labravaradiofm\\\/2022\\\/06\\\/22\\\/la-morralla-a-la-basura\\\/\"},\"wordCount\":625,\"image\":{\"@id\":\"https:\\\/\\\/www.bbmnoticias.com\\\/labravaradiofm\\\/2022\\\/06\\\/22\\\/la-morralla-a-la-basura\\\/#primaryimage\"},\"thumbnailUrl\":\"https:\\\/\\\/www.bbmnoticias.com\\\/labravaradiofm\\\/wp-content\\\/uploads\\\/sites\\\/5\\\/2021\\\/12\\\/vision-politica.webp\",\"articleSection\":[\"OPINI\u00d3N\"],\"inLanguage\":\"es\"},{\"@type\":\"WebPage\",\"@id\":\"https:\\\/\\\/www.bbmnoticias.com\\\/labravaradiofm\\\/2022\\\/06\\\/22\\\/la-morralla-a-la-basura\\\/\",\"url\":\"https:\\\/\\\/www.bbmnoticias.com\\\/labravaradiofm\\\/2022\\\/06\\\/22\\\/la-morralla-a-la-basura\\\/\",\"name\":\"Visi\u00f3n pol\u00edtica - La Morralla a la basura. - LA BRAVA RADIO\",\"isPartOf\":{\"@id\":\"https:\\\/\\\/www.bbmnoticias.com\\\/labravaradiofm\\\/#website\"},\"primaryImageOfPage\":{\"@id\":\"https:\\\/\\\/www.bbmnoticias.com\\\/labravaradiofm\\\/2022\\\/06\\\/22\\\/la-morralla-a-la-basura\\\/#primaryimage\"},\"image\":{\"@id\":\"https:\\\/\\\/www.bbmnoticias.com\\\/labravaradiofm\\\/2022\\\/06\\\/22\\\/la-morralla-a-la-basura\\\/#primaryimage\"},\"thumbnailUrl\":\"https:\\\/\\\/www.bbmnoticias.com\\\/labravaradiofm\\\/wp-content\\\/uploads\\\/sites\\\/5\\\/2021\\\/12\\\/vision-politica.webp\",\"datePublished\":\"2022-06-22T13:19:32+00:00\",\"dateModified\":\"2022-06-22T13:19:54+00:00\",\"author\":{\"@id\":\"https:\\\/\\\/www.bbmnoticias.com\\\/labravaradiofm\\\/#\\\/schema\\\/person\\\/5064050f91d1c493c1fd0f0d3a6bb745\"},\"breadcrumb\":{\"@id\":\"https:\\\/\\\/www.bbmnoticias.com\\\/labravaradiofm\\\/2022\\\/06\\\/22\\\/la-morralla-a-la-basura\\\/#breadcrumb\"},\"inLanguage\":\"es\",\"potentialAction\":[{\"@type\":\"ReadAction\",\"target\":[\"https:\\\/\\\/www.bbmnoticias.com\\\/labravaradiofm\\\/2022\\\/06\\\/22\\\/la-morralla-a-la-basura\\\/\"]}]},{\"@type\":\"ImageObject\",\"inLanguage\":\"es\",\"@id\":\"https:\\\/\\\/www.bbmnoticias.com\\\/labravaradiofm\\\/2022\\\/06\\\/22\\\/la-morralla-a-la-basura\\\/#primaryimage\",\"url\":\"https:\\\/\\\/www.bbmnoticias.com\\\/labravaradiofm\\\/wp-content\\\/uploads\\\/sites\\\/5\\\/2021\\\/12\\\/vision-politica.webp\",\"contentUrl\":\"https:\\\/\\\/www.bbmnoticias.com\\\/labravaradiofm\\\/wp-content\\\/uploads\\\/sites\\\/5\\\/2021\\\/12\\\/vision-politica.webp\",\"width\":1150,\"height\":768},{\"@type\":\"BreadcrumbList\",\"@id\":\"https:\\\/\\\/www.bbmnoticias.com\\\/labravaradiofm\\\/2022\\\/06\\\/22\\\/la-morralla-a-la-basura\\\/#breadcrumb\",\"itemListElement\":[{\"@type\":\"ListItem\",\"position\":1,\"name\":\"Inicio\",\"item\":\"https:\\\/\\\/www.bbmnoticias.com\\\/labravaradiofm\\\/\"},{\"@type\":\"ListItem\",\"position\":2,\"name\":\"Visi\u00f3n pol\u00edtica &#8211; La Morralla a la basura.\"}]},{\"@type\":\"WebSite\",\"@id\":\"https:\\\/\\\/www.bbmnoticias.com\\\/labravaradiofm\\\/#website\",\"url\":\"https:\\\/\\\/www.bbmnoticias.com\\\/labravaradiofm\\\/\",\"name\":\"LA BRAVA RADIO\",\"description\":\"Empresa productora de medios, Radiodifusi\u00f3n, Noticias, tendencias y todo lo que necesitas saber de la pol\u00edtica mexicana e internacional; entretenimiento, espect\u00e1culos, salud y mucho m\u00e1s.\",\"potentialAction\":[{\"@type\":\"SearchAction\",\"target\":{\"@type\":\"EntryPoint\",\"urlTemplate\":\"https:\\\/\\\/www.bbmnoticias.com\\\/labravaradiofm\\\/?s={search_term_string}\"},\"query-input\":{\"@type\":\"PropertyValueSpecification\",\"valueRequired\":true,\"valueName\":\"search_term_string\"}}],\"inLanguage\":\"es\"},{\"@type\":\"Person\",\"@id\":\"https:\\\/\\\/www.bbmnoticias.com\\\/labravaradiofm\\\/#\\\/schema\\\/person\\\/5064050f91d1c493c1fd0f0d3a6bb745\",\"name\":\"Fernando Cruz Lopez\",\"image\":{\"@type\":\"ImageObject\",\"inLanguage\":\"es\",\"@id\":\"https:\\\/\\\/secure.gravatar.com\\\/avatar\\\/24fed790d7efc3946f883e94b0232fa4426e03d757f643152dbf2c77fa8a0e9a?s=96&d=mm&r=g\",\"url\":\"https:\\\/\\\/secure.gravatar.com\\\/avatar\\\/24fed790d7efc3946f883e94b0232fa4426e03d757f643152dbf2c77fa8a0e9a?s=96&d=mm&r=g\",\"contentUrl\":\"https:\\\/\\\/secure.gravatar.com\\\/avatar\\\/24fed790d7efc3946f883e94b0232fa4426e03d757f643152dbf2c77fa8a0e9a?s=96&d=mm&r=g\",\"caption\":\"Fernando Cruz Lopez\"},\"sameAs\":[\"https:\\\/\\\/www.bbmnoticias.com\"],\"url\":\"https:\\\/\\\/www.bbmnoticias.com\\\/labravaradiofm\\\/author\\\/fernandocruzlopez\\\/\"}]}<\/script>\n<!-- \/ Yoast SEO plugin. -->","yoast_head_json":{"title":"Visi\u00f3n pol\u00edtica - La Morralla a la basura. - LA BRAVA RADIO","robots":{"index":"index","follow":"follow","max-snippet":"max-snippet:-1","max-image-preview":"max-image-preview:large","max-video-preview":"max-video-preview:-1"},"canonical":"https:\/\/www.bbmnoticias.com\/labravaradiofm\/2022\/06\/22\/la-morralla-a-la-basura\/","og_locale":"es_MX","og_type":"article","og_title":"Visi\u00f3n pol\u00edtica - La Morralla a la basura. - LA BRAVA RADIO","og_description":"Estamos viendo que los tiempos pol\u00edticos est\u00e1n cambiando a pasos agigantados, hemos presenciado como en cosa de tres a\u00f1os, el PRI paso de ser un partido mayoritario en el Pais a lo que hoy es, un instituto pol\u00edtico que lucha por sobre vivir, lleno de muchos dinosaurios que durante lustros se llenaron los bolsillos de [&hellip;]","og_url":"https:\/\/www.bbmnoticias.com\/labravaradiofm\/2022\/06\/22\/la-morralla-a-la-basura\/","og_site_name":"LA BRAVA RADIO","article_published_time":"2022-06-22T13:19:32+00:00","article_modified_time":"2022-06-22T13:19:54+00:00","og_image":[{"width":1150,"height":768,"url":"https:\/\/www.bbmnoticias.com\/labravaradiofm\/wp-content\/uploads\/sites\/5\/2021\/12\/vision-politica.webp","type":"image\/webp"}],"author":"Fernando Cruz Lopez","twitter_card":"summary_large_image","twitter_misc":{"Escrito por":"Fernando Cruz Lopez","Tiempo de lectura":"3 minutos"},"schema":{"@context":"https:\/\/schema.org","@graph":[{"@type":"Article","@id":"https:\/\/www.bbmnoticias.com\/labravaradiofm\/2022\/06\/22\/la-morralla-a-la-basura\/#article","isPartOf":{"@id":"https:\/\/www.bbmnoticias.com\/labravaradiofm\/2022\/06\/22\/la-morralla-a-la-basura\/"},"author":{"name":"Fernando Cruz Lopez","@id":"https:\/\/www.bbmnoticias.com\/labravaradiofm\/#\/schema\/person\/5064050f91d1c493c1fd0f0d3a6bb745"},"headline":"Visi\u00f3n pol\u00edtica &#8211; La Morralla a la basura.","datePublished":"2022-06-22T13:19:32+00:00","dateModified":"2022-06-22T13:19:54+00:00","mainEntityOfPage":{"@id":"https:\/\/www.bbmnoticias.com\/labravaradiofm\/2022\/06\/22\/la-morralla-a-la-basura\/"},"wordCount":625,"image":{"@id":"https:\/\/www.bbmnoticias.com\/labravaradiofm\/2022\/06\/22\/la-morralla-a-la-basura\/#primaryimage"},"thumbnailUrl":"https:\/\/www.bbmnoticias.com\/labravaradiofm\/wp-content\/uploads\/sites\/5\/2021\/12\/vision-politica.webp","articleSection":["OPINI\u00d3N"],"inLanguage":"es"},{"@type":"WebPage","@id":"https:\/\/www.bbmnoticias.com\/labravaradiofm\/2022\/06\/22\/la-morralla-a-la-basura\/","url":"https:\/\/www.bbmnoticias.com\/labravaradiofm\/2022\/06\/22\/la-morralla-a-la-basura\/","name":"Visi\u00f3n pol\u00edtica - La Morralla a la basura. - LA BRAVA RADIO","isPartOf":{"@id":"https:\/\/www.bbmnoticias.com\/labravaradiofm\/#website"},"primaryImageOfPage":{"@id":"https:\/\/www.bbmnoticias.com\/labravaradiofm\/2022\/06\/22\/la-morralla-a-la-basura\/#primaryimage"},"image":{"@id":"https:\/\/www.bbmnoticias.com\/labravaradiofm\/2022\/06\/22\/la-morralla-a-la-basura\/#primaryimage"},"thumbnailUrl":"https:\/\/www.bbmnoticias.com\/labravaradiofm\/wp-content\/uploads\/sites\/5\/2021\/12\/vision-politica.webp","datePublished":"2022-06-22T13:19:32+00:00","dateModified":"2022-06-22T13:19:54+00:00","author":{"@id":"https:\/\/www.bbmnoticias.com\/labravaradiofm\/#\/schema\/person\/5064050f91d1c493c1fd0f0d3a6bb745"},"breadcrumb":{"@id":"https:\/\/www.bbmnoticias.com\/labravaradiofm\/2022\/06\/22\/la-morralla-a-la-basura\/#breadcrumb"},"inLanguage":"es","potentialAction":[{"@type":"ReadAction","target":["https:\/\/www.bbmnoticias.com\/labravaradiofm\/2022\/06\/22\/la-morralla-a-la-basura\/"]}]},{"@type":"ImageObject","inLanguage":"es","@id":"https:\/\/www.bbmnoticias.com\/labravaradiofm\/2022\/06\/22\/la-morralla-a-la-basura\/#primaryimage","url":"https:\/\/www.bbmnoticias.com\/labravaradiofm\/wp-content\/uploads\/sites\/5\/2021\/12\/vision-politica.webp","contentUrl":"https:\/\/www.bbmnoticias.com\/labravaradiofm\/wp-content\/uploads\/sites\/5\/2021\/12\/vision-politica.webp","width":1150,"height":768},{"@type":"BreadcrumbList","@id":"https:\/\/www.bbmnoticias.com\/labravaradiofm\/2022\/06\/22\/la-morralla-a-la-basura\/#breadcrumb","itemListElement":[{"@type":"ListItem","position":1,"name":"Inicio","item":"https:\/\/www.bbmnoticias.com\/labravaradiofm\/"},{"@type":"ListItem","position":2,"name":"Visi\u00f3n pol\u00edtica &#8211; La Morralla a la basura."}]},{"@type":"WebSite","@id":"https:\/\/www.bbmnoticias.com\/labravaradiofm\/#website","url":"https:\/\/www.bbmnoticias.com\/labravaradiofm\/","name":"LA BRAVA RADIO","description":"Empresa productora de medios, Radiodifusi\u00f3n, Noticias, tendencias y todo lo que necesitas saber de la pol\u00edtica mexicana e internacional; entretenimiento, espect\u00e1culos, salud y mucho m\u00e1s.","potentialAction":[{"@type":"SearchAction","target":{"@type":"EntryPoint","urlTemplate":"https:\/\/www.bbmnoticias.com\/labravaradiofm\/?s={search_term_string}"},"query-input":{"@type":"PropertyValueSpecification","valueRequired":true,"valueName":"search_term_string"}}],"inLanguage":"es"},{"@type":"Person","@id":"https:\/\/www.bbmnoticias.com\/labravaradiofm\/#\/schema\/person\/5064050f91d1c493c1fd0f0d3a6bb745","name":"Fernando Cruz Lopez","image":{"@type":"ImageObject","inLanguage":"es","@id":"https:\/\/secure.gravatar.com\/avatar\/24fed790d7efc3946f883e94b0232fa4426e03d757f643152dbf2c77fa8a0e9a?s=96&d=mm&r=g","url":"https:\/\/secure.gravatar.com\/avatar\/24fed790d7efc3946f883e94b0232fa4426e03d757f643152dbf2c77fa8a0e9a?s=96&d=mm&r=g","contentUrl":"https:\/\/secure.gravatar.com\/avatar\/24fed790d7efc3946f883e94b0232fa4426e03d757f643152dbf2c77fa8a0e9a?s=96&d=mm&r=g","caption":"Fernando Cruz Lopez"},"sameAs":["https:\/\/www.bbmnoticias.com"],"url":"https:\/\/www.bbmnoticias.com\/labravaradiofm\/author\/fernandocruzlopez\/"}]}},"_links":{"self":[{"href":"https:\/\/www.bbmnoticias.com\/labravaradiofm\/wp-json\/wp\/v2\/posts\/14830","targetHints":{"allow":["GET"]}}],"collection":[{"href":"https:\/\/www.bbmnoticias.com\/labravaradiofm\/wp-json\/wp\/v2\/posts"}],"about":[{"href":"https:\/\/www.bbmnoticias.com\/labravaradiofm\/wp-json\/wp\/v2\/types\/post"}],"author":[{"embeddable":true,"href":"https:\/\/www.bbmnoticias.com\/labravaradiofm\/wp-json\/wp\/v2\/users\/17"}],"replies":[{"embeddable":true,"href":"https:\/\/www.bbmnoticias.com\/labravaradiofm\/wp-json\/wp\/v2\/comments?post=14830"}],"version-history":[{"count":0,"href":"https:\/\/www.bbmnoticias.com\/labravaradiofm\/wp-json\/wp\/v2\/posts\/14830\/revisions"}],"wp:featuredmedia":[{"embeddable":true,"href":"https:\/\/www.bbmnoticias.com\/labravaradiofm\/wp-json\/wp\/v2\/media\/7749"}],"wp:attachment":[{"href":"https:\/\/www.bbmnoticias.com\/labravaradiofm\/wp-json\/wp\/v2\/media?parent=14830"}],"wp:term":[{"taxonomy":"category","embeddable":true,"href":"https:\/\/www.bbmnoticias.com\/labravaradiofm\/wp-json\/wp\/v2\/categories?post=14830"},{"taxonomy":"post_tag","embeddable":true,"href":"https:\/\/www.bbmnoticias.com\/labravaradiofm\/wp-json\/wp\/v2\/tags?post=14830"}],"curies":[{"name":"wp","href":"https:\/\/api.w.org\/{rel}","templated":true}]}}