{"id":14827,"date":"2022-06-22T07:52:51","date_gmt":"2022-06-22T12:52:51","guid":{"rendered":"https:\/\/www.bbmnoticias.com\/labravaradiofm\/?p=14827"},"modified":"2022-06-22T07:52:52","modified_gmt":"2022-06-22T12:52:52","slug":"papa-francisco-lamenta-asesinato-de-sacerdotes-jesuitas-en-chihuahua","status":"publish","type":"post","link":"https:\/\/www.bbmnoticias.com\/labravaradiofm\/2022\/06\/22\/papa-francisco-lamenta-asesinato-de-sacerdotes-jesuitas-en-chihuahua\/","title":{"rendered":"Papa Francisco lamenta asesinato de sacerdotes jesuitas en Chihuahua"},"content":{"rendered":"<div style=\"margin-top: 0px; margin-bottom: 0px;\" class=\"sharethis-inline-share-buttons\" ><\/div>\n<p>El <strong>papa Francisco<\/strong> lament\u00f3 el mi\u00e9rcoles la cantidad de asesinatos que se registran en M\u00e9xico despu\u00e9s de que se conociera la muerte de dos <strong>sacerdotes jesuitas<\/strong> y un gu\u00eda tur\u00edstico en una iglesia remota en las monta\u00f1as del estado de <strong>Chihuahua<\/strong>.\u00a0<\/p>\n\n\n\n<p>El papa, que tambi\u00e9n pertenece a esta orden religiosa, expres\u00f3 su tristeza y consternaci\u00f3n por los asesinatos de estos dos religiosos a los que llam\u00f3 &#8220;hermanos&#8221;.&nbsp;<\/p>\n\n\n\n<p>&#8220;Hay tantos asesinatos en M\u00e9xico. Estoy cerca, en afecto y oraci\u00f3n, de la comunidad cat\u00f3lica afectada por esta tragedia&#8221;, dijo.&nbsp;<\/p>\n\n\n\n<p>Los sacerdotes Javier Campos Morales y Joaqu\u00edn C\u00e9sar Mora Salazar fueron asesinados a tiros el lunes en la localidad de Cerocahui &#8220;mientras intentaban defender a un hombre que buscaba refugio&#8221;, seg\u00fan la orden tambi\u00e9n conocida como la Compa\u00f1\u00eda de Jes\u00fas.&nbsp;<\/p>\n\n\n\n<p>El hombre que estaba siendo perseguido, que ejerc\u00eda como gu\u00eda tur\u00edstico, tambi\u00e9n fue asesinado.&nbsp;<\/p>\n\n\n\n<p>Los atacantes cargaron los tres cuerpos en la parte trasera de una camioneta, los cubrieron con pl\u00e1stico y se los llevaron, seg\u00fan el padre Luis Gerardo Moro Madrid, jefe de la orden en M\u00e9xico.<\/p>\n\n\n\n<p>&#8220;Denunciamos el homicidio de nuestros hermanos (&#8230;) Exigimos justicia y la recuperaci\u00f3n de los cuerpos de nuestros hermanos que fueron sustra\u00eddos del templo por personas armadas&#8221;, detall\u00f3 en un comunicado la orden religiosa.<\/p>\n\n\n\n<p>Por la tarde, la secretar\u00eda de Seguridad federal inform\u00f3 en un comunicado que el presunto agresor de los religiosos ya hab\u00eda sido identificado.<\/p>\n\n\n\n<p>&#8220;Se contin\u00faa con la investigaci\u00f3n para dar con su paradero y no permitir la impunidad&#8221;, se\u00f1ala el texto.<\/p>\n\n\n\n<figure class=\"wp-block-embed is-type-rich is-provider-twitter wp-block-embed-twitter\"><div class=\"wp-block-embed__wrapper\">\n<blockquote class=\"twitter-tweet\" data-width=\"550\" data-dnt=\"true\"><p lang=\"es\" dir=\"ltr\">\ud83d\udccd<a href=\"https:\/\/twitter.com\/hashtag\/PapaFrancisco?src=hash&amp;ref_src=twsrc%5Etfw\">#PapaFrancisco<\/a> ante asesinato de <a href=\"https:\/\/twitter.com\/hashtag\/jesuitas?src=hash&amp;ref_src=twsrc%5Etfw\">#jesuitas<\/a> en Cerocahui, <a href=\"https:\/\/twitter.com\/hashtag\/Chihuahua?src=hash&amp;ref_src=twsrc%5Etfw\">#Chihuahua<\/a>: \u00abla violencia no resuelve los problemas, sino que aumenta el sufrimiento innecesario\u00bb.<br><br>Santo Padre en su Audiencia General Completa: <a href=\"https:\/\/t.co\/DxenXqJZSo\">https:\/\/t.co\/DxenXqJZSo<\/a> <a href=\"https:\/\/t.co\/lJMNvGUMeq\">pic.twitter.com\/lJMNvGUMeq<\/a><\/p>&mdash; Compa\u00f1\u00eda de Jes\u00fas en M\u00e9xico (@Jesuitas_Mexico) <a href=\"https:\/\/twitter.com\/Jesuitas_Mexico\/status\/1539579010358853635?ref_src=twsrc%5Etfw\">June 22, 2022<\/a><\/blockquote><script async src=\"https:\/\/platform.twitter.com\/widgets.js\" charset=\"utf-8\"><\/script>\n<\/div><\/figure>\n\n\n\n<h2 class=\"wp-block-heading\"><strong>ONU condena asesinatos<\/strong><\/h2>\n\n\n\n<p>La oficina en M\u00e9xico del Alto Comisionado para Derechos Humanos de la ONU conden\u00f3 el crimen de estos religiosos, quienes, se\u00f1ala, realizaban &#8220;un importante trabajo social y pastoral&#8221; entre los ind\u00edgenas de la etnia tarahumara.<\/p>\n\n\n\n<p>&#8220;El asesinato de estos dos reconocidos sacerdotes nos recuerda la situaci\u00f3n de violencia extrema y vulnerabilidad que enfrentan las comunidades de la Sierra Tarahumara en Chihuahua&#8221;, se\u00f1al\u00f3 Guillermo Fern\u00e1ndez-Maldonado, representante en M\u00e9xico de la ONU-DH.<\/p>\n\n\n\n<p>En su conferencia de prensa matutina, el presidente de M\u00e9xico, Andr\u00e9s Manuel L\u00f3pez Obrador, se refiri\u00f3 a este crimen, que ha causado gran indignaci\u00f3n en distintos sectores.<\/p>\n\n\n\n<p>&#8220;Estamos ahora atendiendo este asunto&#8221;, dijo el mandatario al reconocer que varios municipios de la sierra de <strong>Chihuahua <\/strong>padecen &#8220;bastante presencia de la delincuencia organizada&#8221;.<\/p>\n\n\n\n<p>Seg\u00fan expertos, la sierra de Chihuahua, dominada por impresionantes ca\u00f1ones que atraen a turistas, es una importante ruta de trasiego de drogas hacia Estados Unidos por lo que es violentamente disputada por c\u00e1rteles del narcotr\u00e1fico.<\/p>\n\n\n\n<p>El ataque se registr\u00f3 la tarde del lunes cuando un hombre que era gu\u00eda de turistas y que era perseguido por un individuo armado aparentemente intent\u00f3 protegerse ingresando al templo de Cerocahui.<\/p>\n\n\n\n<p>&#8220;Los dos jesuitas de alguna manera intervinieron para que no sucediera nada en el templo (&#8230;) En ese momento, el agresor dispara contra aquel que persegu\u00eda y los sacerdotes&#8221;, dijo a Radio F\u00f3rmula Moro Madrid.<\/p>\n\n\n\n<p>Un tercer religioso, al escuchar los balazos, entr\u00f3 al templo y vio los cuerpos de los dos jesuitas. &#8220;El asesino tal cual le dice: &#8216;lo siento, nos vamos a llevar los cuerpos'&#8221;, a\u00f1adi\u00f3 el religioso.<\/p>\n\n\n\n<p>Jorge Atilano Gonz\u00e1lez, tambi\u00e9n de la orden religiosa, explic\u00f3 a la televisora Milenio que los sacerdotes conoc\u00edan al agresor pues era de la zona y por eso intervinieron para tratar de apaciguarlo.<\/p>\n\n\n\n<p>&#8220;Se quiso confesar&#8221; luego de disparar, dijo Atilano Gonz\u00e1lez al citar el testimonio del tercer sacerdote que estuvo en el templo. &#8220;Lo que creemos es que estaba en estado alcoholizado o de adicci\u00f3n por la reacci\u00f3n que tuvo&#8221;, detall\u00f3.<\/p>\n\n\n\n<p>Unas horas antes en la misma comunidad se report\u00f3 que dos hombres, una mujer y una menor de edad hab\u00edan sido secuestrados, aunque las autoridades no han detallado si los dos sucesos estar\u00edan relacionados.<\/p>\n\n\n\n<p>La Conferencia del Episcopado mexicano tambi\u00e9n conden\u00f3 la &#8220;tragedia&#8221; y exigi\u00f3 &#8220;una pronta investigaci\u00f3n&#8221;, adem\u00e1s de seguridad para los sacerdotes del pa\u00eds.<\/p>\n\n\n\n<p>En M\u00e9xico, miembros de diversas \u00f3rdenes religiosas suelen actuar como defensores y mediadores entre los habitantes de sus comunidades y los sicarios del crimen organizado que all\u00ed operan.<\/p>\n\n\n\n<p>En estados como Michoac\u00e1n o Guerrero algunos religiosos han apostado por el di\u00e1logo con los narcotraficantes como forma de pacificar dichas regiones, usualmente empobrecidas y con escasa presencia estatal.<\/p>\n\n\n\n<p>Unos 30 curas han sido asesinados en la \u00faltima d\u00e9cada en M\u00e9xico, seg\u00fan la ONG Centro Cat\u00f3lico Multimedial.<\/p>\n\n\n\n<p>M\u00e9xico es sacudido por una ola de violencia ligada al narcotr\u00e1fico en medio de la cual han sido asesinadas m\u00e1s de 340 mil personas desde diciembre de 2006, seg\u00fan cifras oficiales.<\/p>\n","protected":false},"excerpt":{"rendered":"<p>El papa Francisco lament\u00f3 el mi\u00e9rcoles la cantidad de asesinatos que se registran en M\u00e9xico despu\u00e9s de que se conociera la muerte de dos sacerdotes jesuitas y un gu\u00eda tur\u00edstico en una iglesia remota en las monta\u00f1as del estado de Chihuahua.\u00a0 El papa, que tambi\u00e9n pertenece a esta orden religiosa, expres\u00f3 su tristeza y consternaci\u00f3n [&hellip;]<\/p>\n","protected":false},"author":4,"featured_media":14828,"comment_status":"closed","ping_status":"closed","sticky":false,"template":"","format":"standard","meta":{"footnotes":""},"categories":[1],"tags":[],"class_list":{"0":"post-14827","1":"post","2":"type-post","3":"status-publish","4":"format-standard","5":"has-post-thumbnail","7":"category-sin-categoria"},"yoast_head":"<!-- This site is optimized with the Yoast SEO plugin v27.4 - https:\/\/yoast.com\/product\/yoast-seo-wordpress\/ -->\n<title>Papa Francisco lamenta asesinato de sacerdotes jesuitas en Chihuahua - LA BRAVA RADIO<\/title>\n<meta name=\"robots\" content=\"index, follow, max-snippet:-1, max-image-preview:large, max-video-preview:-1\" \/>\n<link rel=\"canonical\" href=\"https:\/\/www.bbmnoticias.com\/labravaradiofm\/2022\/06\/22\/papa-francisco-lamenta-asesinato-de-sacerdotes-jesuitas-en-chihuahua\/\" \/>\n<meta property=\"og:locale\" content=\"es_MX\" \/>\n<meta property=\"og:type\" content=\"article\" \/>\n<meta property=\"og:title\" content=\"Papa Francisco lamenta asesinato de sacerdotes jesuitas en Chihuahua - LA BRAVA RADIO\" \/>\n<meta property=\"og:description\" content=\"El papa Francisco lament\u00f3 el mi\u00e9rcoles la cantidad de asesinatos que se registran en M\u00e9xico despu\u00e9s de que se conociera la muerte de dos sacerdotes jesuitas y un gu\u00eda tur\u00edstico en una iglesia remota en las monta\u00f1as del estado de Chihuahua.\u00a0 El papa, que tambi\u00e9n pertenece a esta orden religiosa, expres\u00f3 su tristeza y consternaci\u00f3n [&hellip;]\" \/>\n<meta property=\"og:url\" content=\"https:\/\/www.bbmnoticias.com\/labravaradiofm\/2022\/06\/22\/papa-francisco-lamenta-asesinato-de-sacerdotes-jesuitas-en-chihuahua\/\" \/>\n<meta property=\"og:site_name\" content=\"LA BRAVA RADIO\" \/>\n<meta property=\"article:published_time\" content=\"2022-06-22T12:52:51+00:00\" \/>\n<meta property=\"article:modified_time\" content=\"2022-06-22T12:52:52+00:00\" \/>\n<meta property=\"og:image\" content=\"https:\/\/www.bbmnoticias.com\/labravaradiofm\/wp-content\/uploads\/sites\/5\/2022\/06\/papa-francisco.webp\" \/>\n\t<meta property=\"og:image:width\" content=\"1201\" \/>\n\t<meta property=\"og:image:height\" content=\"740\" \/>\n\t<meta property=\"og:image:type\" content=\"image\/webp\" \/>\n<meta name=\"author\" content=\"Agencias\" \/>\n<meta name=\"twitter:card\" content=\"summary_large_image\" \/>\n<meta name=\"twitter:label1\" content=\"Escrito por\" \/>\n\t<meta name=\"twitter:data1\" content=\"Agencias\" \/>\n\t<meta name=\"twitter:label2\" content=\"Tiempo de lectura\" \/>\n\t<meta name=\"twitter:data2\" content=\"4 minutos\" \/>\n<script type=\"application\/ld+json\" class=\"yoast-schema-graph\">{\"@context\":\"https:\\\/\\\/schema.org\",\"@graph\":[{\"@type\":\"Article\",\"@id\":\"https:\\\/\\\/www.bbmnoticias.com\\\/labravaradiofm\\\/2022\\\/06\\\/22\\\/papa-francisco-lamenta-asesinato-de-sacerdotes-jesuitas-en-chihuahua\\\/#article\",\"isPartOf\":{\"@id\":\"https:\\\/\\\/www.bbmnoticias.com\\\/labravaradiofm\\\/2022\\\/06\\\/22\\\/papa-francisco-lamenta-asesinato-de-sacerdotes-jesuitas-en-chihuahua\\\/\"},\"author\":{\"name\":\"Agencias\",\"@id\":\"https:\\\/\\\/www.bbmnoticias.com\\\/labravaradiofm\\\/#\\\/schema\\\/person\\\/857a3daf5c8142f29919023f377fbfad\"},\"headline\":\"Papa Francisco lamenta asesinato de sacerdotes jesuitas en Chihuahua\",\"datePublished\":\"2022-06-22T12:52:51+00:00\",\"dateModified\":\"2022-06-22T12:52:52+00:00\",\"mainEntityOfPage\":{\"@id\":\"https:\\\/\\\/www.bbmnoticias.com\\\/labravaradiofm\\\/2022\\\/06\\\/22\\\/papa-francisco-lamenta-asesinato-de-sacerdotes-jesuitas-en-chihuahua\\\/\"},\"wordCount\":831,\"image\":{\"@id\":\"https:\\\/\\\/www.bbmnoticias.com\\\/labravaradiofm\\\/2022\\\/06\\\/22\\\/papa-francisco-lamenta-asesinato-de-sacerdotes-jesuitas-en-chihuahua\\\/#primaryimage\"},\"thumbnailUrl\":\"https:\\\/\\\/www.bbmnoticias.com\\\/labravaradiofm\\\/wp-content\\\/uploads\\\/sites\\\/5\\\/2022\\\/06\\\/papa-francisco.webp\",\"inLanguage\":\"es\"},{\"@type\":\"WebPage\",\"@id\":\"https:\\\/\\\/www.bbmnoticias.com\\\/labravaradiofm\\\/2022\\\/06\\\/22\\\/papa-francisco-lamenta-asesinato-de-sacerdotes-jesuitas-en-chihuahua\\\/\",\"url\":\"https:\\\/\\\/www.bbmnoticias.com\\\/labravaradiofm\\\/2022\\\/06\\\/22\\\/papa-francisco-lamenta-asesinato-de-sacerdotes-jesuitas-en-chihuahua\\\/\",\"name\":\"Papa Francisco lamenta asesinato de sacerdotes jesuitas en Chihuahua - LA BRAVA RADIO\",\"isPartOf\":{\"@id\":\"https:\\\/\\\/www.bbmnoticias.com\\\/labravaradiofm\\\/#website\"},\"primaryImageOfPage\":{\"@id\":\"https:\\\/\\\/www.bbmnoticias.com\\\/labravaradiofm\\\/2022\\\/06\\\/22\\\/papa-francisco-lamenta-asesinato-de-sacerdotes-jesuitas-en-chihuahua\\\/#primaryimage\"},\"image\":{\"@id\":\"https:\\\/\\\/www.bbmnoticias.com\\\/labravaradiofm\\\/2022\\\/06\\\/22\\\/papa-francisco-lamenta-asesinato-de-sacerdotes-jesuitas-en-chihuahua\\\/#primaryimage\"},\"thumbnailUrl\":\"https:\\\/\\\/www.bbmnoticias.com\\\/labravaradiofm\\\/wp-content\\\/uploads\\\/sites\\\/5\\\/2022\\\/06\\\/papa-francisco.webp\",\"datePublished\":\"2022-06-22T12:52:51+00:00\",\"dateModified\":\"2022-06-22T12:52:52+00:00\",\"author\":{\"@id\":\"https:\\\/\\\/www.bbmnoticias.com\\\/labravaradiofm\\\/#\\\/schema\\\/person\\\/857a3daf5c8142f29919023f377fbfad\"},\"breadcrumb\":{\"@id\":\"https:\\\/\\\/www.bbmnoticias.com\\\/labravaradiofm\\\/2022\\\/06\\\/22\\\/papa-francisco-lamenta-asesinato-de-sacerdotes-jesuitas-en-chihuahua\\\/#breadcrumb\"},\"inLanguage\":\"es\",\"potentialAction\":[{\"@type\":\"ReadAction\",\"target\":[\"https:\\\/\\\/www.bbmnoticias.com\\\/labravaradiofm\\\/2022\\\/06\\\/22\\\/papa-francisco-lamenta-asesinato-de-sacerdotes-jesuitas-en-chihuahua\\\/\"]}]},{\"@type\":\"ImageObject\",\"inLanguage\":\"es\",\"@id\":\"https:\\\/\\\/www.bbmnoticias.com\\\/labravaradiofm\\\/2022\\\/06\\\/22\\\/papa-francisco-lamenta-asesinato-de-sacerdotes-jesuitas-en-chihuahua\\\/#primaryimage\",\"url\":\"https:\\\/\\\/www.bbmnoticias.com\\\/labravaradiofm\\\/wp-content\\\/uploads\\\/sites\\\/5\\\/2022\\\/06\\\/papa-francisco.webp\",\"contentUrl\":\"https:\\\/\\\/www.bbmnoticias.com\\\/labravaradiofm\\\/wp-content\\\/uploads\\\/sites\\\/5\\\/2022\\\/06\\\/papa-francisco.webp\",\"width\":1201,\"height\":740},{\"@type\":\"BreadcrumbList\",\"@id\":\"https:\\\/\\\/www.bbmnoticias.com\\\/labravaradiofm\\\/2022\\\/06\\\/22\\\/papa-francisco-lamenta-asesinato-de-sacerdotes-jesuitas-en-chihuahua\\\/#breadcrumb\",\"itemListElement\":[{\"@type\":\"ListItem\",\"position\":1,\"name\":\"Inicio\",\"item\":\"https:\\\/\\\/www.bbmnoticias.com\\\/labravaradiofm\\\/\"},{\"@type\":\"ListItem\",\"position\":2,\"name\":\"Papa Francisco lamenta asesinato de sacerdotes jesuitas en Chihuahua\"}]},{\"@type\":\"WebSite\",\"@id\":\"https:\\\/\\\/www.bbmnoticias.com\\\/labravaradiofm\\\/#website\",\"url\":\"https:\\\/\\\/www.bbmnoticias.com\\\/labravaradiofm\\\/\",\"name\":\"LA BRAVA RADIO\",\"description\":\"Empresa productora de medios, Radiodifusi\u00f3n, Noticias, tendencias y todo lo que necesitas saber de la pol\u00edtica mexicana e internacional; entretenimiento, espect\u00e1culos, salud y mucho m\u00e1s.\",\"potentialAction\":[{\"@type\":\"SearchAction\",\"target\":{\"@type\":\"EntryPoint\",\"urlTemplate\":\"https:\\\/\\\/www.bbmnoticias.com\\\/labravaradiofm\\\/?s={search_term_string}\"},\"query-input\":{\"@type\":\"PropertyValueSpecification\",\"valueRequired\":true,\"valueName\":\"search_term_string\"}}],\"inLanguage\":\"es\"},{\"@type\":\"Person\",\"@id\":\"https:\\\/\\\/www.bbmnoticias.com\\\/labravaradiofm\\\/#\\\/schema\\\/person\\\/857a3daf5c8142f29919023f377fbfad\",\"name\":\"Agencias\",\"image\":{\"@type\":\"ImageObject\",\"inLanguage\":\"es\",\"@id\":\"https:\\\/\\\/secure.gravatar.com\\\/avatar\\\/739e0b61adf9e398b425c36718c8752286da0e8cd90f20ce9a86678abc26aa0d?s=96&d=mm&r=g\",\"url\":\"https:\\\/\\\/secure.gravatar.com\\\/avatar\\\/739e0b61adf9e398b425c36718c8752286da0e8cd90f20ce9a86678abc26aa0d?s=96&d=mm&r=g\",\"contentUrl\":\"https:\\\/\\\/secure.gravatar.com\\\/avatar\\\/739e0b61adf9e398b425c36718c8752286da0e8cd90f20ce9a86678abc26aa0d?s=96&d=mm&r=g\",\"caption\":\"Agencias\"},\"url\":\"https:\\\/\\\/www.bbmnoticias.com\\\/labravaradiofm\\\/author\\\/agencias\\\/\"}]}<\/script>\n<!-- \/ Yoast SEO plugin. -->","yoast_head_json":{"title":"Papa Francisco lamenta asesinato de sacerdotes jesuitas en Chihuahua - LA BRAVA RADIO","robots":{"index":"index","follow":"follow","max-snippet":"max-snippet:-1","max-image-preview":"max-image-preview:large","max-video-preview":"max-video-preview:-1"},"canonical":"https:\/\/www.bbmnoticias.com\/labravaradiofm\/2022\/06\/22\/papa-francisco-lamenta-asesinato-de-sacerdotes-jesuitas-en-chihuahua\/","og_locale":"es_MX","og_type":"article","og_title":"Papa Francisco lamenta asesinato de sacerdotes jesuitas en Chihuahua - LA BRAVA RADIO","og_description":"El papa Francisco lament\u00f3 el mi\u00e9rcoles la cantidad de asesinatos que se registran en M\u00e9xico despu\u00e9s de que se conociera la muerte de dos sacerdotes jesuitas y un gu\u00eda tur\u00edstico en una iglesia remota en las monta\u00f1as del estado de Chihuahua.\u00a0 El papa, que tambi\u00e9n pertenece a esta orden religiosa, expres\u00f3 su tristeza y consternaci\u00f3n [&hellip;]","og_url":"https:\/\/www.bbmnoticias.com\/labravaradiofm\/2022\/06\/22\/papa-francisco-lamenta-asesinato-de-sacerdotes-jesuitas-en-chihuahua\/","og_site_name":"LA BRAVA RADIO","article_published_time":"2022-06-22T12:52:51+00:00","article_modified_time":"2022-06-22T12:52:52+00:00","og_image":[{"width":1201,"height":740,"url":"https:\/\/www.bbmnoticias.com\/labravaradiofm\/wp-content\/uploads\/sites\/5\/2022\/06\/papa-francisco.webp","type":"image\/webp"}],"author":"Agencias","twitter_card":"summary_large_image","twitter_misc":{"Escrito por":"Agencias","Tiempo de lectura":"4 minutos"},"schema":{"@context":"https:\/\/schema.org","@graph":[{"@type":"Article","@id":"https:\/\/www.bbmnoticias.com\/labravaradiofm\/2022\/06\/22\/papa-francisco-lamenta-asesinato-de-sacerdotes-jesuitas-en-chihuahua\/#article","isPartOf":{"@id":"https:\/\/www.bbmnoticias.com\/labravaradiofm\/2022\/06\/22\/papa-francisco-lamenta-asesinato-de-sacerdotes-jesuitas-en-chihuahua\/"},"author":{"name":"Agencias","@id":"https:\/\/www.bbmnoticias.com\/labravaradiofm\/#\/schema\/person\/857a3daf5c8142f29919023f377fbfad"},"headline":"Papa Francisco lamenta asesinato de sacerdotes jesuitas en Chihuahua","datePublished":"2022-06-22T12:52:51+00:00","dateModified":"2022-06-22T12:52:52+00:00","mainEntityOfPage":{"@id":"https:\/\/www.bbmnoticias.com\/labravaradiofm\/2022\/06\/22\/papa-francisco-lamenta-asesinato-de-sacerdotes-jesuitas-en-chihuahua\/"},"wordCount":831,"image":{"@id":"https:\/\/www.bbmnoticias.com\/labravaradiofm\/2022\/06\/22\/papa-francisco-lamenta-asesinato-de-sacerdotes-jesuitas-en-chihuahua\/#primaryimage"},"thumbnailUrl":"https:\/\/www.bbmnoticias.com\/labravaradiofm\/wp-content\/uploads\/sites\/5\/2022\/06\/papa-francisco.webp","inLanguage":"es"},{"@type":"WebPage","@id":"https:\/\/www.bbmnoticias.com\/labravaradiofm\/2022\/06\/22\/papa-francisco-lamenta-asesinato-de-sacerdotes-jesuitas-en-chihuahua\/","url":"https:\/\/www.bbmnoticias.com\/labravaradiofm\/2022\/06\/22\/papa-francisco-lamenta-asesinato-de-sacerdotes-jesuitas-en-chihuahua\/","name":"Papa Francisco lamenta asesinato de sacerdotes jesuitas en Chihuahua - LA BRAVA RADIO","isPartOf":{"@id":"https:\/\/www.bbmnoticias.com\/labravaradiofm\/#website"},"primaryImageOfPage":{"@id":"https:\/\/www.bbmnoticias.com\/labravaradiofm\/2022\/06\/22\/papa-francisco-lamenta-asesinato-de-sacerdotes-jesuitas-en-chihuahua\/#primaryimage"},"image":{"@id":"https:\/\/www.bbmnoticias.com\/labravaradiofm\/2022\/06\/22\/papa-francisco-lamenta-asesinato-de-sacerdotes-jesuitas-en-chihuahua\/#primaryimage"},"thumbnailUrl":"https:\/\/www.bbmnoticias.com\/labravaradiofm\/wp-content\/uploads\/sites\/5\/2022\/06\/papa-francisco.webp","datePublished":"2022-06-22T12:52:51+00:00","dateModified":"2022-06-22T12:52:52+00:00","author":{"@id":"https:\/\/www.bbmnoticias.com\/labravaradiofm\/#\/schema\/person\/857a3daf5c8142f29919023f377fbfad"},"breadcrumb":{"@id":"https:\/\/www.bbmnoticias.com\/labravaradiofm\/2022\/06\/22\/papa-francisco-lamenta-asesinato-de-sacerdotes-jesuitas-en-chihuahua\/#breadcrumb"},"inLanguage":"es","potentialAction":[{"@type":"ReadAction","target":["https:\/\/www.bbmnoticias.com\/labravaradiofm\/2022\/06\/22\/papa-francisco-lamenta-asesinato-de-sacerdotes-jesuitas-en-chihuahua\/"]}]},{"@type":"ImageObject","inLanguage":"es","@id":"https:\/\/www.bbmnoticias.com\/labravaradiofm\/2022\/06\/22\/papa-francisco-lamenta-asesinato-de-sacerdotes-jesuitas-en-chihuahua\/#primaryimage","url":"https:\/\/www.bbmnoticias.com\/labravaradiofm\/wp-content\/uploads\/sites\/5\/2022\/06\/papa-francisco.webp","contentUrl":"https:\/\/www.bbmnoticias.com\/labravaradiofm\/wp-content\/uploads\/sites\/5\/2022\/06\/papa-francisco.webp","width":1201,"height":740},{"@type":"BreadcrumbList","@id":"https:\/\/www.bbmnoticias.com\/labravaradiofm\/2022\/06\/22\/papa-francisco-lamenta-asesinato-de-sacerdotes-jesuitas-en-chihuahua\/#breadcrumb","itemListElement":[{"@type":"ListItem","position":1,"name":"Inicio","item":"https:\/\/www.bbmnoticias.com\/labravaradiofm\/"},{"@type":"ListItem","position":2,"name":"Papa Francisco lamenta asesinato de sacerdotes jesuitas en Chihuahua"}]},{"@type":"WebSite","@id":"https:\/\/www.bbmnoticias.com\/labravaradiofm\/#website","url":"https:\/\/www.bbmnoticias.com\/labravaradiofm\/","name":"LA BRAVA RADIO","description":"Empresa productora de medios, Radiodifusi\u00f3n, Noticias, tendencias y todo lo que necesitas saber de la pol\u00edtica mexicana e internacional; entretenimiento, espect\u00e1culos, salud y mucho m\u00e1s.","potentialAction":[{"@type":"SearchAction","target":{"@type":"EntryPoint","urlTemplate":"https:\/\/www.bbmnoticias.com\/labravaradiofm\/?s={search_term_string}"},"query-input":{"@type":"PropertyValueSpecification","valueRequired":true,"valueName":"search_term_string"}}],"inLanguage":"es"},{"@type":"Person","@id":"https:\/\/www.bbmnoticias.com\/labravaradiofm\/#\/schema\/person\/857a3daf5c8142f29919023f377fbfad","name":"Agencias","image":{"@type":"ImageObject","inLanguage":"es","@id":"https:\/\/secure.gravatar.com\/avatar\/739e0b61adf9e398b425c36718c8752286da0e8cd90f20ce9a86678abc26aa0d?s=96&d=mm&r=g","url":"https:\/\/secure.gravatar.com\/avatar\/739e0b61adf9e398b425c36718c8752286da0e8cd90f20ce9a86678abc26aa0d?s=96&d=mm&r=g","contentUrl":"https:\/\/secure.gravatar.com\/avatar\/739e0b61adf9e398b425c36718c8752286da0e8cd90f20ce9a86678abc26aa0d?s=96&d=mm&r=g","caption":"Agencias"},"url":"https:\/\/www.bbmnoticias.com\/labravaradiofm\/author\/agencias\/"}]}},"_links":{"self":[{"href":"https:\/\/www.bbmnoticias.com\/labravaradiofm\/wp-json\/wp\/v2\/posts\/14827","targetHints":{"allow":["GET"]}}],"collection":[{"href":"https:\/\/www.bbmnoticias.com\/labravaradiofm\/wp-json\/wp\/v2\/posts"}],"about":[{"href":"https:\/\/www.bbmnoticias.com\/labravaradiofm\/wp-json\/wp\/v2\/types\/post"}],"author":[{"embeddable":true,"href":"https:\/\/www.bbmnoticias.com\/labravaradiofm\/wp-json\/wp\/v2\/users\/4"}],"replies":[{"embeddable":true,"href":"https:\/\/www.bbmnoticias.com\/labravaradiofm\/wp-json\/wp\/v2\/comments?post=14827"}],"version-history":[{"count":0,"href":"https:\/\/www.bbmnoticias.com\/labravaradiofm\/wp-json\/wp\/v2\/posts\/14827\/revisions"}],"wp:featuredmedia":[{"embeddable":true,"href":"https:\/\/www.bbmnoticias.com\/labravaradiofm\/wp-json\/wp\/v2\/media\/14828"}],"wp:attachment":[{"href":"https:\/\/www.bbmnoticias.com\/labravaradiofm\/wp-json\/wp\/v2\/media?parent=14827"}],"wp:term":[{"taxonomy":"category","embeddable":true,"href":"https:\/\/www.bbmnoticias.com\/labravaradiofm\/wp-json\/wp\/v2\/categories?post=14827"},{"taxonomy":"post_tag","embeddable":true,"href":"https:\/\/www.bbmnoticias.com\/labravaradiofm\/wp-json\/wp\/v2\/tags?post=14827"}],"curies":[{"name":"wp","href":"https:\/\/api.w.org\/{rel}","templated":true}]}}