{"id":14824,"date":"2022-06-22T01:37:00","date_gmt":"2022-06-22T06:37:00","guid":{"rendered":"https:\/\/www.bbmnoticias.com\/labravaradiofm\/?p=14824"},"modified":"2022-06-22T10:13:18","modified_gmt":"2022-06-22T15:13:18","slug":"el-canto-del-buho-abrazos-no-balazos-que-se-aplique-la-ley","status":"publish","type":"post","link":"https:\/\/www.bbmnoticias.com\/labravaradiofm\/2022\/06\/22\/el-canto-del-buho-abrazos-no-balazos-que-se-aplique-la-ley\/","title":{"rendered":"El canto del B\u00faho &#8211; Abrazos no balazos. Que se aplique la Ley.\u00a0\u00a0"},"content":{"rendered":"<div style=\"margin-top: 0px; margin-bottom: 0px;\" class=\"sharethis-inline-share-buttons\" ><\/div>\n<p>Los cuerpos de los&nbsp; <strong>Padres Jesuitas asesinados<\/strong> en la Sierra Tarahumara, hoy sus cuerpos desaparecidos se <strong>suman a miles<\/strong> de mexicanos desaparecidos.&nbsp;&nbsp;<\/p>\n\n\n\n<p>Gobierno <strong>rebasado<\/strong> para enfrentar a la delincuencia, <strong>advierte la IGLESIA.<\/strong>&nbsp;&nbsp;<\/p>\n\n\n\n<p><strong>El Sacerdote jesuita Javier Campos<\/strong>,&nbsp; conocido como \u201cEl Gallo\u201d, hablaba la lengua de los Tarahumaras. Conoc\u00eda sus casas y caminos de la Sierra. \u201cAunque ingres\u00f3 al Instituto de Ciencias en Guadalajara, finalmente entr\u00f3 a la Compa\u00f1\u00eda de Jes\u00fas el 14 de agosto de 1959 cuando ten\u00eda 16 a\u00f1os de edad, para ser ordenado sacerdote el 8 de junio de 1972 en la Ciudad de M\u00e9xico.\u201d&nbsp;&nbsp;<\/p>\n\n\n\n<p>&nbsp;Un a\u00f1o despu\u00e9s empez\u00f3 su misi\u00f3n como superior local, vicario pastoral y episcopal en la Sierra Tarahumara, en la comunidad de Norogachi. Lleg\u00f3 a ser P\u00e1rroco en Guachochi de 1974 a 1983, en Chinat\u00fa de 1987 a 1999) y en Cerocahui de 1996 a 2016, para regresar en 2019-2022 donde fungir\u00eda como Superior de la Misi\u00f3n Jesuita, P\u00e1rroco, Vicario de Pastoral Ind\u00edgena de la Di\u00f3cesis de Tarahumara y asesor regional de CEB\u2019S (Comunidades Eclesiales de Base).&nbsp;<\/p>\n\n\n\n<p><strong>El otro sacerdote asesinado Joaqu\u00edn C\u00e9sar Mora Salazar, <\/strong>quien era conocido como \u201cEl Morita\u201d, naci\u00f3 el 28 de agosto de 1941 en Monterrey, Nuevo Le\u00f3n. Ingres\u00f3 a la Compa\u00f1\u00eda de Jes\u00fas el 30 de julio de 1958, cuando ten\u00eda 16 a\u00f1os de edad.&nbsp;<\/p>\n\n\n\n<p>Fue ordenado sacerdote el 1 de mayo de 1971 en Monterrey. Mision\u00f3 en la Sierra Tarahumara durante seis meses en 1976 en Sisoguchi, donde fue Vicario Cooperador. En la misma Tarahumara realiz\u00f3 su Tercera Probaci\u00f3n (1976-1977) y regresar\u00eda en 1998-1999. (El Heraldo de M\u00e9xico)&nbsp;&nbsp;<\/p>\n\n\n\n<p><strong>La Compa\u00f1\u00eda de Jes\u00fas de los Jesuitas de M\u00e9xico conden\u00f3<\/strong> el homicidio de los sacerdotes jesuitas y emitieron un comunicado <strong>exigiendo<\/strong> que se esclarezca el crimen, adem\u00e1s de que <strong>aparezcan<\/strong> los cuerpos de los religiosos que los hombres armados se llevaron.&nbsp;<\/p>\n\n\n\n<p>La persona asesinada junto con los 2 sacerdotes jesuitas&nbsp; era el gu\u00eda de turistas <strong>Pedro Eliodoro Palma<\/strong> quien trat\u00f3 de refugiarse en la iglesia hasta donde fue alcanzado por el sicario. <strong>Se llevaron los cuerpos de los tres; hay adem\u00e1s 4 personas desaparecidas<\/strong>&nbsp;<\/p>\n\n\n\n<p>\u201c<strong>Condenamos<\/strong> estos hechos violentos, exigimos justicia y la recuperaci\u00f3n de los cuerpos de nuestros hermanos que fueron sustra\u00eddos del templo por personas armadas\u201d, indicaron en el comunicado donde adem\u00e1s aseguraron:&nbsp;&nbsp;<\/p>\n\n\n\n<p>\u201c<strong>No callaremos ante la realidad que lacera a toda la sociedad<\/strong>.&nbsp;&nbsp;<\/p>\n\n\n\n<p>Seguiremos presentes y trabajando por la misi\u00f3n de justicia, reconciliaci\u00f3n y paz, a trav\u00e9s de nuestras obras pastorales, educativas y sociales\u201d.&nbsp;<\/p>\n\n\n\n<p><strong>\u201cEs momento de reflexionar y de revisar la estrategia de seguridad\u201d,<\/strong> advirti\u00f3 el presidente de la Junta de Coordinaci\u00f3n Pol\u00edtica del Senado de la Rep\u00fablica, <strong>Ricardo Monreal<\/strong>&nbsp;<\/p>\n\n\n\n<p>\u201cEs momento de reflexionar en el Congreso y de revisar, con toda seriedad, el plan de seguridad en el que los senadores tenemos la obligaci\u00f3n constitucional de hacerlo\u201d, agreg\u00f3.&nbsp;<\/p>\n\n\n\n<p>Lo anterior se da con motivo del asesinato de los dos sacerdotes <strong>jesuitas asesinados<\/strong> en Chihuahua.&nbsp;&nbsp;<\/p>\n\n\n\n<p>El l\u00edder de Morena en el Senado de la Rep\u00fablica y una de las \u201c<strong>corcholatas<\/strong>\u201d a la presidencia del pa\u00eds, env\u00edo sus condolencias: \u201cNuestro acompa\u00f1amiento de dolor a la comunidad cat\u00f3lica, <strong>de la que soy parte<\/strong>, por el <strong>cobarde asesinato<\/strong> de los sacerdotes jesuitas Javier Campos, conocido como <strong>el Padre Gallo; y C\u00e9sar Joaqu\u00edn Mora Salazar<\/strong>; tragedia que sucedi\u00f3 al interior del Templo, en una comunidad, en un municipio, Cerocahui, Chihuahua\u201d&nbsp;<\/p>\n\n\n\n<p><strong>Monreal \u00c1vila lament\u00f3<\/strong> que estemos en esta <strong>vor\u00e1gine de violencia <\/strong>en el pa\u00eds, que no haya sido detenida y que continuemos, despu\u00e9s de varias d\u00e9cadas de avanzar el crimen organizado en territorios completos del pa\u00eds; reitero: <strong>\u201cEs momento de reflexionar en el Congreso y de revisar, con toda seriedad, el plan de seguridad en el que los senadores tenemos la obligaci\u00f3n constitucional de hacerlo\u201d.<\/strong>&nbsp;<\/p>\n\n\n\n<p>El senador Monreal lo dijo con <strong>seriedad y respeto y dijo que cree que es el momento de abordarlo sin tab\u00faes, sin ideolog\u00edas, sin intereses partidistas y sin actitudes ego\u00edstas<\/strong>. Es momento de reflexi\u00f3n para el pa\u00eds; y exigi\u00f3 a los gobiernos y fiscal\u00edas la urgente y r\u00e1pida aclaraci\u00f3n de estos cobardes asesinatos, y de todos los que est\u00e1n ocurriendo en el pa\u00eds.&nbsp;&nbsp;<\/p>\n\n\n\n<p>M\u00e1s de 121 mil homicidios en los \u00faltimos 3 a\u00f1os cinco meses. <strong>Es momento d cambiar, como bien lo dice Monreal.<\/strong> La estrategia de \u201cabrazos no balazos\u201d claramente no funcion\u00f3.&nbsp;&nbsp;<\/p>\n\n\n\n<p>Lleg\u00f3 el&nbsp; momento que todos hagan una <strong>reflexi\u00f3n<\/strong> de c\u00f3mo enfrentar esta calamidad de la INSEGURIDAD que vivimos; que se aplique la ley!&nbsp;&nbsp;<\/p>\n\n\n\n<p>Por hoy es todo. Recuerden cuando el B\u00faho canta el indio muere. Pd.- Toc\u00f3 el turno al Istmo!!!&#8230;&nbsp; El fin de semana estar\u00e1 en tierras istme\u00f1as el <strong>Gobernador electo Salom\u00f3n Jara Cruz, <\/strong>en su gira de agradecimiento que lleva a cabo en toda la entidad. El s\u00e1bado a las 17:00 horas (5 pm) estar\u00e1 en Tehuantepec, uno de los municipios que m\u00e1s votos dio el domingo 5 de Junio. Sin duda es la respuesta al Gobierno Municipal que encabeza por segunda ocasi\u00f3n la <strong>Presidenta Vilma Mart\u00ednez Cort\u00e9s<\/strong>. Sin dejar a un lado el trabajo eficiente <strong>de Raciel Cabrera.<\/strong> <strong>Salom\u00f3n Jara<\/strong> estar\u00e1 acompa\u00f1ado de su brazo derecho <strong>Antonino Morales Toledo. Nino<\/strong>, viene acompa\u00f1ando en toda la gira a su <strong>amigo<\/strong> el Gobernador electo. La presencia del l\u00edder fundador de FUCO, al lado de Salom\u00f3n Jara, <strong>no a pasado desapercibida<\/strong> para los que les gusta leer entre l\u00edneas. Con esta gira ser\u00eda la <strong>segunda vez que NINO, recorre las 8 regiones del estado<\/strong>. En columnas pasadas comentaba que el futuro del dos veces presidente de San Blas Atempa y diputado federal, es promisorio. No lo pierdan de vista.&nbsp;&nbsp;<\/p>\n\n\n\n<p class=\"has-text-align-center\"><strong>Esc\u00fachenos en los noticieros BBM Noticias en el 106.5 FM La Brava y Heraldo Radio 98.1 FM&nbsp;<\/strong>&nbsp;<\/p>\n\n\n\n<p class=\"has-text-align-center\"><strong>Twitter @buho_botero<\/strong>&nbsp;<\/p>\n\n\n\n<p class=\"has-text-align-center\"><strong>Facebook Bbmnoticias Oaxaca y Pedro Botero<\/strong><\/p>\n","protected":false},"excerpt":{"rendered":"<p>Los cuerpos de los&nbsp; Padres Jesuitas asesinados en la Sierra Tarahumara, hoy sus cuerpos desaparecidos se suman a miles de mexicanos desaparecidos.&nbsp;&nbsp; Gobierno rebasado para enfrentar a la delincuencia, advierte la IGLESIA.&nbsp;&nbsp; El Sacerdote jesuita Javier Campos,&nbsp; conocido como \u201cEl Gallo\u201d, hablaba la lengua de los Tarahumaras. Conoc\u00eda sus casas y caminos de la Sierra. [&hellip;]<\/p>\n","protected":false},"author":18,"featured_media":14825,"comment_status":"closed","ping_status":"closed","sticky":false,"template":"","format":"standard","meta":{"footnotes":""},"categories":[2],"tags":[],"class_list":{"0":"post-14824","1":"post","2":"type-post","3":"status-publish","4":"format-standard","5":"has-post-thumbnail","7":"category-oaxaca"},"yoast_head":"<!-- This site is optimized with the Yoast SEO plugin v27.4 - https:\/\/yoast.com\/product\/yoast-seo-wordpress\/ -->\n<title>El canto del B\u00faho - Abrazos no balazos. Que se aplique la Ley.\u00a0\u00a0 - LA BRAVA RADIO<\/title>\n<meta name=\"robots\" content=\"index, follow, max-snippet:-1, max-image-preview:large, max-video-preview:-1\" \/>\n<link rel=\"canonical\" href=\"https:\/\/www.bbmnoticias.com\/labravaradiofm\/2022\/06\/22\/el-canto-del-buho-abrazos-no-balazos-que-se-aplique-la-ley\/\" \/>\n<meta property=\"og:locale\" content=\"es_MX\" \/>\n<meta property=\"og:type\" content=\"article\" \/>\n<meta property=\"og:title\" content=\"El canto del B\u00faho - Abrazos no balazos. Que se aplique la Ley.\u00a0\u00a0 - LA BRAVA RADIO\" \/>\n<meta property=\"og:description\" content=\"Los cuerpos de los&nbsp; Padres Jesuitas asesinados en la Sierra Tarahumara, hoy sus cuerpos desaparecidos se suman a miles de mexicanos desaparecidos.&nbsp;&nbsp; Gobierno rebasado para enfrentar a la delincuencia, advierte la IGLESIA.&nbsp;&nbsp; El Sacerdote jesuita Javier Campos,&nbsp; conocido como \u201cEl Gallo\u201d, hablaba la lengua de los Tarahumaras. Conoc\u00eda sus casas y caminos de la Sierra. [&hellip;]\" \/>\n<meta property=\"og:url\" content=\"https:\/\/www.bbmnoticias.com\/labravaradiofm\/2022\/06\/22\/el-canto-del-buho-abrazos-no-balazos-que-se-aplique-la-ley\/\" \/>\n<meta property=\"og:site_name\" content=\"LA BRAVA RADIO\" \/>\n<meta property=\"article:published_time\" content=\"2022-06-22T06:37:00+00:00\" \/>\n<meta property=\"article:modified_time\" content=\"2022-06-22T15:13:18+00:00\" \/>\n<meta property=\"og:image\" content=\"https:\/\/www.bbmnoticias.com\/labravaradiofm\/wp-content\/uploads\/sites\/5\/2022\/06\/elcanto21062022.jpg\" \/>\n\t<meta property=\"og:image:width\" content=\"650\" \/>\n\t<meta property=\"og:image:height\" content=\"360\" \/>\n\t<meta property=\"og:image:type\" content=\"image\/jpeg\" \/>\n<meta name=\"author\" content=\"Pedro Botero\" \/>\n<meta name=\"twitter:card\" content=\"summary_large_image\" \/>\n<meta name=\"twitter:label1\" content=\"Escrito por\" \/>\n\t<meta name=\"twitter:data1\" content=\"Pedro Botero\" \/>\n\t<meta name=\"twitter:label2\" content=\"Tiempo de lectura\" \/>\n\t<meta name=\"twitter:data2\" content=\"5 minutos\" \/>\n<script type=\"application\/ld+json\" class=\"yoast-schema-graph\">{\"@context\":\"https:\\\/\\\/schema.org\",\"@graph\":[{\"@type\":\"Article\",\"@id\":\"https:\\\/\\\/www.bbmnoticias.com\\\/labravaradiofm\\\/2022\\\/06\\\/22\\\/el-canto-del-buho-abrazos-no-balazos-que-se-aplique-la-ley\\\/#article\",\"isPartOf\":{\"@id\":\"https:\\\/\\\/www.bbmnoticias.com\\\/labravaradiofm\\\/2022\\\/06\\\/22\\\/el-canto-del-buho-abrazos-no-balazos-que-se-aplique-la-ley\\\/\"},\"author\":{\"name\":\"Pedro Botero\",\"@id\":\"https:\\\/\\\/www.bbmnoticias.com\\\/labravaradiofm\\\/#\\\/schema\\\/person\\\/4225105502e8adb0d77200acc537ccd9\"},\"headline\":\"El canto del B\u00faho &#8211; Abrazos no balazos. Que se aplique la Ley.\u00a0\u00a0\",\"datePublished\":\"2022-06-22T06:37:00+00:00\",\"dateModified\":\"2022-06-22T15:13:18+00:00\",\"mainEntityOfPage\":{\"@id\":\"https:\\\/\\\/www.bbmnoticias.com\\\/labravaradiofm\\\/2022\\\/06\\\/22\\\/el-canto-del-buho-abrazos-no-balazos-que-se-aplique-la-ley\\\/\"},\"wordCount\":1053,\"image\":{\"@id\":\"https:\\\/\\\/www.bbmnoticias.com\\\/labravaradiofm\\\/2022\\\/06\\\/22\\\/el-canto-del-buho-abrazos-no-balazos-que-se-aplique-la-ley\\\/#primaryimage\"},\"thumbnailUrl\":\"https:\\\/\\\/www.bbmnoticias.com\\\/labravaradiofm\\\/wp-content\\\/uploads\\\/sites\\\/5\\\/2022\\\/06\\\/elcanto21062022.jpg\",\"articleSection\":[\"LOCAL\"],\"inLanguage\":\"es\"},{\"@type\":\"WebPage\",\"@id\":\"https:\\\/\\\/www.bbmnoticias.com\\\/labravaradiofm\\\/2022\\\/06\\\/22\\\/el-canto-del-buho-abrazos-no-balazos-que-se-aplique-la-ley\\\/\",\"url\":\"https:\\\/\\\/www.bbmnoticias.com\\\/labravaradiofm\\\/2022\\\/06\\\/22\\\/el-canto-del-buho-abrazos-no-balazos-que-se-aplique-la-ley\\\/\",\"name\":\"El canto del B\u00faho - Abrazos no balazos. Que se aplique la Ley.\u00a0\u00a0 - LA BRAVA RADIO\",\"isPartOf\":{\"@id\":\"https:\\\/\\\/www.bbmnoticias.com\\\/labravaradiofm\\\/#website\"},\"primaryImageOfPage\":{\"@id\":\"https:\\\/\\\/www.bbmnoticias.com\\\/labravaradiofm\\\/2022\\\/06\\\/22\\\/el-canto-del-buho-abrazos-no-balazos-que-se-aplique-la-ley\\\/#primaryimage\"},\"image\":{\"@id\":\"https:\\\/\\\/www.bbmnoticias.com\\\/labravaradiofm\\\/2022\\\/06\\\/22\\\/el-canto-del-buho-abrazos-no-balazos-que-se-aplique-la-ley\\\/#primaryimage\"},\"thumbnailUrl\":\"https:\\\/\\\/www.bbmnoticias.com\\\/labravaradiofm\\\/wp-content\\\/uploads\\\/sites\\\/5\\\/2022\\\/06\\\/elcanto21062022.jpg\",\"datePublished\":\"2022-06-22T06:37:00+00:00\",\"dateModified\":\"2022-06-22T15:13:18+00:00\",\"author\":{\"@id\":\"https:\\\/\\\/www.bbmnoticias.com\\\/labravaradiofm\\\/#\\\/schema\\\/person\\\/4225105502e8adb0d77200acc537ccd9\"},\"breadcrumb\":{\"@id\":\"https:\\\/\\\/www.bbmnoticias.com\\\/labravaradiofm\\\/2022\\\/06\\\/22\\\/el-canto-del-buho-abrazos-no-balazos-que-se-aplique-la-ley\\\/#breadcrumb\"},\"inLanguage\":\"es\",\"potentialAction\":[{\"@type\":\"ReadAction\",\"target\":[\"https:\\\/\\\/www.bbmnoticias.com\\\/labravaradiofm\\\/2022\\\/06\\\/22\\\/el-canto-del-buho-abrazos-no-balazos-que-se-aplique-la-ley\\\/\"]}]},{\"@type\":\"ImageObject\",\"inLanguage\":\"es\",\"@id\":\"https:\\\/\\\/www.bbmnoticias.com\\\/labravaradiofm\\\/2022\\\/06\\\/22\\\/el-canto-del-buho-abrazos-no-balazos-que-se-aplique-la-ley\\\/#primaryimage\",\"url\":\"https:\\\/\\\/www.bbmnoticias.com\\\/labravaradiofm\\\/wp-content\\\/uploads\\\/sites\\\/5\\\/2022\\\/06\\\/elcanto21062022.jpg\",\"contentUrl\":\"https:\\\/\\\/www.bbmnoticias.com\\\/labravaradiofm\\\/wp-content\\\/uploads\\\/sites\\\/5\\\/2022\\\/06\\\/elcanto21062022.jpg\",\"width\":650,\"height\":360},{\"@type\":\"BreadcrumbList\",\"@id\":\"https:\\\/\\\/www.bbmnoticias.com\\\/labravaradiofm\\\/2022\\\/06\\\/22\\\/el-canto-del-buho-abrazos-no-balazos-que-se-aplique-la-ley\\\/#breadcrumb\",\"itemListElement\":[{\"@type\":\"ListItem\",\"position\":1,\"name\":\"Inicio\",\"item\":\"https:\\\/\\\/www.bbmnoticias.com\\\/labravaradiofm\\\/\"},{\"@type\":\"ListItem\",\"position\":2,\"name\":\"El canto del B\u00faho &#8211; Abrazos no balazos. Que se aplique la Ley.\u00a0\u00a0\"}]},{\"@type\":\"WebSite\",\"@id\":\"https:\\\/\\\/www.bbmnoticias.com\\\/labravaradiofm\\\/#website\",\"url\":\"https:\\\/\\\/www.bbmnoticias.com\\\/labravaradiofm\\\/\",\"name\":\"LA BRAVA RADIO\",\"description\":\"Empresa productora de medios, Radiodifusi\u00f3n, Noticias, tendencias y todo lo que necesitas saber de la pol\u00edtica mexicana e internacional; entretenimiento, espect\u00e1culos, salud y mucho m\u00e1s.\",\"potentialAction\":[{\"@type\":\"SearchAction\",\"target\":{\"@type\":\"EntryPoint\",\"urlTemplate\":\"https:\\\/\\\/www.bbmnoticias.com\\\/labravaradiofm\\\/?s={search_term_string}\"},\"query-input\":{\"@type\":\"PropertyValueSpecification\",\"valueRequired\":true,\"valueName\":\"search_term_string\"}}],\"inLanguage\":\"es\"},{\"@type\":\"Person\",\"@id\":\"https:\\\/\\\/www.bbmnoticias.com\\\/labravaradiofm\\\/#\\\/schema\\\/person\\\/4225105502e8adb0d77200acc537ccd9\",\"name\":\"Pedro Botero\",\"image\":{\"@type\":\"ImageObject\",\"inLanguage\":\"es\",\"@id\":\"https:\\\/\\\/secure.gravatar.com\\\/avatar\\\/3e1604f74223697b158b4f0509f030050c1609806bd1c24b9ac5d9759b30b353?s=96&d=mm&r=g\",\"url\":\"https:\\\/\\\/secure.gravatar.com\\\/avatar\\\/3e1604f74223697b158b4f0509f030050c1609806bd1c24b9ac5d9759b30b353?s=96&d=mm&r=g\",\"contentUrl\":\"https:\\\/\\\/secure.gravatar.com\\\/avatar\\\/3e1604f74223697b158b4f0509f030050c1609806bd1c24b9ac5d9759b30b353?s=96&d=mm&r=g\",\"caption\":\"Pedro Botero\"},\"sameAs\":[\"http:\\\/\\\/www.bbmnoticias.com\"],\"url\":\"https:\\\/\\\/www.bbmnoticias.com\\\/labravaradiofm\\\/author\\\/pedrobotero\\\/\"}]}<\/script>\n<!-- \/ Yoast SEO plugin. -->","yoast_head_json":{"title":"El canto del B\u00faho - Abrazos no balazos. Que se aplique la Ley.\u00a0\u00a0 - LA BRAVA RADIO","robots":{"index":"index","follow":"follow","max-snippet":"max-snippet:-1","max-image-preview":"max-image-preview:large","max-video-preview":"max-video-preview:-1"},"canonical":"https:\/\/www.bbmnoticias.com\/labravaradiofm\/2022\/06\/22\/el-canto-del-buho-abrazos-no-balazos-que-se-aplique-la-ley\/","og_locale":"es_MX","og_type":"article","og_title":"El canto del B\u00faho - Abrazos no balazos. Que se aplique la Ley.\u00a0\u00a0 - LA BRAVA RADIO","og_description":"Los cuerpos de los&nbsp; Padres Jesuitas asesinados en la Sierra Tarahumara, hoy sus cuerpos desaparecidos se suman a miles de mexicanos desaparecidos.&nbsp;&nbsp; Gobierno rebasado para enfrentar a la delincuencia, advierte la IGLESIA.&nbsp;&nbsp; El Sacerdote jesuita Javier Campos,&nbsp; conocido como \u201cEl Gallo\u201d, hablaba la lengua de los Tarahumaras. Conoc\u00eda sus casas y caminos de la Sierra. [&hellip;]","og_url":"https:\/\/www.bbmnoticias.com\/labravaradiofm\/2022\/06\/22\/el-canto-del-buho-abrazos-no-balazos-que-se-aplique-la-ley\/","og_site_name":"LA BRAVA RADIO","article_published_time":"2022-06-22T06:37:00+00:00","article_modified_time":"2022-06-22T15:13:18+00:00","og_image":[{"width":650,"height":360,"url":"https:\/\/www.bbmnoticias.com\/labravaradiofm\/wp-content\/uploads\/sites\/5\/2022\/06\/elcanto21062022.jpg","type":"image\/jpeg"}],"author":"Pedro Botero","twitter_card":"summary_large_image","twitter_misc":{"Escrito por":"Pedro Botero","Tiempo de lectura":"5 minutos"},"schema":{"@context":"https:\/\/schema.org","@graph":[{"@type":"Article","@id":"https:\/\/www.bbmnoticias.com\/labravaradiofm\/2022\/06\/22\/el-canto-del-buho-abrazos-no-balazos-que-se-aplique-la-ley\/#article","isPartOf":{"@id":"https:\/\/www.bbmnoticias.com\/labravaradiofm\/2022\/06\/22\/el-canto-del-buho-abrazos-no-balazos-que-se-aplique-la-ley\/"},"author":{"name":"Pedro Botero","@id":"https:\/\/www.bbmnoticias.com\/labravaradiofm\/#\/schema\/person\/4225105502e8adb0d77200acc537ccd9"},"headline":"El canto del B\u00faho &#8211; Abrazos no balazos. Que se aplique la Ley.\u00a0\u00a0","datePublished":"2022-06-22T06:37:00+00:00","dateModified":"2022-06-22T15:13:18+00:00","mainEntityOfPage":{"@id":"https:\/\/www.bbmnoticias.com\/labravaradiofm\/2022\/06\/22\/el-canto-del-buho-abrazos-no-balazos-que-se-aplique-la-ley\/"},"wordCount":1053,"image":{"@id":"https:\/\/www.bbmnoticias.com\/labravaradiofm\/2022\/06\/22\/el-canto-del-buho-abrazos-no-balazos-que-se-aplique-la-ley\/#primaryimage"},"thumbnailUrl":"https:\/\/www.bbmnoticias.com\/labravaradiofm\/wp-content\/uploads\/sites\/5\/2022\/06\/elcanto21062022.jpg","articleSection":["LOCAL"],"inLanguage":"es"},{"@type":"WebPage","@id":"https:\/\/www.bbmnoticias.com\/labravaradiofm\/2022\/06\/22\/el-canto-del-buho-abrazos-no-balazos-que-se-aplique-la-ley\/","url":"https:\/\/www.bbmnoticias.com\/labravaradiofm\/2022\/06\/22\/el-canto-del-buho-abrazos-no-balazos-que-se-aplique-la-ley\/","name":"El canto del B\u00faho - Abrazos no balazos. Que se aplique la Ley.\u00a0\u00a0 - LA BRAVA RADIO","isPartOf":{"@id":"https:\/\/www.bbmnoticias.com\/labravaradiofm\/#website"},"primaryImageOfPage":{"@id":"https:\/\/www.bbmnoticias.com\/labravaradiofm\/2022\/06\/22\/el-canto-del-buho-abrazos-no-balazos-que-se-aplique-la-ley\/#primaryimage"},"image":{"@id":"https:\/\/www.bbmnoticias.com\/labravaradiofm\/2022\/06\/22\/el-canto-del-buho-abrazos-no-balazos-que-se-aplique-la-ley\/#primaryimage"},"thumbnailUrl":"https:\/\/www.bbmnoticias.com\/labravaradiofm\/wp-content\/uploads\/sites\/5\/2022\/06\/elcanto21062022.jpg","datePublished":"2022-06-22T06:37:00+00:00","dateModified":"2022-06-22T15:13:18+00:00","author":{"@id":"https:\/\/www.bbmnoticias.com\/labravaradiofm\/#\/schema\/person\/4225105502e8adb0d77200acc537ccd9"},"breadcrumb":{"@id":"https:\/\/www.bbmnoticias.com\/labravaradiofm\/2022\/06\/22\/el-canto-del-buho-abrazos-no-balazos-que-se-aplique-la-ley\/#breadcrumb"},"inLanguage":"es","potentialAction":[{"@type":"ReadAction","target":["https:\/\/www.bbmnoticias.com\/labravaradiofm\/2022\/06\/22\/el-canto-del-buho-abrazos-no-balazos-que-se-aplique-la-ley\/"]}]},{"@type":"ImageObject","inLanguage":"es","@id":"https:\/\/www.bbmnoticias.com\/labravaradiofm\/2022\/06\/22\/el-canto-del-buho-abrazos-no-balazos-que-se-aplique-la-ley\/#primaryimage","url":"https:\/\/www.bbmnoticias.com\/labravaradiofm\/wp-content\/uploads\/sites\/5\/2022\/06\/elcanto21062022.jpg","contentUrl":"https:\/\/www.bbmnoticias.com\/labravaradiofm\/wp-content\/uploads\/sites\/5\/2022\/06\/elcanto21062022.jpg","width":650,"height":360},{"@type":"BreadcrumbList","@id":"https:\/\/www.bbmnoticias.com\/labravaradiofm\/2022\/06\/22\/el-canto-del-buho-abrazos-no-balazos-que-se-aplique-la-ley\/#breadcrumb","itemListElement":[{"@type":"ListItem","position":1,"name":"Inicio","item":"https:\/\/www.bbmnoticias.com\/labravaradiofm\/"},{"@type":"ListItem","position":2,"name":"El canto del B\u00faho &#8211; Abrazos no balazos. Que se aplique la Ley.\u00a0\u00a0"}]},{"@type":"WebSite","@id":"https:\/\/www.bbmnoticias.com\/labravaradiofm\/#website","url":"https:\/\/www.bbmnoticias.com\/labravaradiofm\/","name":"LA BRAVA RADIO","description":"Empresa productora de medios, Radiodifusi\u00f3n, Noticias, tendencias y todo lo que necesitas saber de la pol\u00edtica mexicana e internacional; entretenimiento, espect\u00e1culos, salud y mucho m\u00e1s.","potentialAction":[{"@type":"SearchAction","target":{"@type":"EntryPoint","urlTemplate":"https:\/\/www.bbmnoticias.com\/labravaradiofm\/?s={search_term_string}"},"query-input":{"@type":"PropertyValueSpecification","valueRequired":true,"valueName":"search_term_string"}}],"inLanguage":"es"},{"@type":"Person","@id":"https:\/\/www.bbmnoticias.com\/labravaradiofm\/#\/schema\/person\/4225105502e8adb0d77200acc537ccd9","name":"Pedro Botero","image":{"@type":"ImageObject","inLanguage":"es","@id":"https:\/\/secure.gravatar.com\/avatar\/3e1604f74223697b158b4f0509f030050c1609806bd1c24b9ac5d9759b30b353?s=96&d=mm&r=g","url":"https:\/\/secure.gravatar.com\/avatar\/3e1604f74223697b158b4f0509f030050c1609806bd1c24b9ac5d9759b30b353?s=96&d=mm&r=g","contentUrl":"https:\/\/secure.gravatar.com\/avatar\/3e1604f74223697b158b4f0509f030050c1609806bd1c24b9ac5d9759b30b353?s=96&d=mm&r=g","caption":"Pedro Botero"},"sameAs":["http:\/\/www.bbmnoticias.com"],"url":"https:\/\/www.bbmnoticias.com\/labravaradiofm\/author\/pedrobotero\/"}]}},"_links":{"self":[{"href":"https:\/\/www.bbmnoticias.com\/labravaradiofm\/wp-json\/wp\/v2\/posts\/14824","targetHints":{"allow":["GET"]}}],"collection":[{"href":"https:\/\/www.bbmnoticias.com\/labravaradiofm\/wp-json\/wp\/v2\/posts"}],"about":[{"href":"https:\/\/www.bbmnoticias.com\/labravaradiofm\/wp-json\/wp\/v2\/types\/post"}],"author":[{"embeddable":true,"href":"https:\/\/www.bbmnoticias.com\/labravaradiofm\/wp-json\/wp\/v2\/users\/18"}],"replies":[{"embeddable":true,"href":"https:\/\/www.bbmnoticias.com\/labravaradiofm\/wp-json\/wp\/v2\/comments?post=14824"}],"version-history":[{"count":0,"href":"https:\/\/www.bbmnoticias.com\/labravaradiofm\/wp-json\/wp\/v2\/posts\/14824\/revisions"}],"wp:featuredmedia":[{"embeddable":true,"href":"https:\/\/www.bbmnoticias.com\/labravaradiofm\/wp-json\/wp\/v2\/media\/14825"}],"wp:attachment":[{"href":"https:\/\/www.bbmnoticias.com\/labravaradiofm\/wp-json\/wp\/v2\/media?parent=14824"}],"wp:term":[{"taxonomy":"category","embeddable":true,"href":"https:\/\/www.bbmnoticias.com\/labravaradiofm\/wp-json\/wp\/v2\/categories?post=14824"},{"taxonomy":"post_tag","embeddable":true,"href":"https:\/\/www.bbmnoticias.com\/labravaradiofm\/wp-json\/wp\/v2\/tags?post=14824"}],"curies":[{"name":"wp","href":"https:\/\/api.w.org\/{rel}","templated":true}]}}