{"id":14821,"date":"2022-06-21T18:06:19","date_gmt":"2022-06-21T23:06:19","guid":{"rendered":"https:\/\/www.bbmnoticias.com\/labravaradiofm\/?p=14821"},"modified":"2022-06-21T18:06:19","modified_gmt":"2022-06-21T23:06:19","slug":"trabajan-alejandro-murat-y-zoe-robledo-para-ampliar-el-programa-imss-bienestar-en-oaxaca","status":"publish","type":"post","link":"https:\/\/www.bbmnoticias.com\/labravaradiofm\/2022\/06\/21\/trabajan-alejandro-murat-y-zoe-robledo-para-ampliar-el-programa-imss-bienestar-en-oaxaca\/","title":{"rendered":"Trabajan Alejandro Murat y Zo\u00e9 Robledo para ampliar el programa IMSS-Bienestar en Oaxaca"},"content":{"rendered":"<div style=\"margin-top: 0px; margin-bottom: 0px;\" class=\"sharethis-inline-share-buttons\" ><\/div>\n<p><strong>Ciudad de M\u00e9xico. 21 de junio de 2022.<\/strong>&#8211; El gobernador Alejandro Murat Hinojosa se reuni\u00f3 con el director general del Instituto Mexicano del Seguro Social, Zo\u00e9 Robledo, con el objetivo de acelerar los trabajos para ampliar el Programa IMSS-Bienestar en Oaxaca, como se plante\u00f3 el viernes pasado durante la reuni\u00f3n de trabajo que se llev\u00f3 a cabo en Santa Mar\u00eda Huatulco para informar sobre el plan de apoyo a las personas afectadas por el hurac\u00e1n \u201c\u00c1gatha\u201d.<\/p>\n\n\n\n<p>El Gobernador de Oaxaca, acompa\u00f1ado por la secretaria de Salud de Oaxaca, Virginia S\u00e1nchez R\u00edos, y el consejero jur\u00eddico del Gobierno del Estado, Jos\u00e9 Octavio Tinajero Zenil, dio a conocer que en esta reuni\u00f3n se traz\u00f3 la ruta que habr\u00e1 de seguirse en las pr\u00f3ximas semanas para atender las principales necesidades del sector, considerando cuatro rubros: infraestructura, personal, abasto de medicamentos y equipo m\u00e9dico.<\/p>\n\n\n\n<p>Por su parte, Zo\u00e9 Robledo se\u00f1al\u00f3 que estas acciones se llevar\u00e1n a cabo \u201ccomo nos lo ha pedido el presidente Andr\u00e9s Manuel L\u00f3pez Obrador, de la mano de las y los trabajadores, respetando sus derechos y escuchando todas sus voces, pero tambi\u00e9n con el apoyo de todo el pueblo de Oaxaca\u201d.<\/p>\n","protected":false},"excerpt":{"rendered":"<p>Ciudad de M\u00e9xico. 21 de junio de 2022.&#8211; El gobernador Alejandro Murat Hinojosa se reuni\u00f3 con el director general del Instituto Mexicano del Seguro Social, Zo\u00e9 Robledo, con el objetivo de acelerar los trabajos para ampliar el Programa IMSS-Bienestar en Oaxaca, como se plante\u00f3 el viernes pasado durante la reuni\u00f3n de trabajo que se llev\u00f3 [&hellip;]<\/p>\n","protected":false},"author":2,"featured_media":14822,"comment_status":"closed","ping_status":"closed","sticky":false,"template":"","format":"standard","meta":{"footnotes":""},"categories":[1],"tags":[],"class_list":{"0":"post-14821","1":"post","2":"type-post","3":"status-publish","4":"format-standard","5":"has-post-thumbnail","7":"category-sin-categoria"},"yoast_head":"<!-- This site is optimized with the Yoast SEO plugin v27.4 - https:\/\/yoast.com\/product\/yoast-seo-wordpress\/ -->\n<title>Trabajan Alejandro Murat y Zo\u00e9 Robledo para ampliar el programa IMSS-Bienestar en Oaxaca - LA BRAVA RADIO<\/title>\n<meta name=\"robots\" content=\"index, follow, max-snippet:-1, max-image-preview:large, max-video-preview:-1\" \/>\n<link rel=\"canonical\" href=\"https:\/\/www.bbmnoticias.com\/labravaradiofm\/2022\/06\/21\/trabajan-alejandro-murat-y-zoe-robledo-para-ampliar-el-programa-imss-bienestar-en-oaxaca\/\" \/>\n<meta property=\"og:locale\" content=\"es_MX\" \/>\n<meta property=\"og:type\" content=\"article\" \/>\n<meta property=\"og:title\" content=\"Trabajan Alejandro Murat y Zo\u00e9 Robledo para ampliar el programa IMSS-Bienestar en Oaxaca - LA BRAVA RADIO\" \/>\n<meta property=\"og:description\" content=\"Ciudad de M\u00e9xico. 21 de junio de 2022.&#8211; El gobernador Alejandro Murat Hinojosa se reuni\u00f3 con el director general del Instituto Mexicano del Seguro Social, Zo\u00e9 Robledo, con el objetivo de acelerar los trabajos para ampliar el Programa IMSS-Bienestar en Oaxaca, como se plante\u00f3 el viernes pasado durante la reuni\u00f3n de trabajo que se llev\u00f3 [&hellip;]\" \/>\n<meta property=\"og:url\" content=\"https:\/\/www.bbmnoticias.com\/labravaradiofm\/2022\/06\/21\/trabajan-alejandro-murat-y-zoe-robledo-para-ampliar-el-programa-imss-bienestar-en-oaxaca\/\" \/>\n<meta property=\"og:site_name\" content=\"LA BRAVA RADIO\" \/>\n<meta property=\"article:published_time\" content=\"2022-06-21T23:06:19+00:00\" \/>\n<meta property=\"og:image\" content=\"https:\/\/www.bbmnoticias.com\/labravaradiofm\/wp-content\/uploads\/sites\/5\/2022\/06\/murat-zoe-robledo.jpg\" \/>\n\t<meta property=\"og:image:width\" content=\"800\" \/>\n\t<meta property=\"og:image:height\" content=\"484\" \/>\n\t<meta property=\"og:image:type\" content=\"image\/jpeg\" \/>\n<meta name=\"author\" content=\"Staff\" \/>\n<meta name=\"twitter:card\" content=\"summary_large_image\" \/>\n<meta name=\"twitter:label1\" content=\"Escrito por\" \/>\n\t<meta name=\"twitter:data1\" content=\"Staff\" \/>\n\t<meta name=\"twitter:label2\" content=\"Tiempo de lectura\" \/>\n\t<meta name=\"twitter:data2\" content=\"1 minuto\" \/>\n<script type=\"application\/ld+json\" class=\"yoast-schema-graph\">{\"@context\":\"https:\\\/\\\/schema.org\",\"@graph\":[{\"@type\":\"Article\",\"@id\":\"https:\\\/\\\/www.bbmnoticias.com\\\/labravaradiofm\\\/2022\\\/06\\\/21\\\/trabajan-alejandro-murat-y-zoe-robledo-para-ampliar-el-programa-imss-bienestar-en-oaxaca\\\/#article\",\"isPartOf\":{\"@id\":\"https:\\\/\\\/www.bbmnoticias.com\\\/labravaradiofm\\\/2022\\\/06\\\/21\\\/trabajan-alejandro-murat-y-zoe-robledo-para-ampliar-el-programa-imss-bienestar-en-oaxaca\\\/\"},\"author\":{\"name\":\"Staff\",\"@id\":\"https:\\\/\\\/www.bbmnoticias.com\\\/labravaradiofm\\\/#\\\/schema\\\/person\\\/34b139c617a70ea5bef5678bffe4dd7b\"},\"headline\":\"Trabajan Alejandro Murat y Zo\u00e9 Robledo para ampliar el programa IMSS-Bienestar en Oaxaca\",\"datePublished\":\"2022-06-21T23:06:19+00:00\",\"mainEntityOfPage\":{\"@id\":\"https:\\\/\\\/www.bbmnoticias.com\\\/labravaradiofm\\\/2022\\\/06\\\/21\\\/trabajan-alejandro-murat-y-zoe-robledo-para-ampliar-el-programa-imss-bienestar-en-oaxaca\\\/\"},\"wordCount\":219,\"image\":{\"@id\":\"https:\\\/\\\/www.bbmnoticias.com\\\/labravaradiofm\\\/2022\\\/06\\\/21\\\/trabajan-alejandro-murat-y-zoe-robledo-para-ampliar-el-programa-imss-bienestar-en-oaxaca\\\/#primaryimage\"},\"thumbnailUrl\":\"https:\\\/\\\/www.bbmnoticias.com\\\/labravaradiofm\\\/wp-content\\\/uploads\\\/sites\\\/5\\\/2022\\\/06\\\/murat-zoe-robledo.jpg\",\"inLanguage\":\"es\"},{\"@type\":\"WebPage\",\"@id\":\"https:\\\/\\\/www.bbmnoticias.com\\\/labravaradiofm\\\/2022\\\/06\\\/21\\\/trabajan-alejandro-murat-y-zoe-robledo-para-ampliar-el-programa-imss-bienestar-en-oaxaca\\\/\",\"url\":\"https:\\\/\\\/www.bbmnoticias.com\\\/labravaradiofm\\\/2022\\\/06\\\/21\\\/trabajan-alejandro-murat-y-zoe-robledo-para-ampliar-el-programa-imss-bienestar-en-oaxaca\\\/\",\"name\":\"Trabajan Alejandro Murat y Zo\u00e9 Robledo para ampliar el programa IMSS-Bienestar en Oaxaca - LA BRAVA RADIO\",\"isPartOf\":{\"@id\":\"https:\\\/\\\/www.bbmnoticias.com\\\/labravaradiofm\\\/#website\"},\"primaryImageOfPage\":{\"@id\":\"https:\\\/\\\/www.bbmnoticias.com\\\/labravaradiofm\\\/2022\\\/06\\\/21\\\/trabajan-alejandro-murat-y-zoe-robledo-para-ampliar-el-programa-imss-bienestar-en-oaxaca\\\/#primaryimage\"},\"image\":{\"@id\":\"https:\\\/\\\/www.bbmnoticias.com\\\/labravaradiofm\\\/2022\\\/06\\\/21\\\/trabajan-alejandro-murat-y-zoe-robledo-para-ampliar-el-programa-imss-bienestar-en-oaxaca\\\/#primaryimage\"},\"thumbnailUrl\":\"https:\\\/\\\/www.bbmnoticias.com\\\/labravaradiofm\\\/wp-content\\\/uploads\\\/sites\\\/5\\\/2022\\\/06\\\/murat-zoe-robledo.jpg\",\"datePublished\":\"2022-06-21T23:06:19+00:00\",\"author\":{\"@id\":\"https:\\\/\\\/www.bbmnoticias.com\\\/labravaradiofm\\\/#\\\/schema\\\/person\\\/34b139c617a70ea5bef5678bffe4dd7b\"},\"breadcrumb\":{\"@id\":\"https:\\\/\\\/www.bbmnoticias.com\\\/labravaradiofm\\\/2022\\\/06\\\/21\\\/trabajan-alejandro-murat-y-zoe-robledo-para-ampliar-el-programa-imss-bienestar-en-oaxaca\\\/#breadcrumb\"},\"inLanguage\":\"es\",\"potentialAction\":[{\"@type\":\"ReadAction\",\"target\":[\"https:\\\/\\\/www.bbmnoticias.com\\\/labravaradiofm\\\/2022\\\/06\\\/21\\\/trabajan-alejandro-murat-y-zoe-robledo-para-ampliar-el-programa-imss-bienestar-en-oaxaca\\\/\"]}]},{\"@type\":\"ImageObject\",\"inLanguage\":\"es\",\"@id\":\"https:\\\/\\\/www.bbmnoticias.com\\\/labravaradiofm\\\/2022\\\/06\\\/21\\\/trabajan-alejandro-murat-y-zoe-robledo-para-ampliar-el-programa-imss-bienestar-en-oaxaca\\\/#primaryimage\",\"url\":\"https:\\\/\\\/www.bbmnoticias.com\\\/labravaradiofm\\\/wp-content\\\/uploads\\\/sites\\\/5\\\/2022\\\/06\\\/murat-zoe-robledo.jpg\",\"contentUrl\":\"https:\\\/\\\/www.bbmnoticias.com\\\/labravaradiofm\\\/wp-content\\\/uploads\\\/sites\\\/5\\\/2022\\\/06\\\/murat-zoe-robledo.jpg\",\"width\":800,\"height\":484},{\"@type\":\"BreadcrumbList\",\"@id\":\"https:\\\/\\\/www.bbmnoticias.com\\\/labravaradiofm\\\/2022\\\/06\\\/21\\\/trabajan-alejandro-murat-y-zoe-robledo-para-ampliar-el-programa-imss-bienestar-en-oaxaca\\\/#breadcrumb\",\"itemListElement\":[{\"@type\":\"ListItem\",\"position\":1,\"name\":\"Inicio\",\"item\":\"https:\\\/\\\/www.bbmnoticias.com\\\/labravaradiofm\\\/\"},{\"@type\":\"ListItem\",\"position\":2,\"name\":\"Trabajan Alejandro Murat y Zo\u00e9 Robledo para ampliar el programa IMSS-Bienestar en Oaxaca\"}]},{\"@type\":\"WebSite\",\"@id\":\"https:\\\/\\\/www.bbmnoticias.com\\\/labravaradiofm\\\/#website\",\"url\":\"https:\\\/\\\/www.bbmnoticias.com\\\/labravaradiofm\\\/\",\"name\":\"LA BRAVA RADIO\",\"description\":\"Empresa productora de medios, Radiodifusi\u00f3n, Noticias, tendencias y todo lo que necesitas saber de la pol\u00edtica mexicana e internacional; entretenimiento, espect\u00e1culos, salud y mucho m\u00e1s.\",\"potentialAction\":[{\"@type\":\"SearchAction\",\"target\":{\"@type\":\"EntryPoint\",\"urlTemplate\":\"https:\\\/\\\/www.bbmnoticias.com\\\/labravaradiofm\\\/?s={search_term_string}\"},\"query-input\":{\"@type\":\"PropertyValueSpecification\",\"valueRequired\":true,\"valueName\":\"search_term_string\"}}],\"inLanguage\":\"es\"},{\"@type\":\"Person\",\"@id\":\"https:\\\/\\\/www.bbmnoticias.com\\\/labravaradiofm\\\/#\\\/schema\\\/person\\\/34b139c617a70ea5bef5678bffe4dd7b\",\"name\":\"Staff\",\"image\":{\"@type\":\"ImageObject\",\"inLanguage\":\"es\",\"@id\":\"https:\\\/\\\/secure.gravatar.com\\\/avatar\\\/fdd21ad66fd8b98c407f9dee5b5e588cfe7f0d8579ec20fa6527cd59bab7f0f0?s=96&d=mm&r=g\",\"url\":\"https:\\\/\\\/secure.gravatar.com\\\/avatar\\\/fdd21ad66fd8b98c407f9dee5b5e588cfe7f0d8579ec20fa6527cd59bab7f0f0?s=96&d=mm&r=g\",\"contentUrl\":\"https:\\\/\\\/secure.gravatar.com\\\/avatar\\\/fdd21ad66fd8b98c407f9dee5b5e588cfe7f0d8579ec20fa6527cd59bab7f0f0?s=96&d=mm&r=g\",\"caption\":\"Staff\"},\"url\":\"https:\\\/\\\/www.bbmnoticias.com\\\/labravaradiofm\\\/author\\\/redaccion\\\/\"}]}<\/script>\n<!-- \/ Yoast SEO plugin. -->","yoast_head_json":{"title":"Trabajan Alejandro Murat y Zo\u00e9 Robledo para ampliar el programa IMSS-Bienestar en Oaxaca - LA BRAVA RADIO","robots":{"index":"index","follow":"follow","max-snippet":"max-snippet:-1","max-image-preview":"max-image-preview:large","max-video-preview":"max-video-preview:-1"},"canonical":"https:\/\/www.bbmnoticias.com\/labravaradiofm\/2022\/06\/21\/trabajan-alejandro-murat-y-zoe-robledo-para-ampliar-el-programa-imss-bienestar-en-oaxaca\/","og_locale":"es_MX","og_type":"article","og_title":"Trabajan Alejandro Murat y Zo\u00e9 Robledo para ampliar el programa IMSS-Bienestar en Oaxaca - LA BRAVA RADIO","og_description":"Ciudad de M\u00e9xico. 21 de junio de 2022.&#8211; El gobernador Alejandro Murat Hinojosa se reuni\u00f3 con el director general del Instituto Mexicano del Seguro Social, Zo\u00e9 Robledo, con el objetivo de acelerar los trabajos para ampliar el Programa IMSS-Bienestar en Oaxaca, como se plante\u00f3 el viernes pasado durante la reuni\u00f3n de trabajo que se llev\u00f3 [&hellip;]","og_url":"https:\/\/www.bbmnoticias.com\/labravaradiofm\/2022\/06\/21\/trabajan-alejandro-murat-y-zoe-robledo-para-ampliar-el-programa-imss-bienestar-en-oaxaca\/","og_site_name":"LA BRAVA RADIO","article_published_time":"2022-06-21T23:06:19+00:00","og_image":[{"width":800,"height":484,"url":"https:\/\/www.bbmnoticias.com\/labravaradiofm\/wp-content\/uploads\/sites\/5\/2022\/06\/murat-zoe-robledo.jpg","type":"image\/jpeg"}],"author":"Staff","twitter_card":"summary_large_image","twitter_misc":{"Escrito por":"Staff","Tiempo de lectura":"1 minuto"},"schema":{"@context":"https:\/\/schema.org","@graph":[{"@type":"Article","@id":"https:\/\/www.bbmnoticias.com\/labravaradiofm\/2022\/06\/21\/trabajan-alejandro-murat-y-zoe-robledo-para-ampliar-el-programa-imss-bienestar-en-oaxaca\/#article","isPartOf":{"@id":"https:\/\/www.bbmnoticias.com\/labravaradiofm\/2022\/06\/21\/trabajan-alejandro-murat-y-zoe-robledo-para-ampliar-el-programa-imss-bienestar-en-oaxaca\/"},"author":{"name":"Staff","@id":"https:\/\/www.bbmnoticias.com\/labravaradiofm\/#\/schema\/person\/34b139c617a70ea5bef5678bffe4dd7b"},"headline":"Trabajan Alejandro Murat y Zo\u00e9 Robledo para ampliar el programa IMSS-Bienestar en Oaxaca","datePublished":"2022-06-21T23:06:19+00:00","mainEntityOfPage":{"@id":"https:\/\/www.bbmnoticias.com\/labravaradiofm\/2022\/06\/21\/trabajan-alejandro-murat-y-zoe-robledo-para-ampliar-el-programa-imss-bienestar-en-oaxaca\/"},"wordCount":219,"image":{"@id":"https:\/\/www.bbmnoticias.com\/labravaradiofm\/2022\/06\/21\/trabajan-alejandro-murat-y-zoe-robledo-para-ampliar-el-programa-imss-bienestar-en-oaxaca\/#primaryimage"},"thumbnailUrl":"https:\/\/www.bbmnoticias.com\/labravaradiofm\/wp-content\/uploads\/sites\/5\/2022\/06\/murat-zoe-robledo.jpg","inLanguage":"es"},{"@type":"WebPage","@id":"https:\/\/www.bbmnoticias.com\/labravaradiofm\/2022\/06\/21\/trabajan-alejandro-murat-y-zoe-robledo-para-ampliar-el-programa-imss-bienestar-en-oaxaca\/","url":"https:\/\/www.bbmnoticias.com\/labravaradiofm\/2022\/06\/21\/trabajan-alejandro-murat-y-zoe-robledo-para-ampliar-el-programa-imss-bienestar-en-oaxaca\/","name":"Trabajan Alejandro Murat y Zo\u00e9 Robledo para ampliar el programa IMSS-Bienestar en Oaxaca - LA BRAVA RADIO","isPartOf":{"@id":"https:\/\/www.bbmnoticias.com\/labravaradiofm\/#website"},"primaryImageOfPage":{"@id":"https:\/\/www.bbmnoticias.com\/labravaradiofm\/2022\/06\/21\/trabajan-alejandro-murat-y-zoe-robledo-para-ampliar-el-programa-imss-bienestar-en-oaxaca\/#primaryimage"},"image":{"@id":"https:\/\/www.bbmnoticias.com\/labravaradiofm\/2022\/06\/21\/trabajan-alejandro-murat-y-zoe-robledo-para-ampliar-el-programa-imss-bienestar-en-oaxaca\/#primaryimage"},"thumbnailUrl":"https:\/\/www.bbmnoticias.com\/labravaradiofm\/wp-content\/uploads\/sites\/5\/2022\/06\/murat-zoe-robledo.jpg","datePublished":"2022-06-21T23:06:19+00:00","author":{"@id":"https:\/\/www.bbmnoticias.com\/labravaradiofm\/#\/schema\/person\/34b139c617a70ea5bef5678bffe4dd7b"},"breadcrumb":{"@id":"https:\/\/www.bbmnoticias.com\/labravaradiofm\/2022\/06\/21\/trabajan-alejandro-murat-y-zoe-robledo-para-ampliar-el-programa-imss-bienestar-en-oaxaca\/#breadcrumb"},"inLanguage":"es","potentialAction":[{"@type":"ReadAction","target":["https:\/\/www.bbmnoticias.com\/labravaradiofm\/2022\/06\/21\/trabajan-alejandro-murat-y-zoe-robledo-para-ampliar-el-programa-imss-bienestar-en-oaxaca\/"]}]},{"@type":"ImageObject","inLanguage":"es","@id":"https:\/\/www.bbmnoticias.com\/labravaradiofm\/2022\/06\/21\/trabajan-alejandro-murat-y-zoe-robledo-para-ampliar-el-programa-imss-bienestar-en-oaxaca\/#primaryimage","url":"https:\/\/www.bbmnoticias.com\/labravaradiofm\/wp-content\/uploads\/sites\/5\/2022\/06\/murat-zoe-robledo.jpg","contentUrl":"https:\/\/www.bbmnoticias.com\/labravaradiofm\/wp-content\/uploads\/sites\/5\/2022\/06\/murat-zoe-robledo.jpg","width":800,"height":484},{"@type":"BreadcrumbList","@id":"https:\/\/www.bbmnoticias.com\/labravaradiofm\/2022\/06\/21\/trabajan-alejandro-murat-y-zoe-robledo-para-ampliar-el-programa-imss-bienestar-en-oaxaca\/#breadcrumb","itemListElement":[{"@type":"ListItem","position":1,"name":"Inicio","item":"https:\/\/www.bbmnoticias.com\/labravaradiofm\/"},{"@type":"ListItem","position":2,"name":"Trabajan Alejandro Murat y Zo\u00e9 Robledo para ampliar el programa IMSS-Bienestar en Oaxaca"}]},{"@type":"WebSite","@id":"https:\/\/www.bbmnoticias.com\/labravaradiofm\/#website","url":"https:\/\/www.bbmnoticias.com\/labravaradiofm\/","name":"LA BRAVA RADIO","description":"Empresa productora de medios, Radiodifusi\u00f3n, Noticias, tendencias y todo lo que necesitas saber de la pol\u00edtica mexicana e internacional; entretenimiento, espect\u00e1culos, salud y mucho m\u00e1s.","potentialAction":[{"@type":"SearchAction","target":{"@type":"EntryPoint","urlTemplate":"https:\/\/www.bbmnoticias.com\/labravaradiofm\/?s={search_term_string}"},"query-input":{"@type":"PropertyValueSpecification","valueRequired":true,"valueName":"search_term_string"}}],"inLanguage":"es"},{"@type":"Person","@id":"https:\/\/www.bbmnoticias.com\/labravaradiofm\/#\/schema\/person\/34b139c617a70ea5bef5678bffe4dd7b","name":"Staff","image":{"@type":"ImageObject","inLanguage":"es","@id":"https:\/\/secure.gravatar.com\/avatar\/fdd21ad66fd8b98c407f9dee5b5e588cfe7f0d8579ec20fa6527cd59bab7f0f0?s=96&d=mm&r=g","url":"https:\/\/secure.gravatar.com\/avatar\/fdd21ad66fd8b98c407f9dee5b5e588cfe7f0d8579ec20fa6527cd59bab7f0f0?s=96&d=mm&r=g","contentUrl":"https:\/\/secure.gravatar.com\/avatar\/fdd21ad66fd8b98c407f9dee5b5e588cfe7f0d8579ec20fa6527cd59bab7f0f0?s=96&d=mm&r=g","caption":"Staff"},"url":"https:\/\/www.bbmnoticias.com\/labravaradiofm\/author\/redaccion\/"}]}},"_links":{"self":[{"href":"https:\/\/www.bbmnoticias.com\/labravaradiofm\/wp-json\/wp\/v2\/posts\/14821","targetHints":{"allow":["GET"]}}],"collection":[{"href":"https:\/\/www.bbmnoticias.com\/labravaradiofm\/wp-json\/wp\/v2\/posts"}],"about":[{"href":"https:\/\/www.bbmnoticias.com\/labravaradiofm\/wp-json\/wp\/v2\/types\/post"}],"author":[{"embeddable":true,"href":"https:\/\/www.bbmnoticias.com\/labravaradiofm\/wp-json\/wp\/v2\/users\/2"}],"replies":[{"embeddable":true,"href":"https:\/\/www.bbmnoticias.com\/labravaradiofm\/wp-json\/wp\/v2\/comments?post=14821"}],"version-history":[{"count":0,"href":"https:\/\/www.bbmnoticias.com\/labravaradiofm\/wp-json\/wp\/v2\/posts\/14821\/revisions"}],"wp:featuredmedia":[{"embeddable":true,"href":"https:\/\/www.bbmnoticias.com\/labravaradiofm\/wp-json\/wp\/v2\/media\/14822"}],"wp:attachment":[{"href":"https:\/\/www.bbmnoticias.com\/labravaradiofm\/wp-json\/wp\/v2\/media?parent=14821"}],"wp:term":[{"taxonomy":"category","embeddable":true,"href":"https:\/\/www.bbmnoticias.com\/labravaradiofm\/wp-json\/wp\/v2\/categories?post=14821"},{"taxonomy":"post_tag","embeddable":true,"href":"https:\/\/www.bbmnoticias.com\/labravaradiofm\/wp-json\/wp\/v2\/tags?post=14821"}],"curies":[{"name":"wp","href":"https:\/\/api.w.org\/{rel}","templated":true}]}}