{"id":14818,"date":"2022-06-21T15:43:08","date_gmt":"2022-06-21T20:43:08","guid":{"rendered":"https:\/\/www.bbmnoticias.com\/labravaradiofm\/?p=14818"},"modified":"2022-06-21T15:43:09","modified_gmt":"2022-06-21T20:43:09","slug":"designan-a-clara-luz-flores-como-nueva-titular-del-sesnsp","status":"publish","type":"post","link":"https:\/\/www.bbmnoticias.com\/labravaradiofm\/2022\/06\/21\/designan-a-clara-luz-flores-como-nueva-titular-del-sesnsp\/","title":{"rendered":"Designan a Clara Luz Flores como nueva titular del SESNSP"},"content":{"rendered":"<div style=\"margin-top: 0px; margin-bottom: 0px;\" class=\"sharethis-inline-share-buttons\" ><\/div>\n<p>La excandidata de Morena a la gubernatura de Nuevo Le\u00f3n, <strong>Clara Luz Flores Carrales,<\/strong> fue designada <strong>titular del Secretariado Ejecutivo del Sistema Nacional de Seguridad P\u00fablica<\/strong> (SESNSP), por instrucciones del presidente Andr\u00e9s Manuel L\u00f3pez Obrador.<\/p>\n\n\n\n<p>La exalcaldesa de Escobedo sustituy\u00f3 a Leonel Cota Monta\u00f1o, quien estuvo en el cargo hasta el pasado 19 de abril, tras ser designado director general de Seguridad Alimentaria Mexicana (Segalmex), inform\u00f3 este martes la <strong>Secretar\u00eda de Seguridad y Protecci\u00f3n Ciudadana<\/strong> (SSPC).<\/p>\n\n\n\n<p>La secretaria de Seguridad y Protecci\u00f3n Ciudadana federal, Rosa Icela Rodr\u00edguez, formaliz\u00f3 el nombramiento este martes en sus oficinas de la Ciudad de M\u00e9xico.<\/p>\n\n\n\n<p>El Secretariado Ejecutivo del Sistema Nacional de Seguridad P\u00fablica es un \u00f3rgano administrativo desconcentrado de la Secretar\u00eda de Seguridad y Protecci\u00f3n Ciudadana.<\/p>\n\n\n\n<p>Entre sus tareas est\u00e1 dar seguimiento a los acuerdos del Consejo Nacional de Seguridad P\u00fablica, es el eje operativo y de coordinaci\u00f3n entre instancias federales, estatales y municipales.<\/p>\n\n\n\n<p>Flores Carrales es licenciada en Ciencias Jur\u00eddicas por la Universidad Regiomontana, con un doctorado en Derecho Administrativo por la Universidad de Zaragoza.<\/p>\n\n\n\n<p>Ha sido diputada local y presidenta municipal de General Escobedo, Nuevo Le\u00f3n, adem\u00e1s de candidata por Morena a la gubernatura de esa entidad.<\/p>\n","protected":false},"excerpt":{"rendered":"<p>La excandidata de Morena a la gubernatura de Nuevo Le\u00f3n, Clara Luz Flores Carrales, fue designada titular del Secretariado Ejecutivo del Sistema Nacional de Seguridad P\u00fablica (SESNSP), por instrucciones del presidente Andr\u00e9s Manuel L\u00f3pez Obrador. La exalcaldesa de Escobedo sustituy\u00f3 a Leonel Cota Monta\u00f1o, quien estuvo en el cargo hasta el pasado 19 de abril, [&hellip;]<\/p>\n","protected":false},"author":2,"featured_media":14819,"comment_status":"closed","ping_status":"closed","sticky":false,"template":"","format":"standard","meta":{"footnotes":""},"categories":[19],"tags":[],"class_list":{"0":"post-14818","1":"post","2":"type-post","3":"status-publish","4":"format-standard","5":"has-post-thumbnail","7":"category-nacional"},"yoast_head":"<!-- This site is optimized with the Yoast SEO plugin v27.4 - https:\/\/yoast.com\/product\/yoast-seo-wordpress\/ -->\n<title>Designan a Clara Luz Flores como nueva titular del SESNSP - LA BRAVA RADIO<\/title>\n<meta name=\"robots\" content=\"index, follow, max-snippet:-1, max-image-preview:large, max-video-preview:-1\" \/>\n<link rel=\"canonical\" href=\"https:\/\/www.bbmnoticias.com\/labravaradiofm\/2022\/06\/21\/designan-a-clara-luz-flores-como-nueva-titular-del-sesnsp\/\" \/>\n<meta property=\"og:locale\" content=\"es_MX\" \/>\n<meta property=\"og:type\" content=\"article\" \/>\n<meta property=\"og:title\" content=\"Designan a Clara Luz Flores como nueva titular del SESNSP - LA BRAVA RADIO\" \/>\n<meta property=\"og:description\" content=\"La excandidata de Morena a la gubernatura de Nuevo Le\u00f3n, Clara Luz Flores Carrales, fue designada titular del Secretariado Ejecutivo del Sistema Nacional de Seguridad P\u00fablica (SESNSP), por instrucciones del presidente Andr\u00e9s Manuel L\u00f3pez Obrador. La exalcaldesa de Escobedo sustituy\u00f3 a Leonel Cota Monta\u00f1o, quien estuvo en el cargo hasta el pasado 19 de abril, [&hellip;]\" \/>\n<meta property=\"og:url\" content=\"https:\/\/www.bbmnoticias.com\/labravaradiofm\/2022\/06\/21\/designan-a-clara-luz-flores-como-nueva-titular-del-sesnsp\/\" \/>\n<meta property=\"og:site_name\" content=\"LA BRAVA RADIO\" \/>\n<meta property=\"article:published_time\" content=\"2022-06-21T20:43:08+00:00\" \/>\n<meta property=\"article:modified_time\" content=\"2022-06-21T20:43:09+00:00\" \/>\n<meta property=\"og:image\" content=\"https:\/\/www.bbmnoticias.com\/labravaradiofm\/wp-content\/uploads\/sites\/5\/2022\/06\/clara-luz.webp\" \/>\n\t<meta property=\"og:image:width\" content=\"1201\" \/>\n\t<meta property=\"og:image:height\" content=\"725\" \/>\n\t<meta property=\"og:image:type\" content=\"image\/webp\" \/>\n<meta name=\"author\" content=\"Staff\" \/>\n<meta name=\"twitter:card\" content=\"summary_large_image\" \/>\n<meta name=\"twitter:label1\" content=\"Escrito por\" \/>\n\t<meta name=\"twitter:data1\" content=\"Staff\" \/>\n\t<meta name=\"twitter:label2\" content=\"Tiempo de lectura\" \/>\n\t<meta name=\"twitter:data2\" content=\"1 minuto\" \/>\n<script type=\"application\/ld+json\" class=\"yoast-schema-graph\">{\"@context\":\"https:\\\/\\\/schema.org\",\"@graph\":[{\"@type\":\"Article\",\"@id\":\"https:\\\/\\\/www.bbmnoticias.com\\\/labravaradiofm\\\/2022\\\/06\\\/21\\\/designan-a-clara-luz-flores-como-nueva-titular-del-sesnsp\\\/#article\",\"isPartOf\":{\"@id\":\"https:\\\/\\\/www.bbmnoticias.com\\\/labravaradiofm\\\/2022\\\/06\\\/21\\\/designan-a-clara-luz-flores-como-nueva-titular-del-sesnsp\\\/\"},\"author\":{\"name\":\"Staff\",\"@id\":\"https:\\\/\\\/www.bbmnoticias.com\\\/labravaradiofm\\\/#\\\/schema\\\/person\\\/34b139c617a70ea5bef5678bffe4dd7b\"},\"headline\":\"Designan a Clara Luz Flores como nueva titular del SESNSP\",\"datePublished\":\"2022-06-21T20:43:08+00:00\",\"dateModified\":\"2022-06-21T20:43:09+00:00\",\"mainEntityOfPage\":{\"@id\":\"https:\\\/\\\/www.bbmnoticias.com\\\/labravaradiofm\\\/2022\\\/06\\\/21\\\/designan-a-clara-luz-flores-como-nueva-titular-del-sesnsp\\\/\"},\"wordCount\":222,\"image\":{\"@id\":\"https:\\\/\\\/www.bbmnoticias.com\\\/labravaradiofm\\\/2022\\\/06\\\/21\\\/designan-a-clara-luz-flores-como-nueva-titular-del-sesnsp\\\/#primaryimage\"},\"thumbnailUrl\":\"https:\\\/\\\/www.bbmnoticias.com\\\/labravaradiofm\\\/wp-content\\\/uploads\\\/sites\\\/5\\\/2022\\\/06\\\/clara-luz.webp\",\"articleSection\":[\"NACIONAL\"],\"inLanguage\":\"es\"},{\"@type\":\"WebPage\",\"@id\":\"https:\\\/\\\/www.bbmnoticias.com\\\/labravaradiofm\\\/2022\\\/06\\\/21\\\/designan-a-clara-luz-flores-como-nueva-titular-del-sesnsp\\\/\",\"url\":\"https:\\\/\\\/www.bbmnoticias.com\\\/labravaradiofm\\\/2022\\\/06\\\/21\\\/designan-a-clara-luz-flores-como-nueva-titular-del-sesnsp\\\/\",\"name\":\"Designan a Clara Luz Flores como nueva titular del SESNSP - LA BRAVA RADIO\",\"isPartOf\":{\"@id\":\"https:\\\/\\\/www.bbmnoticias.com\\\/labravaradiofm\\\/#website\"},\"primaryImageOfPage\":{\"@id\":\"https:\\\/\\\/www.bbmnoticias.com\\\/labravaradiofm\\\/2022\\\/06\\\/21\\\/designan-a-clara-luz-flores-como-nueva-titular-del-sesnsp\\\/#primaryimage\"},\"image\":{\"@id\":\"https:\\\/\\\/www.bbmnoticias.com\\\/labravaradiofm\\\/2022\\\/06\\\/21\\\/designan-a-clara-luz-flores-como-nueva-titular-del-sesnsp\\\/#primaryimage\"},\"thumbnailUrl\":\"https:\\\/\\\/www.bbmnoticias.com\\\/labravaradiofm\\\/wp-content\\\/uploads\\\/sites\\\/5\\\/2022\\\/06\\\/clara-luz.webp\",\"datePublished\":\"2022-06-21T20:43:08+00:00\",\"dateModified\":\"2022-06-21T20:43:09+00:00\",\"author\":{\"@id\":\"https:\\\/\\\/www.bbmnoticias.com\\\/labravaradiofm\\\/#\\\/schema\\\/person\\\/34b139c617a70ea5bef5678bffe4dd7b\"},\"breadcrumb\":{\"@id\":\"https:\\\/\\\/www.bbmnoticias.com\\\/labravaradiofm\\\/2022\\\/06\\\/21\\\/designan-a-clara-luz-flores-como-nueva-titular-del-sesnsp\\\/#breadcrumb\"},\"inLanguage\":\"es\",\"potentialAction\":[{\"@type\":\"ReadAction\",\"target\":[\"https:\\\/\\\/www.bbmnoticias.com\\\/labravaradiofm\\\/2022\\\/06\\\/21\\\/designan-a-clara-luz-flores-como-nueva-titular-del-sesnsp\\\/\"]}]},{\"@type\":\"ImageObject\",\"inLanguage\":\"es\",\"@id\":\"https:\\\/\\\/www.bbmnoticias.com\\\/labravaradiofm\\\/2022\\\/06\\\/21\\\/designan-a-clara-luz-flores-como-nueva-titular-del-sesnsp\\\/#primaryimage\",\"url\":\"https:\\\/\\\/www.bbmnoticias.com\\\/labravaradiofm\\\/wp-content\\\/uploads\\\/sites\\\/5\\\/2022\\\/06\\\/clara-luz.webp\",\"contentUrl\":\"https:\\\/\\\/www.bbmnoticias.com\\\/labravaradiofm\\\/wp-content\\\/uploads\\\/sites\\\/5\\\/2022\\\/06\\\/clara-luz.webp\",\"width\":1201,\"height\":725},{\"@type\":\"BreadcrumbList\",\"@id\":\"https:\\\/\\\/www.bbmnoticias.com\\\/labravaradiofm\\\/2022\\\/06\\\/21\\\/designan-a-clara-luz-flores-como-nueva-titular-del-sesnsp\\\/#breadcrumb\",\"itemListElement\":[{\"@type\":\"ListItem\",\"position\":1,\"name\":\"Inicio\",\"item\":\"https:\\\/\\\/www.bbmnoticias.com\\\/labravaradiofm\\\/\"},{\"@type\":\"ListItem\",\"position\":2,\"name\":\"Designan a Clara Luz Flores como nueva titular del SESNSP\"}]},{\"@type\":\"WebSite\",\"@id\":\"https:\\\/\\\/www.bbmnoticias.com\\\/labravaradiofm\\\/#website\",\"url\":\"https:\\\/\\\/www.bbmnoticias.com\\\/labravaradiofm\\\/\",\"name\":\"LA BRAVA RADIO\",\"description\":\"Empresa productora de medios, Radiodifusi\u00f3n, Noticias, tendencias y todo lo que necesitas saber de la pol\u00edtica mexicana e internacional; entretenimiento, espect\u00e1culos, salud y mucho m\u00e1s.\",\"potentialAction\":[{\"@type\":\"SearchAction\",\"target\":{\"@type\":\"EntryPoint\",\"urlTemplate\":\"https:\\\/\\\/www.bbmnoticias.com\\\/labravaradiofm\\\/?s={search_term_string}\"},\"query-input\":{\"@type\":\"PropertyValueSpecification\",\"valueRequired\":true,\"valueName\":\"search_term_string\"}}],\"inLanguage\":\"es\"},{\"@type\":\"Person\",\"@id\":\"https:\\\/\\\/www.bbmnoticias.com\\\/labravaradiofm\\\/#\\\/schema\\\/person\\\/34b139c617a70ea5bef5678bffe4dd7b\",\"name\":\"Staff\",\"image\":{\"@type\":\"ImageObject\",\"inLanguage\":\"es\",\"@id\":\"https:\\\/\\\/secure.gravatar.com\\\/avatar\\\/fdd21ad66fd8b98c407f9dee5b5e588cfe7f0d8579ec20fa6527cd59bab7f0f0?s=96&d=mm&r=g\",\"url\":\"https:\\\/\\\/secure.gravatar.com\\\/avatar\\\/fdd21ad66fd8b98c407f9dee5b5e588cfe7f0d8579ec20fa6527cd59bab7f0f0?s=96&d=mm&r=g\",\"contentUrl\":\"https:\\\/\\\/secure.gravatar.com\\\/avatar\\\/fdd21ad66fd8b98c407f9dee5b5e588cfe7f0d8579ec20fa6527cd59bab7f0f0?s=96&d=mm&r=g\",\"caption\":\"Staff\"},\"url\":\"https:\\\/\\\/www.bbmnoticias.com\\\/labravaradiofm\\\/author\\\/redaccion\\\/\"}]}<\/script>\n<!-- \/ Yoast SEO plugin. -->","yoast_head_json":{"title":"Designan a Clara Luz Flores como nueva titular del SESNSP - LA BRAVA RADIO","robots":{"index":"index","follow":"follow","max-snippet":"max-snippet:-1","max-image-preview":"max-image-preview:large","max-video-preview":"max-video-preview:-1"},"canonical":"https:\/\/www.bbmnoticias.com\/labravaradiofm\/2022\/06\/21\/designan-a-clara-luz-flores-como-nueva-titular-del-sesnsp\/","og_locale":"es_MX","og_type":"article","og_title":"Designan a Clara Luz Flores como nueva titular del SESNSP - LA BRAVA RADIO","og_description":"La excandidata de Morena a la gubernatura de Nuevo Le\u00f3n, Clara Luz Flores Carrales, fue designada titular del Secretariado Ejecutivo del Sistema Nacional de Seguridad P\u00fablica (SESNSP), por instrucciones del presidente Andr\u00e9s Manuel L\u00f3pez Obrador. La exalcaldesa de Escobedo sustituy\u00f3 a Leonel Cota Monta\u00f1o, quien estuvo en el cargo hasta el pasado 19 de abril, [&hellip;]","og_url":"https:\/\/www.bbmnoticias.com\/labravaradiofm\/2022\/06\/21\/designan-a-clara-luz-flores-como-nueva-titular-del-sesnsp\/","og_site_name":"LA BRAVA RADIO","article_published_time":"2022-06-21T20:43:08+00:00","article_modified_time":"2022-06-21T20:43:09+00:00","og_image":[{"width":1201,"height":725,"url":"https:\/\/www.bbmnoticias.com\/labravaradiofm\/wp-content\/uploads\/sites\/5\/2022\/06\/clara-luz.webp","type":"image\/webp"}],"author":"Staff","twitter_card":"summary_large_image","twitter_misc":{"Escrito por":"Staff","Tiempo de lectura":"1 minuto"},"schema":{"@context":"https:\/\/schema.org","@graph":[{"@type":"Article","@id":"https:\/\/www.bbmnoticias.com\/labravaradiofm\/2022\/06\/21\/designan-a-clara-luz-flores-como-nueva-titular-del-sesnsp\/#article","isPartOf":{"@id":"https:\/\/www.bbmnoticias.com\/labravaradiofm\/2022\/06\/21\/designan-a-clara-luz-flores-como-nueva-titular-del-sesnsp\/"},"author":{"name":"Staff","@id":"https:\/\/www.bbmnoticias.com\/labravaradiofm\/#\/schema\/person\/34b139c617a70ea5bef5678bffe4dd7b"},"headline":"Designan a Clara Luz Flores como nueva titular del SESNSP","datePublished":"2022-06-21T20:43:08+00:00","dateModified":"2022-06-21T20:43:09+00:00","mainEntityOfPage":{"@id":"https:\/\/www.bbmnoticias.com\/labravaradiofm\/2022\/06\/21\/designan-a-clara-luz-flores-como-nueva-titular-del-sesnsp\/"},"wordCount":222,"image":{"@id":"https:\/\/www.bbmnoticias.com\/labravaradiofm\/2022\/06\/21\/designan-a-clara-luz-flores-como-nueva-titular-del-sesnsp\/#primaryimage"},"thumbnailUrl":"https:\/\/www.bbmnoticias.com\/labravaradiofm\/wp-content\/uploads\/sites\/5\/2022\/06\/clara-luz.webp","articleSection":["NACIONAL"],"inLanguage":"es"},{"@type":"WebPage","@id":"https:\/\/www.bbmnoticias.com\/labravaradiofm\/2022\/06\/21\/designan-a-clara-luz-flores-como-nueva-titular-del-sesnsp\/","url":"https:\/\/www.bbmnoticias.com\/labravaradiofm\/2022\/06\/21\/designan-a-clara-luz-flores-como-nueva-titular-del-sesnsp\/","name":"Designan a Clara Luz Flores como nueva titular del SESNSP - LA BRAVA RADIO","isPartOf":{"@id":"https:\/\/www.bbmnoticias.com\/labravaradiofm\/#website"},"primaryImageOfPage":{"@id":"https:\/\/www.bbmnoticias.com\/labravaradiofm\/2022\/06\/21\/designan-a-clara-luz-flores-como-nueva-titular-del-sesnsp\/#primaryimage"},"image":{"@id":"https:\/\/www.bbmnoticias.com\/labravaradiofm\/2022\/06\/21\/designan-a-clara-luz-flores-como-nueva-titular-del-sesnsp\/#primaryimage"},"thumbnailUrl":"https:\/\/www.bbmnoticias.com\/labravaradiofm\/wp-content\/uploads\/sites\/5\/2022\/06\/clara-luz.webp","datePublished":"2022-06-21T20:43:08+00:00","dateModified":"2022-06-21T20:43:09+00:00","author":{"@id":"https:\/\/www.bbmnoticias.com\/labravaradiofm\/#\/schema\/person\/34b139c617a70ea5bef5678bffe4dd7b"},"breadcrumb":{"@id":"https:\/\/www.bbmnoticias.com\/labravaradiofm\/2022\/06\/21\/designan-a-clara-luz-flores-como-nueva-titular-del-sesnsp\/#breadcrumb"},"inLanguage":"es","potentialAction":[{"@type":"ReadAction","target":["https:\/\/www.bbmnoticias.com\/labravaradiofm\/2022\/06\/21\/designan-a-clara-luz-flores-como-nueva-titular-del-sesnsp\/"]}]},{"@type":"ImageObject","inLanguage":"es","@id":"https:\/\/www.bbmnoticias.com\/labravaradiofm\/2022\/06\/21\/designan-a-clara-luz-flores-como-nueva-titular-del-sesnsp\/#primaryimage","url":"https:\/\/www.bbmnoticias.com\/labravaradiofm\/wp-content\/uploads\/sites\/5\/2022\/06\/clara-luz.webp","contentUrl":"https:\/\/www.bbmnoticias.com\/labravaradiofm\/wp-content\/uploads\/sites\/5\/2022\/06\/clara-luz.webp","width":1201,"height":725},{"@type":"BreadcrumbList","@id":"https:\/\/www.bbmnoticias.com\/labravaradiofm\/2022\/06\/21\/designan-a-clara-luz-flores-como-nueva-titular-del-sesnsp\/#breadcrumb","itemListElement":[{"@type":"ListItem","position":1,"name":"Inicio","item":"https:\/\/www.bbmnoticias.com\/labravaradiofm\/"},{"@type":"ListItem","position":2,"name":"Designan a Clara Luz Flores como nueva titular del SESNSP"}]},{"@type":"WebSite","@id":"https:\/\/www.bbmnoticias.com\/labravaradiofm\/#website","url":"https:\/\/www.bbmnoticias.com\/labravaradiofm\/","name":"LA BRAVA RADIO","description":"Empresa productora de medios, Radiodifusi\u00f3n, Noticias, tendencias y todo lo que necesitas saber de la pol\u00edtica mexicana e internacional; entretenimiento, espect\u00e1culos, salud y mucho m\u00e1s.","potentialAction":[{"@type":"SearchAction","target":{"@type":"EntryPoint","urlTemplate":"https:\/\/www.bbmnoticias.com\/labravaradiofm\/?s={search_term_string}"},"query-input":{"@type":"PropertyValueSpecification","valueRequired":true,"valueName":"search_term_string"}}],"inLanguage":"es"},{"@type":"Person","@id":"https:\/\/www.bbmnoticias.com\/labravaradiofm\/#\/schema\/person\/34b139c617a70ea5bef5678bffe4dd7b","name":"Staff","image":{"@type":"ImageObject","inLanguage":"es","@id":"https:\/\/secure.gravatar.com\/avatar\/fdd21ad66fd8b98c407f9dee5b5e588cfe7f0d8579ec20fa6527cd59bab7f0f0?s=96&d=mm&r=g","url":"https:\/\/secure.gravatar.com\/avatar\/fdd21ad66fd8b98c407f9dee5b5e588cfe7f0d8579ec20fa6527cd59bab7f0f0?s=96&d=mm&r=g","contentUrl":"https:\/\/secure.gravatar.com\/avatar\/fdd21ad66fd8b98c407f9dee5b5e588cfe7f0d8579ec20fa6527cd59bab7f0f0?s=96&d=mm&r=g","caption":"Staff"},"url":"https:\/\/www.bbmnoticias.com\/labravaradiofm\/author\/redaccion\/"}]}},"_links":{"self":[{"href":"https:\/\/www.bbmnoticias.com\/labravaradiofm\/wp-json\/wp\/v2\/posts\/14818","targetHints":{"allow":["GET"]}}],"collection":[{"href":"https:\/\/www.bbmnoticias.com\/labravaradiofm\/wp-json\/wp\/v2\/posts"}],"about":[{"href":"https:\/\/www.bbmnoticias.com\/labravaradiofm\/wp-json\/wp\/v2\/types\/post"}],"author":[{"embeddable":true,"href":"https:\/\/www.bbmnoticias.com\/labravaradiofm\/wp-json\/wp\/v2\/users\/2"}],"replies":[{"embeddable":true,"href":"https:\/\/www.bbmnoticias.com\/labravaradiofm\/wp-json\/wp\/v2\/comments?post=14818"}],"version-history":[{"count":0,"href":"https:\/\/www.bbmnoticias.com\/labravaradiofm\/wp-json\/wp\/v2\/posts\/14818\/revisions"}],"wp:featuredmedia":[{"embeddable":true,"href":"https:\/\/www.bbmnoticias.com\/labravaradiofm\/wp-json\/wp\/v2\/media\/14819"}],"wp:attachment":[{"href":"https:\/\/www.bbmnoticias.com\/labravaradiofm\/wp-json\/wp\/v2\/media?parent=14818"}],"wp:term":[{"taxonomy":"category","embeddable":true,"href":"https:\/\/www.bbmnoticias.com\/labravaradiofm\/wp-json\/wp\/v2\/categories?post=14818"},{"taxonomy":"post_tag","embeddable":true,"href":"https:\/\/www.bbmnoticias.com\/labravaradiofm\/wp-json\/wp\/v2\/tags?post=14818"}],"curies":[{"name":"wp","href":"https:\/\/api.w.org\/{rel}","templated":true}]}}