{"id":14815,"date":"2022-06-21T15:34:02","date_gmt":"2022-06-21T20:34:02","guid":{"rendered":"https:\/\/www.bbmnoticias.com\/labravaradiofm\/?p=14815"},"modified":"2022-06-21T15:34:04","modified_gmt":"2022-06-21T20:34:04","slug":"invita-ieepo-a-ciclo-de-webinars-alfabetizacion-emocional-que-organizan-la-sep-y-la-oei","status":"publish","type":"post","link":"https:\/\/www.bbmnoticias.com\/labravaradiofm\/2022\/06\/21\/invita-ieepo-a-ciclo-de-webinars-alfabetizacion-emocional-que-organizan-la-sep-y-la-oei\/","title":{"rendered":"Invita IEEPO a ciclo de webinars: Alfabetizaci\u00f3n emocional que organizan la SEP y la OEI"},"content":{"rendered":"<div style=\"margin-top: 0px; margin-bottom: 0px;\" class=\"sharethis-inline-share-buttons\" ><\/div>\n<p><strong>Oaxaca de Ju\u00e1rez, Oax. 21 de junio de 2022.-<\/strong> El Instituto Estatal de Educaci\u00f3n P\u00fablica de Oaxaca (IEEPO) invita a docentes y directivos de nivel b\u00e1sico, al Ciclo de Webinars: Alfabetizaci\u00f3n emocional, que organiza la Secretar\u00eda de Educaci\u00f3n P\u00fablica (SEP), a trav\u00e9s de la Subsecretar\u00eda de Educaci\u00f3n B\u00e1sica, en conjunto con la Organizaci\u00f3n de Estados Iberoamericanos para la Educaci\u00f3n, la Ciencia y la Cultura (OEI).<\/p>\n\n\n\n<p>Las actividades se desarrollar\u00e1n los d\u00edas 28, 29 y 30 de junio de 2022, en un horario de 10:00 a 11:30 horas, a trav\u00e9s de la plataforma <a href=\"https:\/\/www.facebook.com\/SEPmx\" target=\"_blank\" rel=\"noreferrer noopener\">https:\/\/www.facebook.com\/SEPmx<\/a>, con el objetivo de sensibilizar y aportar herramientas a maestras y maestros sobre la importancia de desarrollar sus habilidades socioemocionales, as\u00ed como las de sus estudiantes.<\/p>\n\n\n\n<p>El Ciclo de Webinars consiste en tres charlas que den espacio para la interacci\u00f3n. La primera a cargo de Bego\u00f1a Ibarrola, con el tema \u201c\u00bfC\u00f3mo se conectan las emociones de los alumnos el aprendizaje?\u201d; la segunda con Rafael Bisquerra, sobre \u201cEl bienestar docente en el centro de la educaci\u00f3n emocional\u201d y finalmente Carmen Garc\u00eda de Leaniz impartir\u00e1 el m\u00f3dulo \u201cHerramientas pr\u00e1cticas para la educaci\u00f3n emocional en contextos formales y no formales\u201d.<\/p>\n\n\n\n<p>Bego\u00f1a Ibarrola es psic\u00f3loga, escritora infantil y juvenil especialista en inteligencia emocional, consagrada divulgadora y docente en temas como la educaci\u00f3n emocional, la neuroeducaci\u00f3n, las inteligencias m\u00faltiples o la musicoterapia; en tanto que Carmen Garc\u00eda de Leaniz tiene m\u00e1s de 20 a\u00f1os de experiencia en el entrenamiento y desarrollo de habilidades socioemocionales, as\u00ed como en la educaci\u00f3n emocional para profesores, padres y alumnos, adem\u00e1s de ser coautora del libro \u201cHazte experto en inteligencia emocional\u201d.<\/p>\n\n\n\n<p>Asimismo, Rafael Bisquerra es licenciado en Pedagog\u00eda y Psicolog\u00eda, doctor en Ciencias de la Educaci\u00f3n y presidente de la Red Internacional de Educaci\u00f3n Emocional y Bienestar (RIEEB), catedr\u00e1tico de Orientaci\u00f3n Psicopedag\u00f3gica y dirige el Posgrado en Educaci\u00f3n Emocional y Bienestar y el Postgrado en Inteligencia Emocional en las Organizaciones de la Universidad de Barcelona.<\/p>\n\n\n\n<p>Lleva m\u00e1s de tres d\u00e9cadas investigando el mundo de las emociones, que ha plasmado en libros como \u201cEducaci\u00f3n emocional y bienestar\u201d o \u201cPrevenci\u00f3n del acoso escolar con educaci\u00f3n emocional\u201d, entre otros. En caso de requerir mayor informaci\u00f3n, las y los interesados pueden escribir a la cuenta de correo electr\u00f3nico <a href=\"mailto:estrategia.trayectorias@nube.sep.gob.mx\" target=\"_blank\" rel=\"noreferrer noopener\">estrategia.trayectorias@nube.sep.gob.mx<\/a>.<\/p>\n","protected":false},"excerpt":{"rendered":"<p>Oaxaca de Ju\u00e1rez, Oax. 21 de junio de 2022.- El Instituto Estatal de Educaci\u00f3n P\u00fablica de Oaxaca (IEEPO) invita a docentes y directivos de nivel b\u00e1sico, al Ciclo de Webinars: Alfabetizaci\u00f3n emocional, que organiza la Secretar\u00eda de Educaci\u00f3n P\u00fablica (SEP), a trav\u00e9s de la Subsecretar\u00eda de Educaci\u00f3n B\u00e1sica, en conjunto con la Organizaci\u00f3n de Estados [&hellip;]<\/p>\n","protected":false},"author":2,"featured_media":14816,"comment_status":"closed","ping_status":"closed","sticky":false,"template":"","format":"standard","meta":{"footnotes":""},"categories":[2],"tags":[],"class_list":{"0":"post-14815","1":"post","2":"type-post","3":"status-publish","4":"format-standard","5":"has-post-thumbnail","7":"category-oaxaca"},"yoast_head":"<!-- This site is optimized with the Yoast SEO plugin v27.4 - https:\/\/yoast.com\/product\/yoast-seo-wordpress\/ -->\n<title>Invita IEEPO a ciclo de webinars: Alfabetizaci\u00f3n emocional que organizan la SEP y la OEI - LA BRAVA RADIO<\/title>\n<meta name=\"robots\" content=\"index, follow, max-snippet:-1, max-image-preview:large, max-video-preview:-1\" \/>\n<link rel=\"canonical\" href=\"https:\/\/www.bbmnoticias.com\/labravaradiofm\/2022\/06\/21\/invita-ieepo-a-ciclo-de-webinars-alfabetizacion-emocional-que-organizan-la-sep-y-la-oei\/\" \/>\n<meta property=\"og:locale\" content=\"es_MX\" \/>\n<meta property=\"og:type\" content=\"article\" \/>\n<meta property=\"og:title\" content=\"Invita IEEPO a ciclo de webinars: Alfabetizaci\u00f3n emocional que organizan la SEP y la OEI - LA BRAVA RADIO\" \/>\n<meta property=\"og:description\" content=\"Oaxaca de Ju\u00e1rez, Oax. 21 de junio de 2022.- El Instituto Estatal de Educaci\u00f3n P\u00fablica de Oaxaca (IEEPO) invita a docentes y directivos de nivel b\u00e1sico, al Ciclo de Webinars: Alfabetizaci\u00f3n emocional, que organiza la Secretar\u00eda de Educaci\u00f3n P\u00fablica (SEP), a trav\u00e9s de la Subsecretar\u00eda de Educaci\u00f3n B\u00e1sica, en conjunto con la Organizaci\u00f3n de Estados [&hellip;]\" \/>\n<meta property=\"og:url\" content=\"https:\/\/www.bbmnoticias.com\/labravaradiofm\/2022\/06\/21\/invita-ieepo-a-ciclo-de-webinars-alfabetizacion-emocional-que-organizan-la-sep-y-la-oei\/\" \/>\n<meta property=\"og:site_name\" content=\"LA BRAVA RADIO\" \/>\n<meta property=\"article:published_time\" content=\"2022-06-21T20:34:02+00:00\" \/>\n<meta property=\"article:modified_time\" content=\"2022-06-21T20:34:04+00:00\" \/>\n<meta property=\"og:image\" content=\"https:\/\/www.bbmnoticias.com\/labravaradiofm\/wp-content\/uploads\/sites\/5\/2022\/06\/ieepo-cursos.jpg\" \/>\n\t<meta property=\"og:image:width\" content=\"800\" \/>\n\t<meta property=\"og:image:height\" content=\"552\" \/>\n\t<meta property=\"og:image:type\" content=\"image\/jpeg\" \/>\n<meta name=\"author\" content=\"Staff\" \/>\n<meta name=\"twitter:card\" content=\"summary_large_image\" \/>\n<meta name=\"twitter:label1\" content=\"Escrito por\" \/>\n\t<meta name=\"twitter:data1\" content=\"Staff\" \/>\n\t<meta name=\"twitter:label2\" content=\"Tiempo de lectura\" \/>\n\t<meta name=\"twitter:data2\" content=\"2 minutos\" \/>\n<script type=\"application\/ld+json\" class=\"yoast-schema-graph\">{\"@context\":\"https:\\\/\\\/schema.org\",\"@graph\":[{\"@type\":\"Article\",\"@id\":\"https:\\\/\\\/www.bbmnoticias.com\\\/labravaradiofm\\\/2022\\\/06\\\/21\\\/invita-ieepo-a-ciclo-de-webinars-alfabetizacion-emocional-que-organizan-la-sep-y-la-oei\\\/#article\",\"isPartOf\":{\"@id\":\"https:\\\/\\\/www.bbmnoticias.com\\\/labravaradiofm\\\/2022\\\/06\\\/21\\\/invita-ieepo-a-ciclo-de-webinars-alfabetizacion-emocional-que-organizan-la-sep-y-la-oei\\\/\"},\"author\":{\"name\":\"Staff\",\"@id\":\"https:\\\/\\\/www.bbmnoticias.com\\\/labravaradiofm\\\/#\\\/schema\\\/person\\\/34b139c617a70ea5bef5678bffe4dd7b\"},\"headline\":\"Invita IEEPO a ciclo de webinars: Alfabetizaci\u00f3n emocional que organizan la SEP y la OEI\",\"datePublished\":\"2022-06-21T20:34:02+00:00\",\"dateModified\":\"2022-06-21T20:34:04+00:00\",\"mainEntityOfPage\":{\"@id\":\"https:\\\/\\\/www.bbmnoticias.com\\\/labravaradiofm\\\/2022\\\/06\\\/21\\\/invita-ieepo-a-ciclo-de-webinars-alfabetizacion-emocional-que-organizan-la-sep-y-la-oei\\\/\"},\"wordCount\":435,\"image\":{\"@id\":\"https:\\\/\\\/www.bbmnoticias.com\\\/labravaradiofm\\\/2022\\\/06\\\/21\\\/invita-ieepo-a-ciclo-de-webinars-alfabetizacion-emocional-que-organizan-la-sep-y-la-oei\\\/#primaryimage\"},\"thumbnailUrl\":\"https:\\\/\\\/www.bbmnoticias.com\\\/labravaradiofm\\\/wp-content\\\/uploads\\\/sites\\\/5\\\/2022\\\/06\\\/ieepo-cursos.jpg\",\"articleSection\":[\"LOCAL\"],\"inLanguage\":\"es\"},{\"@type\":\"WebPage\",\"@id\":\"https:\\\/\\\/www.bbmnoticias.com\\\/labravaradiofm\\\/2022\\\/06\\\/21\\\/invita-ieepo-a-ciclo-de-webinars-alfabetizacion-emocional-que-organizan-la-sep-y-la-oei\\\/\",\"url\":\"https:\\\/\\\/www.bbmnoticias.com\\\/labravaradiofm\\\/2022\\\/06\\\/21\\\/invita-ieepo-a-ciclo-de-webinars-alfabetizacion-emocional-que-organizan-la-sep-y-la-oei\\\/\",\"name\":\"Invita IEEPO a ciclo de webinars: Alfabetizaci\u00f3n emocional que organizan la SEP y la OEI - LA BRAVA RADIO\",\"isPartOf\":{\"@id\":\"https:\\\/\\\/www.bbmnoticias.com\\\/labravaradiofm\\\/#website\"},\"primaryImageOfPage\":{\"@id\":\"https:\\\/\\\/www.bbmnoticias.com\\\/labravaradiofm\\\/2022\\\/06\\\/21\\\/invita-ieepo-a-ciclo-de-webinars-alfabetizacion-emocional-que-organizan-la-sep-y-la-oei\\\/#primaryimage\"},\"image\":{\"@id\":\"https:\\\/\\\/www.bbmnoticias.com\\\/labravaradiofm\\\/2022\\\/06\\\/21\\\/invita-ieepo-a-ciclo-de-webinars-alfabetizacion-emocional-que-organizan-la-sep-y-la-oei\\\/#primaryimage\"},\"thumbnailUrl\":\"https:\\\/\\\/www.bbmnoticias.com\\\/labravaradiofm\\\/wp-content\\\/uploads\\\/sites\\\/5\\\/2022\\\/06\\\/ieepo-cursos.jpg\",\"datePublished\":\"2022-06-21T20:34:02+00:00\",\"dateModified\":\"2022-06-21T20:34:04+00:00\",\"author\":{\"@id\":\"https:\\\/\\\/www.bbmnoticias.com\\\/labravaradiofm\\\/#\\\/schema\\\/person\\\/34b139c617a70ea5bef5678bffe4dd7b\"},\"breadcrumb\":{\"@id\":\"https:\\\/\\\/www.bbmnoticias.com\\\/labravaradiofm\\\/2022\\\/06\\\/21\\\/invita-ieepo-a-ciclo-de-webinars-alfabetizacion-emocional-que-organizan-la-sep-y-la-oei\\\/#breadcrumb\"},\"inLanguage\":\"es\",\"potentialAction\":[{\"@type\":\"ReadAction\",\"target\":[\"https:\\\/\\\/www.bbmnoticias.com\\\/labravaradiofm\\\/2022\\\/06\\\/21\\\/invita-ieepo-a-ciclo-de-webinars-alfabetizacion-emocional-que-organizan-la-sep-y-la-oei\\\/\"]}]},{\"@type\":\"ImageObject\",\"inLanguage\":\"es\",\"@id\":\"https:\\\/\\\/www.bbmnoticias.com\\\/labravaradiofm\\\/2022\\\/06\\\/21\\\/invita-ieepo-a-ciclo-de-webinars-alfabetizacion-emocional-que-organizan-la-sep-y-la-oei\\\/#primaryimage\",\"url\":\"https:\\\/\\\/www.bbmnoticias.com\\\/labravaradiofm\\\/wp-content\\\/uploads\\\/sites\\\/5\\\/2022\\\/06\\\/ieepo-cursos.jpg\",\"contentUrl\":\"https:\\\/\\\/www.bbmnoticias.com\\\/labravaradiofm\\\/wp-content\\\/uploads\\\/sites\\\/5\\\/2022\\\/06\\\/ieepo-cursos.jpg\",\"width\":800,\"height\":552},{\"@type\":\"BreadcrumbList\",\"@id\":\"https:\\\/\\\/www.bbmnoticias.com\\\/labravaradiofm\\\/2022\\\/06\\\/21\\\/invita-ieepo-a-ciclo-de-webinars-alfabetizacion-emocional-que-organizan-la-sep-y-la-oei\\\/#breadcrumb\",\"itemListElement\":[{\"@type\":\"ListItem\",\"position\":1,\"name\":\"Inicio\",\"item\":\"https:\\\/\\\/www.bbmnoticias.com\\\/labravaradiofm\\\/\"},{\"@type\":\"ListItem\",\"position\":2,\"name\":\"Invita IEEPO a ciclo de webinars: Alfabetizaci\u00f3n emocional que organizan la SEP y la OEI\"}]},{\"@type\":\"WebSite\",\"@id\":\"https:\\\/\\\/www.bbmnoticias.com\\\/labravaradiofm\\\/#website\",\"url\":\"https:\\\/\\\/www.bbmnoticias.com\\\/labravaradiofm\\\/\",\"name\":\"LA BRAVA RADIO\",\"description\":\"Empresa productora de medios, Radiodifusi\u00f3n, Noticias, tendencias y todo lo que necesitas saber de la pol\u00edtica mexicana e internacional; entretenimiento, espect\u00e1culos, salud y mucho m\u00e1s.\",\"potentialAction\":[{\"@type\":\"SearchAction\",\"target\":{\"@type\":\"EntryPoint\",\"urlTemplate\":\"https:\\\/\\\/www.bbmnoticias.com\\\/labravaradiofm\\\/?s={search_term_string}\"},\"query-input\":{\"@type\":\"PropertyValueSpecification\",\"valueRequired\":true,\"valueName\":\"search_term_string\"}}],\"inLanguage\":\"es\"},{\"@type\":\"Person\",\"@id\":\"https:\\\/\\\/www.bbmnoticias.com\\\/labravaradiofm\\\/#\\\/schema\\\/person\\\/34b139c617a70ea5bef5678bffe4dd7b\",\"name\":\"Staff\",\"image\":{\"@type\":\"ImageObject\",\"inLanguage\":\"es\",\"@id\":\"https:\\\/\\\/secure.gravatar.com\\\/avatar\\\/fdd21ad66fd8b98c407f9dee5b5e588cfe7f0d8579ec20fa6527cd59bab7f0f0?s=96&d=mm&r=g\",\"url\":\"https:\\\/\\\/secure.gravatar.com\\\/avatar\\\/fdd21ad66fd8b98c407f9dee5b5e588cfe7f0d8579ec20fa6527cd59bab7f0f0?s=96&d=mm&r=g\",\"contentUrl\":\"https:\\\/\\\/secure.gravatar.com\\\/avatar\\\/fdd21ad66fd8b98c407f9dee5b5e588cfe7f0d8579ec20fa6527cd59bab7f0f0?s=96&d=mm&r=g\",\"caption\":\"Staff\"},\"url\":\"https:\\\/\\\/www.bbmnoticias.com\\\/labravaradiofm\\\/author\\\/redaccion\\\/\"}]}<\/script>\n<!-- \/ Yoast SEO plugin. -->","yoast_head_json":{"title":"Invita IEEPO a ciclo de webinars: Alfabetizaci\u00f3n emocional que organizan la SEP y la OEI - LA BRAVA RADIO","robots":{"index":"index","follow":"follow","max-snippet":"max-snippet:-1","max-image-preview":"max-image-preview:large","max-video-preview":"max-video-preview:-1"},"canonical":"https:\/\/www.bbmnoticias.com\/labravaradiofm\/2022\/06\/21\/invita-ieepo-a-ciclo-de-webinars-alfabetizacion-emocional-que-organizan-la-sep-y-la-oei\/","og_locale":"es_MX","og_type":"article","og_title":"Invita IEEPO a ciclo de webinars: Alfabetizaci\u00f3n emocional que organizan la SEP y la OEI - LA BRAVA RADIO","og_description":"Oaxaca de Ju\u00e1rez, Oax. 21 de junio de 2022.- El Instituto Estatal de Educaci\u00f3n P\u00fablica de Oaxaca (IEEPO) invita a docentes y directivos de nivel b\u00e1sico, al Ciclo de Webinars: Alfabetizaci\u00f3n emocional, que organiza la Secretar\u00eda de Educaci\u00f3n P\u00fablica (SEP), a trav\u00e9s de la Subsecretar\u00eda de Educaci\u00f3n B\u00e1sica, en conjunto con la Organizaci\u00f3n de Estados [&hellip;]","og_url":"https:\/\/www.bbmnoticias.com\/labravaradiofm\/2022\/06\/21\/invita-ieepo-a-ciclo-de-webinars-alfabetizacion-emocional-que-organizan-la-sep-y-la-oei\/","og_site_name":"LA BRAVA RADIO","article_published_time":"2022-06-21T20:34:02+00:00","article_modified_time":"2022-06-21T20:34:04+00:00","og_image":[{"width":800,"height":552,"url":"https:\/\/www.bbmnoticias.com\/labravaradiofm\/wp-content\/uploads\/sites\/5\/2022\/06\/ieepo-cursos.jpg","type":"image\/jpeg"}],"author":"Staff","twitter_card":"summary_large_image","twitter_misc":{"Escrito por":"Staff","Tiempo de lectura":"2 minutos"},"schema":{"@context":"https:\/\/schema.org","@graph":[{"@type":"Article","@id":"https:\/\/www.bbmnoticias.com\/labravaradiofm\/2022\/06\/21\/invita-ieepo-a-ciclo-de-webinars-alfabetizacion-emocional-que-organizan-la-sep-y-la-oei\/#article","isPartOf":{"@id":"https:\/\/www.bbmnoticias.com\/labravaradiofm\/2022\/06\/21\/invita-ieepo-a-ciclo-de-webinars-alfabetizacion-emocional-que-organizan-la-sep-y-la-oei\/"},"author":{"name":"Staff","@id":"https:\/\/www.bbmnoticias.com\/labravaradiofm\/#\/schema\/person\/34b139c617a70ea5bef5678bffe4dd7b"},"headline":"Invita IEEPO a ciclo de webinars: Alfabetizaci\u00f3n emocional que organizan la SEP y la OEI","datePublished":"2022-06-21T20:34:02+00:00","dateModified":"2022-06-21T20:34:04+00:00","mainEntityOfPage":{"@id":"https:\/\/www.bbmnoticias.com\/labravaradiofm\/2022\/06\/21\/invita-ieepo-a-ciclo-de-webinars-alfabetizacion-emocional-que-organizan-la-sep-y-la-oei\/"},"wordCount":435,"image":{"@id":"https:\/\/www.bbmnoticias.com\/labravaradiofm\/2022\/06\/21\/invita-ieepo-a-ciclo-de-webinars-alfabetizacion-emocional-que-organizan-la-sep-y-la-oei\/#primaryimage"},"thumbnailUrl":"https:\/\/www.bbmnoticias.com\/labravaradiofm\/wp-content\/uploads\/sites\/5\/2022\/06\/ieepo-cursos.jpg","articleSection":["LOCAL"],"inLanguage":"es"},{"@type":"WebPage","@id":"https:\/\/www.bbmnoticias.com\/labravaradiofm\/2022\/06\/21\/invita-ieepo-a-ciclo-de-webinars-alfabetizacion-emocional-que-organizan-la-sep-y-la-oei\/","url":"https:\/\/www.bbmnoticias.com\/labravaradiofm\/2022\/06\/21\/invita-ieepo-a-ciclo-de-webinars-alfabetizacion-emocional-que-organizan-la-sep-y-la-oei\/","name":"Invita IEEPO a ciclo de webinars: Alfabetizaci\u00f3n emocional que organizan la SEP y la OEI - LA BRAVA RADIO","isPartOf":{"@id":"https:\/\/www.bbmnoticias.com\/labravaradiofm\/#website"},"primaryImageOfPage":{"@id":"https:\/\/www.bbmnoticias.com\/labravaradiofm\/2022\/06\/21\/invita-ieepo-a-ciclo-de-webinars-alfabetizacion-emocional-que-organizan-la-sep-y-la-oei\/#primaryimage"},"image":{"@id":"https:\/\/www.bbmnoticias.com\/labravaradiofm\/2022\/06\/21\/invita-ieepo-a-ciclo-de-webinars-alfabetizacion-emocional-que-organizan-la-sep-y-la-oei\/#primaryimage"},"thumbnailUrl":"https:\/\/www.bbmnoticias.com\/labravaradiofm\/wp-content\/uploads\/sites\/5\/2022\/06\/ieepo-cursos.jpg","datePublished":"2022-06-21T20:34:02+00:00","dateModified":"2022-06-21T20:34:04+00:00","author":{"@id":"https:\/\/www.bbmnoticias.com\/labravaradiofm\/#\/schema\/person\/34b139c617a70ea5bef5678bffe4dd7b"},"breadcrumb":{"@id":"https:\/\/www.bbmnoticias.com\/labravaradiofm\/2022\/06\/21\/invita-ieepo-a-ciclo-de-webinars-alfabetizacion-emocional-que-organizan-la-sep-y-la-oei\/#breadcrumb"},"inLanguage":"es","potentialAction":[{"@type":"ReadAction","target":["https:\/\/www.bbmnoticias.com\/labravaradiofm\/2022\/06\/21\/invita-ieepo-a-ciclo-de-webinars-alfabetizacion-emocional-que-organizan-la-sep-y-la-oei\/"]}]},{"@type":"ImageObject","inLanguage":"es","@id":"https:\/\/www.bbmnoticias.com\/labravaradiofm\/2022\/06\/21\/invita-ieepo-a-ciclo-de-webinars-alfabetizacion-emocional-que-organizan-la-sep-y-la-oei\/#primaryimage","url":"https:\/\/www.bbmnoticias.com\/labravaradiofm\/wp-content\/uploads\/sites\/5\/2022\/06\/ieepo-cursos.jpg","contentUrl":"https:\/\/www.bbmnoticias.com\/labravaradiofm\/wp-content\/uploads\/sites\/5\/2022\/06\/ieepo-cursos.jpg","width":800,"height":552},{"@type":"BreadcrumbList","@id":"https:\/\/www.bbmnoticias.com\/labravaradiofm\/2022\/06\/21\/invita-ieepo-a-ciclo-de-webinars-alfabetizacion-emocional-que-organizan-la-sep-y-la-oei\/#breadcrumb","itemListElement":[{"@type":"ListItem","position":1,"name":"Inicio","item":"https:\/\/www.bbmnoticias.com\/labravaradiofm\/"},{"@type":"ListItem","position":2,"name":"Invita IEEPO a ciclo de webinars: Alfabetizaci\u00f3n emocional que organizan la SEP y la OEI"}]},{"@type":"WebSite","@id":"https:\/\/www.bbmnoticias.com\/labravaradiofm\/#website","url":"https:\/\/www.bbmnoticias.com\/labravaradiofm\/","name":"LA BRAVA RADIO","description":"Empresa productora de medios, Radiodifusi\u00f3n, Noticias, tendencias y todo lo que necesitas saber de la pol\u00edtica mexicana e internacional; entretenimiento, espect\u00e1culos, salud y mucho m\u00e1s.","potentialAction":[{"@type":"SearchAction","target":{"@type":"EntryPoint","urlTemplate":"https:\/\/www.bbmnoticias.com\/labravaradiofm\/?s={search_term_string}"},"query-input":{"@type":"PropertyValueSpecification","valueRequired":true,"valueName":"search_term_string"}}],"inLanguage":"es"},{"@type":"Person","@id":"https:\/\/www.bbmnoticias.com\/labravaradiofm\/#\/schema\/person\/34b139c617a70ea5bef5678bffe4dd7b","name":"Staff","image":{"@type":"ImageObject","inLanguage":"es","@id":"https:\/\/secure.gravatar.com\/avatar\/fdd21ad66fd8b98c407f9dee5b5e588cfe7f0d8579ec20fa6527cd59bab7f0f0?s=96&d=mm&r=g","url":"https:\/\/secure.gravatar.com\/avatar\/fdd21ad66fd8b98c407f9dee5b5e588cfe7f0d8579ec20fa6527cd59bab7f0f0?s=96&d=mm&r=g","contentUrl":"https:\/\/secure.gravatar.com\/avatar\/fdd21ad66fd8b98c407f9dee5b5e588cfe7f0d8579ec20fa6527cd59bab7f0f0?s=96&d=mm&r=g","caption":"Staff"},"url":"https:\/\/www.bbmnoticias.com\/labravaradiofm\/author\/redaccion\/"}]}},"_links":{"self":[{"href":"https:\/\/www.bbmnoticias.com\/labravaradiofm\/wp-json\/wp\/v2\/posts\/14815","targetHints":{"allow":["GET"]}}],"collection":[{"href":"https:\/\/www.bbmnoticias.com\/labravaradiofm\/wp-json\/wp\/v2\/posts"}],"about":[{"href":"https:\/\/www.bbmnoticias.com\/labravaradiofm\/wp-json\/wp\/v2\/types\/post"}],"author":[{"embeddable":true,"href":"https:\/\/www.bbmnoticias.com\/labravaradiofm\/wp-json\/wp\/v2\/users\/2"}],"replies":[{"embeddable":true,"href":"https:\/\/www.bbmnoticias.com\/labravaradiofm\/wp-json\/wp\/v2\/comments?post=14815"}],"version-history":[{"count":0,"href":"https:\/\/www.bbmnoticias.com\/labravaradiofm\/wp-json\/wp\/v2\/posts\/14815\/revisions"}],"wp:featuredmedia":[{"embeddable":true,"href":"https:\/\/www.bbmnoticias.com\/labravaradiofm\/wp-json\/wp\/v2\/media\/14816"}],"wp:attachment":[{"href":"https:\/\/www.bbmnoticias.com\/labravaradiofm\/wp-json\/wp\/v2\/media?parent=14815"}],"wp:term":[{"taxonomy":"category","embeddable":true,"href":"https:\/\/www.bbmnoticias.com\/labravaradiofm\/wp-json\/wp\/v2\/categories?post=14815"},{"taxonomy":"post_tag","embeddable":true,"href":"https:\/\/www.bbmnoticias.com\/labravaradiofm\/wp-json\/wp\/v2\/tags?post=14815"}],"curies":[{"name":"wp","href":"https:\/\/api.w.org\/{rel}","templated":true}]}}