{"id":14802,"date":"2022-06-21T13:44:02","date_gmt":"2022-06-21T18:44:02","guid":{"rendered":"https:\/\/www.bbmnoticias.com\/labravaradiofm\/?p=14802"},"modified":"2022-06-21T18:08:12","modified_gmt":"2022-06-21T23:08:12","slug":"celia-se-intensifico-a-tormenta-tropical-provocara-lluvias-torrenciales-en-guerrero-oaxaca-puebla-y-veracruz","status":"publish","type":"post","link":"https:\/\/www.bbmnoticias.com\/labravaradiofm\/2022\/06\/21\/celia-se-intensifico-a-tormenta-tropical-provocara-lluvias-torrenciales-en-guerrero-oaxaca-puebla-y-veracruz\/","title":{"rendered":"Celia se intensific\u00f3 a tormenta tropical; provocar\u00e1 lluvias torrenciales en Guerrero, Oaxaca, Puebla y Veracruz"},"content":{"rendered":"<div style=\"margin-top: 0px; margin-bottom: 0px;\" class=\"sharethis-inline-share-buttons\" ><\/div>\n<p>Como lo hab\u00eda previsto el Sistema Meteorol\u00f3gico Nacional, la <strong>depresi\u00f3n tropical \u201cCelia\u201d se intensific\u00f3 y pas\u00f3 a tormenta tropical, <\/strong>cuyo centro se ubica&nbsp; al sur-suroeste de Lagunas de Chacahua, Oaxaca.&nbsp;<\/p>\n\n\n\n<p>&nbsp; De acuerdo con la dependencia de la Comisi\u00f3n Nacional del Agua (Conagua), a las 10:00 horas, tiempo del centro de M\u00e9xico, la <strong>depresi\u00f3n tropical Celia se intensific\u00f3 a tormenta tropical<\/strong>; su centro se localiz\u00f3 aproximadamente a 525 kil\u00f3metros (km) al sur-suroeste de <strong>Lagunas de Chacahua<\/strong>, Oaxaca, y a 590 km al sur de Acapulco, Guerrero, con vientos m\u00e1ximos sostenidos de 65 kil\u00f3metros por hora (km\/h), rachas de 85 km\/h y desplazamiento hacia el oeste a 19 km\/h.&nbsp;<\/p>\n\n\n\n<p>&nbsp; La circulaci\u00f3n del sistema interacciona con un canal de baja presi\u00f3n y con la Onda Tropical N\u00famero 6, condiciones que generan lluvias torrenciales en Guerrero, Oaxaca, Puebla y Veracruz; intensas en Chiapas y Michoac\u00e1n; muy fuertes en Colima y Tabasco, as\u00ed como viento con rachas de 50 a 60 km\/h y oleaje de 1 a 3 metros de altura en costas de Guerrero y Oaxaca.&nbsp;<\/p>\n\n\n\n<p>Las precipitaciones pronosticadas por los sistemas descritos podr\u00edan incrementar el nivel de r\u00edos y arroyos, y provocar desbordamientos e inundaciones, por lo que se exhorta a la poblaci\u00f3n a atender los avisos del Servicio Meteorol\u00f3gico Nacional (SMN), de la Comisi\u00f3n Nacional del Agua (Conagua), y seguir las indicaciones de las autoridades estatales, municipales y de Protecci\u00f3n Civil.&nbsp;<\/p>\n\n\n\n<p>&nbsp; A la navegaci\u00f3n mar\u00edtima se le hace un llamado a extremar precauciones por vientos y oleaje frente a las costas de Chiapas y Oaxaca.<\/p>\n","protected":false},"excerpt":{"rendered":"<p>Como lo hab\u00eda previsto el Sistema Meteorol\u00f3gico Nacional, la depresi\u00f3n tropical \u201cCelia\u201d se intensific\u00f3 y pas\u00f3 a tormenta tropical, cuyo centro se ubica&nbsp; al sur-suroeste de Lagunas de Chacahua, Oaxaca.&nbsp; &nbsp; De acuerdo con la dependencia de la Comisi\u00f3n Nacional del Agua (Conagua), a las 10:00 horas, tiempo del centro de M\u00e9xico, la depresi\u00f3n tropical [&hellip;]<\/p>\n","protected":false},"author":2,"featured_media":14806,"comment_status":"closed","ping_status":"closed","sticky":false,"template":"","format":"standard","meta":{"footnotes":""},"categories":[2],"tags":[],"class_list":{"0":"post-14802","1":"post","2":"type-post","3":"status-publish","4":"format-standard","5":"has-post-thumbnail","7":"category-oaxaca"},"yoast_head":"<!-- This site is optimized with the Yoast SEO plugin v27.4 - https:\/\/yoast.com\/product\/yoast-seo-wordpress\/ -->\n<title>Celia se intensific\u00f3 a tormenta tropical; provocar\u00e1 lluvias torrenciales en Guerrero, Oaxaca, Puebla y Veracruz - LA BRAVA RADIO<\/title>\n<meta name=\"robots\" content=\"index, follow, max-snippet:-1, max-image-preview:large, max-video-preview:-1\" \/>\n<link rel=\"canonical\" href=\"https:\/\/www.bbmnoticias.com\/labravaradiofm\/2022\/06\/21\/celia-se-intensifico-a-tormenta-tropical-provocara-lluvias-torrenciales-en-guerrero-oaxaca-puebla-y-veracruz\/\" \/>\n<meta property=\"og:locale\" content=\"es_MX\" \/>\n<meta property=\"og:type\" content=\"article\" \/>\n<meta property=\"og:title\" content=\"Celia se intensific\u00f3 a tormenta tropical; provocar\u00e1 lluvias torrenciales en Guerrero, Oaxaca, Puebla y Veracruz - LA BRAVA RADIO\" \/>\n<meta property=\"og:description\" content=\"Como lo hab\u00eda previsto el Sistema Meteorol\u00f3gico Nacional, la depresi\u00f3n tropical \u201cCelia\u201d se intensific\u00f3 y pas\u00f3 a tormenta tropical, cuyo centro se ubica&nbsp; al sur-suroeste de Lagunas de Chacahua, Oaxaca.&nbsp; &nbsp; De acuerdo con la dependencia de la Comisi\u00f3n Nacional del Agua (Conagua), a las 10:00 horas, tiempo del centro de M\u00e9xico, la depresi\u00f3n tropical [&hellip;]\" \/>\n<meta property=\"og:url\" content=\"https:\/\/www.bbmnoticias.com\/labravaradiofm\/2022\/06\/21\/celia-se-intensifico-a-tormenta-tropical-provocara-lluvias-torrenciales-en-guerrero-oaxaca-puebla-y-veracruz\/\" \/>\n<meta property=\"og:site_name\" content=\"LA BRAVA RADIO\" \/>\n<meta property=\"article:published_time\" content=\"2022-06-21T18:44:02+00:00\" \/>\n<meta property=\"article:modified_time\" content=\"2022-06-21T23:08:12+00:00\" \/>\n<meta property=\"og:image\" content=\"https:\/\/www.bbmnoticias.com\/labravaradiofm\/wp-content\/uploads\/sites\/5\/2022\/06\/celia-tormenta-tropical.jpg\" \/>\n\t<meta property=\"og:image:width\" content=\"800\" \/>\n\t<meta property=\"og:image:height\" content=\"488\" \/>\n\t<meta property=\"og:image:type\" content=\"image\/jpeg\" \/>\n<meta name=\"author\" content=\"Staff\" \/>\n<meta name=\"twitter:card\" content=\"summary_large_image\" \/>\n<meta name=\"twitter:label1\" content=\"Escrito por\" \/>\n\t<meta name=\"twitter:data1\" content=\"Staff\" \/>\n\t<meta name=\"twitter:label2\" content=\"Tiempo de lectura\" \/>\n\t<meta name=\"twitter:data2\" content=\"2 minutos\" \/>\n<script type=\"application\/ld+json\" class=\"yoast-schema-graph\">{\"@context\":\"https:\\\/\\\/schema.org\",\"@graph\":[{\"@type\":\"Article\",\"@id\":\"https:\\\/\\\/www.bbmnoticias.com\\\/labravaradiofm\\\/2022\\\/06\\\/21\\\/celia-se-intensifico-a-tormenta-tropical-provocara-lluvias-torrenciales-en-guerrero-oaxaca-puebla-y-veracruz\\\/#article\",\"isPartOf\":{\"@id\":\"https:\\\/\\\/www.bbmnoticias.com\\\/labravaradiofm\\\/2022\\\/06\\\/21\\\/celia-se-intensifico-a-tormenta-tropical-provocara-lluvias-torrenciales-en-guerrero-oaxaca-puebla-y-veracruz\\\/\"},\"author\":{\"name\":\"Staff\",\"@id\":\"https:\\\/\\\/www.bbmnoticias.com\\\/labravaradiofm\\\/#\\\/schema\\\/person\\\/34b139c617a70ea5bef5678bffe4dd7b\"},\"headline\":\"Celia se intensific\u00f3 a tormenta tropical; provocar\u00e1 lluvias torrenciales en Guerrero, Oaxaca, Puebla y Veracruz\",\"datePublished\":\"2022-06-21T18:44:02+00:00\",\"dateModified\":\"2022-06-21T23:08:12+00:00\",\"mainEntityOfPage\":{\"@id\":\"https:\\\/\\\/www.bbmnoticias.com\\\/labravaradiofm\\\/2022\\\/06\\\/21\\\/celia-se-intensifico-a-tormenta-tropical-provocara-lluvias-torrenciales-en-guerrero-oaxaca-puebla-y-veracruz\\\/\"},\"wordCount\":290,\"image\":{\"@id\":\"https:\\\/\\\/www.bbmnoticias.com\\\/labravaradiofm\\\/2022\\\/06\\\/21\\\/celia-se-intensifico-a-tormenta-tropical-provocara-lluvias-torrenciales-en-guerrero-oaxaca-puebla-y-veracruz\\\/#primaryimage\"},\"thumbnailUrl\":\"https:\\\/\\\/www.bbmnoticias.com\\\/labravaradiofm\\\/wp-content\\\/uploads\\\/sites\\\/5\\\/2022\\\/06\\\/celia-tormenta-tropical.jpg\",\"articleSection\":[\"LOCAL\"],\"inLanguage\":\"es\"},{\"@type\":\"WebPage\",\"@id\":\"https:\\\/\\\/www.bbmnoticias.com\\\/labravaradiofm\\\/2022\\\/06\\\/21\\\/celia-se-intensifico-a-tormenta-tropical-provocara-lluvias-torrenciales-en-guerrero-oaxaca-puebla-y-veracruz\\\/\",\"url\":\"https:\\\/\\\/www.bbmnoticias.com\\\/labravaradiofm\\\/2022\\\/06\\\/21\\\/celia-se-intensifico-a-tormenta-tropical-provocara-lluvias-torrenciales-en-guerrero-oaxaca-puebla-y-veracruz\\\/\",\"name\":\"Celia se intensific\u00f3 a tormenta tropical; provocar\u00e1 lluvias torrenciales en Guerrero, Oaxaca, Puebla y Veracruz - LA BRAVA RADIO\",\"isPartOf\":{\"@id\":\"https:\\\/\\\/www.bbmnoticias.com\\\/labravaradiofm\\\/#website\"},\"primaryImageOfPage\":{\"@id\":\"https:\\\/\\\/www.bbmnoticias.com\\\/labravaradiofm\\\/2022\\\/06\\\/21\\\/celia-se-intensifico-a-tormenta-tropical-provocara-lluvias-torrenciales-en-guerrero-oaxaca-puebla-y-veracruz\\\/#primaryimage\"},\"image\":{\"@id\":\"https:\\\/\\\/www.bbmnoticias.com\\\/labravaradiofm\\\/2022\\\/06\\\/21\\\/celia-se-intensifico-a-tormenta-tropical-provocara-lluvias-torrenciales-en-guerrero-oaxaca-puebla-y-veracruz\\\/#primaryimage\"},\"thumbnailUrl\":\"https:\\\/\\\/www.bbmnoticias.com\\\/labravaradiofm\\\/wp-content\\\/uploads\\\/sites\\\/5\\\/2022\\\/06\\\/celia-tormenta-tropical.jpg\",\"datePublished\":\"2022-06-21T18:44:02+00:00\",\"dateModified\":\"2022-06-21T23:08:12+00:00\",\"author\":{\"@id\":\"https:\\\/\\\/www.bbmnoticias.com\\\/labravaradiofm\\\/#\\\/schema\\\/person\\\/34b139c617a70ea5bef5678bffe4dd7b\"},\"breadcrumb\":{\"@id\":\"https:\\\/\\\/www.bbmnoticias.com\\\/labravaradiofm\\\/2022\\\/06\\\/21\\\/celia-se-intensifico-a-tormenta-tropical-provocara-lluvias-torrenciales-en-guerrero-oaxaca-puebla-y-veracruz\\\/#breadcrumb\"},\"inLanguage\":\"es\",\"potentialAction\":[{\"@type\":\"ReadAction\",\"target\":[\"https:\\\/\\\/www.bbmnoticias.com\\\/labravaradiofm\\\/2022\\\/06\\\/21\\\/celia-se-intensifico-a-tormenta-tropical-provocara-lluvias-torrenciales-en-guerrero-oaxaca-puebla-y-veracruz\\\/\"]}]},{\"@type\":\"ImageObject\",\"inLanguage\":\"es\",\"@id\":\"https:\\\/\\\/www.bbmnoticias.com\\\/labravaradiofm\\\/2022\\\/06\\\/21\\\/celia-se-intensifico-a-tormenta-tropical-provocara-lluvias-torrenciales-en-guerrero-oaxaca-puebla-y-veracruz\\\/#primaryimage\",\"url\":\"https:\\\/\\\/www.bbmnoticias.com\\\/labravaradiofm\\\/wp-content\\\/uploads\\\/sites\\\/5\\\/2022\\\/06\\\/celia-tormenta-tropical.jpg\",\"contentUrl\":\"https:\\\/\\\/www.bbmnoticias.com\\\/labravaradiofm\\\/wp-content\\\/uploads\\\/sites\\\/5\\\/2022\\\/06\\\/celia-tormenta-tropical.jpg\",\"width\":800,\"height\":488},{\"@type\":\"BreadcrumbList\",\"@id\":\"https:\\\/\\\/www.bbmnoticias.com\\\/labravaradiofm\\\/2022\\\/06\\\/21\\\/celia-se-intensifico-a-tormenta-tropical-provocara-lluvias-torrenciales-en-guerrero-oaxaca-puebla-y-veracruz\\\/#breadcrumb\",\"itemListElement\":[{\"@type\":\"ListItem\",\"position\":1,\"name\":\"Inicio\",\"item\":\"https:\\\/\\\/www.bbmnoticias.com\\\/labravaradiofm\\\/\"},{\"@type\":\"ListItem\",\"position\":2,\"name\":\"Celia se intensific\u00f3 a tormenta tropical; provocar\u00e1 lluvias torrenciales en Guerrero, Oaxaca, Puebla y Veracruz\"}]},{\"@type\":\"WebSite\",\"@id\":\"https:\\\/\\\/www.bbmnoticias.com\\\/labravaradiofm\\\/#website\",\"url\":\"https:\\\/\\\/www.bbmnoticias.com\\\/labravaradiofm\\\/\",\"name\":\"LA BRAVA RADIO\",\"description\":\"Empresa productora de medios, Radiodifusi\u00f3n, Noticias, tendencias y todo lo que necesitas saber de la pol\u00edtica mexicana e internacional; entretenimiento, espect\u00e1culos, salud y mucho m\u00e1s.\",\"potentialAction\":[{\"@type\":\"SearchAction\",\"target\":{\"@type\":\"EntryPoint\",\"urlTemplate\":\"https:\\\/\\\/www.bbmnoticias.com\\\/labravaradiofm\\\/?s={search_term_string}\"},\"query-input\":{\"@type\":\"PropertyValueSpecification\",\"valueRequired\":true,\"valueName\":\"search_term_string\"}}],\"inLanguage\":\"es\"},{\"@type\":\"Person\",\"@id\":\"https:\\\/\\\/www.bbmnoticias.com\\\/labravaradiofm\\\/#\\\/schema\\\/person\\\/34b139c617a70ea5bef5678bffe4dd7b\",\"name\":\"Staff\",\"image\":{\"@type\":\"ImageObject\",\"inLanguage\":\"es\",\"@id\":\"https:\\\/\\\/secure.gravatar.com\\\/avatar\\\/fdd21ad66fd8b98c407f9dee5b5e588cfe7f0d8579ec20fa6527cd59bab7f0f0?s=96&d=mm&r=g\",\"url\":\"https:\\\/\\\/secure.gravatar.com\\\/avatar\\\/fdd21ad66fd8b98c407f9dee5b5e588cfe7f0d8579ec20fa6527cd59bab7f0f0?s=96&d=mm&r=g\",\"contentUrl\":\"https:\\\/\\\/secure.gravatar.com\\\/avatar\\\/fdd21ad66fd8b98c407f9dee5b5e588cfe7f0d8579ec20fa6527cd59bab7f0f0?s=96&d=mm&r=g\",\"caption\":\"Staff\"},\"url\":\"https:\\\/\\\/www.bbmnoticias.com\\\/labravaradiofm\\\/author\\\/redaccion\\\/\"}]}<\/script>\n<!-- \/ Yoast SEO plugin. -->","yoast_head_json":{"title":"Celia se intensific\u00f3 a tormenta tropical; provocar\u00e1 lluvias torrenciales en Guerrero, Oaxaca, Puebla y Veracruz - LA BRAVA RADIO","robots":{"index":"index","follow":"follow","max-snippet":"max-snippet:-1","max-image-preview":"max-image-preview:large","max-video-preview":"max-video-preview:-1"},"canonical":"https:\/\/www.bbmnoticias.com\/labravaradiofm\/2022\/06\/21\/celia-se-intensifico-a-tormenta-tropical-provocara-lluvias-torrenciales-en-guerrero-oaxaca-puebla-y-veracruz\/","og_locale":"es_MX","og_type":"article","og_title":"Celia se intensific\u00f3 a tormenta tropical; provocar\u00e1 lluvias torrenciales en Guerrero, Oaxaca, Puebla y Veracruz - LA BRAVA RADIO","og_description":"Como lo hab\u00eda previsto el Sistema Meteorol\u00f3gico Nacional, la depresi\u00f3n tropical \u201cCelia\u201d se intensific\u00f3 y pas\u00f3 a tormenta tropical, cuyo centro se ubica&nbsp; al sur-suroeste de Lagunas de Chacahua, Oaxaca.&nbsp; &nbsp; De acuerdo con la dependencia de la Comisi\u00f3n Nacional del Agua (Conagua), a las 10:00 horas, tiempo del centro de M\u00e9xico, la depresi\u00f3n tropical [&hellip;]","og_url":"https:\/\/www.bbmnoticias.com\/labravaradiofm\/2022\/06\/21\/celia-se-intensifico-a-tormenta-tropical-provocara-lluvias-torrenciales-en-guerrero-oaxaca-puebla-y-veracruz\/","og_site_name":"LA BRAVA RADIO","article_published_time":"2022-06-21T18:44:02+00:00","article_modified_time":"2022-06-21T23:08:12+00:00","og_image":[{"width":800,"height":488,"url":"https:\/\/www.bbmnoticias.com\/labravaradiofm\/wp-content\/uploads\/sites\/5\/2022\/06\/celia-tormenta-tropical.jpg","type":"image\/jpeg"}],"author":"Staff","twitter_card":"summary_large_image","twitter_misc":{"Escrito por":"Staff","Tiempo de lectura":"2 minutos"},"schema":{"@context":"https:\/\/schema.org","@graph":[{"@type":"Article","@id":"https:\/\/www.bbmnoticias.com\/labravaradiofm\/2022\/06\/21\/celia-se-intensifico-a-tormenta-tropical-provocara-lluvias-torrenciales-en-guerrero-oaxaca-puebla-y-veracruz\/#article","isPartOf":{"@id":"https:\/\/www.bbmnoticias.com\/labravaradiofm\/2022\/06\/21\/celia-se-intensifico-a-tormenta-tropical-provocara-lluvias-torrenciales-en-guerrero-oaxaca-puebla-y-veracruz\/"},"author":{"name":"Staff","@id":"https:\/\/www.bbmnoticias.com\/labravaradiofm\/#\/schema\/person\/34b139c617a70ea5bef5678bffe4dd7b"},"headline":"Celia se intensific\u00f3 a tormenta tropical; provocar\u00e1 lluvias torrenciales en Guerrero, Oaxaca, Puebla y Veracruz","datePublished":"2022-06-21T18:44:02+00:00","dateModified":"2022-06-21T23:08:12+00:00","mainEntityOfPage":{"@id":"https:\/\/www.bbmnoticias.com\/labravaradiofm\/2022\/06\/21\/celia-se-intensifico-a-tormenta-tropical-provocara-lluvias-torrenciales-en-guerrero-oaxaca-puebla-y-veracruz\/"},"wordCount":290,"image":{"@id":"https:\/\/www.bbmnoticias.com\/labravaradiofm\/2022\/06\/21\/celia-se-intensifico-a-tormenta-tropical-provocara-lluvias-torrenciales-en-guerrero-oaxaca-puebla-y-veracruz\/#primaryimage"},"thumbnailUrl":"https:\/\/www.bbmnoticias.com\/labravaradiofm\/wp-content\/uploads\/sites\/5\/2022\/06\/celia-tormenta-tropical.jpg","articleSection":["LOCAL"],"inLanguage":"es"},{"@type":"WebPage","@id":"https:\/\/www.bbmnoticias.com\/labravaradiofm\/2022\/06\/21\/celia-se-intensifico-a-tormenta-tropical-provocara-lluvias-torrenciales-en-guerrero-oaxaca-puebla-y-veracruz\/","url":"https:\/\/www.bbmnoticias.com\/labravaradiofm\/2022\/06\/21\/celia-se-intensifico-a-tormenta-tropical-provocara-lluvias-torrenciales-en-guerrero-oaxaca-puebla-y-veracruz\/","name":"Celia se intensific\u00f3 a tormenta tropical; provocar\u00e1 lluvias torrenciales en Guerrero, Oaxaca, Puebla y Veracruz - LA BRAVA RADIO","isPartOf":{"@id":"https:\/\/www.bbmnoticias.com\/labravaradiofm\/#website"},"primaryImageOfPage":{"@id":"https:\/\/www.bbmnoticias.com\/labravaradiofm\/2022\/06\/21\/celia-se-intensifico-a-tormenta-tropical-provocara-lluvias-torrenciales-en-guerrero-oaxaca-puebla-y-veracruz\/#primaryimage"},"image":{"@id":"https:\/\/www.bbmnoticias.com\/labravaradiofm\/2022\/06\/21\/celia-se-intensifico-a-tormenta-tropical-provocara-lluvias-torrenciales-en-guerrero-oaxaca-puebla-y-veracruz\/#primaryimage"},"thumbnailUrl":"https:\/\/www.bbmnoticias.com\/labravaradiofm\/wp-content\/uploads\/sites\/5\/2022\/06\/celia-tormenta-tropical.jpg","datePublished":"2022-06-21T18:44:02+00:00","dateModified":"2022-06-21T23:08:12+00:00","author":{"@id":"https:\/\/www.bbmnoticias.com\/labravaradiofm\/#\/schema\/person\/34b139c617a70ea5bef5678bffe4dd7b"},"breadcrumb":{"@id":"https:\/\/www.bbmnoticias.com\/labravaradiofm\/2022\/06\/21\/celia-se-intensifico-a-tormenta-tropical-provocara-lluvias-torrenciales-en-guerrero-oaxaca-puebla-y-veracruz\/#breadcrumb"},"inLanguage":"es","potentialAction":[{"@type":"ReadAction","target":["https:\/\/www.bbmnoticias.com\/labravaradiofm\/2022\/06\/21\/celia-se-intensifico-a-tormenta-tropical-provocara-lluvias-torrenciales-en-guerrero-oaxaca-puebla-y-veracruz\/"]}]},{"@type":"ImageObject","inLanguage":"es","@id":"https:\/\/www.bbmnoticias.com\/labravaradiofm\/2022\/06\/21\/celia-se-intensifico-a-tormenta-tropical-provocara-lluvias-torrenciales-en-guerrero-oaxaca-puebla-y-veracruz\/#primaryimage","url":"https:\/\/www.bbmnoticias.com\/labravaradiofm\/wp-content\/uploads\/sites\/5\/2022\/06\/celia-tormenta-tropical.jpg","contentUrl":"https:\/\/www.bbmnoticias.com\/labravaradiofm\/wp-content\/uploads\/sites\/5\/2022\/06\/celia-tormenta-tropical.jpg","width":800,"height":488},{"@type":"BreadcrumbList","@id":"https:\/\/www.bbmnoticias.com\/labravaradiofm\/2022\/06\/21\/celia-se-intensifico-a-tormenta-tropical-provocara-lluvias-torrenciales-en-guerrero-oaxaca-puebla-y-veracruz\/#breadcrumb","itemListElement":[{"@type":"ListItem","position":1,"name":"Inicio","item":"https:\/\/www.bbmnoticias.com\/labravaradiofm\/"},{"@type":"ListItem","position":2,"name":"Celia se intensific\u00f3 a tormenta tropical; provocar\u00e1 lluvias torrenciales en Guerrero, Oaxaca, Puebla y Veracruz"}]},{"@type":"WebSite","@id":"https:\/\/www.bbmnoticias.com\/labravaradiofm\/#website","url":"https:\/\/www.bbmnoticias.com\/labravaradiofm\/","name":"LA BRAVA RADIO","description":"Empresa productora de medios, Radiodifusi\u00f3n, Noticias, tendencias y todo lo que necesitas saber de la pol\u00edtica mexicana e internacional; entretenimiento, espect\u00e1culos, salud y mucho m\u00e1s.","potentialAction":[{"@type":"SearchAction","target":{"@type":"EntryPoint","urlTemplate":"https:\/\/www.bbmnoticias.com\/labravaradiofm\/?s={search_term_string}"},"query-input":{"@type":"PropertyValueSpecification","valueRequired":true,"valueName":"search_term_string"}}],"inLanguage":"es"},{"@type":"Person","@id":"https:\/\/www.bbmnoticias.com\/labravaradiofm\/#\/schema\/person\/34b139c617a70ea5bef5678bffe4dd7b","name":"Staff","image":{"@type":"ImageObject","inLanguage":"es","@id":"https:\/\/secure.gravatar.com\/avatar\/fdd21ad66fd8b98c407f9dee5b5e588cfe7f0d8579ec20fa6527cd59bab7f0f0?s=96&d=mm&r=g","url":"https:\/\/secure.gravatar.com\/avatar\/fdd21ad66fd8b98c407f9dee5b5e588cfe7f0d8579ec20fa6527cd59bab7f0f0?s=96&d=mm&r=g","contentUrl":"https:\/\/secure.gravatar.com\/avatar\/fdd21ad66fd8b98c407f9dee5b5e588cfe7f0d8579ec20fa6527cd59bab7f0f0?s=96&d=mm&r=g","caption":"Staff"},"url":"https:\/\/www.bbmnoticias.com\/labravaradiofm\/author\/redaccion\/"}]}},"_links":{"self":[{"href":"https:\/\/www.bbmnoticias.com\/labravaradiofm\/wp-json\/wp\/v2\/posts\/14802","targetHints":{"allow":["GET"]}}],"collection":[{"href":"https:\/\/www.bbmnoticias.com\/labravaradiofm\/wp-json\/wp\/v2\/posts"}],"about":[{"href":"https:\/\/www.bbmnoticias.com\/labravaradiofm\/wp-json\/wp\/v2\/types\/post"}],"author":[{"embeddable":true,"href":"https:\/\/www.bbmnoticias.com\/labravaradiofm\/wp-json\/wp\/v2\/users\/2"}],"replies":[{"embeddable":true,"href":"https:\/\/www.bbmnoticias.com\/labravaradiofm\/wp-json\/wp\/v2\/comments?post=14802"}],"version-history":[{"count":0,"href":"https:\/\/www.bbmnoticias.com\/labravaradiofm\/wp-json\/wp\/v2\/posts\/14802\/revisions"}],"wp:featuredmedia":[{"embeddable":true,"href":"https:\/\/www.bbmnoticias.com\/labravaradiofm\/wp-json\/wp\/v2\/media\/14806"}],"wp:attachment":[{"href":"https:\/\/www.bbmnoticias.com\/labravaradiofm\/wp-json\/wp\/v2\/media?parent=14802"}],"wp:term":[{"taxonomy":"category","embeddable":true,"href":"https:\/\/www.bbmnoticias.com\/labravaradiofm\/wp-json\/wp\/v2\/categories?post=14802"},{"taxonomy":"post_tag","embeddable":true,"href":"https:\/\/www.bbmnoticias.com\/labravaradiofm\/wp-json\/wp\/v2\/tags?post=14802"}],"curies":[{"name":"wp","href":"https:\/\/api.w.org\/{rel}","templated":true}]}}