{"id":14799,"date":"2022-06-21T12:06:29","date_gmt":"2022-06-21T17:06:29","guid":{"rendered":"https:\/\/www.bbmnoticias.com\/labravaradiofm\/?p=14799"},"modified":"2022-06-21T12:06:30","modified_gmt":"2022-06-21T17:06:30","slug":"amlo-ya-se-estan-resolviendo-amparos-a-favor-del-tramo-5-del-tren-maya-acusa-nueva-lanzada","status":"publish","type":"post","link":"https:\/\/www.bbmnoticias.com\/labravaradiofm\/2022\/06\/21\/amlo-ya-se-estan-resolviendo-amparos-a-favor-del-tramo-5-del-tren-maya-acusa-nueva-lanzada\/","title":{"rendered":"AMLO: Ya se est\u00e1n resolviendo amparos a favor del tramo 5 del Tren Maya; acusa \u201cnueva lanzada\u201d"},"content":{"rendered":"<div style=\"margin-top: 0px; margin-bottom: 0px;\" class=\"sharethis-inline-share-buttons\" ><\/div>\n<p>Al defender el <strong>Tren Maya <\/strong>y destacar el mejoramiento de los sitios arqueol\u00f3gicos, el presidente <strong>Andr\u00e9s Manuel L\u00f3pez Obrador<\/strong> asegur\u00f3 que ya se est\u00e1n resolviendo los amparos a favor de la construcci\u00f3n del <strong>tramo 5<\/strong>, por lo que los opositores al proyecto ya empezaron \u201cuna nueva lanzada\u201d.&nbsp;<\/p>\n\n\n\n<p>En su conferencia <strong>ma\u00f1anera de este martes<\/strong> en Palacio Nacional, L\u00f3pez Obrador indic\u00f3 que la \u201cnueva lanzada\u201d ya no es por la devastaci\u00f3n de la selva, sino por \u201cla <strong>destrucci\u00f3n de sitios arqueol\u00f3gicos<\/strong>\u201d, adem\u00e1s se\u00f1al\u00f3 a medios de tambi\u00e9n estar en contra.<\/p>\n\n\n\n<p>En el Sal\u00f3n Tesorer\u00eda, el presidente L\u00f3pez Obrador coment\u00f3 que cuando fue jefe de Gobierno del entonces Distrito Federal, tambi\u00e9n hubo oposici\u00f3n al segundo piso del Perif\u00e9rico.<\/p>\n\n\n\n<p>\u201cNunca le hemos hecho mal a nadie y luchamos por convicci\u00f3n en favor del pueblo, entonces hab\u00eda mucho problema vial porque creci\u00f3 much\u00edsimo el parque vehicular y no hab\u00eda opciones, no hab\u00eda alternativas (&#8230;)\u201d, record\u00f3 el Presidente.&nbsp;<\/p>\n\n\n\n<p>\u201cPero es el razonamiento muy irresponsable de esta prensa conservadora, reaccionaria. \u00bfY qu\u00e9 hay tambi\u00e9n de por medio? Pues los intereses, resulta que los ambientalistas que no quieren el Tren Maya en esa zona, no vieron lo de la destrucci\u00f3n de Vulcan, de la empresa estadounidense (&#8230;).<\/p>\n\n\n\n<p>\u201cNadie, nadie, nadie dijo absolutamente nada. Claro que hay un inter\u00e9s pol\u00edtico; lo que quieren es frenarnos, o sea, que no podamos terminar la obra, lo que buscaban cuando el segundo piso hace 20 a\u00f1os, entonces vamos a seguirle\u201d, expres\u00f3 el presidente L\u00f3pez Obrador.&nbsp;<\/p>\n\n\n\n<p>\u201cYa es el momento de decir: <strong>\u2018ya est\u00e1n resolvi\u00e9ndose los amparos<\/strong>\u2019, entonces como ya no va a haber afectaci\u00f3n al medio ambiente, porque ni siquiera fueron los propietarios de la tierra, los campesinos, los que habitan las comunidades los que presentaron los <strong>amparos <\/strong>sino es un grupo equis, financiado por estos conservadores, pues no tienen sustento.<\/p>\n\n\n\n<p>\u201cLo que quieren tambi\u00e9n es que se nos pase el tiempo porque ya nos quitaron tres meses y ahora apuestan a cuando menos quitarnos tres meses m\u00e1s\u201d, dijo.&nbsp;<\/p>\n\n\n\n<p>Asegur\u00f3 que a los opositores se les olvida que su gobierno es muy perseverante: \u201cSomos tercos cuando defendemos nuestros ideales, nuestros principios, mucho m\u00e1s perseverantes que los conservadores\u201d.<br>Agreg\u00f3 que \u201chay como arroz\u201d de expertos que opinan contra el Tren Maya.&nbsp;&nbsp;&nbsp;<\/p>\n","protected":false},"excerpt":{"rendered":"<p>Al defender el Tren Maya y destacar el mejoramiento de los sitios arqueol\u00f3gicos, el presidente Andr\u00e9s Manuel L\u00f3pez Obrador asegur\u00f3 que ya se est\u00e1n resolviendo los amparos a favor de la construcci\u00f3n del tramo 5, por lo que los opositores al proyecto ya empezaron \u201cuna nueva lanzada\u201d.&nbsp; En su conferencia ma\u00f1anera de este martes en [&hellip;]<\/p>\n","protected":false},"author":4,"featured_media":14800,"comment_status":"closed","ping_status":"closed","sticky":false,"template":"","format":"standard","meta":{"footnotes":""},"categories":[19],"tags":[],"class_list":{"0":"post-14799","1":"post","2":"type-post","3":"status-publish","4":"format-standard","5":"has-post-thumbnail","7":"category-nacional"},"yoast_head":"<!-- This site is optimized with the Yoast SEO plugin v27.4 - https:\/\/yoast.com\/product\/yoast-seo-wordpress\/ -->\n<title>AMLO: Ya se est\u00e1n resolviendo amparos a favor del tramo 5 del Tren Maya; acusa \u201cnueva lanzada\u201d - LA BRAVA RADIO<\/title>\n<meta name=\"robots\" content=\"index, follow, max-snippet:-1, max-image-preview:large, max-video-preview:-1\" \/>\n<link rel=\"canonical\" href=\"https:\/\/www.bbmnoticias.com\/labravaradiofm\/2022\/06\/21\/amlo-ya-se-estan-resolviendo-amparos-a-favor-del-tramo-5-del-tren-maya-acusa-nueva-lanzada\/\" \/>\n<meta property=\"og:locale\" content=\"es_MX\" \/>\n<meta property=\"og:type\" content=\"article\" \/>\n<meta property=\"og:title\" content=\"AMLO: Ya se est\u00e1n resolviendo amparos a favor del tramo 5 del Tren Maya; acusa \u201cnueva lanzada\u201d - LA BRAVA RADIO\" \/>\n<meta property=\"og:description\" content=\"Al defender el Tren Maya y destacar el mejoramiento de los sitios arqueol\u00f3gicos, el presidente Andr\u00e9s Manuel L\u00f3pez Obrador asegur\u00f3 que ya se est\u00e1n resolviendo los amparos a favor de la construcci\u00f3n del tramo 5, por lo que los opositores al proyecto ya empezaron \u201cuna nueva lanzada\u201d.&nbsp; En su conferencia ma\u00f1anera de este martes en [&hellip;]\" \/>\n<meta property=\"og:url\" content=\"https:\/\/www.bbmnoticias.com\/labravaradiofm\/2022\/06\/21\/amlo-ya-se-estan-resolviendo-amparos-a-favor-del-tramo-5-del-tren-maya-acusa-nueva-lanzada\/\" \/>\n<meta property=\"og:site_name\" content=\"LA BRAVA RADIO\" \/>\n<meta property=\"article:published_time\" content=\"2022-06-21T17:06:29+00:00\" \/>\n<meta property=\"article:modified_time\" content=\"2022-06-21T17:06:30+00:00\" \/>\n<meta property=\"og:image\" content=\"https:\/\/www.bbmnoticias.com\/labravaradiofm\/wp-content\/uploads\/sites\/5\/2022\/06\/amlo-tren-maya.jpg\" \/>\n\t<meta property=\"og:image:width\" content=\"840\" \/>\n\t<meta property=\"og:image:height\" content=\"560\" \/>\n\t<meta property=\"og:image:type\" content=\"image\/jpeg\" \/>\n<meta name=\"author\" content=\"Agencias\" \/>\n<meta name=\"twitter:card\" content=\"summary_large_image\" \/>\n<meta name=\"twitter:label1\" content=\"Escrito por\" \/>\n\t<meta name=\"twitter:data1\" content=\"Agencias\" \/>\n\t<meta name=\"twitter:label2\" content=\"Tiempo de lectura\" \/>\n\t<meta name=\"twitter:data2\" content=\"2 minutos\" \/>\n<script type=\"application\/ld+json\" class=\"yoast-schema-graph\">{\"@context\":\"https:\\\/\\\/schema.org\",\"@graph\":[{\"@type\":\"Article\",\"@id\":\"https:\\\/\\\/www.bbmnoticias.com\\\/labravaradiofm\\\/2022\\\/06\\\/21\\\/amlo-ya-se-estan-resolviendo-amparos-a-favor-del-tramo-5-del-tren-maya-acusa-nueva-lanzada\\\/#article\",\"isPartOf\":{\"@id\":\"https:\\\/\\\/www.bbmnoticias.com\\\/labravaradiofm\\\/2022\\\/06\\\/21\\\/amlo-ya-se-estan-resolviendo-amparos-a-favor-del-tramo-5-del-tren-maya-acusa-nueva-lanzada\\\/\"},\"author\":{\"name\":\"Agencias\",\"@id\":\"https:\\\/\\\/www.bbmnoticias.com\\\/labravaradiofm\\\/#\\\/schema\\\/person\\\/857a3daf5c8142f29919023f377fbfad\"},\"headline\":\"AMLO: Ya se est\u00e1n resolviendo amparos a favor del tramo 5 del Tren Maya; acusa \u201cnueva lanzada\u201d\",\"datePublished\":\"2022-06-21T17:06:29+00:00\",\"dateModified\":\"2022-06-21T17:06:30+00:00\",\"mainEntityOfPage\":{\"@id\":\"https:\\\/\\\/www.bbmnoticias.com\\\/labravaradiofm\\\/2022\\\/06\\\/21\\\/amlo-ya-se-estan-resolviendo-amparos-a-favor-del-tramo-5-del-tren-maya-acusa-nueva-lanzada\\\/\"},\"wordCount\":425,\"image\":{\"@id\":\"https:\\\/\\\/www.bbmnoticias.com\\\/labravaradiofm\\\/2022\\\/06\\\/21\\\/amlo-ya-se-estan-resolviendo-amparos-a-favor-del-tramo-5-del-tren-maya-acusa-nueva-lanzada\\\/#primaryimage\"},\"thumbnailUrl\":\"https:\\\/\\\/www.bbmnoticias.com\\\/labravaradiofm\\\/wp-content\\\/uploads\\\/sites\\\/5\\\/2022\\\/06\\\/amlo-tren-maya.jpg\",\"articleSection\":[\"NACIONAL\"],\"inLanguage\":\"es\"},{\"@type\":\"WebPage\",\"@id\":\"https:\\\/\\\/www.bbmnoticias.com\\\/labravaradiofm\\\/2022\\\/06\\\/21\\\/amlo-ya-se-estan-resolviendo-amparos-a-favor-del-tramo-5-del-tren-maya-acusa-nueva-lanzada\\\/\",\"url\":\"https:\\\/\\\/www.bbmnoticias.com\\\/labravaradiofm\\\/2022\\\/06\\\/21\\\/amlo-ya-se-estan-resolviendo-amparos-a-favor-del-tramo-5-del-tren-maya-acusa-nueva-lanzada\\\/\",\"name\":\"AMLO: Ya se est\u00e1n resolviendo amparos a favor del tramo 5 del Tren Maya; acusa \u201cnueva lanzada\u201d - LA BRAVA RADIO\",\"isPartOf\":{\"@id\":\"https:\\\/\\\/www.bbmnoticias.com\\\/labravaradiofm\\\/#website\"},\"primaryImageOfPage\":{\"@id\":\"https:\\\/\\\/www.bbmnoticias.com\\\/labravaradiofm\\\/2022\\\/06\\\/21\\\/amlo-ya-se-estan-resolviendo-amparos-a-favor-del-tramo-5-del-tren-maya-acusa-nueva-lanzada\\\/#primaryimage\"},\"image\":{\"@id\":\"https:\\\/\\\/www.bbmnoticias.com\\\/labravaradiofm\\\/2022\\\/06\\\/21\\\/amlo-ya-se-estan-resolviendo-amparos-a-favor-del-tramo-5-del-tren-maya-acusa-nueva-lanzada\\\/#primaryimage\"},\"thumbnailUrl\":\"https:\\\/\\\/www.bbmnoticias.com\\\/labravaradiofm\\\/wp-content\\\/uploads\\\/sites\\\/5\\\/2022\\\/06\\\/amlo-tren-maya.jpg\",\"datePublished\":\"2022-06-21T17:06:29+00:00\",\"dateModified\":\"2022-06-21T17:06:30+00:00\",\"author\":{\"@id\":\"https:\\\/\\\/www.bbmnoticias.com\\\/labravaradiofm\\\/#\\\/schema\\\/person\\\/857a3daf5c8142f29919023f377fbfad\"},\"breadcrumb\":{\"@id\":\"https:\\\/\\\/www.bbmnoticias.com\\\/labravaradiofm\\\/2022\\\/06\\\/21\\\/amlo-ya-se-estan-resolviendo-amparos-a-favor-del-tramo-5-del-tren-maya-acusa-nueva-lanzada\\\/#breadcrumb\"},\"inLanguage\":\"es\",\"potentialAction\":[{\"@type\":\"ReadAction\",\"target\":[\"https:\\\/\\\/www.bbmnoticias.com\\\/labravaradiofm\\\/2022\\\/06\\\/21\\\/amlo-ya-se-estan-resolviendo-amparos-a-favor-del-tramo-5-del-tren-maya-acusa-nueva-lanzada\\\/\"]}]},{\"@type\":\"ImageObject\",\"inLanguage\":\"es\",\"@id\":\"https:\\\/\\\/www.bbmnoticias.com\\\/labravaradiofm\\\/2022\\\/06\\\/21\\\/amlo-ya-se-estan-resolviendo-amparos-a-favor-del-tramo-5-del-tren-maya-acusa-nueva-lanzada\\\/#primaryimage\",\"url\":\"https:\\\/\\\/www.bbmnoticias.com\\\/labravaradiofm\\\/wp-content\\\/uploads\\\/sites\\\/5\\\/2022\\\/06\\\/amlo-tren-maya.jpg\",\"contentUrl\":\"https:\\\/\\\/www.bbmnoticias.com\\\/labravaradiofm\\\/wp-content\\\/uploads\\\/sites\\\/5\\\/2022\\\/06\\\/amlo-tren-maya.jpg\",\"width\":840,\"height\":560},{\"@type\":\"BreadcrumbList\",\"@id\":\"https:\\\/\\\/www.bbmnoticias.com\\\/labravaradiofm\\\/2022\\\/06\\\/21\\\/amlo-ya-se-estan-resolviendo-amparos-a-favor-del-tramo-5-del-tren-maya-acusa-nueva-lanzada\\\/#breadcrumb\",\"itemListElement\":[{\"@type\":\"ListItem\",\"position\":1,\"name\":\"Inicio\",\"item\":\"https:\\\/\\\/www.bbmnoticias.com\\\/labravaradiofm\\\/\"},{\"@type\":\"ListItem\",\"position\":2,\"name\":\"AMLO: Ya se est\u00e1n resolviendo amparos a favor del tramo 5 del Tren Maya; acusa \u201cnueva lanzada\u201d\"}]},{\"@type\":\"WebSite\",\"@id\":\"https:\\\/\\\/www.bbmnoticias.com\\\/labravaradiofm\\\/#website\",\"url\":\"https:\\\/\\\/www.bbmnoticias.com\\\/labravaradiofm\\\/\",\"name\":\"LA BRAVA RADIO\",\"description\":\"Empresa productora de medios, Radiodifusi\u00f3n, Noticias, tendencias y todo lo que necesitas saber de la pol\u00edtica mexicana e internacional; entretenimiento, espect\u00e1culos, salud y mucho m\u00e1s.\",\"potentialAction\":[{\"@type\":\"SearchAction\",\"target\":{\"@type\":\"EntryPoint\",\"urlTemplate\":\"https:\\\/\\\/www.bbmnoticias.com\\\/labravaradiofm\\\/?s={search_term_string}\"},\"query-input\":{\"@type\":\"PropertyValueSpecification\",\"valueRequired\":true,\"valueName\":\"search_term_string\"}}],\"inLanguage\":\"es\"},{\"@type\":\"Person\",\"@id\":\"https:\\\/\\\/www.bbmnoticias.com\\\/labravaradiofm\\\/#\\\/schema\\\/person\\\/857a3daf5c8142f29919023f377fbfad\",\"name\":\"Agencias\",\"image\":{\"@type\":\"ImageObject\",\"inLanguage\":\"es\",\"@id\":\"https:\\\/\\\/secure.gravatar.com\\\/avatar\\\/739e0b61adf9e398b425c36718c8752286da0e8cd90f20ce9a86678abc26aa0d?s=96&d=mm&r=g\",\"url\":\"https:\\\/\\\/secure.gravatar.com\\\/avatar\\\/739e0b61adf9e398b425c36718c8752286da0e8cd90f20ce9a86678abc26aa0d?s=96&d=mm&r=g\",\"contentUrl\":\"https:\\\/\\\/secure.gravatar.com\\\/avatar\\\/739e0b61adf9e398b425c36718c8752286da0e8cd90f20ce9a86678abc26aa0d?s=96&d=mm&r=g\",\"caption\":\"Agencias\"},\"url\":\"https:\\\/\\\/www.bbmnoticias.com\\\/labravaradiofm\\\/author\\\/agencias\\\/\"}]}<\/script>\n<!-- \/ Yoast SEO plugin. -->","yoast_head_json":{"title":"AMLO: Ya se est\u00e1n resolviendo amparos a favor del tramo 5 del Tren Maya; acusa \u201cnueva lanzada\u201d - LA BRAVA RADIO","robots":{"index":"index","follow":"follow","max-snippet":"max-snippet:-1","max-image-preview":"max-image-preview:large","max-video-preview":"max-video-preview:-1"},"canonical":"https:\/\/www.bbmnoticias.com\/labravaradiofm\/2022\/06\/21\/amlo-ya-se-estan-resolviendo-amparos-a-favor-del-tramo-5-del-tren-maya-acusa-nueva-lanzada\/","og_locale":"es_MX","og_type":"article","og_title":"AMLO: Ya se est\u00e1n resolviendo amparos a favor del tramo 5 del Tren Maya; acusa \u201cnueva lanzada\u201d - LA BRAVA RADIO","og_description":"Al defender el Tren Maya y destacar el mejoramiento de los sitios arqueol\u00f3gicos, el presidente Andr\u00e9s Manuel L\u00f3pez Obrador asegur\u00f3 que ya se est\u00e1n resolviendo los amparos a favor de la construcci\u00f3n del tramo 5, por lo que los opositores al proyecto ya empezaron \u201cuna nueva lanzada\u201d.&nbsp; En su conferencia ma\u00f1anera de este martes en [&hellip;]","og_url":"https:\/\/www.bbmnoticias.com\/labravaradiofm\/2022\/06\/21\/amlo-ya-se-estan-resolviendo-amparos-a-favor-del-tramo-5-del-tren-maya-acusa-nueva-lanzada\/","og_site_name":"LA BRAVA RADIO","article_published_time":"2022-06-21T17:06:29+00:00","article_modified_time":"2022-06-21T17:06:30+00:00","og_image":[{"width":840,"height":560,"url":"https:\/\/www.bbmnoticias.com\/labravaradiofm\/wp-content\/uploads\/sites\/5\/2022\/06\/amlo-tren-maya.jpg","type":"image\/jpeg"}],"author":"Agencias","twitter_card":"summary_large_image","twitter_misc":{"Escrito por":"Agencias","Tiempo de lectura":"2 minutos"},"schema":{"@context":"https:\/\/schema.org","@graph":[{"@type":"Article","@id":"https:\/\/www.bbmnoticias.com\/labravaradiofm\/2022\/06\/21\/amlo-ya-se-estan-resolviendo-amparos-a-favor-del-tramo-5-del-tren-maya-acusa-nueva-lanzada\/#article","isPartOf":{"@id":"https:\/\/www.bbmnoticias.com\/labravaradiofm\/2022\/06\/21\/amlo-ya-se-estan-resolviendo-amparos-a-favor-del-tramo-5-del-tren-maya-acusa-nueva-lanzada\/"},"author":{"name":"Agencias","@id":"https:\/\/www.bbmnoticias.com\/labravaradiofm\/#\/schema\/person\/857a3daf5c8142f29919023f377fbfad"},"headline":"AMLO: Ya se est\u00e1n resolviendo amparos a favor del tramo 5 del Tren Maya; acusa \u201cnueva lanzada\u201d","datePublished":"2022-06-21T17:06:29+00:00","dateModified":"2022-06-21T17:06:30+00:00","mainEntityOfPage":{"@id":"https:\/\/www.bbmnoticias.com\/labravaradiofm\/2022\/06\/21\/amlo-ya-se-estan-resolviendo-amparos-a-favor-del-tramo-5-del-tren-maya-acusa-nueva-lanzada\/"},"wordCount":425,"image":{"@id":"https:\/\/www.bbmnoticias.com\/labravaradiofm\/2022\/06\/21\/amlo-ya-se-estan-resolviendo-amparos-a-favor-del-tramo-5-del-tren-maya-acusa-nueva-lanzada\/#primaryimage"},"thumbnailUrl":"https:\/\/www.bbmnoticias.com\/labravaradiofm\/wp-content\/uploads\/sites\/5\/2022\/06\/amlo-tren-maya.jpg","articleSection":["NACIONAL"],"inLanguage":"es"},{"@type":"WebPage","@id":"https:\/\/www.bbmnoticias.com\/labravaradiofm\/2022\/06\/21\/amlo-ya-se-estan-resolviendo-amparos-a-favor-del-tramo-5-del-tren-maya-acusa-nueva-lanzada\/","url":"https:\/\/www.bbmnoticias.com\/labravaradiofm\/2022\/06\/21\/amlo-ya-se-estan-resolviendo-amparos-a-favor-del-tramo-5-del-tren-maya-acusa-nueva-lanzada\/","name":"AMLO: Ya se est\u00e1n resolviendo amparos a favor del tramo 5 del Tren Maya; acusa \u201cnueva lanzada\u201d - LA BRAVA RADIO","isPartOf":{"@id":"https:\/\/www.bbmnoticias.com\/labravaradiofm\/#website"},"primaryImageOfPage":{"@id":"https:\/\/www.bbmnoticias.com\/labravaradiofm\/2022\/06\/21\/amlo-ya-se-estan-resolviendo-amparos-a-favor-del-tramo-5-del-tren-maya-acusa-nueva-lanzada\/#primaryimage"},"image":{"@id":"https:\/\/www.bbmnoticias.com\/labravaradiofm\/2022\/06\/21\/amlo-ya-se-estan-resolviendo-amparos-a-favor-del-tramo-5-del-tren-maya-acusa-nueva-lanzada\/#primaryimage"},"thumbnailUrl":"https:\/\/www.bbmnoticias.com\/labravaradiofm\/wp-content\/uploads\/sites\/5\/2022\/06\/amlo-tren-maya.jpg","datePublished":"2022-06-21T17:06:29+00:00","dateModified":"2022-06-21T17:06:30+00:00","author":{"@id":"https:\/\/www.bbmnoticias.com\/labravaradiofm\/#\/schema\/person\/857a3daf5c8142f29919023f377fbfad"},"breadcrumb":{"@id":"https:\/\/www.bbmnoticias.com\/labravaradiofm\/2022\/06\/21\/amlo-ya-se-estan-resolviendo-amparos-a-favor-del-tramo-5-del-tren-maya-acusa-nueva-lanzada\/#breadcrumb"},"inLanguage":"es","potentialAction":[{"@type":"ReadAction","target":["https:\/\/www.bbmnoticias.com\/labravaradiofm\/2022\/06\/21\/amlo-ya-se-estan-resolviendo-amparos-a-favor-del-tramo-5-del-tren-maya-acusa-nueva-lanzada\/"]}]},{"@type":"ImageObject","inLanguage":"es","@id":"https:\/\/www.bbmnoticias.com\/labravaradiofm\/2022\/06\/21\/amlo-ya-se-estan-resolviendo-amparos-a-favor-del-tramo-5-del-tren-maya-acusa-nueva-lanzada\/#primaryimage","url":"https:\/\/www.bbmnoticias.com\/labravaradiofm\/wp-content\/uploads\/sites\/5\/2022\/06\/amlo-tren-maya.jpg","contentUrl":"https:\/\/www.bbmnoticias.com\/labravaradiofm\/wp-content\/uploads\/sites\/5\/2022\/06\/amlo-tren-maya.jpg","width":840,"height":560},{"@type":"BreadcrumbList","@id":"https:\/\/www.bbmnoticias.com\/labravaradiofm\/2022\/06\/21\/amlo-ya-se-estan-resolviendo-amparos-a-favor-del-tramo-5-del-tren-maya-acusa-nueva-lanzada\/#breadcrumb","itemListElement":[{"@type":"ListItem","position":1,"name":"Inicio","item":"https:\/\/www.bbmnoticias.com\/labravaradiofm\/"},{"@type":"ListItem","position":2,"name":"AMLO: Ya se est\u00e1n resolviendo amparos a favor del tramo 5 del Tren Maya; acusa \u201cnueva lanzada\u201d"}]},{"@type":"WebSite","@id":"https:\/\/www.bbmnoticias.com\/labravaradiofm\/#website","url":"https:\/\/www.bbmnoticias.com\/labravaradiofm\/","name":"LA BRAVA RADIO","description":"Empresa productora de medios, Radiodifusi\u00f3n, Noticias, tendencias y todo lo que necesitas saber de la pol\u00edtica mexicana e internacional; entretenimiento, espect\u00e1culos, salud y mucho m\u00e1s.","potentialAction":[{"@type":"SearchAction","target":{"@type":"EntryPoint","urlTemplate":"https:\/\/www.bbmnoticias.com\/labravaradiofm\/?s={search_term_string}"},"query-input":{"@type":"PropertyValueSpecification","valueRequired":true,"valueName":"search_term_string"}}],"inLanguage":"es"},{"@type":"Person","@id":"https:\/\/www.bbmnoticias.com\/labravaradiofm\/#\/schema\/person\/857a3daf5c8142f29919023f377fbfad","name":"Agencias","image":{"@type":"ImageObject","inLanguage":"es","@id":"https:\/\/secure.gravatar.com\/avatar\/739e0b61adf9e398b425c36718c8752286da0e8cd90f20ce9a86678abc26aa0d?s=96&d=mm&r=g","url":"https:\/\/secure.gravatar.com\/avatar\/739e0b61adf9e398b425c36718c8752286da0e8cd90f20ce9a86678abc26aa0d?s=96&d=mm&r=g","contentUrl":"https:\/\/secure.gravatar.com\/avatar\/739e0b61adf9e398b425c36718c8752286da0e8cd90f20ce9a86678abc26aa0d?s=96&d=mm&r=g","caption":"Agencias"},"url":"https:\/\/www.bbmnoticias.com\/labravaradiofm\/author\/agencias\/"}]}},"_links":{"self":[{"href":"https:\/\/www.bbmnoticias.com\/labravaradiofm\/wp-json\/wp\/v2\/posts\/14799","targetHints":{"allow":["GET"]}}],"collection":[{"href":"https:\/\/www.bbmnoticias.com\/labravaradiofm\/wp-json\/wp\/v2\/posts"}],"about":[{"href":"https:\/\/www.bbmnoticias.com\/labravaradiofm\/wp-json\/wp\/v2\/types\/post"}],"author":[{"embeddable":true,"href":"https:\/\/www.bbmnoticias.com\/labravaradiofm\/wp-json\/wp\/v2\/users\/4"}],"replies":[{"embeddable":true,"href":"https:\/\/www.bbmnoticias.com\/labravaradiofm\/wp-json\/wp\/v2\/comments?post=14799"}],"version-history":[{"count":0,"href":"https:\/\/www.bbmnoticias.com\/labravaradiofm\/wp-json\/wp\/v2\/posts\/14799\/revisions"}],"wp:featuredmedia":[{"embeddable":true,"href":"https:\/\/www.bbmnoticias.com\/labravaradiofm\/wp-json\/wp\/v2\/media\/14800"}],"wp:attachment":[{"href":"https:\/\/www.bbmnoticias.com\/labravaradiofm\/wp-json\/wp\/v2\/media?parent=14799"}],"wp:term":[{"taxonomy":"category","embeddable":true,"href":"https:\/\/www.bbmnoticias.com\/labravaradiofm\/wp-json\/wp\/v2\/categories?post=14799"},{"taxonomy":"post_tag","embeddable":true,"href":"https:\/\/www.bbmnoticias.com\/labravaradiofm\/wp-json\/wp\/v2\/tags?post=14799"}],"curies":[{"name":"wp","href":"https:\/\/api.w.org\/{rel}","templated":true}]}}