{"id":14796,"date":"2022-06-21T12:02:18","date_gmt":"2022-06-21T17:02:18","guid":{"rendered":"https:\/\/www.bbmnoticias.com\/labravaradiofm\/?p=14796"},"modified":"2022-06-21T12:02:19","modified_gmt":"2022-06-21T17:02:19","slug":"piden-justicia-por-hechos-en-huazantlan-del-rio-a-dos-anos-de-la-masacre","status":"publish","type":"post","link":"https:\/\/www.bbmnoticias.com\/labravaradiofm\/2022\/06\/21\/piden-justicia-por-hechos-en-huazantlan-del-rio-a-dos-anos-de-la-masacre\/","title":{"rendered":"Piden justicia por hechos en Huazantl\u00e1n del R\u00edo a dos a\u00f1os de la masacre"},"content":{"rendered":"<div style=\"margin-top: 0px; margin-bottom: 0px;\" class=\"sharethis-inline-share-buttons\" ><\/div>\n<p><strong>Oaxaca, Oax.- <\/strong>A dos a\u00f1os de los sangrientos hechos ocurridos en Huazantl\u00e1n del R\u00edo, San Mateo del Mar, donde asesinaron a 15 personas, entre ellos a dos mujeres, hasta el momento no hay justicia, denunciaron desplazados que se autoubicaron en la Ciudad de Oaxaca.<\/p>\n\n\n\n<p>Este d\u00eda, en conferencia de prensa, luego de llevar a cabo una protesta en las oficinas de la Fiscal\u00eda General de Oaxaca, integrantes de organizaciones sociales y desplazados exigieron castigo a los responsables materiales e intelectuales de estos hechos, pues argumentaron que las autoridades han sido omisas a sus demandas.<\/p>\n\n\n\n<p>Mencionaron que a dos a\u00f1os de los hechos, s\u00f3lo hay dos personas detenidas, mientras que existen a\u00fan sin ejecutar m\u00e1s de 100 \u00f3rdenes de aprehensi\u00f3n, por lo que se\u00f1al\u00f3 que hay un contubernio entre las autoridades y responsables para no ser detenidos.<\/p>\n\n\n\n<figure class=\"wp-block-embed is-type-rich is-provider-twitter wp-block-embed-twitter\"><div class=\"wp-block-embed__wrapper\">\n<blockquote class=\"twitter-tweet\" data-width=\"550\" data-dnt=\"true\"><p lang=\"es\" dir=\"ltr\"><a href=\"https:\/\/twitter.com\/hashtag\/ENVIVO?src=hash&amp;ref_src=twsrc%5Etfw\">#ENVIVO<\/a> <br>Oaxaca de Ju\u00e1rez, Oax., 21 de junio de 2022.- Familiares de v\u00edctimas conmemoran el segundo aniversario de la masacre de 15 personas en Huazantl\u00e1n, San Mateo del Mar, Oaxaca.<br>Siga aqu\u00ed la transmisi\u00f3n:<br>\ud83d\udc47<a href=\"https:\/\/t.co\/vGZ1vcXs9s\">https:\/\/t.co\/vGZ1vcXs9s<\/a> <a href=\"https:\/\/t.co\/IrmjAjB9ur\">pic.twitter.com\/IrmjAjB9ur<\/a><\/p>&mdash; Zona Roja Oaxaca (@ZonaRoja_Oaxaca) <a href=\"https:\/\/twitter.com\/ZonaRoja_Oaxaca\/status\/1539256317877145600?ref_src=twsrc%5Etfw\">June 21, 2022<\/a><\/blockquote><script async src=\"https:\/\/platform.twitter.com\/widgets.js\" charset=\"utf-8\"><\/script>\n<\/div><\/figure>\n\n\n\n<p>Jorge Arroyo Rodr\u00edguez, vocero de la Red de V\u00edctimas de Huazantl\u00e1n, asegur\u00f3 que muchos de los participantes son amigos de los pol\u00edticos, de ah\u00ed la raz\u00f3n por lo que han sido detenidos.<\/p>\n\n\n\n<p>Actualmente, dijeron hay m\u00e1s de 30 familias desplazadas, que hasta el momento no pueden regresar a la poblaci\u00f3n.<\/p>\n\n\n\n<p>Por ello, pidieron justicia y que se castigue a los responsables materiales e intelectuales, por estos hechos que dej\u00f3 15 personas muertas.<\/p>\n\n\n\n<p>Confiaron que las autoridades electas atiendan este caso, luego que la actual administraci\u00f3n ha dejado omisa esta situaci\u00f3n.<\/p>\n","protected":false},"excerpt":{"rendered":"<p>Oaxaca, Oax.- A dos a\u00f1os de los sangrientos hechos ocurridos en Huazantl\u00e1n del R\u00edo, San Mateo del Mar, donde asesinaron a 15 personas, entre ellos a dos mujeres, hasta el momento no hay justicia, denunciaron desplazados que se autoubicaron en la Ciudad de Oaxaca. Este d\u00eda, en conferencia de prensa, luego de llevar a cabo [&hellip;]<\/p>\n","protected":false},"author":7,"featured_media":14797,"comment_status":"closed","ping_status":"closed","sticky":false,"template":"","format":"standard","meta":{"footnotes":""},"categories":[2],"tags":[],"class_list":{"0":"post-14796","1":"post","2":"type-post","3":"status-publish","4":"format-standard","5":"has-post-thumbnail","7":"category-oaxaca"},"yoast_head":"<!-- This site is optimized with the Yoast SEO plugin v27.4 - https:\/\/yoast.com\/product\/yoast-seo-wordpress\/ -->\n<title>Piden justicia por hechos en Huazantl\u00e1n del R\u00edo a dos a\u00f1os de la masacre - LA BRAVA RADIO<\/title>\n<meta name=\"robots\" content=\"index, follow, max-snippet:-1, max-image-preview:large, max-video-preview:-1\" \/>\n<link rel=\"canonical\" href=\"https:\/\/www.bbmnoticias.com\/labravaradiofm\/2022\/06\/21\/piden-justicia-por-hechos-en-huazantlan-del-rio-a-dos-anos-de-la-masacre\/\" \/>\n<meta property=\"og:locale\" content=\"es_MX\" \/>\n<meta property=\"og:type\" content=\"article\" \/>\n<meta property=\"og:title\" content=\"Piden justicia por hechos en Huazantl\u00e1n del R\u00edo a dos a\u00f1os de la masacre - LA BRAVA RADIO\" \/>\n<meta property=\"og:description\" content=\"Oaxaca, Oax.- A dos a\u00f1os de los sangrientos hechos ocurridos en Huazantl\u00e1n del R\u00edo, San Mateo del Mar, donde asesinaron a 15 personas, entre ellos a dos mujeres, hasta el momento no hay justicia, denunciaron desplazados que se autoubicaron en la Ciudad de Oaxaca. Este d\u00eda, en conferencia de prensa, luego de llevar a cabo [&hellip;]\" \/>\n<meta property=\"og:url\" content=\"https:\/\/www.bbmnoticias.com\/labravaradiofm\/2022\/06\/21\/piden-justicia-por-hechos-en-huazantlan-del-rio-a-dos-anos-de-la-masacre\/\" \/>\n<meta property=\"og:site_name\" content=\"LA BRAVA RADIO\" \/>\n<meta property=\"article:published_time\" content=\"2022-06-21T17:02:18+00:00\" \/>\n<meta property=\"article:modified_time\" content=\"2022-06-21T17:02:19+00:00\" \/>\n<meta property=\"og:image\" content=\"https:\/\/www.bbmnoticias.com\/labravaradiofm\/wp-content\/uploads\/sites\/5\/2022\/06\/huazantlan-del-rio.jpg\" \/>\n\t<meta property=\"og:image:width\" content=\"1280\" \/>\n\t<meta property=\"og:image:height\" content=\"720\" \/>\n\t<meta property=\"og:image:type\" content=\"image\/jpeg\" \/>\n<meta name=\"author\" content=\"Cuarta Plana\" \/>\n<meta name=\"twitter:card\" content=\"summary_large_image\" \/>\n<meta name=\"twitter:label1\" content=\"Escrito por\" \/>\n\t<meta name=\"twitter:data1\" content=\"Cuarta Plana\" \/>\n\t<meta name=\"twitter:label2\" content=\"Tiempo de lectura\" \/>\n\t<meta name=\"twitter:data2\" content=\"2 minutos\" \/>\n<script type=\"application\/ld+json\" class=\"yoast-schema-graph\">{\"@context\":\"https:\\\/\\\/schema.org\",\"@graph\":[{\"@type\":\"Article\",\"@id\":\"https:\\\/\\\/www.bbmnoticias.com\\\/labravaradiofm\\\/2022\\\/06\\\/21\\\/piden-justicia-por-hechos-en-huazantlan-del-rio-a-dos-anos-de-la-masacre\\\/#article\",\"isPartOf\":{\"@id\":\"https:\\\/\\\/www.bbmnoticias.com\\\/labravaradiofm\\\/2022\\\/06\\\/21\\\/piden-justicia-por-hechos-en-huazantlan-del-rio-a-dos-anos-de-la-masacre\\\/\"},\"author\":{\"name\":\"Cuarta Plana\",\"@id\":\"https:\\\/\\\/www.bbmnoticias.com\\\/labravaradiofm\\\/#\\\/schema\\\/person\\\/06701593a16bd7e2ef8a61c905892f7b\"},\"headline\":\"Piden justicia por hechos en Huazantl\u00e1n del R\u00edo a dos a\u00f1os de la masacre\",\"datePublished\":\"2022-06-21T17:02:18+00:00\",\"dateModified\":\"2022-06-21T17:02:19+00:00\",\"mainEntityOfPage\":{\"@id\":\"https:\\\/\\\/www.bbmnoticias.com\\\/labravaradiofm\\\/2022\\\/06\\\/21\\\/piden-justicia-por-hechos-en-huazantlan-del-rio-a-dos-anos-de-la-masacre\\\/\"},\"wordCount\":266,\"image\":{\"@id\":\"https:\\\/\\\/www.bbmnoticias.com\\\/labravaradiofm\\\/2022\\\/06\\\/21\\\/piden-justicia-por-hechos-en-huazantlan-del-rio-a-dos-anos-de-la-masacre\\\/#primaryimage\"},\"thumbnailUrl\":\"https:\\\/\\\/www.bbmnoticias.com\\\/labravaradiofm\\\/wp-content\\\/uploads\\\/sites\\\/5\\\/2022\\\/06\\\/huazantlan-del-rio.jpg\",\"articleSection\":[\"LOCAL\"],\"inLanguage\":\"es\"},{\"@type\":\"WebPage\",\"@id\":\"https:\\\/\\\/www.bbmnoticias.com\\\/labravaradiofm\\\/2022\\\/06\\\/21\\\/piden-justicia-por-hechos-en-huazantlan-del-rio-a-dos-anos-de-la-masacre\\\/\",\"url\":\"https:\\\/\\\/www.bbmnoticias.com\\\/labravaradiofm\\\/2022\\\/06\\\/21\\\/piden-justicia-por-hechos-en-huazantlan-del-rio-a-dos-anos-de-la-masacre\\\/\",\"name\":\"Piden justicia por hechos en Huazantl\u00e1n del R\u00edo a dos a\u00f1os de la masacre - LA BRAVA RADIO\",\"isPartOf\":{\"@id\":\"https:\\\/\\\/www.bbmnoticias.com\\\/labravaradiofm\\\/#website\"},\"primaryImageOfPage\":{\"@id\":\"https:\\\/\\\/www.bbmnoticias.com\\\/labravaradiofm\\\/2022\\\/06\\\/21\\\/piden-justicia-por-hechos-en-huazantlan-del-rio-a-dos-anos-de-la-masacre\\\/#primaryimage\"},\"image\":{\"@id\":\"https:\\\/\\\/www.bbmnoticias.com\\\/labravaradiofm\\\/2022\\\/06\\\/21\\\/piden-justicia-por-hechos-en-huazantlan-del-rio-a-dos-anos-de-la-masacre\\\/#primaryimage\"},\"thumbnailUrl\":\"https:\\\/\\\/www.bbmnoticias.com\\\/labravaradiofm\\\/wp-content\\\/uploads\\\/sites\\\/5\\\/2022\\\/06\\\/huazantlan-del-rio.jpg\",\"datePublished\":\"2022-06-21T17:02:18+00:00\",\"dateModified\":\"2022-06-21T17:02:19+00:00\",\"author\":{\"@id\":\"https:\\\/\\\/www.bbmnoticias.com\\\/labravaradiofm\\\/#\\\/schema\\\/person\\\/06701593a16bd7e2ef8a61c905892f7b\"},\"breadcrumb\":{\"@id\":\"https:\\\/\\\/www.bbmnoticias.com\\\/labravaradiofm\\\/2022\\\/06\\\/21\\\/piden-justicia-por-hechos-en-huazantlan-del-rio-a-dos-anos-de-la-masacre\\\/#breadcrumb\"},\"inLanguage\":\"es\",\"potentialAction\":[{\"@type\":\"ReadAction\",\"target\":[\"https:\\\/\\\/www.bbmnoticias.com\\\/labravaradiofm\\\/2022\\\/06\\\/21\\\/piden-justicia-por-hechos-en-huazantlan-del-rio-a-dos-anos-de-la-masacre\\\/\"]}]},{\"@type\":\"ImageObject\",\"inLanguage\":\"es\",\"@id\":\"https:\\\/\\\/www.bbmnoticias.com\\\/labravaradiofm\\\/2022\\\/06\\\/21\\\/piden-justicia-por-hechos-en-huazantlan-del-rio-a-dos-anos-de-la-masacre\\\/#primaryimage\",\"url\":\"https:\\\/\\\/www.bbmnoticias.com\\\/labravaradiofm\\\/wp-content\\\/uploads\\\/sites\\\/5\\\/2022\\\/06\\\/huazantlan-del-rio.jpg\",\"contentUrl\":\"https:\\\/\\\/www.bbmnoticias.com\\\/labravaradiofm\\\/wp-content\\\/uploads\\\/sites\\\/5\\\/2022\\\/06\\\/huazantlan-del-rio.jpg\",\"width\":1280,\"height\":720},{\"@type\":\"BreadcrumbList\",\"@id\":\"https:\\\/\\\/www.bbmnoticias.com\\\/labravaradiofm\\\/2022\\\/06\\\/21\\\/piden-justicia-por-hechos-en-huazantlan-del-rio-a-dos-anos-de-la-masacre\\\/#breadcrumb\",\"itemListElement\":[{\"@type\":\"ListItem\",\"position\":1,\"name\":\"Inicio\",\"item\":\"https:\\\/\\\/www.bbmnoticias.com\\\/labravaradiofm\\\/\"},{\"@type\":\"ListItem\",\"position\":2,\"name\":\"Piden justicia por hechos en Huazantl\u00e1n del R\u00edo a dos a\u00f1os de la masacre\"}]},{\"@type\":\"WebSite\",\"@id\":\"https:\\\/\\\/www.bbmnoticias.com\\\/labravaradiofm\\\/#website\",\"url\":\"https:\\\/\\\/www.bbmnoticias.com\\\/labravaradiofm\\\/\",\"name\":\"LA BRAVA RADIO\",\"description\":\"Empresa productora de medios, Radiodifusi\u00f3n, Noticias, tendencias y todo lo que necesitas saber de la pol\u00edtica mexicana e internacional; entretenimiento, espect\u00e1culos, salud y mucho m\u00e1s.\",\"potentialAction\":[{\"@type\":\"SearchAction\",\"target\":{\"@type\":\"EntryPoint\",\"urlTemplate\":\"https:\\\/\\\/www.bbmnoticias.com\\\/labravaradiofm\\\/?s={search_term_string}\"},\"query-input\":{\"@type\":\"PropertyValueSpecification\",\"valueRequired\":true,\"valueName\":\"search_term_string\"}}],\"inLanguage\":\"es\"},{\"@type\":\"Person\",\"@id\":\"https:\\\/\\\/www.bbmnoticias.com\\\/labravaradiofm\\\/#\\\/schema\\\/person\\\/06701593a16bd7e2ef8a61c905892f7b\",\"name\":\"Cuarta Plana\",\"image\":{\"@type\":\"ImageObject\",\"inLanguage\":\"es\",\"@id\":\"https:\\\/\\\/secure.gravatar.com\\\/avatar\\\/569aeac3582b4864a79ffcd8468ada657f9c0cbf68c06542116f60dfa8c3c2d7?s=96&d=mm&r=g\",\"url\":\"https:\\\/\\\/secure.gravatar.com\\\/avatar\\\/569aeac3582b4864a79ffcd8468ada657f9c0cbf68c06542116f60dfa8c3c2d7?s=96&d=mm&r=g\",\"contentUrl\":\"https:\\\/\\\/secure.gravatar.com\\\/avatar\\\/569aeac3582b4864a79ffcd8468ada657f9c0cbf68c06542116f60dfa8c3c2d7?s=96&d=mm&r=g\",\"caption\":\"Cuarta Plana\"},\"url\":\"https:\\\/\\\/www.bbmnoticias.com\\\/labravaradiofm\\\/author\\\/cuartaplana\\\/\"}]}<\/script>\n<!-- \/ Yoast SEO plugin. -->","yoast_head_json":{"title":"Piden justicia por hechos en Huazantl\u00e1n del R\u00edo a dos a\u00f1os de la masacre - LA BRAVA RADIO","robots":{"index":"index","follow":"follow","max-snippet":"max-snippet:-1","max-image-preview":"max-image-preview:large","max-video-preview":"max-video-preview:-1"},"canonical":"https:\/\/www.bbmnoticias.com\/labravaradiofm\/2022\/06\/21\/piden-justicia-por-hechos-en-huazantlan-del-rio-a-dos-anos-de-la-masacre\/","og_locale":"es_MX","og_type":"article","og_title":"Piden justicia por hechos en Huazantl\u00e1n del R\u00edo a dos a\u00f1os de la masacre - LA BRAVA RADIO","og_description":"Oaxaca, Oax.- A dos a\u00f1os de los sangrientos hechos ocurridos en Huazantl\u00e1n del R\u00edo, San Mateo del Mar, donde asesinaron a 15 personas, entre ellos a dos mujeres, hasta el momento no hay justicia, denunciaron desplazados que se autoubicaron en la Ciudad de Oaxaca. Este d\u00eda, en conferencia de prensa, luego de llevar a cabo [&hellip;]","og_url":"https:\/\/www.bbmnoticias.com\/labravaradiofm\/2022\/06\/21\/piden-justicia-por-hechos-en-huazantlan-del-rio-a-dos-anos-de-la-masacre\/","og_site_name":"LA BRAVA RADIO","article_published_time":"2022-06-21T17:02:18+00:00","article_modified_time":"2022-06-21T17:02:19+00:00","og_image":[{"width":1280,"height":720,"url":"https:\/\/www.bbmnoticias.com\/labravaradiofm\/wp-content\/uploads\/sites\/5\/2022\/06\/huazantlan-del-rio.jpg","type":"image\/jpeg"}],"author":"Cuarta Plana","twitter_card":"summary_large_image","twitter_misc":{"Escrito por":"Cuarta Plana","Tiempo de lectura":"2 minutos"},"schema":{"@context":"https:\/\/schema.org","@graph":[{"@type":"Article","@id":"https:\/\/www.bbmnoticias.com\/labravaradiofm\/2022\/06\/21\/piden-justicia-por-hechos-en-huazantlan-del-rio-a-dos-anos-de-la-masacre\/#article","isPartOf":{"@id":"https:\/\/www.bbmnoticias.com\/labravaradiofm\/2022\/06\/21\/piden-justicia-por-hechos-en-huazantlan-del-rio-a-dos-anos-de-la-masacre\/"},"author":{"name":"Cuarta Plana","@id":"https:\/\/www.bbmnoticias.com\/labravaradiofm\/#\/schema\/person\/06701593a16bd7e2ef8a61c905892f7b"},"headline":"Piden justicia por hechos en Huazantl\u00e1n del R\u00edo a dos a\u00f1os de la masacre","datePublished":"2022-06-21T17:02:18+00:00","dateModified":"2022-06-21T17:02:19+00:00","mainEntityOfPage":{"@id":"https:\/\/www.bbmnoticias.com\/labravaradiofm\/2022\/06\/21\/piden-justicia-por-hechos-en-huazantlan-del-rio-a-dos-anos-de-la-masacre\/"},"wordCount":266,"image":{"@id":"https:\/\/www.bbmnoticias.com\/labravaradiofm\/2022\/06\/21\/piden-justicia-por-hechos-en-huazantlan-del-rio-a-dos-anos-de-la-masacre\/#primaryimage"},"thumbnailUrl":"https:\/\/www.bbmnoticias.com\/labravaradiofm\/wp-content\/uploads\/sites\/5\/2022\/06\/huazantlan-del-rio.jpg","articleSection":["LOCAL"],"inLanguage":"es"},{"@type":"WebPage","@id":"https:\/\/www.bbmnoticias.com\/labravaradiofm\/2022\/06\/21\/piden-justicia-por-hechos-en-huazantlan-del-rio-a-dos-anos-de-la-masacre\/","url":"https:\/\/www.bbmnoticias.com\/labravaradiofm\/2022\/06\/21\/piden-justicia-por-hechos-en-huazantlan-del-rio-a-dos-anos-de-la-masacre\/","name":"Piden justicia por hechos en Huazantl\u00e1n del R\u00edo a dos a\u00f1os de la masacre - LA BRAVA RADIO","isPartOf":{"@id":"https:\/\/www.bbmnoticias.com\/labravaradiofm\/#website"},"primaryImageOfPage":{"@id":"https:\/\/www.bbmnoticias.com\/labravaradiofm\/2022\/06\/21\/piden-justicia-por-hechos-en-huazantlan-del-rio-a-dos-anos-de-la-masacre\/#primaryimage"},"image":{"@id":"https:\/\/www.bbmnoticias.com\/labravaradiofm\/2022\/06\/21\/piden-justicia-por-hechos-en-huazantlan-del-rio-a-dos-anos-de-la-masacre\/#primaryimage"},"thumbnailUrl":"https:\/\/www.bbmnoticias.com\/labravaradiofm\/wp-content\/uploads\/sites\/5\/2022\/06\/huazantlan-del-rio.jpg","datePublished":"2022-06-21T17:02:18+00:00","dateModified":"2022-06-21T17:02:19+00:00","author":{"@id":"https:\/\/www.bbmnoticias.com\/labravaradiofm\/#\/schema\/person\/06701593a16bd7e2ef8a61c905892f7b"},"breadcrumb":{"@id":"https:\/\/www.bbmnoticias.com\/labravaradiofm\/2022\/06\/21\/piden-justicia-por-hechos-en-huazantlan-del-rio-a-dos-anos-de-la-masacre\/#breadcrumb"},"inLanguage":"es","potentialAction":[{"@type":"ReadAction","target":["https:\/\/www.bbmnoticias.com\/labravaradiofm\/2022\/06\/21\/piden-justicia-por-hechos-en-huazantlan-del-rio-a-dos-anos-de-la-masacre\/"]}]},{"@type":"ImageObject","inLanguage":"es","@id":"https:\/\/www.bbmnoticias.com\/labravaradiofm\/2022\/06\/21\/piden-justicia-por-hechos-en-huazantlan-del-rio-a-dos-anos-de-la-masacre\/#primaryimage","url":"https:\/\/www.bbmnoticias.com\/labravaradiofm\/wp-content\/uploads\/sites\/5\/2022\/06\/huazantlan-del-rio.jpg","contentUrl":"https:\/\/www.bbmnoticias.com\/labravaradiofm\/wp-content\/uploads\/sites\/5\/2022\/06\/huazantlan-del-rio.jpg","width":1280,"height":720},{"@type":"BreadcrumbList","@id":"https:\/\/www.bbmnoticias.com\/labravaradiofm\/2022\/06\/21\/piden-justicia-por-hechos-en-huazantlan-del-rio-a-dos-anos-de-la-masacre\/#breadcrumb","itemListElement":[{"@type":"ListItem","position":1,"name":"Inicio","item":"https:\/\/www.bbmnoticias.com\/labravaradiofm\/"},{"@type":"ListItem","position":2,"name":"Piden justicia por hechos en Huazantl\u00e1n del R\u00edo a dos a\u00f1os de la masacre"}]},{"@type":"WebSite","@id":"https:\/\/www.bbmnoticias.com\/labravaradiofm\/#website","url":"https:\/\/www.bbmnoticias.com\/labravaradiofm\/","name":"LA BRAVA RADIO","description":"Empresa productora de medios, Radiodifusi\u00f3n, Noticias, tendencias y todo lo que necesitas saber de la pol\u00edtica mexicana e internacional; entretenimiento, espect\u00e1culos, salud y mucho m\u00e1s.","potentialAction":[{"@type":"SearchAction","target":{"@type":"EntryPoint","urlTemplate":"https:\/\/www.bbmnoticias.com\/labravaradiofm\/?s={search_term_string}"},"query-input":{"@type":"PropertyValueSpecification","valueRequired":true,"valueName":"search_term_string"}}],"inLanguage":"es"},{"@type":"Person","@id":"https:\/\/www.bbmnoticias.com\/labravaradiofm\/#\/schema\/person\/06701593a16bd7e2ef8a61c905892f7b","name":"Cuarta Plana","image":{"@type":"ImageObject","inLanguage":"es","@id":"https:\/\/secure.gravatar.com\/avatar\/569aeac3582b4864a79ffcd8468ada657f9c0cbf68c06542116f60dfa8c3c2d7?s=96&d=mm&r=g","url":"https:\/\/secure.gravatar.com\/avatar\/569aeac3582b4864a79ffcd8468ada657f9c0cbf68c06542116f60dfa8c3c2d7?s=96&d=mm&r=g","contentUrl":"https:\/\/secure.gravatar.com\/avatar\/569aeac3582b4864a79ffcd8468ada657f9c0cbf68c06542116f60dfa8c3c2d7?s=96&d=mm&r=g","caption":"Cuarta Plana"},"url":"https:\/\/www.bbmnoticias.com\/labravaradiofm\/author\/cuartaplana\/"}]}},"_links":{"self":[{"href":"https:\/\/www.bbmnoticias.com\/labravaradiofm\/wp-json\/wp\/v2\/posts\/14796","targetHints":{"allow":["GET"]}}],"collection":[{"href":"https:\/\/www.bbmnoticias.com\/labravaradiofm\/wp-json\/wp\/v2\/posts"}],"about":[{"href":"https:\/\/www.bbmnoticias.com\/labravaradiofm\/wp-json\/wp\/v2\/types\/post"}],"author":[{"embeddable":true,"href":"https:\/\/www.bbmnoticias.com\/labravaradiofm\/wp-json\/wp\/v2\/users\/7"}],"replies":[{"embeddable":true,"href":"https:\/\/www.bbmnoticias.com\/labravaradiofm\/wp-json\/wp\/v2\/comments?post=14796"}],"version-history":[{"count":0,"href":"https:\/\/www.bbmnoticias.com\/labravaradiofm\/wp-json\/wp\/v2\/posts\/14796\/revisions"}],"wp:featuredmedia":[{"embeddable":true,"href":"https:\/\/www.bbmnoticias.com\/labravaradiofm\/wp-json\/wp\/v2\/media\/14797"}],"wp:attachment":[{"href":"https:\/\/www.bbmnoticias.com\/labravaradiofm\/wp-json\/wp\/v2\/media?parent=14796"}],"wp:term":[{"taxonomy":"category","embeddable":true,"href":"https:\/\/www.bbmnoticias.com\/labravaradiofm\/wp-json\/wp\/v2\/categories?post=14796"},{"taxonomy":"post_tag","embeddable":true,"href":"https:\/\/www.bbmnoticias.com\/labravaradiofm\/wp-json\/wp\/v2\/tags?post=14796"}],"curies":[{"name":"wp","href":"https:\/\/api.w.org\/{rel}","templated":true}]}}