{"id":14783,"date":"2022-06-21T10:25:08","date_gmt":"2022-06-21T15:25:08","guid":{"rendered":"https:\/\/www.bbmnoticias.com\/labravaradiofm\/?p=14783"},"modified":"2022-06-21T10:25:09","modified_gmt":"2022-06-21T15:25:09","slug":"minera-cuzcatlan-obtiene-certificaciones-internacionales","status":"publish","type":"post","link":"https:\/\/www.bbmnoticias.com\/labravaradiofm\/2022\/06\/21\/minera-cuzcatlan-obtiene-certificaciones-internacionales\/","title":{"rendered":"Minera Cuzcatl\u00e1n obtiene certificaciones internacionales\u00a0"},"content":{"rendered":"<div style=\"margin-top: 0px; margin-bottom: 0px;\" class=\"sharethis-inline-share-buttons\" ><\/div>\n<p><strong>San Jos\u00e9 del Progreso. &#8211; <\/strong>Luego de un proceso de auditor\u00eda voluntaria, Compa\u00f1\u00eda Minera Cuzcatl\u00e1n obtuvo las certificaciones ISO 14001:2015 sobre Sistemas de Gesti\u00f3n Ambiental e ISO 45001:2018 sobre Sistemas de Gesti\u00f3n de la Seguridad y Salud en el Trabajo.&nbsp;<\/p>\n\n\n\n<p>Dichas certificaciones fueron emitidas por American Trust Register, casa certificadora acreditada que audit\u00f3 que los sistemas de gesti\u00f3n de seguridad y medio ambiente integrados en los procesos operativos y de soporte de Minera Cuzcatl\u00e1n. Como precedente, en 2020 y 2021 la Compa\u00f1\u00eda realiz\u00f3 auditor\u00edas internas a fin de evaluar el avance y madurez de su Sistema de Gesti\u00f3n Integral.&nbsp;<\/p>\n\n\n\n<p>La develaci\u00f3n de estas certificaciones se realiz\u00f3 dentro de las instalaciones de la Unidad Minera San Jos\u00e9, en un evento encabezado por Jorge Alberto Ganoza, Presidente, CEO y Director de Fortuna Silver Mines y Luiz Camargo, Director Pa\u00eds de Compa\u00f1\u00eda Minera Cuzcatl\u00e1n. De igual forma, se tuvo como invitado especial y testigo de honor al Lic. Eusebio Garc\u00eda Palacios, Subsecretario de Industria e Innovaci\u00f3n de la Secretar\u00eda de Econom\u00eda de Oaxaca, en representaci\u00f3n del Gobernador Constitucional del Estado de Oaxaca, el Mtro. Alejandro Murat Hinojosa. Al evento adem\u00e1s asistieron miembros del Comit\u00e9 Directivo de Fortuna Silver Mines y colaboradores en general.&nbsp;<\/p>\n\n\n\n<p>Luiz Camargo explic\u00f3 que la certificaci\u00f3n a la norma ISO 14001:2015 se obtuvo mediante un proceso minucioso de auditor\u00eda externa, mismo que aval\u00f3 el sistema de gesti\u00f3n medioambiental de Minera Cuzcatl\u00e1n y acredita a la Unidad Minera San Jos\u00e9 como una operaci\u00f3n sostenible. Mientras que el ISO 45001:2018, reconoce los protocolos de la empresa para reducir riesgos en el trabajo y mejorar la salud y bienestar de los colaboradores, permitiendo a la organizaci\u00f3n mejorar su trabajo, e indicadores de salud.&nbsp;&nbsp;<\/p>\n\n\n\n<p>Se\u00f1al\u00f3: \u201cEs un gran orgullo haber obtenido estas certificaciones con cero hallazgos por parte de los auditores. Esto es fruto del esfuerzo y liderazgo de cada uno de los colaboradores, ya que cada uno es pieza clave para mantener un espacio de trabajo seguro, sostenible y de excelencia\u201d.&nbsp; Con estos est\u00e1ndares internacionales, agreg\u00f3: \u201cse refrenda el compromiso que tenemos con nuestros colaboradores, el medio ambiente y las comunidades\u201d.&nbsp;<\/p>\n\n\n\n<p>La Subdirectora de Sostenibilidad, Cristina Rodr\u00edguez en su intervenci\u00f3n durante el evento dijo: \u201ceste hito comprueba la correcta ejecuci\u00f3n y dise\u00f1o de nuestro Sistema Gesti\u00f3n Integral, el cual ser\u00e1 la base para la recertificaci\u00f3n de estos distintivos. Adem\u00e1s, \u00e9stos han representado una herramienta vital no s\u00f3lo para la protecci\u00f3n y mejora continua del entorno socioambiental y laboral de la unidad minera, sino tambi\u00e9n para fortalecer nuestro compromiso a favor de los Derechos Humanos y la Sostenibilidad\u201d.&nbsp;<\/p>\n\n\n\n<p>Agreg\u00f3: \u201ca trav\u00e9s de estas certificaciones reforzamos nuestra Pol\u00edtica de Seguridad y Salud, as\u00ed como nuestra Pol\u00edtica de Medio Ambiente, la cuales sientan las bases para proporcionar condiciones de trabajo seguras y saludables y los m\u00e1s altos est\u00e1ndares de desempe\u00f1o ambiental en nuestras operaciones. Asimismo, nos posicionamos a la vanguardia para alcanzar nuestros objetivos de cero accidentes en el trabajo\u201d.&nbsp;<\/p>\n\n\n\n<p>Por su parte, el Presidente y CEO de Fortuna Silver Mines, Jorge Alberto Ganoza, felicit\u00f3 a los colaboradores que hicieron posible la obtenci\u00f3n de las certificaciones y dijo que \u201ccon ambos reconocimientos, Compa\u00f1\u00eda Minera Cuzcatl\u00e1n est\u00e1 atendiendo los llamados de cada uno de los valores del Corporativo. Primero, estamos atendiendo el respeto a las comunidades donde tratamos de articularnos como socios estrat\u00e9gicos para que nuestros vecinos alcancen sus objetivos de desarrollo. Segundo, actuamos respetando y cuidando al medio ambiente. Tercero, cuidamos de nuestro personal, al no tolerar actos ni condiciones inseguras. Cuarto, reforzamos nuestro compromiso con la excelencia. Y quinto, la integridad, el cual refleja la coherencia de lo que decimos y lo que hacemos de manera recta\u201d.&nbsp;<\/p>\n\n\n\n<p>El Lic. Eusebio Garc\u00eda Palacios, Subsecretario de Industria e Innovaci\u00f3n de la Secretar\u00eda de Econom\u00eda de Oaxaca coment\u00f3 que: \u201cCompa\u00f1\u00eda Minera Cuzcatl\u00e1n es un orgullo para nuestro estado de Oaxaca. Las dos certificaciones constituyen temas que reflejan el compromiso claro de la Compa\u00f1\u00eda con la conservaci\u00f3n del medio ambiente, el apoyo comunitario y la generaci\u00f3n de empleos y productividad para el estado, por lo cual el Gobierno Estatal se siente muy agradecido\u201d. A\u00f1adi\u00f3: \u201cSomos aliados, todo lo que sea en beneficio del estado de Oaxaca, en beneficio del medio ambiente y en beneficio de la seguridad de los trabajadores, ser\u00e1 bien recibido y respaldado por nosotros\u201d.&nbsp;<\/p>\n","protected":false},"excerpt":{"rendered":"<p>San Jos\u00e9 del Progreso. &#8211; Luego de un proceso de auditor\u00eda voluntaria, Compa\u00f1\u00eda Minera Cuzcatl\u00e1n obtuvo las certificaciones ISO 14001:2015 sobre Sistemas de Gesti\u00f3n Ambiental e ISO 45001:2018 sobre Sistemas de Gesti\u00f3n de la Seguridad y Salud en el Trabajo.&nbsp; Dichas certificaciones fueron emitidas por American Trust Register, casa certificadora acreditada que audit\u00f3 que los [&hellip;]<\/p>\n","protected":false},"author":2,"featured_media":14784,"comment_status":"closed","ping_status":"closed","sticky":false,"template":"","format":"standard","meta":{"footnotes":""},"categories":[2],"tags":[],"class_list":{"0":"post-14783","1":"post","2":"type-post","3":"status-publish","4":"format-standard","5":"has-post-thumbnail","7":"category-oaxaca"},"yoast_head":"<!-- This site is optimized with the Yoast SEO plugin v27.4 - https:\/\/yoast.com\/product\/yoast-seo-wordpress\/ -->\n<title>Minera Cuzcatl\u00e1n obtiene certificaciones internacionales\u00a0 - LA BRAVA RADIO<\/title>\n<meta name=\"robots\" content=\"index, follow, max-snippet:-1, max-image-preview:large, max-video-preview:-1\" \/>\n<link rel=\"canonical\" href=\"https:\/\/www.bbmnoticias.com\/labravaradiofm\/2022\/06\/21\/minera-cuzcatlan-obtiene-certificaciones-internacionales\/\" \/>\n<meta property=\"og:locale\" content=\"es_MX\" \/>\n<meta property=\"og:type\" content=\"article\" \/>\n<meta property=\"og:title\" content=\"Minera Cuzcatl\u00e1n obtiene certificaciones internacionales\u00a0 - LA BRAVA RADIO\" \/>\n<meta property=\"og:description\" content=\"San Jos\u00e9 del Progreso. &#8211; Luego de un proceso de auditor\u00eda voluntaria, Compa\u00f1\u00eda Minera Cuzcatl\u00e1n obtuvo las certificaciones ISO 14001:2015 sobre Sistemas de Gesti\u00f3n Ambiental e ISO 45001:2018 sobre Sistemas de Gesti\u00f3n de la Seguridad y Salud en el Trabajo.&nbsp; Dichas certificaciones fueron emitidas por American Trust Register, casa certificadora acreditada que audit\u00f3 que los [&hellip;]\" \/>\n<meta property=\"og:url\" content=\"https:\/\/www.bbmnoticias.com\/labravaradiofm\/2022\/06\/21\/minera-cuzcatlan-obtiene-certificaciones-internacionales\/\" \/>\n<meta property=\"og:site_name\" content=\"LA BRAVA RADIO\" \/>\n<meta property=\"article:published_time\" content=\"2022-06-21T15:25:08+00:00\" \/>\n<meta property=\"article:modified_time\" content=\"2022-06-21T15:25:09+00:00\" \/>\n<meta property=\"og:image\" content=\"https:\/\/www.bbmnoticias.com\/labravaradiofm\/wp-content\/uploads\/sites\/5\/2022\/06\/minera-cuzcatlan.jpg\" \/>\n\t<meta property=\"og:image:width\" content=\"800\" \/>\n\t<meta property=\"og:image:height\" content=\"533\" \/>\n\t<meta property=\"og:image:type\" content=\"image\/jpeg\" \/>\n<meta name=\"author\" content=\"Staff\" \/>\n<meta name=\"twitter:card\" content=\"summary_large_image\" \/>\n<meta name=\"twitter:label1\" content=\"Escrito por\" \/>\n\t<meta name=\"twitter:data1\" content=\"Staff\" \/>\n\t<meta name=\"twitter:label2\" content=\"Tiempo de lectura\" \/>\n\t<meta name=\"twitter:data2\" content=\"4 minutos\" \/>\n<script type=\"application\/ld+json\" class=\"yoast-schema-graph\">{\"@context\":\"https:\\\/\\\/schema.org\",\"@graph\":[{\"@type\":\"Article\",\"@id\":\"https:\\\/\\\/www.bbmnoticias.com\\\/labravaradiofm\\\/2022\\\/06\\\/21\\\/minera-cuzcatlan-obtiene-certificaciones-internacionales\\\/#article\",\"isPartOf\":{\"@id\":\"https:\\\/\\\/www.bbmnoticias.com\\\/labravaradiofm\\\/2022\\\/06\\\/21\\\/minera-cuzcatlan-obtiene-certificaciones-internacionales\\\/\"},\"author\":{\"name\":\"Staff\",\"@id\":\"https:\\\/\\\/www.bbmnoticias.com\\\/labravaradiofm\\\/#\\\/schema\\\/person\\\/34b139c617a70ea5bef5678bffe4dd7b\"},\"headline\":\"Minera Cuzcatl\u00e1n obtiene certificaciones internacionales\u00a0\",\"datePublished\":\"2022-06-21T15:25:08+00:00\",\"dateModified\":\"2022-06-21T15:25:09+00:00\",\"mainEntityOfPage\":{\"@id\":\"https:\\\/\\\/www.bbmnoticias.com\\\/labravaradiofm\\\/2022\\\/06\\\/21\\\/minera-cuzcatlan-obtiene-certificaciones-internacionales\\\/\"},\"wordCount\":777,\"image\":{\"@id\":\"https:\\\/\\\/www.bbmnoticias.com\\\/labravaradiofm\\\/2022\\\/06\\\/21\\\/minera-cuzcatlan-obtiene-certificaciones-internacionales\\\/#primaryimage\"},\"thumbnailUrl\":\"https:\\\/\\\/www.bbmnoticias.com\\\/labravaradiofm\\\/wp-content\\\/uploads\\\/sites\\\/5\\\/2022\\\/06\\\/minera-cuzcatlan.jpg\",\"articleSection\":[\"LOCAL\"],\"inLanguage\":\"es\"},{\"@type\":\"WebPage\",\"@id\":\"https:\\\/\\\/www.bbmnoticias.com\\\/labravaradiofm\\\/2022\\\/06\\\/21\\\/minera-cuzcatlan-obtiene-certificaciones-internacionales\\\/\",\"url\":\"https:\\\/\\\/www.bbmnoticias.com\\\/labravaradiofm\\\/2022\\\/06\\\/21\\\/minera-cuzcatlan-obtiene-certificaciones-internacionales\\\/\",\"name\":\"Minera Cuzcatl\u00e1n obtiene certificaciones internacionales\u00a0 - LA BRAVA RADIO\",\"isPartOf\":{\"@id\":\"https:\\\/\\\/www.bbmnoticias.com\\\/labravaradiofm\\\/#website\"},\"primaryImageOfPage\":{\"@id\":\"https:\\\/\\\/www.bbmnoticias.com\\\/labravaradiofm\\\/2022\\\/06\\\/21\\\/minera-cuzcatlan-obtiene-certificaciones-internacionales\\\/#primaryimage\"},\"image\":{\"@id\":\"https:\\\/\\\/www.bbmnoticias.com\\\/labravaradiofm\\\/2022\\\/06\\\/21\\\/minera-cuzcatlan-obtiene-certificaciones-internacionales\\\/#primaryimage\"},\"thumbnailUrl\":\"https:\\\/\\\/www.bbmnoticias.com\\\/labravaradiofm\\\/wp-content\\\/uploads\\\/sites\\\/5\\\/2022\\\/06\\\/minera-cuzcatlan.jpg\",\"datePublished\":\"2022-06-21T15:25:08+00:00\",\"dateModified\":\"2022-06-21T15:25:09+00:00\",\"author\":{\"@id\":\"https:\\\/\\\/www.bbmnoticias.com\\\/labravaradiofm\\\/#\\\/schema\\\/person\\\/34b139c617a70ea5bef5678bffe4dd7b\"},\"breadcrumb\":{\"@id\":\"https:\\\/\\\/www.bbmnoticias.com\\\/labravaradiofm\\\/2022\\\/06\\\/21\\\/minera-cuzcatlan-obtiene-certificaciones-internacionales\\\/#breadcrumb\"},\"inLanguage\":\"es\",\"potentialAction\":[{\"@type\":\"ReadAction\",\"target\":[\"https:\\\/\\\/www.bbmnoticias.com\\\/labravaradiofm\\\/2022\\\/06\\\/21\\\/minera-cuzcatlan-obtiene-certificaciones-internacionales\\\/\"]}]},{\"@type\":\"ImageObject\",\"inLanguage\":\"es\",\"@id\":\"https:\\\/\\\/www.bbmnoticias.com\\\/labravaradiofm\\\/2022\\\/06\\\/21\\\/minera-cuzcatlan-obtiene-certificaciones-internacionales\\\/#primaryimage\",\"url\":\"https:\\\/\\\/www.bbmnoticias.com\\\/labravaradiofm\\\/wp-content\\\/uploads\\\/sites\\\/5\\\/2022\\\/06\\\/minera-cuzcatlan.jpg\",\"contentUrl\":\"https:\\\/\\\/www.bbmnoticias.com\\\/labravaradiofm\\\/wp-content\\\/uploads\\\/sites\\\/5\\\/2022\\\/06\\\/minera-cuzcatlan.jpg\",\"width\":800,\"height\":533},{\"@type\":\"BreadcrumbList\",\"@id\":\"https:\\\/\\\/www.bbmnoticias.com\\\/labravaradiofm\\\/2022\\\/06\\\/21\\\/minera-cuzcatlan-obtiene-certificaciones-internacionales\\\/#breadcrumb\",\"itemListElement\":[{\"@type\":\"ListItem\",\"position\":1,\"name\":\"Inicio\",\"item\":\"https:\\\/\\\/www.bbmnoticias.com\\\/labravaradiofm\\\/\"},{\"@type\":\"ListItem\",\"position\":2,\"name\":\"Minera Cuzcatl\u00e1n obtiene certificaciones internacionales\u00a0\"}]},{\"@type\":\"WebSite\",\"@id\":\"https:\\\/\\\/www.bbmnoticias.com\\\/labravaradiofm\\\/#website\",\"url\":\"https:\\\/\\\/www.bbmnoticias.com\\\/labravaradiofm\\\/\",\"name\":\"LA BRAVA RADIO\",\"description\":\"Empresa productora de medios, Radiodifusi\u00f3n, Noticias, tendencias y todo lo que necesitas saber de la pol\u00edtica mexicana e internacional; entretenimiento, espect\u00e1culos, salud y mucho m\u00e1s.\",\"potentialAction\":[{\"@type\":\"SearchAction\",\"target\":{\"@type\":\"EntryPoint\",\"urlTemplate\":\"https:\\\/\\\/www.bbmnoticias.com\\\/labravaradiofm\\\/?s={search_term_string}\"},\"query-input\":{\"@type\":\"PropertyValueSpecification\",\"valueRequired\":true,\"valueName\":\"search_term_string\"}}],\"inLanguage\":\"es\"},{\"@type\":\"Person\",\"@id\":\"https:\\\/\\\/www.bbmnoticias.com\\\/labravaradiofm\\\/#\\\/schema\\\/person\\\/34b139c617a70ea5bef5678bffe4dd7b\",\"name\":\"Staff\",\"image\":{\"@type\":\"ImageObject\",\"inLanguage\":\"es\",\"@id\":\"https:\\\/\\\/secure.gravatar.com\\\/avatar\\\/fdd21ad66fd8b98c407f9dee5b5e588cfe7f0d8579ec20fa6527cd59bab7f0f0?s=96&d=mm&r=g\",\"url\":\"https:\\\/\\\/secure.gravatar.com\\\/avatar\\\/fdd21ad66fd8b98c407f9dee5b5e588cfe7f0d8579ec20fa6527cd59bab7f0f0?s=96&d=mm&r=g\",\"contentUrl\":\"https:\\\/\\\/secure.gravatar.com\\\/avatar\\\/fdd21ad66fd8b98c407f9dee5b5e588cfe7f0d8579ec20fa6527cd59bab7f0f0?s=96&d=mm&r=g\",\"caption\":\"Staff\"},\"url\":\"https:\\\/\\\/www.bbmnoticias.com\\\/labravaradiofm\\\/author\\\/redaccion\\\/\"}]}<\/script>\n<!-- \/ Yoast SEO plugin. -->","yoast_head_json":{"title":"Minera Cuzcatl\u00e1n obtiene certificaciones internacionales\u00a0 - LA BRAVA RADIO","robots":{"index":"index","follow":"follow","max-snippet":"max-snippet:-1","max-image-preview":"max-image-preview:large","max-video-preview":"max-video-preview:-1"},"canonical":"https:\/\/www.bbmnoticias.com\/labravaradiofm\/2022\/06\/21\/minera-cuzcatlan-obtiene-certificaciones-internacionales\/","og_locale":"es_MX","og_type":"article","og_title":"Minera Cuzcatl\u00e1n obtiene certificaciones internacionales\u00a0 - LA BRAVA RADIO","og_description":"San Jos\u00e9 del Progreso. &#8211; Luego de un proceso de auditor\u00eda voluntaria, Compa\u00f1\u00eda Minera Cuzcatl\u00e1n obtuvo las certificaciones ISO 14001:2015 sobre Sistemas de Gesti\u00f3n Ambiental e ISO 45001:2018 sobre Sistemas de Gesti\u00f3n de la Seguridad y Salud en el Trabajo.&nbsp; Dichas certificaciones fueron emitidas por American Trust Register, casa certificadora acreditada que audit\u00f3 que los [&hellip;]","og_url":"https:\/\/www.bbmnoticias.com\/labravaradiofm\/2022\/06\/21\/minera-cuzcatlan-obtiene-certificaciones-internacionales\/","og_site_name":"LA BRAVA RADIO","article_published_time":"2022-06-21T15:25:08+00:00","article_modified_time":"2022-06-21T15:25:09+00:00","og_image":[{"width":800,"height":533,"url":"https:\/\/www.bbmnoticias.com\/labravaradiofm\/wp-content\/uploads\/sites\/5\/2022\/06\/minera-cuzcatlan.jpg","type":"image\/jpeg"}],"author":"Staff","twitter_card":"summary_large_image","twitter_misc":{"Escrito por":"Staff","Tiempo de lectura":"4 minutos"},"schema":{"@context":"https:\/\/schema.org","@graph":[{"@type":"Article","@id":"https:\/\/www.bbmnoticias.com\/labravaradiofm\/2022\/06\/21\/minera-cuzcatlan-obtiene-certificaciones-internacionales\/#article","isPartOf":{"@id":"https:\/\/www.bbmnoticias.com\/labravaradiofm\/2022\/06\/21\/minera-cuzcatlan-obtiene-certificaciones-internacionales\/"},"author":{"name":"Staff","@id":"https:\/\/www.bbmnoticias.com\/labravaradiofm\/#\/schema\/person\/34b139c617a70ea5bef5678bffe4dd7b"},"headline":"Minera Cuzcatl\u00e1n obtiene certificaciones internacionales\u00a0","datePublished":"2022-06-21T15:25:08+00:00","dateModified":"2022-06-21T15:25:09+00:00","mainEntityOfPage":{"@id":"https:\/\/www.bbmnoticias.com\/labravaradiofm\/2022\/06\/21\/minera-cuzcatlan-obtiene-certificaciones-internacionales\/"},"wordCount":777,"image":{"@id":"https:\/\/www.bbmnoticias.com\/labravaradiofm\/2022\/06\/21\/minera-cuzcatlan-obtiene-certificaciones-internacionales\/#primaryimage"},"thumbnailUrl":"https:\/\/www.bbmnoticias.com\/labravaradiofm\/wp-content\/uploads\/sites\/5\/2022\/06\/minera-cuzcatlan.jpg","articleSection":["LOCAL"],"inLanguage":"es"},{"@type":"WebPage","@id":"https:\/\/www.bbmnoticias.com\/labravaradiofm\/2022\/06\/21\/minera-cuzcatlan-obtiene-certificaciones-internacionales\/","url":"https:\/\/www.bbmnoticias.com\/labravaradiofm\/2022\/06\/21\/minera-cuzcatlan-obtiene-certificaciones-internacionales\/","name":"Minera Cuzcatl\u00e1n obtiene certificaciones internacionales\u00a0 - LA BRAVA RADIO","isPartOf":{"@id":"https:\/\/www.bbmnoticias.com\/labravaradiofm\/#website"},"primaryImageOfPage":{"@id":"https:\/\/www.bbmnoticias.com\/labravaradiofm\/2022\/06\/21\/minera-cuzcatlan-obtiene-certificaciones-internacionales\/#primaryimage"},"image":{"@id":"https:\/\/www.bbmnoticias.com\/labravaradiofm\/2022\/06\/21\/minera-cuzcatlan-obtiene-certificaciones-internacionales\/#primaryimage"},"thumbnailUrl":"https:\/\/www.bbmnoticias.com\/labravaradiofm\/wp-content\/uploads\/sites\/5\/2022\/06\/minera-cuzcatlan.jpg","datePublished":"2022-06-21T15:25:08+00:00","dateModified":"2022-06-21T15:25:09+00:00","author":{"@id":"https:\/\/www.bbmnoticias.com\/labravaradiofm\/#\/schema\/person\/34b139c617a70ea5bef5678bffe4dd7b"},"breadcrumb":{"@id":"https:\/\/www.bbmnoticias.com\/labravaradiofm\/2022\/06\/21\/minera-cuzcatlan-obtiene-certificaciones-internacionales\/#breadcrumb"},"inLanguage":"es","potentialAction":[{"@type":"ReadAction","target":["https:\/\/www.bbmnoticias.com\/labravaradiofm\/2022\/06\/21\/minera-cuzcatlan-obtiene-certificaciones-internacionales\/"]}]},{"@type":"ImageObject","inLanguage":"es","@id":"https:\/\/www.bbmnoticias.com\/labravaradiofm\/2022\/06\/21\/minera-cuzcatlan-obtiene-certificaciones-internacionales\/#primaryimage","url":"https:\/\/www.bbmnoticias.com\/labravaradiofm\/wp-content\/uploads\/sites\/5\/2022\/06\/minera-cuzcatlan.jpg","contentUrl":"https:\/\/www.bbmnoticias.com\/labravaradiofm\/wp-content\/uploads\/sites\/5\/2022\/06\/minera-cuzcatlan.jpg","width":800,"height":533},{"@type":"BreadcrumbList","@id":"https:\/\/www.bbmnoticias.com\/labravaradiofm\/2022\/06\/21\/minera-cuzcatlan-obtiene-certificaciones-internacionales\/#breadcrumb","itemListElement":[{"@type":"ListItem","position":1,"name":"Inicio","item":"https:\/\/www.bbmnoticias.com\/labravaradiofm\/"},{"@type":"ListItem","position":2,"name":"Minera Cuzcatl\u00e1n obtiene certificaciones internacionales\u00a0"}]},{"@type":"WebSite","@id":"https:\/\/www.bbmnoticias.com\/labravaradiofm\/#website","url":"https:\/\/www.bbmnoticias.com\/labravaradiofm\/","name":"LA BRAVA RADIO","description":"Empresa productora de medios, Radiodifusi\u00f3n, Noticias, tendencias y todo lo que necesitas saber de la pol\u00edtica mexicana e internacional; entretenimiento, espect\u00e1culos, salud y mucho m\u00e1s.","potentialAction":[{"@type":"SearchAction","target":{"@type":"EntryPoint","urlTemplate":"https:\/\/www.bbmnoticias.com\/labravaradiofm\/?s={search_term_string}"},"query-input":{"@type":"PropertyValueSpecification","valueRequired":true,"valueName":"search_term_string"}}],"inLanguage":"es"},{"@type":"Person","@id":"https:\/\/www.bbmnoticias.com\/labravaradiofm\/#\/schema\/person\/34b139c617a70ea5bef5678bffe4dd7b","name":"Staff","image":{"@type":"ImageObject","inLanguage":"es","@id":"https:\/\/secure.gravatar.com\/avatar\/fdd21ad66fd8b98c407f9dee5b5e588cfe7f0d8579ec20fa6527cd59bab7f0f0?s=96&d=mm&r=g","url":"https:\/\/secure.gravatar.com\/avatar\/fdd21ad66fd8b98c407f9dee5b5e588cfe7f0d8579ec20fa6527cd59bab7f0f0?s=96&d=mm&r=g","contentUrl":"https:\/\/secure.gravatar.com\/avatar\/fdd21ad66fd8b98c407f9dee5b5e588cfe7f0d8579ec20fa6527cd59bab7f0f0?s=96&d=mm&r=g","caption":"Staff"},"url":"https:\/\/www.bbmnoticias.com\/labravaradiofm\/author\/redaccion\/"}]}},"_links":{"self":[{"href":"https:\/\/www.bbmnoticias.com\/labravaradiofm\/wp-json\/wp\/v2\/posts\/14783","targetHints":{"allow":["GET"]}}],"collection":[{"href":"https:\/\/www.bbmnoticias.com\/labravaradiofm\/wp-json\/wp\/v2\/posts"}],"about":[{"href":"https:\/\/www.bbmnoticias.com\/labravaradiofm\/wp-json\/wp\/v2\/types\/post"}],"author":[{"embeddable":true,"href":"https:\/\/www.bbmnoticias.com\/labravaradiofm\/wp-json\/wp\/v2\/users\/2"}],"replies":[{"embeddable":true,"href":"https:\/\/www.bbmnoticias.com\/labravaradiofm\/wp-json\/wp\/v2\/comments?post=14783"}],"version-history":[{"count":0,"href":"https:\/\/www.bbmnoticias.com\/labravaradiofm\/wp-json\/wp\/v2\/posts\/14783\/revisions"}],"wp:featuredmedia":[{"embeddable":true,"href":"https:\/\/www.bbmnoticias.com\/labravaradiofm\/wp-json\/wp\/v2\/media\/14784"}],"wp:attachment":[{"href":"https:\/\/www.bbmnoticias.com\/labravaradiofm\/wp-json\/wp\/v2\/media?parent=14783"}],"wp:term":[{"taxonomy":"category","embeddable":true,"href":"https:\/\/www.bbmnoticias.com\/labravaradiofm\/wp-json\/wp\/v2\/categories?post=14783"},{"taxonomy":"post_tag","embeddable":true,"href":"https:\/\/www.bbmnoticias.com\/labravaradiofm\/wp-json\/wp\/v2\/tags?post=14783"}],"curies":[{"name":"wp","href":"https:\/\/api.w.org\/{rel}","templated":true}]}}