{"id":14779,"date":"2022-06-21T09:50:22","date_gmt":"2022-06-21T14:50:22","guid":{"rendered":"https:\/\/www.bbmnoticias.com\/labravaradiofm\/?p=14779"},"modified":"2022-06-21T09:52:34","modified_gmt":"2022-06-21T14:52:34","slug":"en-el-dif-oaxaca-trabajaremos-hasta-el-ultimo-dia-por-un-oaxaca-imm","status":"publish","type":"post","link":"https:\/\/www.bbmnoticias.com\/labravaradiofm\/2022\/06\/21\/en-el-dif-oaxaca-trabajaremos-hasta-el-ultimo-dia-por-un-oaxaca-imm\/","title":{"rendered":"En el DIF Oaxaca, trabajaremos hasta el \u00faltimo d\u00eda por Oaxaca: IMM"},"content":{"rendered":"<div style=\"margin-top: 0px; margin-bottom: 0px;\" class=\"sharethis-inline-share-buttons\" ><\/div>\n<p><strong>Oaxaca de Ju\u00e1rez, Oax. &nbsp;21 de junio de 2022.- <\/strong>Fortaleciendo uno de los ejes primordiales de la administraci\u00f3n del Gobernador del Estado, Alejandro Murat Hinojosa, \u201cOaxaca Incluyente\u201d, la presidenta honoraria del Sistema Estatal DIF Oaxaca, Ivette Mor\u00e1n de Murat, entreg\u00f3 sillas de ruedas a personas con discapacidad pertenecientes a la capital oaxaque\u00f1a.<\/p>\n\n\n\n<p>\u201cEntregar sillas de ruedas que facilitan la movilidad y la calidad de vida de las personas con discapacidad, lo hacemos con todo el coraz\u00f3n. Para la administraci\u00f3n de mi esposo y el equipo del DIF Estatal Oaxaca, es una prioridad apoyarlas. Me llena de alegr\u00eda ver c\u00f3mo con estas acciones, beneficiamos a nuestra gente\u201d, se\u00f1al\u00f3, la esposa del mandatario estatal.<\/p>\n\n\n\n<p>\u201cOaxaca Incluyente\u201d, es uno de los ejes rectores presentados en el Plan Estatal de Desarrollo 2016-2022. El anterior, busca proporcionar las herramientas y la infraestructura necesaria, para que las personas con discapacidad puedan mejorar su vida y, con esto, recuperar la cotidianidad con la que se desenvolv\u00edan.&nbsp;<\/p>\n\n\n\n<p>Por otra parte, Ivette Mor\u00e1n de Murat, reconoci\u00f3 el esfuerzo de estudiantes destacados del Colegio de Bachilleres de Oaxaca (COBAO), con la entrega de computadoras port\u00e1tiles para facilitar su aprendizaje. Logrando con estas acciones, fortalecer el crecimiento y desarrollo educativo de las y los adolescentes oaxaque\u00f1os.<\/p>\n","protected":false},"excerpt":{"rendered":"<p>Oaxaca de Ju\u00e1rez, Oax. &nbsp;21 de junio de 2022.- Fortaleciendo uno de los ejes primordiales de la administraci\u00f3n del Gobernador del Estado, Alejandro Murat Hinojosa, \u201cOaxaca Incluyente\u201d, la presidenta honoraria del Sistema Estatal DIF Oaxaca, Ivette Mor\u00e1n de Murat, entreg\u00f3 sillas de ruedas a personas con discapacidad pertenecientes a la capital oaxaque\u00f1a. \u201cEntregar sillas de [&hellip;]<\/p>\n","protected":false},"author":2,"featured_media":14780,"comment_status":"closed","ping_status":"closed","sticky":false,"template":"","format":"standard","meta":{"footnotes":""},"categories":[2],"tags":[],"class_list":{"0":"post-14779","1":"post","2":"type-post","3":"status-publish","4":"format-standard","5":"has-post-thumbnail","7":"category-oaxaca"},"yoast_head":"<!-- This site is optimized with the Yoast SEO plugin v27.4 - https:\/\/yoast.com\/product\/yoast-seo-wordpress\/ -->\n<title>En el DIF Oaxaca, trabajaremos hasta el \u00faltimo d\u00eda por Oaxaca: IMM - LA BRAVA RADIO<\/title>\n<meta name=\"robots\" content=\"index, follow, max-snippet:-1, max-image-preview:large, max-video-preview:-1\" \/>\n<link rel=\"canonical\" href=\"https:\/\/www.bbmnoticias.com\/labravaradiofm\/2022\/06\/21\/en-el-dif-oaxaca-trabajaremos-hasta-el-ultimo-dia-por-un-oaxaca-imm\/\" \/>\n<meta property=\"og:locale\" content=\"es_MX\" \/>\n<meta property=\"og:type\" content=\"article\" \/>\n<meta property=\"og:title\" content=\"En el DIF Oaxaca, trabajaremos hasta el \u00faltimo d\u00eda por Oaxaca: IMM - LA BRAVA RADIO\" \/>\n<meta property=\"og:description\" content=\"Oaxaca de Ju\u00e1rez, Oax. &nbsp;21 de junio de 2022.- Fortaleciendo uno de los ejes primordiales de la administraci\u00f3n del Gobernador del Estado, Alejandro Murat Hinojosa, \u201cOaxaca Incluyente\u201d, la presidenta honoraria del Sistema Estatal DIF Oaxaca, Ivette Mor\u00e1n de Murat, entreg\u00f3 sillas de ruedas a personas con discapacidad pertenecientes a la capital oaxaque\u00f1a. \u201cEntregar sillas de [&hellip;]\" \/>\n<meta property=\"og:url\" content=\"https:\/\/www.bbmnoticias.com\/labravaradiofm\/2022\/06\/21\/en-el-dif-oaxaca-trabajaremos-hasta-el-ultimo-dia-por-un-oaxaca-imm\/\" \/>\n<meta property=\"og:site_name\" content=\"LA BRAVA RADIO\" \/>\n<meta property=\"article:published_time\" content=\"2022-06-21T14:50:22+00:00\" \/>\n<meta property=\"article:modified_time\" content=\"2022-06-21T14:52:34+00:00\" \/>\n<meta property=\"og:image\" content=\"https:\/\/www.bbmnoticias.com\/labravaradiofm\/wp-content\/uploads\/sites\/5\/2022\/06\/dif-oaxaca.jpg\" \/>\n\t<meta property=\"og:image:width\" content=\"800\" \/>\n\t<meta property=\"og:image:height\" content=\"533\" \/>\n\t<meta property=\"og:image:type\" content=\"image\/jpeg\" \/>\n<meta name=\"author\" content=\"Staff\" \/>\n<meta name=\"twitter:card\" content=\"summary_large_image\" \/>\n<meta name=\"twitter:label1\" content=\"Escrito por\" \/>\n\t<meta name=\"twitter:data1\" content=\"Staff\" \/>\n\t<meta name=\"twitter:label2\" content=\"Tiempo de lectura\" \/>\n\t<meta name=\"twitter:data2\" content=\"1 minuto\" \/>\n<script type=\"application\/ld+json\" class=\"yoast-schema-graph\">{\"@context\":\"https:\\\/\\\/schema.org\",\"@graph\":[{\"@type\":\"Article\",\"@id\":\"https:\\\/\\\/www.bbmnoticias.com\\\/labravaradiofm\\\/2022\\\/06\\\/21\\\/en-el-dif-oaxaca-trabajaremos-hasta-el-ultimo-dia-por-un-oaxaca-imm\\\/#article\",\"isPartOf\":{\"@id\":\"https:\\\/\\\/www.bbmnoticias.com\\\/labravaradiofm\\\/2022\\\/06\\\/21\\\/en-el-dif-oaxaca-trabajaremos-hasta-el-ultimo-dia-por-un-oaxaca-imm\\\/\"},\"author\":{\"name\":\"Staff\",\"@id\":\"https:\\\/\\\/www.bbmnoticias.com\\\/labravaradiofm\\\/#\\\/schema\\\/person\\\/34b139c617a70ea5bef5678bffe4dd7b\"},\"headline\":\"En el DIF Oaxaca, trabajaremos hasta el \u00faltimo d\u00eda por Oaxaca: IMM\",\"datePublished\":\"2022-06-21T14:50:22+00:00\",\"dateModified\":\"2022-06-21T14:52:34+00:00\",\"mainEntityOfPage\":{\"@id\":\"https:\\\/\\\/www.bbmnoticias.com\\\/labravaradiofm\\\/2022\\\/06\\\/21\\\/en-el-dif-oaxaca-trabajaremos-hasta-el-ultimo-dia-por-un-oaxaca-imm\\\/\"},\"wordCount\":232,\"image\":{\"@id\":\"https:\\\/\\\/www.bbmnoticias.com\\\/labravaradiofm\\\/2022\\\/06\\\/21\\\/en-el-dif-oaxaca-trabajaremos-hasta-el-ultimo-dia-por-un-oaxaca-imm\\\/#primaryimage\"},\"thumbnailUrl\":\"https:\\\/\\\/www.bbmnoticias.com\\\/labravaradiofm\\\/wp-content\\\/uploads\\\/sites\\\/5\\\/2022\\\/06\\\/dif-oaxaca.jpg\",\"articleSection\":[\"LOCAL\"],\"inLanguage\":\"es\"},{\"@type\":\"WebPage\",\"@id\":\"https:\\\/\\\/www.bbmnoticias.com\\\/labravaradiofm\\\/2022\\\/06\\\/21\\\/en-el-dif-oaxaca-trabajaremos-hasta-el-ultimo-dia-por-un-oaxaca-imm\\\/\",\"url\":\"https:\\\/\\\/www.bbmnoticias.com\\\/labravaradiofm\\\/2022\\\/06\\\/21\\\/en-el-dif-oaxaca-trabajaremos-hasta-el-ultimo-dia-por-un-oaxaca-imm\\\/\",\"name\":\"En el DIF Oaxaca, trabajaremos hasta el \u00faltimo d\u00eda por Oaxaca: IMM - LA BRAVA RADIO\",\"isPartOf\":{\"@id\":\"https:\\\/\\\/www.bbmnoticias.com\\\/labravaradiofm\\\/#website\"},\"primaryImageOfPage\":{\"@id\":\"https:\\\/\\\/www.bbmnoticias.com\\\/labravaradiofm\\\/2022\\\/06\\\/21\\\/en-el-dif-oaxaca-trabajaremos-hasta-el-ultimo-dia-por-un-oaxaca-imm\\\/#primaryimage\"},\"image\":{\"@id\":\"https:\\\/\\\/www.bbmnoticias.com\\\/labravaradiofm\\\/2022\\\/06\\\/21\\\/en-el-dif-oaxaca-trabajaremos-hasta-el-ultimo-dia-por-un-oaxaca-imm\\\/#primaryimage\"},\"thumbnailUrl\":\"https:\\\/\\\/www.bbmnoticias.com\\\/labravaradiofm\\\/wp-content\\\/uploads\\\/sites\\\/5\\\/2022\\\/06\\\/dif-oaxaca.jpg\",\"datePublished\":\"2022-06-21T14:50:22+00:00\",\"dateModified\":\"2022-06-21T14:52:34+00:00\",\"author\":{\"@id\":\"https:\\\/\\\/www.bbmnoticias.com\\\/labravaradiofm\\\/#\\\/schema\\\/person\\\/34b139c617a70ea5bef5678bffe4dd7b\"},\"breadcrumb\":{\"@id\":\"https:\\\/\\\/www.bbmnoticias.com\\\/labravaradiofm\\\/2022\\\/06\\\/21\\\/en-el-dif-oaxaca-trabajaremos-hasta-el-ultimo-dia-por-un-oaxaca-imm\\\/#breadcrumb\"},\"inLanguage\":\"es\",\"potentialAction\":[{\"@type\":\"ReadAction\",\"target\":[\"https:\\\/\\\/www.bbmnoticias.com\\\/labravaradiofm\\\/2022\\\/06\\\/21\\\/en-el-dif-oaxaca-trabajaremos-hasta-el-ultimo-dia-por-un-oaxaca-imm\\\/\"]}]},{\"@type\":\"ImageObject\",\"inLanguage\":\"es\",\"@id\":\"https:\\\/\\\/www.bbmnoticias.com\\\/labravaradiofm\\\/2022\\\/06\\\/21\\\/en-el-dif-oaxaca-trabajaremos-hasta-el-ultimo-dia-por-un-oaxaca-imm\\\/#primaryimage\",\"url\":\"https:\\\/\\\/www.bbmnoticias.com\\\/labravaradiofm\\\/wp-content\\\/uploads\\\/sites\\\/5\\\/2022\\\/06\\\/dif-oaxaca.jpg\",\"contentUrl\":\"https:\\\/\\\/www.bbmnoticias.com\\\/labravaradiofm\\\/wp-content\\\/uploads\\\/sites\\\/5\\\/2022\\\/06\\\/dif-oaxaca.jpg\",\"width\":800,\"height\":533},{\"@type\":\"BreadcrumbList\",\"@id\":\"https:\\\/\\\/www.bbmnoticias.com\\\/labravaradiofm\\\/2022\\\/06\\\/21\\\/en-el-dif-oaxaca-trabajaremos-hasta-el-ultimo-dia-por-un-oaxaca-imm\\\/#breadcrumb\",\"itemListElement\":[{\"@type\":\"ListItem\",\"position\":1,\"name\":\"Inicio\",\"item\":\"https:\\\/\\\/www.bbmnoticias.com\\\/labravaradiofm\\\/\"},{\"@type\":\"ListItem\",\"position\":2,\"name\":\"En el DIF Oaxaca, trabajaremos hasta el \u00faltimo d\u00eda por Oaxaca: IMM\"}]},{\"@type\":\"WebSite\",\"@id\":\"https:\\\/\\\/www.bbmnoticias.com\\\/labravaradiofm\\\/#website\",\"url\":\"https:\\\/\\\/www.bbmnoticias.com\\\/labravaradiofm\\\/\",\"name\":\"LA BRAVA RADIO\",\"description\":\"Empresa productora de medios, Radiodifusi\u00f3n, Noticias, tendencias y todo lo que necesitas saber de la pol\u00edtica mexicana e internacional; entretenimiento, espect\u00e1culos, salud y mucho m\u00e1s.\",\"potentialAction\":[{\"@type\":\"SearchAction\",\"target\":{\"@type\":\"EntryPoint\",\"urlTemplate\":\"https:\\\/\\\/www.bbmnoticias.com\\\/labravaradiofm\\\/?s={search_term_string}\"},\"query-input\":{\"@type\":\"PropertyValueSpecification\",\"valueRequired\":true,\"valueName\":\"search_term_string\"}}],\"inLanguage\":\"es\"},{\"@type\":\"Person\",\"@id\":\"https:\\\/\\\/www.bbmnoticias.com\\\/labravaradiofm\\\/#\\\/schema\\\/person\\\/34b139c617a70ea5bef5678bffe4dd7b\",\"name\":\"Staff\",\"image\":{\"@type\":\"ImageObject\",\"inLanguage\":\"es\",\"@id\":\"https:\\\/\\\/secure.gravatar.com\\\/avatar\\\/fdd21ad66fd8b98c407f9dee5b5e588cfe7f0d8579ec20fa6527cd59bab7f0f0?s=96&d=mm&r=g\",\"url\":\"https:\\\/\\\/secure.gravatar.com\\\/avatar\\\/fdd21ad66fd8b98c407f9dee5b5e588cfe7f0d8579ec20fa6527cd59bab7f0f0?s=96&d=mm&r=g\",\"contentUrl\":\"https:\\\/\\\/secure.gravatar.com\\\/avatar\\\/fdd21ad66fd8b98c407f9dee5b5e588cfe7f0d8579ec20fa6527cd59bab7f0f0?s=96&d=mm&r=g\",\"caption\":\"Staff\"},\"url\":\"https:\\\/\\\/www.bbmnoticias.com\\\/labravaradiofm\\\/author\\\/redaccion\\\/\"}]}<\/script>\n<!-- \/ Yoast SEO plugin. -->","yoast_head_json":{"title":"En el DIF Oaxaca, trabajaremos hasta el \u00faltimo d\u00eda por Oaxaca: IMM - LA BRAVA RADIO","robots":{"index":"index","follow":"follow","max-snippet":"max-snippet:-1","max-image-preview":"max-image-preview:large","max-video-preview":"max-video-preview:-1"},"canonical":"https:\/\/www.bbmnoticias.com\/labravaradiofm\/2022\/06\/21\/en-el-dif-oaxaca-trabajaremos-hasta-el-ultimo-dia-por-un-oaxaca-imm\/","og_locale":"es_MX","og_type":"article","og_title":"En el DIF Oaxaca, trabajaremos hasta el \u00faltimo d\u00eda por Oaxaca: IMM - LA BRAVA RADIO","og_description":"Oaxaca de Ju\u00e1rez, Oax. &nbsp;21 de junio de 2022.- Fortaleciendo uno de los ejes primordiales de la administraci\u00f3n del Gobernador del Estado, Alejandro Murat Hinojosa, \u201cOaxaca Incluyente\u201d, la presidenta honoraria del Sistema Estatal DIF Oaxaca, Ivette Mor\u00e1n de Murat, entreg\u00f3 sillas de ruedas a personas con discapacidad pertenecientes a la capital oaxaque\u00f1a. \u201cEntregar sillas de [&hellip;]","og_url":"https:\/\/www.bbmnoticias.com\/labravaradiofm\/2022\/06\/21\/en-el-dif-oaxaca-trabajaremos-hasta-el-ultimo-dia-por-un-oaxaca-imm\/","og_site_name":"LA BRAVA RADIO","article_published_time":"2022-06-21T14:50:22+00:00","article_modified_time":"2022-06-21T14:52:34+00:00","og_image":[{"width":800,"height":533,"url":"https:\/\/www.bbmnoticias.com\/labravaradiofm\/wp-content\/uploads\/sites\/5\/2022\/06\/dif-oaxaca.jpg","type":"image\/jpeg"}],"author":"Staff","twitter_card":"summary_large_image","twitter_misc":{"Escrito por":"Staff","Tiempo de lectura":"1 minuto"},"schema":{"@context":"https:\/\/schema.org","@graph":[{"@type":"Article","@id":"https:\/\/www.bbmnoticias.com\/labravaradiofm\/2022\/06\/21\/en-el-dif-oaxaca-trabajaremos-hasta-el-ultimo-dia-por-un-oaxaca-imm\/#article","isPartOf":{"@id":"https:\/\/www.bbmnoticias.com\/labravaradiofm\/2022\/06\/21\/en-el-dif-oaxaca-trabajaremos-hasta-el-ultimo-dia-por-un-oaxaca-imm\/"},"author":{"name":"Staff","@id":"https:\/\/www.bbmnoticias.com\/labravaradiofm\/#\/schema\/person\/34b139c617a70ea5bef5678bffe4dd7b"},"headline":"En el DIF Oaxaca, trabajaremos hasta el \u00faltimo d\u00eda por Oaxaca: IMM","datePublished":"2022-06-21T14:50:22+00:00","dateModified":"2022-06-21T14:52:34+00:00","mainEntityOfPage":{"@id":"https:\/\/www.bbmnoticias.com\/labravaradiofm\/2022\/06\/21\/en-el-dif-oaxaca-trabajaremos-hasta-el-ultimo-dia-por-un-oaxaca-imm\/"},"wordCount":232,"image":{"@id":"https:\/\/www.bbmnoticias.com\/labravaradiofm\/2022\/06\/21\/en-el-dif-oaxaca-trabajaremos-hasta-el-ultimo-dia-por-un-oaxaca-imm\/#primaryimage"},"thumbnailUrl":"https:\/\/www.bbmnoticias.com\/labravaradiofm\/wp-content\/uploads\/sites\/5\/2022\/06\/dif-oaxaca.jpg","articleSection":["LOCAL"],"inLanguage":"es"},{"@type":"WebPage","@id":"https:\/\/www.bbmnoticias.com\/labravaradiofm\/2022\/06\/21\/en-el-dif-oaxaca-trabajaremos-hasta-el-ultimo-dia-por-un-oaxaca-imm\/","url":"https:\/\/www.bbmnoticias.com\/labravaradiofm\/2022\/06\/21\/en-el-dif-oaxaca-trabajaremos-hasta-el-ultimo-dia-por-un-oaxaca-imm\/","name":"En el DIF Oaxaca, trabajaremos hasta el \u00faltimo d\u00eda por Oaxaca: IMM - LA BRAVA RADIO","isPartOf":{"@id":"https:\/\/www.bbmnoticias.com\/labravaradiofm\/#website"},"primaryImageOfPage":{"@id":"https:\/\/www.bbmnoticias.com\/labravaradiofm\/2022\/06\/21\/en-el-dif-oaxaca-trabajaremos-hasta-el-ultimo-dia-por-un-oaxaca-imm\/#primaryimage"},"image":{"@id":"https:\/\/www.bbmnoticias.com\/labravaradiofm\/2022\/06\/21\/en-el-dif-oaxaca-trabajaremos-hasta-el-ultimo-dia-por-un-oaxaca-imm\/#primaryimage"},"thumbnailUrl":"https:\/\/www.bbmnoticias.com\/labravaradiofm\/wp-content\/uploads\/sites\/5\/2022\/06\/dif-oaxaca.jpg","datePublished":"2022-06-21T14:50:22+00:00","dateModified":"2022-06-21T14:52:34+00:00","author":{"@id":"https:\/\/www.bbmnoticias.com\/labravaradiofm\/#\/schema\/person\/34b139c617a70ea5bef5678bffe4dd7b"},"breadcrumb":{"@id":"https:\/\/www.bbmnoticias.com\/labravaradiofm\/2022\/06\/21\/en-el-dif-oaxaca-trabajaremos-hasta-el-ultimo-dia-por-un-oaxaca-imm\/#breadcrumb"},"inLanguage":"es","potentialAction":[{"@type":"ReadAction","target":["https:\/\/www.bbmnoticias.com\/labravaradiofm\/2022\/06\/21\/en-el-dif-oaxaca-trabajaremos-hasta-el-ultimo-dia-por-un-oaxaca-imm\/"]}]},{"@type":"ImageObject","inLanguage":"es","@id":"https:\/\/www.bbmnoticias.com\/labravaradiofm\/2022\/06\/21\/en-el-dif-oaxaca-trabajaremos-hasta-el-ultimo-dia-por-un-oaxaca-imm\/#primaryimage","url":"https:\/\/www.bbmnoticias.com\/labravaradiofm\/wp-content\/uploads\/sites\/5\/2022\/06\/dif-oaxaca.jpg","contentUrl":"https:\/\/www.bbmnoticias.com\/labravaradiofm\/wp-content\/uploads\/sites\/5\/2022\/06\/dif-oaxaca.jpg","width":800,"height":533},{"@type":"BreadcrumbList","@id":"https:\/\/www.bbmnoticias.com\/labravaradiofm\/2022\/06\/21\/en-el-dif-oaxaca-trabajaremos-hasta-el-ultimo-dia-por-un-oaxaca-imm\/#breadcrumb","itemListElement":[{"@type":"ListItem","position":1,"name":"Inicio","item":"https:\/\/www.bbmnoticias.com\/labravaradiofm\/"},{"@type":"ListItem","position":2,"name":"En el DIF Oaxaca, trabajaremos hasta el \u00faltimo d\u00eda por Oaxaca: IMM"}]},{"@type":"WebSite","@id":"https:\/\/www.bbmnoticias.com\/labravaradiofm\/#website","url":"https:\/\/www.bbmnoticias.com\/labravaradiofm\/","name":"LA BRAVA RADIO","description":"Empresa productora de medios, Radiodifusi\u00f3n, Noticias, tendencias y todo lo que necesitas saber de la pol\u00edtica mexicana e internacional; entretenimiento, espect\u00e1culos, salud y mucho m\u00e1s.","potentialAction":[{"@type":"SearchAction","target":{"@type":"EntryPoint","urlTemplate":"https:\/\/www.bbmnoticias.com\/labravaradiofm\/?s={search_term_string}"},"query-input":{"@type":"PropertyValueSpecification","valueRequired":true,"valueName":"search_term_string"}}],"inLanguage":"es"},{"@type":"Person","@id":"https:\/\/www.bbmnoticias.com\/labravaradiofm\/#\/schema\/person\/34b139c617a70ea5bef5678bffe4dd7b","name":"Staff","image":{"@type":"ImageObject","inLanguage":"es","@id":"https:\/\/secure.gravatar.com\/avatar\/fdd21ad66fd8b98c407f9dee5b5e588cfe7f0d8579ec20fa6527cd59bab7f0f0?s=96&d=mm&r=g","url":"https:\/\/secure.gravatar.com\/avatar\/fdd21ad66fd8b98c407f9dee5b5e588cfe7f0d8579ec20fa6527cd59bab7f0f0?s=96&d=mm&r=g","contentUrl":"https:\/\/secure.gravatar.com\/avatar\/fdd21ad66fd8b98c407f9dee5b5e588cfe7f0d8579ec20fa6527cd59bab7f0f0?s=96&d=mm&r=g","caption":"Staff"},"url":"https:\/\/www.bbmnoticias.com\/labravaradiofm\/author\/redaccion\/"}]}},"_links":{"self":[{"href":"https:\/\/www.bbmnoticias.com\/labravaradiofm\/wp-json\/wp\/v2\/posts\/14779","targetHints":{"allow":["GET"]}}],"collection":[{"href":"https:\/\/www.bbmnoticias.com\/labravaradiofm\/wp-json\/wp\/v2\/posts"}],"about":[{"href":"https:\/\/www.bbmnoticias.com\/labravaradiofm\/wp-json\/wp\/v2\/types\/post"}],"author":[{"embeddable":true,"href":"https:\/\/www.bbmnoticias.com\/labravaradiofm\/wp-json\/wp\/v2\/users\/2"}],"replies":[{"embeddable":true,"href":"https:\/\/www.bbmnoticias.com\/labravaradiofm\/wp-json\/wp\/v2\/comments?post=14779"}],"version-history":[{"count":0,"href":"https:\/\/www.bbmnoticias.com\/labravaradiofm\/wp-json\/wp\/v2\/posts\/14779\/revisions"}],"wp:featuredmedia":[{"embeddable":true,"href":"https:\/\/www.bbmnoticias.com\/labravaradiofm\/wp-json\/wp\/v2\/media\/14780"}],"wp:attachment":[{"href":"https:\/\/www.bbmnoticias.com\/labravaradiofm\/wp-json\/wp\/v2\/media?parent=14779"}],"wp:term":[{"taxonomy":"category","embeddable":true,"href":"https:\/\/www.bbmnoticias.com\/labravaradiofm\/wp-json\/wp\/v2\/categories?post=14779"},{"taxonomy":"post_tag","embeddable":true,"href":"https:\/\/www.bbmnoticias.com\/labravaradiofm\/wp-json\/wp\/v2\/tags?post=14779"}],"curies":[{"name":"wp","href":"https:\/\/api.w.org\/{rel}","templated":true}]}}