{"id":14776,"date":"2022-06-21T09:42:21","date_gmt":"2022-06-21T14:42:21","guid":{"rendered":"https:\/\/www.bbmnoticias.com\/labravaradiofm\/?p=14776"},"modified":"2022-06-21T09:42:22","modified_gmt":"2022-06-21T14:42:22","slug":"reconocen-a-oaxaca-a-nivel-nacional-en-rendicion-de-cuentas-transparencia-y-acceso-a-la-informacion","status":"publish","type":"post","link":"https:\/\/www.bbmnoticias.com\/labravaradiofm\/2022\/06\/21\/reconocen-a-oaxaca-a-nivel-nacional-en-rendicion-de-cuentas-transparencia-y-acceso-a-la-informacion\/","title":{"rendered":"Reconocen a Oaxaca a nivel nacional en: \u201cRendici\u00f3n de cuentas, transparencia y acceso a la  informaci\u00f3n\u201d"},"content":{"rendered":"<div style=\"margin-top: 0px; margin-bottom: 0px;\" class=\"sharethis-inline-share-buttons\" ><\/div>\n<p><strong>Oaxaca de Ju\u00e1rez, Oaxaca. 21 de junio 2022<\/strong>. El Consejo Nacional de Evaluaci\u00f3n de la Pol\u00edtica de Desarrollo Social (Coneval) y la Cooperaci\u00f3n Alemana al Desarrollo Sustentable (GIZ), en el marco del Seminario: \u201cReconocimiento de buenas pr\u00e1cticas para afrontar la crisis generada por la COVID-19\u201d, reconoci\u00f3 a Oaxaca, a trav\u00e9s de la Secretar\u00eda de Bienestar y la Copeval por la pr\u00e1ctica: \u201cPrevenci\u00f3n y Respuesta ante la COVID-19 en municipios de Oaxaca\u201d, identificada como una de las mejores a nivel nacional.<\/p>\n\n\n\n<p>Este ejercicio de indagaci\u00f3n y an\u00e1lisis, tuvo como objetivos principales recabar informaci\u00f3n para integrar evidencia de la intervenci\u00f3n municipal, para desarrollar una herramienta digital que permitiera visualizar los resultados obtenidos; adem\u00e1s de integrar una serie de recomendaciones para orientar a los responsables de la pol\u00edtica de desarrollo social en los municipios, en el dise\u00f1o de sus intervenciones y pol\u00edticas p\u00fablicas ante una situaci\u00f3n de emergencia o desastre como el caso de la pandemia COVID-19, en un contexto de vulnerabilidad social.<\/p>\n\n\n\n<p>A nombre del gobernador Alejandro Murat Hinojosa, as\u00ed como de la secretaria de Bienestar de Oaxaca, Yolanda Mart\u00ednez L\u00f3pez, la titular de Copeval, Marina de los \u00c1ngeles S\u00e1nchez Lavariega, agradeci\u00f3 al secretario ejecutivo del Coneval, Jos\u00e9 Nabor Cruz Marcelo, as\u00ed como a la Cooperaci\u00f3n Alemana al Desarrollo Sustentable (GIZ), a los Consejeros Acad\u00e9micos y al doctor Salom\u00f3n Nahmad Sitt\u00f3n, por la distinci\u00f3n de este importante y valioso galard\u00f3n.<\/p>\n\n\n\n<p>\u201cSin duda la colaboraci\u00f3n y coordinaci\u00f3n entre los tres niveles de gobierno fue la clave para afrontar este gran reto, y es por eso que este reconocimiento no es s\u00f3lo para el Gobierno del Estado,&nbsp; sino tambi\u00e9n para las autoridades de los 570 municipios de la entidad por su oportuna intervenci\u00f3n y gran compromiso para afrontar este gran reto\u201d a\u00f1adi\u00f3.<\/p>\n\n\n\n<p>En dicho seminario, tambi\u00e9n se reconocieron a los gobiernos de los estados de Puebla, Yucat\u00e1n y Morelos, en tres categor\u00edas: \u201cIntervenciones p\u00fablicas para atender las afectaciones de la COVID-19\u201d, \u201cEstrategias de monitoreo y evaluaci\u00f3n\u201d y \u201cRendici\u00f3n de cuentas, transparencia y acceso a la informaci\u00f3n\u201d.<\/p>\n\n\n\n<p>Esta distinci\u00f3n es una muestra m\u00e1s de los resultados positivos alcanzados por el gobierno de Alejandro Murat Hinojosa en materia de pol\u00edtica social, que a trav\u00e9s del equipo de la Secretar\u00eda de Bienestar, trabajan con el \u00fanico&nbsp; compromiso de mejorar las condiciones de las familias oaxaque\u00f1as de las ocho regiones del estado.<\/p>\n\n\n\n<p>Enlaces<\/p>\n\n\n\n<ol class=\"wp-block-list\"><li>Documento que describe la pr\u00e1ctica:<\/li><\/ol>\n\n\n\n<p><a href=\"https:\/\/sostenible.oaxaca.gob.mx\/revistas\/investigacionSocial#\">https:\/\/sostenible.oaxaca.gob.mx\/revistas\/investigacionSocial#<\/a><\/p>\n\n\n\n<ol class=\"wp-block-list\" start=\"2\"><li>Mapa Interactivo de Medidas Preventivas Municipales ante la COVID-19<\/li><\/ol>\n\n\n\n<p><a href=\"https:\/\/sostenible.oaxaca.gob.mx\/informacion\/accionesmunicipio\">https:\/\/sostenible.oaxaca.gob.mx\/informacion\/accionesmunicipio<\/a><\/p>\n","protected":false},"excerpt":{"rendered":"<p>Oaxaca de Ju\u00e1rez, Oaxaca. 21 de junio 2022. El Consejo Nacional de Evaluaci\u00f3n de la Pol\u00edtica de Desarrollo Social (Coneval) y la Cooperaci\u00f3n Alemana al Desarrollo Sustentable (GIZ), en el marco del Seminario: \u201cReconocimiento de buenas pr\u00e1cticas para afrontar la crisis generada por la COVID-19\u201d, reconoci\u00f3 a Oaxaca, a trav\u00e9s de la Secretar\u00eda de Bienestar [&hellip;]<\/p>\n","protected":false},"author":2,"featured_media":14777,"comment_status":"closed","ping_status":"closed","sticky":false,"template":"","format":"standard","meta":{"footnotes":""},"categories":[2],"tags":[],"class_list":{"0":"post-14776","1":"post","2":"type-post","3":"status-publish","4":"format-standard","5":"has-post-thumbnail","7":"category-oaxaca"},"yoast_head":"<!-- This site is optimized with the Yoast SEO plugin v27.4 - https:\/\/yoast.com\/product\/yoast-seo-wordpress\/ -->\n<title>Reconocen a Oaxaca a nivel nacional en: \u201cRendici\u00f3n de cuentas, transparencia y acceso a la informaci\u00f3n\u201d - LA BRAVA RADIO<\/title>\n<meta name=\"robots\" content=\"index, follow, max-snippet:-1, max-image-preview:large, max-video-preview:-1\" \/>\n<link rel=\"canonical\" href=\"https:\/\/www.bbmnoticias.com\/labravaradiofm\/2022\/06\/21\/reconocen-a-oaxaca-a-nivel-nacional-en-rendicion-de-cuentas-transparencia-y-acceso-a-la-informacion\/\" \/>\n<meta property=\"og:locale\" content=\"es_MX\" \/>\n<meta property=\"og:type\" content=\"article\" \/>\n<meta property=\"og:title\" content=\"Reconocen a Oaxaca a nivel nacional en: \u201cRendici\u00f3n de cuentas, transparencia y acceso a la informaci\u00f3n\u201d - LA BRAVA RADIO\" \/>\n<meta property=\"og:description\" content=\"Oaxaca de Ju\u00e1rez, Oaxaca. 21 de junio 2022. El Consejo Nacional de Evaluaci\u00f3n de la Pol\u00edtica de Desarrollo Social (Coneval) y la Cooperaci\u00f3n Alemana al Desarrollo Sustentable (GIZ), en el marco del Seminario: \u201cReconocimiento de buenas pr\u00e1cticas para afrontar la crisis generada por la COVID-19\u201d, reconoci\u00f3 a Oaxaca, a trav\u00e9s de la Secretar\u00eda de Bienestar [&hellip;]\" \/>\n<meta property=\"og:url\" content=\"https:\/\/www.bbmnoticias.com\/labravaradiofm\/2022\/06\/21\/reconocen-a-oaxaca-a-nivel-nacional-en-rendicion-de-cuentas-transparencia-y-acceso-a-la-informacion\/\" \/>\n<meta property=\"og:site_name\" content=\"LA BRAVA RADIO\" \/>\n<meta property=\"article:published_time\" content=\"2022-06-21T14:42:21+00:00\" \/>\n<meta property=\"article:modified_time\" content=\"2022-06-21T14:42:22+00:00\" \/>\n<meta property=\"og:image\" content=\"https:\/\/www.bbmnoticias.com\/labravaradiofm\/wp-content\/uploads\/sites\/5\/2022\/06\/reconocen-oaxaca.jpg\" \/>\n\t<meta property=\"og:image:width\" content=\"800\" \/>\n\t<meta property=\"og:image:height\" content=\"568\" \/>\n\t<meta property=\"og:image:type\" content=\"image\/jpeg\" \/>\n<meta name=\"author\" content=\"Staff\" \/>\n<meta name=\"twitter:card\" content=\"summary_large_image\" \/>\n<meta name=\"twitter:label1\" content=\"Escrito por\" \/>\n\t<meta name=\"twitter:data1\" content=\"Staff\" \/>\n\t<meta name=\"twitter:label2\" content=\"Tiempo de lectura\" \/>\n\t<meta name=\"twitter:data2\" content=\"2 minutos\" \/>\n<script type=\"application\/ld+json\" class=\"yoast-schema-graph\">{\"@context\":\"https:\\\/\\\/schema.org\",\"@graph\":[{\"@type\":\"Article\",\"@id\":\"https:\\\/\\\/www.bbmnoticias.com\\\/labravaradiofm\\\/2022\\\/06\\\/21\\\/reconocen-a-oaxaca-a-nivel-nacional-en-rendicion-de-cuentas-transparencia-y-acceso-a-la-informacion\\\/#article\",\"isPartOf\":{\"@id\":\"https:\\\/\\\/www.bbmnoticias.com\\\/labravaradiofm\\\/2022\\\/06\\\/21\\\/reconocen-a-oaxaca-a-nivel-nacional-en-rendicion-de-cuentas-transparencia-y-acceso-a-la-informacion\\\/\"},\"author\":{\"name\":\"Staff\",\"@id\":\"https:\\\/\\\/www.bbmnoticias.com\\\/labravaradiofm\\\/#\\\/schema\\\/person\\\/34b139c617a70ea5bef5678bffe4dd7b\"},\"headline\":\"Reconocen a Oaxaca a nivel nacional en: \u201cRendici\u00f3n de cuentas, transparencia y acceso a la informaci\u00f3n\u201d\",\"datePublished\":\"2022-06-21T14:42:21+00:00\",\"dateModified\":\"2022-06-21T14:42:22+00:00\",\"mainEntityOfPage\":{\"@id\":\"https:\\\/\\\/www.bbmnoticias.com\\\/labravaradiofm\\\/2022\\\/06\\\/21\\\/reconocen-a-oaxaca-a-nivel-nacional-en-rendicion-de-cuentas-transparencia-y-acceso-a-la-informacion\\\/\"},\"wordCount\":478,\"image\":{\"@id\":\"https:\\\/\\\/www.bbmnoticias.com\\\/labravaradiofm\\\/2022\\\/06\\\/21\\\/reconocen-a-oaxaca-a-nivel-nacional-en-rendicion-de-cuentas-transparencia-y-acceso-a-la-informacion\\\/#primaryimage\"},\"thumbnailUrl\":\"https:\\\/\\\/www.bbmnoticias.com\\\/labravaradiofm\\\/wp-content\\\/uploads\\\/sites\\\/5\\\/2022\\\/06\\\/reconocen-oaxaca.jpg\",\"articleSection\":[\"LOCAL\"],\"inLanguage\":\"es\"},{\"@type\":\"WebPage\",\"@id\":\"https:\\\/\\\/www.bbmnoticias.com\\\/labravaradiofm\\\/2022\\\/06\\\/21\\\/reconocen-a-oaxaca-a-nivel-nacional-en-rendicion-de-cuentas-transparencia-y-acceso-a-la-informacion\\\/\",\"url\":\"https:\\\/\\\/www.bbmnoticias.com\\\/labravaradiofm\\\/2022\\\/06\\\/21\\\/reconocen-a-oaxaca-a-nivel-nacional-en-rendicion-de-cuentas-transparencia-y-acceso-a-la-informacion\\\/\",\"name\":\"Reconocen a Oaxaca a nivel nacional en: \u201cRendici\u00f3n de cuentas, transparencia y acceso a la informaci\u00f3n\u201d - LA BRAVA RADIO\",\"isPartOf\":{\"@id\":\"https:\\\/\\\/www.bbmnoticias.com\\\/labravaradiofm\\\/#website\"},\"primaryImageOfPage\":{\"@id\":\"https:\\\/\\\/www.bbmnoticias.com\\\/labravaradiofm\\\/2022\\\/06\\\/21\\\/reconocen-a-oaxaca-a-nivel-nacional-en-rendicion-de-cuentas-transparencia-y-acceso-a-la-informacion\\\/#primaryimage\"},\"image\":{\"@id\":\"https:\\\/\\\/www.bbmnoticias.com\\\/labravaradiofm\\\/2022\\\/06\\\/21\\\/reconocen-a-oaxaca-a-nivel-nacional-en-rendicion-de-cuentas-transparencia-y-acceso-a-la-informacion\\\/#primaryimage\"},\"thumbnailUrl\":\"https:\\\/\\\/www.bbmnoticias.com\\\/labravaradiofm\\\/wp-content\\\/uploads\\\/sites\\\/5\\\/2022\\\/06\\\/reconocen-oaxaca.jpg\",\"datePublished\":\"2022-06-21T14:42:21+00:00\",\"dateModified\":\"2022-06-21T14:42:22+00:00\",\"author\":{\"@id\":\"https:\\\/\\\/www.bbmnoticias.com\\\/labravaradiofm\\\/#\\\/schema\\\/person\\\/34b139c617a70ea5bef5678bffe4dd7b\"},\"breadcrumb\":{\"@id\":\"https:\\\/\\\/www.bbmnoticias.com\\\/labravaradiofm\\\/2022\\\/06\\\/21\\\/reconocen-a-oaxaca-a-nivel-nacional-en-rendicion-de-cuentas-transparencia-y-acceso-a-la-informacion\\\/#breadcrumb\"},\"inLanguage\":\"es\",\"potentialAction\":[{\"@type\":\"ReadAction\",\"target\":[\"https:\\\/\\\/www.bbmnoticias.com\\\/labravaradiofm\\\/2022\\\/06\\\/21\\\/reconocen-a-oaxaca-a-nivel-nacional-en-rendicion-de-cuentas-transparencia-y-acceso-a-la-informacion\\\/\"]}]},{\"@type\":\"ImageObject\",\"inLanguage\":\"es\",\"@id\":\"https:\\\/\\\/www.bbmnoticias.com\\\/labravaradiofm\\\/2022\\\/06\\\/21\\\/reconocen-a-oaxaca-a-nivel-nacional-en-rendicion-de-cuentas-transparencia-y-acceso-a-la-informacion\\\/#primaryimage\",\"url\":\"https:\\\/\\\/www.bbmnoticias.com\\\/labravaradiofm\\\/wp-content\\\/uploads\\\/sites\\\/5\\\/2022\\\/06\\\/reconocen-oaxaca.jpg\",\"contentUrl\":\"https:\\\/\\\/www.bbmnoticias.com\\\/labravaradiofm\\\/wp-content\\\/uploads\\\/sites\\\/5\\\/2022\\\/06\\\/reconocen-oaxaca.jpg\",\"width\":800,\"height\":568},{\"@type\":\"BreadcrumbList\",\"@id\":\"https:\\\/\\\/www.bbmnoticias.com\\\/labravaradiofm\\\/2022\\\/06\\\/21\\\/reconocen-a-oaxaca-a-nivel-nacional-en-rendicion-de-cuentas-transparencia-y-acceso-a-la-informacion\\\/#breadcrumb\",\"itemListElement\":[{\"@type\":\"ListItem\",\"position\":1,\"name\":\"Inicio\",\"item\":\"https:\\\/\\\/www.bbmnoticias.com\\\/labravaradiofm\\\/\"},{\"@type\":\"ListItem\",\"position\":2,\"name\":\"Reconocen a Oaxaca a nivel nacional en: \u201cRendici\u00f3n de cuentas, transparencia y acceso a la informaci\u00f3n\u201d\"}]},{\"@type\":\"WebSite\",\"@id\":\"https:\\\/\\\/www.bbmnoticias.com\\\/labravaradiofm\\\/#website\",\"url\":\"https:\\\/\\\/www.bbmnoticias.com\\\/labravaradiofm\\\/\",\"name\":\"LA BRAVA RADIO\",\"description\":\"Empresa productora de medios, Radiodifusi\u00f3n, Noticias, tendencias y todo lo que necesitas saber de la pol\u00edtica mexicana e internacional; entretenimiento, espect\u00e1culos, salud y mucho m\u00e1s.\",\"potentialAction\":[{\"@type\":\"SearchAction\",\"target\":{\"@type\":\"EntryPoint\",\"urlTemplate\":\"https:\\\/\\\/www.bbmnoticias.com\\\/labravaradiofm\\\/?s={search_term_string}\"},\"query-input\":{\"@type\":\"PropertyValueSpecification\",\"valueRequired\":true,\"valueName\":\"search_term_string\"}}],\"inLanguage\":\"es\"},{\"@type\":\"Person\",\"@id\":\"https:\\\/\\\/www.bbmnoticias.com\\\/labravaradiofm\\\/#\\\/schema\\\/person\\\/34b139c617a70ea5bef5678bffe4dd7b\",\"name\":\"Staff\",\"image\":{\"@type\":\"ImageObject\",\"inLanguage\":\"es\",\"@id\":\"https:\\\/\\\/secure.gravatar.com\\\/avatar\\\/fdd21ad66fd8b98c407f9dee5b5e588cfe7f0d8579ec20fa6527cd59bab7f0f0?s=96&d=mm&r=g\",\"url\":\"https:\\\/\\\/secure.gravatar.com\\\/avatar\\\/fdd21ad66fd8b98c407f9dee5b5e588cfe7f0d8579ec20fa6527cd59bab7f0f0?s=96&d=mm&r=g\",\"contentUrl\":\"https:\\\/\\\/secure.gravatar.com\\\/avatar\\\/fdd21ad66fd8b98c407f9dee5b5e588cfe7f0d8579ec20fa6527cd59bab7f0f0?s=96&d=mm&r=g\",\"caption\":\"Staff\"},\"url\":\"https:\\\/\\\/www.bbmnoticias.com\\\/labravaradiofm\\\/author\\\/redaccion\\\/\"}]}<\/script>\n<!-- \/ Yoast SEO plugin. -->","yoast_head_json":{"title":"Reconocen a Oaxaca a nivel nacional en: \u201cRendici\u00f3n de cuentas, transparencia y acceso a la informaci\u00f3n\u201d - LA BRAVA RADIO","robots":{"index":"index","follow":"follow","max-snippet":"max-snippet:-1","max-image-preview":"max-image-preview:large","max-video-preview":"max-video-preview:-1"},"canonical":"https:\/\/www.bbmnoticias.com\/labravaradiofm\/2022\/06\/21\/reconocen-a-oaxaca-a-nivel-nacional-en-rendicion-de-cuentas-transparencia-y-acceso-a-la-informacion\/","og_locale":"es_MX","og_type":"article","og_title":"Reconocen a Oaxaca a nivel nacional en: \u201cRendici\u00f3n de cuentas, transparencia y acceso a la informaci\u00f3n\u201d - LA BRAVA RADIO","og_description":"Oaxaca de Ju\u00e1rez, Oaxaca. 21 de junio 2022. El Consejo Nacional de Evaluaci\u00f3n de la Pol\u00edtica de Desarrollo Social (Coneval) y la Cooperaci\u00f3n Alemana al Desarrollo Sustentable (GIZ), en el marco del Seminario: \u201cReconocimiento de buenas pr\u00e1cticas para afrontar la crisis generada por la COVID-19\u201d, reconoci\u00f3 a Oaxaca, a trav\u00e9s de la Secretar\u00eda de Bienestar [&hellip;]","og_url":"https:\/\/www.bbmnoticias.com\/labravaradiofm\/2022\/06\/21\/reconocen-a-oaxaca-a-nivel-nacional-en-rendicion-de-cuentas-transparencia-y-acceso-a-la-informacion\/","og_site_name":"LA BRAVA RADIO","article_published_time":"2022-06-21T14:42:21+00:00","article_modified_time":"2022-06-21T14:42:22+00:00","og_image":[{"width":800,"height":568,"url":"https:\/\/www.bbmnoticias.com\/labravaradiofm\/wp-content\/uploads\/sites\/5\/2022\/06\/reconocen-oaxaca.jpg","type":"image\/jpeg"}],"author":"Staff","twitter_card":"summary_large_image","twitter_misc":{"Escrito por":"Staff","Tiempo de lectura":"2 minutos"},"schema":{"@context":"https:\/\/schema.org","@graph":[{"@type":"Article","@id":"https:\/\/www.bbmnoticias.com\/labravaradiofm\/2022\/06\/21\/reconocen-a-oaxaca-a-nivel-nacional-en-rendicion-de-cuentas-transparencia-y-acceso-a-la-informacion\/#article","isPartOf":{"@id":"https:\/\/www.bbmnoticias.com\/labravaradiofm\/2022\/06\/21\/reconocen-a-oaxaca-a-nivel-nacional-en-rendicion-de-cuentas-transparencia-y-acceso-a-la-informacion\/"},"author":{"name":"Staff","@id":"https:\/\/www.bbmnoticias.com\/labravaradiofm\/#\/schema\/person\/34b139c617a70ea5bef5678bffe4dd7b"},"headline":"Reconocen a Oaxaca a nivel nacional en: \u201cRendici\u00f3n de cuentas, transparencia y acceso a la informaci\u00f3n\u201d","datePublished":"2022-06-21T14:42:21+00:00","dateModified":"2022-06-21T14:42:22+00:00","mainEntityOfPage":{"@id":"https:\/\/www.bbmnoticias.com\/labravaradiofm\/2022\/06\/21\/reconocen-a-oaxaca-a-nivel-nacional-en-rendicion-de-cuentas-transparencia-y-acceso-a-la-informacion\/"},"wordCount":478,"image":{"@id":"https:\/\/www.bbmnoticias.com\/labravaradiofm\/2022\/06\/21\/reconocen-a-oaxaca-a-nivel-nacional-en-rendicion-de-cuentas-transparencia-y-acceso-a-la-informacion\/#primaryimage"},"thumbnailUrl":"https:\/\/www.bbmnoticias.com\/labravaradiofm\/wp-content\/uploads\/sites\/5\/2022\/06\/reconocen-oaxaca.jpg","articleSection":["LOCAL"],"inLanguage":"es"},{"@type":"WebPage","@id":"https:\/\/www.bbmnoticias.com\/labravaradiofm\/2022\/06\/21\/reconocen-a-oaxaca-a-nivel-nacional-en-rendicion-de-cuentas-transparencia-y-acceso-a-la-informacion\/","url":"https:\/\/www.bbmnoticias.com\/labravaradiofm\/2022\/06\/21\/reconocen-a-oaxaca-a-nivel-nacional-en-rendicion-de-cuentas-transparencia-y-acceso-a-la-informacion\/","name":"Reconocen a Oaxaca a nivel nacional en: \u201cRendici\u00f3n de cuentas, transparencia y acceso a la informaci\u00f3n\u201d - LA BRAVA RADIO","isPartOf":{"@id":"https:\/\/www.bbmnoticias.com\/labravaradiofm\/#website"},"primaryImageOfPage":{"@id":"https:\/\/www.bbmnoticias.com\/labravaradiofm\/2022\/06\/21\/reconocen-a-oaxaca-a-nivel-nacional-en-rendicion-de-cuentas-transparencia-y-acceso-a-la-informacion\/#primaryimage"},"image":{"@id":"https:\/\/www.bbmnoticias.com\/labravaradiofm\/2022\/06\/21\/reconocen-a-oaxaca-a-nivel-nacional-en-rendicion-de-cuentas-transparencia-y-acceso-a-la-informacion\/#primaryimage"},"thumbnailUrl":"https:\/\/www.bbmnoticias.com\/labravaradiofm\/wp-content\/uploads\/sites\/5\/2022\/06\/reconocen-oaxaca.jpg","datePublished":"2022-06-21T14:42:21+00:00","dateModified":"2022-06-21T14:42:22+00:00","author":{"@id":"https:\/\/www.bbmnoticias.com\/labravaradiofm\/#\/schema\/person\/34b139c617a70ea5bef5678bffe4dd7b"},"breadcrumb":{"@id":"https:\/\/www.bbmnoticias.com\/labravaradiofm\/2022\/06\/21\/reconocen-a-oaxaca-a-nivel-nacional-en-rendicion-de-cuentas-transparencia-y-acceso-a-la-informacion\/#breadcrumb"},"inLanguage":"es","potentialAction":[{"@type":"ReadAction","target":["https:\/\/www.bbmnoticias.com\/labravaradiofm\/2022\/06\/21\/reconocen-a-oaxaca-a-nivel-nacional-en-rendicion-de-cuentas-transparencia-y-acceso-a-la-informacion\/"]}]},{"@type":"ImageObject","inLanguage":"es","@id":"https:\/\/www.bbmnoticias.com\/labravaradiofm\/2022\/06\/21\/reconocen-a-oaxaca-a-nivel-nacional-en-rendicion-de-cuentas-transparencia-y-acceso-a-la-informacion\/#primaryimage","url":"https:\/\/www.bbmnoticias.com\/labravaradiofm\/wp-content\/uploads\/sites\/5\/2022\/06\/reconocen-oaxaca.jpg","contentUrl":"https:\/\/www.bbmnoticias.com\/labravaradiofm\/wp-content\/uploads\/sites\/5\/2022\/06\/reconocen-oaxaca.jpg","width":800,"height":568},{"@type":"BreadcrumbList","@id":"https:\/\/www.bbmnoticias.com\/labravaradiofm\/2022\/06\/21\/reconocen-a-oaxaca-a-nivel-nacional-en-rendicion-de-cuentas-transparencia-y-acceso-a-la-informacion\/#breadcrumb","itemListElement":[{"@type":"ListItem","position":1,"name":"Inicio","item":"https:\/\/www.bbmnoticias.com\/labravaradiofm\/"},{"@type":"ListItem","position":2,"name":"Reconocen a Oaxaca a nivel nacional en: \u201cRendici\u00f3n de cuentas, transparencia y acceso a la informaci\u00f3n\u201d"}]},{"@type":"WebSite","@id":"https:\/\/www.bbmnoticias.com\/labravaradiofm\/#website","url":"https:\/\/www.bbmnoticias.com\/labravaradiofm\/","name":"LA BRAVA RADIO","description":"Empresa productora de medios, Radiodifusi\u00f3n, Noticias, tendencias y todo lo que necesitas saber de la pol\u00edtica mexicana e internacional; entretenimiento, espect\u00e1culos, salud y mucho m\u00e1s.","potentialAction":[{"@type":"SearchAction","target":{"@type":"EntryPoint","urlTemplate":"https:\/\/www.bbmnoticias.com\/labravaradiofm\/?s={search_term_string}"},"query-input":{"@type":"PropertyValueSpecification","valueRequired":true,"valueName":"search_term_string"}}],"inLanguage":"es"},{"@type":"Person","@id":"https:\/\/www.bbmnoticias.com\/labravaradiofm\/#\/schema\/person\/34b139c617a70ea5bef5678bffe4dd7b","name":"Staff","image":{"@type":"ImageObject","inLanguage":"es","@id":"https:\/\/secure.gravatar.com\/avatar\/fdd21ad66fd8b98c407f9dee5b5e588cfe7f0d8579ec20fa6527cd59bab7f0f0?s=96&d=mm&r=g","url":"https:\/\/secure.gravatar.com\/avatar\/fdd21ad66fd8b98c407f9dee5b5e588cfe7f0d8579ec20fa6527cd59bab7f0f0?s=96&d=mm&r=g","contentUrl":"https:\/\/secure.gravatar.com\/avatar\/fdd21ad66fd8b98c407f9dee5b5e588cfe7f0d8579ec20fa6527cd59bab7f0f0?s=96&d=mm&r=g","caption":"Staff"},"url":"https:\/\/www.bbmnoticias.com\/labravaradiofm\/author\/redaccion\/"}]}},"_links":{"self":[{"href":"https:\/\/www.bbmnoticias.com\/labravaradiofm\/wp-json\/wp\/v2\/posts\/14776","targetHints":{"allow":["GET"]}}],"collection":[{"href":"https:\/\/www.bbmnoticias.com\/labravaradiofm\/wp-json\/wp\/v2\/posts"}],"about":[{"href":"https:\/\/www.bbmnoticias.com\/labravaradiofm\/wp-json\/wp\/v2\/types\/post"}],"author":[{"embeddable":true,"href":"https:\/\/www.bbmnoticias.com\/labravaradiofm\/wp-json\/wp\/v2\/users\/2"}],"replies":[{"embeddable":true,"href":"https:\/\/www.bbmnoticias.com\/labravaradiofm\/wp-json\/wp\/v2\/comments?post=14776"}],"version-history":[{"count":0,"href":"https:\/\/www.bbmnoticias.com\/labravaradiofm\/wp-json\/wp\/v2\/posts\/14776\/revisions"}],"wp:featuredmedia":[{"embeddable":true,"href":"https:\/\/www.bbmnoticias.com\/labravaradiofm\/wp-json\/wp\/v2\/media\/14777"}],"wp:attachment":[{"href":"https:\/\/www.bbmnoticias.com\/labravaradiofm\/wp-json\/wp\/v2\/media?parent=14776"}],"wp:term":[{"taxonomy":"category","embeddable":true,"href":"https:\/\/www.bbmnoticias.com\/labravaradiofm\/wp-json\/wp\/v2\/categories?post=14776"},{"taxonomy":"post_tag","embeddable":true,"href":"https:\/\/www.bbmnoticias.com\/labravaradiofm\/wp-json\/wp\/v2\/tags?post=14776"}],"curies":[{"name":"wp","href":"https:\/\/api.w.org\/{rel}","templated":true}]}}