{"id":14770,"date":"2022-06-21T01:56:00","date_gmt":"2022-06-21T06:56:00","guid":{"rendered":"https:\/\/www.bbmnoticias.com\/labravaradiofm\/?p=14770"},"modified":"2022-06-21T11:42:25","modified_gmt":"2022-06-21T16:42:25","slug":"el-canto-del-buho-y-las-pruebas-apa","status":"publish","type":"post","link":"https:\/\/www.bbmnoticias.com\/labravaradiofm\/2022\/06\/21\/el-canto-del-buho-y-las-pruebas-apa\/","title":{"rendered":"El canto del B\u00faho &#8211; Y las pruebas ap\u00e1?\u00a0\u00a0"},"content":{"rendered":"<div style=\"margin-top: 0px; margin-bottom: 0px;\" class=\"sharethis-inline-share-buttons\" ><\/div>\n<p>Lo que se dijo desde un principio se confirm\u00f3: se trat\u00f3 de una \u201c<strong>chicanada<\/strong>\u201d de la <strong>Fiscal\u00eda del Gobierno de Veracruz<\/strong> dirigida por quien gobierna en ese estado.&nbsp;&nbsp;<\/p>\n\n\n\n<p><strong>\u00bfY las pruebas ap\u00e1?<\/strong> \u2026 Do\u00f1a <strong>Ver\u00f3nica H. Giad\u00e1ns<\/strong>, tuvo que aguantar la verg\u00fcenza de quedar evidenciada en el caso netamente pol\u00edtico del Secretario Ejecutivo de la Junta de Coordinaci\u00f3n Pol\u00edtica del Senado <strong>Jos\u00e9 Manuel del R\u00edo Virgen.&nbsp;<\/strong>&nbsp;<\/p>\n\n\n\n<p><strong>Jos\u00e9 Manuel del R\u00edo, <\/strong>acus\u00f3 al gobernador <strong>Cuitl\u00e1huac Garc\u00eda<\/strong> de haber manipulado al poder judicial del estado para apresarlo y mantenerlo en la c\u00e1rcel.&nbsp;&nbsp;<\/p>\n\n\n\n<p>&nbsp;<strong><em>\u201cPobre Veracruz, tan lejos de la justicia y tan cerca del autoritarismo\u201d,<\/em><\/strong> dir\u00eda&nbsp; el Senador de la Rep\u00fablica, <strong>Ricardo Monreal.<\/strong>&nbsp;&nbsp;<\/p>\n\n\n\n<p>Quienes conocen a <strong>Jos\u00e9 Manuel del R\u00edo Virgen<\/strong>, nunca dudaron de su inocencia. El veracruzano, despu\u00e9s de padecer el <strong>encarcelamiento<\/strong>, del cual sali\u00f3 <strong>fortalecido<\/strong> y <strong>consolidado<\/strong>, en su futuro la ruta apunta a <strong>Palacio de Gobierno<\/strong>. No, no por la revancha, si no por una candidatura encabezando una coalici\u00f3n. Despu\u00e9s del arropamiento por sus compa\u00f1eros Senadores, podr\u00eda contar con el respaldo de otros partidos pol\u00edticos que lo lleven a Palacio de Gobierno. Al tiempo.&nbsp; <strong>\u201cEl miedo (Cui)&nbsp; no anda en burro\u201d.&nbsp;&nbsp;<\/strong>&nbsp;<\/p>\n\n\n\n<p>La frase de la semana: <strong><em>&#8220;\u00c9l est\u00e1 ah\u00ed por la ola de Andr\u00e9s Manuel, hasta un perro hubiera ganado la <\/em><\/strong><strong><em>gobernatura, todo gracias al movimiento del se\u00f1or presidente&#8221;.<\/em><\/strong>&nbsp;<\/p>\n\n\n\n<p><strong>Autor: Jos\u00e9 Manuel del R\u00edo Virgen&nbsp;<\/strong>&nbsp;<\/p>\n\n\n\n<p><strong>En Corto&nbsp;<\/strong>&nbsp;<\/p>\n\n\n\n<p><strong>De promesas y m\u00e1s promesas incumplidas!!&#8230; <\/strong>En el&nbsp; Hospital Regional del ISSSTE de Tehuantepec, contin\u00faan pregunt\u00e1ndose \u00bfc\u00f3mo para cuando inician la ampliaci\u00f3n prometida por el ex <strong>director Luis Antonio Ram\u00edrez Pineda?<\/strong>&nbsp;&nbsp;<\/p>\n\n\n\n<p>Solo se trat\u00f3 de tiempos de calentura pol\u00edtica. Eran momentos en que el hijo del ex <strong>gobernador Heladio Ram\u00edrez<\/strong>&nbsp; se sent\u00eda con posibilidades para conseguir la candidatura de Morena a la gubernatura.&nbsp;&nbsp;<\/p>\n\n\n\n<p>En ese entonces, <strong>Luis Antonio<\/strong>, en una de sus visitas a Tehuantepec donde anunci\u00f3 la famosa ampliaci\u00f3n del Hospital, presumi\u00f3 que ya ten\u00eda el <strong>recurso etiquetado<\/strong> y que ser\u00eda una realidad.&nbsp;&nbsp;<\/p>\n\n\n\n<p>Mientras tanto el <strong>Hospital Regional&nbsp;<\/strong> continua en total abandono, <strong>sin \u00e1rea Covid, sin medicina y sin&nbsp;<\/strong>&nbsp;<\/p>\n\n\n\n<p><strong>La estructura requerida.<\/strong> Por eso no le crean a los pol\u00edticos que solo llegan a prometer en tiempos de pre candidaturas. As\u00ed las cosas.&nbsp;&nbsp;<\/p>\n\n\n\n<p>Por hoy es tocho. Recuerden, cuando el B\u00faho Canta el Indio Muere. Pd.- Sin mencionarlo por su nombre, <strong>el Presidente Andr\u00e9s Manuel L\u00f3pez Obrador<\/strong>, afirm\u00f3 que el detenido dirigente de la CIT s\u00ed iba a ejecutar a Eduardo Luis Villaseca.&nbsp; El mandatario nacional llev\u00f3 a la ma\u00f1anera el conflicto que viven&nbsp; los sindicatos en Oaxaca. Quienes conocen del tema, aseguran que luego de detener a Hip\u00f3lito, van por otros dirigentes sindicales.&nbsp;&nbsp;<\/p>\n\n\n\n<p class=\"has-text-align-center\"><strong>Esc\u00fachenos en los noticieros BBM Noticias en el 106.5 FM La Brava y Heraldo Radio 98.1 FM&nbsp;<\/strong>&nbsp;<\/p>\n\n\n\n<p class=\"has-text-align-center\"><strong>Twitter @buho_botero<\/strong>&nbsp;<\/p>\n\n\n\n<p class=\"has-text-align-center\"><strong>Facebook Bbmnoticias Oaxaca y Pedro Botero<\/strong><\/p>\n","protected":false},"excerpt":{"rendered":"<p>Lo que se dijo desde un principio se confirm\u00f3: se trat\u00f3 de una \u201cchicanada\u201d de la Fiscal\u00eda del Gobierno de Veracruz dirigida por quien gobierna en ese estado.&nbsp;&nbsp; \u00bfY las pruebas ap\u00e1? \u2026 Do\u00f1a Ver\u00f3nica H. Giad\u00e1ns, tuvo que aguantar la verg\u00fcenza de quedar evidenciada en el caso netamente pol\u00edtico del Secretario Ejecutivo de la [&hellip;]<\/p>\n","protected":false},"author":18,"featured_media":14771,"comment_status":"closed","ping_status":"closed","sticky":false,"template":"","format":"standard","meta":{"footnotes":""},"categories":[2],"tags":[],"class_list":{"0":"post-14770","1":"post","2":"type-post","3":"status-publish","4":"format-standard","5":"has-post-thumbnail","7":"category-oaxaca"},"yoast_head":"<!-- This site is optimized with the Yoast SEO plugin v27.4 - https:\/\/yoast.com\/product\/yoast-seo-wordpress\/ -->\n<title>El canto del B\u00faho - Y las pruebas ap\u00e1?\u00a0\u00a0 - LA BRAVA RADIO<\/title>\n<meta name=\"robots\" content=\"index, follow, max-snippet:-1, max-image-preview:large, max-video-preview:-1\" \/>\n<link rel=\"canonical\" href=\"https:\/\/www.bbmnoticias.com\/labravaradiofm\/2022\/06\/21\/el-canto-del-buho-y-las-pruebas-apa\/\" \/>\n<meta property=\"og:locale\" content=\"es_MX\" \/>\n<meta property=\"og:type\" content=\"article\" \/>\n<meta property=\"og:title\" content=\"El canto del B\u00faho - Y las pruebas ap\u00e1?\u00a0\u00a0 - LA BRAVA RADIO\" \/>\n<meta property=\"og:description\" content=\"Lo que se dijo desde un principio se confirm\u00f3: se trat\u00f3 de una \u201cchicanada\u201d de la Fiscal\u00eda del Gobierno de Veracruz dirigida por quien gobierna en ese estado.&nbsp;&nbsp; \u00bfY las pruebas ap\u00e1? \u2026 Do\u00f1a Ver\u00f3nica H. Giad\u00e1ns, tuvo que aguantar la verg\u00fcenza de quedar evidenciada en el caso netamente pol\u00edtico del Secretario Ejecutivo de la [&hellip;]\" \/>\n<meta property=\"og:url\" content=\"https:\/\/www.bbmnoticias.com\/labravaradiofm\/2022\/06\/21\/el-canto-del-buho-y-las-pruebas-apa\/\" \/>\n<meta property=\"og:site_name\" content=\"LA BRAVA RADIO\" \/>\n<meta property=\"article:published_time\" content=\"2022-06-21T06:56:00+00:00\" \/>\n<meta property=\"article:modified_time\" content=\"2022-06-21T16:42:25+00:00\" \/>\n<meta property=\"og:image\" content=\"https:\/\/www.bbmnoticias.com\/labravaradiofm\/wp-content\/uploads\/sites\/5\/2022\/06\/elcanto20062022.jpg\" \/>\n\t<meta property=\"og:image:width\" content=\"650\" \/>\n\t<meta property=\"og:image:height\" content=\"360\" \/>\n\t<meta property=\"og:image:type\" content=\"image\/jpeg\" \/>\n<meta name=\"author\" content=\"Pedro Botero\" \/>\n<meta name=\"twitter:card\" content=\"summary_large_image\" \/>\n<meta name=\"twitter:label1\" content=\"Escrito por\" \/>\n\t<meta name=\"twitter:data1\" content=\"Pedro Botero\" \/>\n\t<meta name=\"twitter:label2\" content=\"Tiempo de lectura\" \/>\n\t<meta name=\"twitter:data2\" content=\"3 minutos\" \/>\n<script type=\"application\/ld+json\" class=\"yoast-schema-graph\">{\"@context\":\"https:\\\/\\\/schema.org\",\"@graph\":[{\"@type\":\"Article\",\"@id\":\"https:\\\/\\\/www.bbmnoticias.com\\\/labravaradiofm\\\/2022\\\/06\\\/21\\\/el-canto-del-buho-y-las-pruebas-apa\\\/#article\",\"isPartOf\":{\"@id\":\"https:\\\/\\\/www.bbmnoticias.com\\\/labravaradiofm\\\/2022\\\/06\\\/21\\\/el-canto-del-buho-y-las-pruebas-apa\\\/\"},\"author\":{\"name\":\"Pedro Botero\",\"@id\":\"https:\\\/\\\/www.bbmnoticias.com\\\/labravaradiofm\\\/#\\\/schema\\\/person\\\/4225105502e8adb0d77200acc537ccd9\"},\"headline\":\"El canto del B\u00faho &#8211; Y las pruebas ap\u00e1?\u00a0\u00a0\",\"datePublished\":\"2022-06-21T06:56:00+00:00\",\"dateModified\":\"2022-06-21T16:42:25+00:00\",\"mainEntityOfPage\":{\"@id\":\"https:\\\/\\\/www.bbmnoticias.com\\\/labravaradiofm\\\/2022\\\/06\\\/21\\\/el-canto-del-buho-y-las-pruebas-apa\\\/\"},\"wordCount\":550,\"image\":{\"@id\":\"https:\\\/\\\/www.bbmnoticias.com\\\/labravaradiofm\\\/2022\\\/06\\\/21\\\/el-canto-del-buho-y-las-pruebas-apa\\\/#primaryimage\"},\"thumbnailUrl\":\"https:\\\/\\\/www.bbmnoticias.com\\\/labravaradiofm\\\/wp-content\\\/uploads\\\/sites\\\/5\\\/2022\\\/06\\\/elcanto20062022.jpg\",\"articleSection\":[\"LOCAL\"],\"inLanguage\":\"es\"},{\"@type\":\"WebPage\",\"@id\":\"https:\\\/\\\/www.bbmnoticias.com\\\/labravaradiofm\\\/2022\\\/06\\\/21\\\/el-canto-del-buho-y-las-pruebas-apa\\\/\",\"url\":\"https:\\\/\\\/www.bbmnoticias.com\\\/labravaradiofm\\\/2022\\\/06\\\/21\\\/el-canto-del-buho-y-las-pruebas-apa\\\/\",\"name\":\"El canto del B\u00faho - Y las pruebas ap\u00e1?\u00a0\u00a0 - LA BRAVA RADIO\",\"isPartOf\":{\"@id\":\"https:\\\/\\\/www.bbmnoticias.com\\\/labravaradiofm\\\/#website\"},\"primaryImageOfPage\":{\"@id\":\"https:\\\/\\\/www.bbmnoticias.com\\\/labravaradiofm\\\/2022\\\/06\\\/21\\\/el-canto-del-buho-y-las-pruebas-apa\\\/#primaryimage\"},\"image\":{\"@id\":\"https:\\\/\\\/www.bbmnoticias.com\\\/labravaradiofm\\\/2022\\\/06\\\/21\\\/el-canto-del-buho-y-las-pruebas-apa\\\/#primaryimage\"},\"thumbnailUrl\":\"https:\\\/\\\/www.bbmnoticias.com\\\/labravaradiofm\\\/wp-content\\\/uploads\\\/sites\\\/5\\\/2022\\\/06\\\/elcanto20062022.jpg\",\"datePublished\":\"2022-06-21T06:56:00+00:00\",\"dateModified\":\"2022-06-21T16:42:25+00:00\",\"author\":{\"@id\":\"https:\\\/\\\/www.bbmnoticias.com\\\/labravaradiofm\\\/#\\\/schema\\\/person\\\/4225105502e8adb0d77200acc537ccd9\"},\"breadcrumb\":{\"@id\":\"https:\\\/\\\/www.bbmnoticias.com\\\/labravaradiofm\\\/2022\\\/06\\\/21\\\/el-canto-del-buho-y-las-pruebas-apa\\\/#breadcrumb\"},\"inLanguage\":\"es\",\"potentialAction\":[{\"@type\":\"ReadAction\",\"target\":[\"https:\\\/\\\/www.bbmnoticias.com\\\/labravaradiofm\\\/2022\\\/06\\\/21\\\/el-canto-del-buho-y-las-pruebas-apa\\\/\"]}]},{\"@type\":\"ImageObject\",\"inLanguage\":\"es\",\"@id\":\"https:\\\/\\\/www.bbmnoticias.com\\\/labravaradiofm\\\/2022\\\/06\\\/21\\\/el-canto-del-buho-y-las-pruebas-apa\\\/#primaryimage\",\"url\":\"https:\\\/\\\/www.bbmnoticias.com\\\/labravaradiofm\\\/wp-content\\\/uploads\\\/sites\\\/5\\\/2022\\\/06\\\/elcanto20062022.jpg\",\"contentUrl\":\"https:\\\/\\\/www.bbmnoticias.com\\\/labravaradiofm\\\/wp-content\\\/uploads\\\/sites\\\/5\\\/2022\\\/06\\\/elcanto20062022.jpg\",\"width\":650,\"height\":360},{\"@type\":\"BreadcrumbList\",\"@id\":\"https:\\\/\\\/www.bbmnoticias.com\\\/labravaradiofm\\\/2022\\\/06\\\/21\\\/el-canto-del-buho-y-las-pruebas-apa\\\/#breadcrumb\",\"itemListElement\":[{\"@type\":\"ListItem\",\"position\":1,\"name\":\"Inicio\",\"item\":\"https:\\\/\\\/www.bbmnoticias.com\\\/labravaradiofm\\\/\"},{\"@type\":\"ListItem\",\"position\":2,\"name\":\"El canto del B\u00faho &#8211; Y las pruebas ap\u00e1?\u00a0\u00a0\"}]},{\"@type\":\"WebSite\",\"@id\":\"https:\\\/\\\/www.bbmnoticias.com\\\/labravaradiofm\\\/#website\",\"url\":\"https:\\\/\\\/www.bbmnoticias.com\\\/labravaradiofm\\\/\",\"name\":\"LA BRAVA RADIO\",\"description\":\"Empresa productora de medios, Radiodifusi\u00f3n, Noticias, tendencias y todo lo que necesitas saber de la pol\u00edtica mexicana e internacional; entretenimiento, espect\u00e1culos, salud y mucho m\u00e1s.\",\"potentialAction\":[{\"@type\":\"SearchAction\",\"target\":{\"@type\":\"EntryPoint\",\"urlTemplate\":\"https:\\\/\\\/www.bbmnoticias.com\\\/labravaradiofm\\\/?s={search_term_string}\"},\"query-input\":{\"@type\":\"PropertyValueSpecification\",\"valueRequired\":true,\"valueName\":\"search_term_string\"}}],\"inLanguage\":\"es\"},{\"@type\":\"Person\",\"@id\":\"https:\\\/\\\/www.bbmnoticias.com\\\/labravaradiofm\\\/#\\\/schema\\\/person\\\/4225105502e8adb0d77200acc537ccd9\",\"name\":\"Pedro Botero\",\"image\":{\"@type\":\"ImageObject\",\"inLanguage\":\"es\",\"@id\":\"https:\\\/\\\/secure.gravatar.com\\\/avatar\\\/3e1604f74223697b158b4f0509f030050c1609806bd1c24b9ac5d9759b30b353?s=96&d=mm&r=g\",\"url\":\"https:\\\/\\\/secure.gravatar.com\\\/avatar\\\/3e1604f74223697b158b4f0509f030050c1609806bd1c24b9ac5d9759b30b353?s=96&d=mm&r=g\",\"contentUrl\":\"https:\\\/\\\/secure.gravatar.com\\\/avatar\\\/3e1604f74223697b158b4f0509f030050c1609806bd1c24b9ac5d9759b30b353?s=96&d=mm&r=g\",\"caption\":\"Pedro Botero\"},\"sameAs\":[\"http:\\\/\\\/www.bbmnoticias.com\"],\"url\":\"https:\\\/\\\/www.bbmnoticias.com\\\/labravaradiofm\\\/author\\\/pedrobotero\\\/\"}]}<\/script>\n<!-- \/ Yoast SEO plugin. -->","yoast_head_json":{"title":"El canto del B\u00faho - Y las pruebas ap\u00e1?\u00a0\u00a0 - LA BRAVA RADIO","robots":{"index":"index","follow":"follow","max-snippet":"max-snippet:-1","max-image-preview":"max-image-preview:large","max-video-preview":"max-video-preview:-1"},"canonical":"https:\/\/www.bbmnoticias.com\/labravaradiofm\/2022\/06\/21\/el-canto-del-buho-y-las-pruebas-apa\/","og_locale":"es_MX","og_type":"article","og_title":"El canto del B\u00faho - Y las pruebas ap\u00e1?\u00a0\u00a0 - LA BRAVA RADIO","og_description":"Lo que se dijo desde un principio se confirm\u00f3: se trat\u00f3 de una \u201cchicanada\u201d de la Fiscal\u00eda del Gobierno de Veracruz dirigida por quien gobierna en ese estado.&nbsp;&nbsp; \u00bfY las pruebas ap\u00e1? \u2026 Do\u00f1a Ver\u00f3nica H. Giad\u00e1ns, tuvo que aguantar la verg\u00fcenza de quedar evidenciada en el caso netamente pol\u00edtico del Secretario Ejecutivo de la [&hellip;]","og_url":"https:\/\/www.bbmnoticias.com\/labravaradiofm\/2022\/06\/21\/el-canto-del-buho-y-las-pruebas-apa\/","og_site_name":"LA BRAVA RADIO","article_published_time":"2022-06-21T06:56:00+00:00","article_modified_time":"2022-06-21T16:42:25+00:00","og_image":[{"width":650,"height":360,"url":"https:\/\/www.bbmnoticias.com\/labravaradiofm\/wp-content\/uploads\/sites\/5\/2022\/06\/elcanto20062022.jpg","type":"image\/jpeg"}],"author":"Pedro Botero","twitter_card":"summary_large_image","twitter_misc":{"Escrito por":"Pedro Botero","Tiempo de lectura":"3 minutos"},"schema":{"@context":"https:\/\/schema.org","@graph":[{"@type":"Article","@id":"https:\/\/www.bbmnoticias.com\/labravaradiofm\/2022\/06\/21\/el-canto-del-buho-y-las-pruebas-apa\/#article","isPartOf":{"@id":"https:\/\/www.bbmnoticias.com\/labravaradiofm\/2022\/06\/21\/el-canto-del-buho-y-las-pruebas-apa\/"},"author":{"name":"Pedro Botero","@id":"https:\/\/www.bbmnoticias.com\/labravaradiofm\/#\/schema\/person\/4225105502e8adb0d77200acc537ccd9"},"headline":"El canto del B\u00faho &#8211; Y las pruebas ap\u00e1?\u00a0\u00a0","datePublished":"2022-06-21T06:56:00+00:00","dateModified":"2022-06-21T16:42:25+00:00","mainEntityOfPage":{"@id":"https:\/\/www.bbmnoticias.com\/labravaradiofm\/2022\/06\/21\/el-canto-del-buho-y-las-pruebas-apa\/"},"wordCount":550,"image":{"@id":"https:\/\/www.bbmnoticias.com\/labravaradiofm\/2022\/06\/21\/el-canto-del-buho-y-las-pruebas-apa\/#primaryimage"},"thumbnailUrl":"https:\/\/www.bbmnoticias.com\/labravaradiofm\/wp-content\/uploads\/sites\/5\/2022\/06\/elcanto20062022.jpg","articleSection":["LOCAL"],"inLanguage":"es"},{"@type":"WebPage","@id":"https:\/\/www.bbmnoticias.com\/labravaradiofm\/2022\/06\/21\/el-canto-del-buho-y-las-pruebas-apa\/","url":"https:\/\/www.bbmnoticias.com\/labravaradiofm\/2022\/06\/21\/el-canto-del-buho-y-las-pruebas-apa\/","name":"El canto del B\u00faho - Y las pruebas ap\u00e1?\u00a0\u00a0 - LA BRAVA RADIO","isPartOf":{"@id":"https:\/\/www.bbmnoticias.com\/labravaradiofm\/#website"},"primaryImageOfPage":{"@id":"https:\/\/www.bbmnoticias.com\/labravaradiofm\/2022\/06\/21\/el-canto-del-buho-y-las-pruebas-apa\/#primaryimage"},"image":{"@id":"https:\/\/www.bbmnoticias.com\/labravaradiofm\/2022\/06\/21\/el-canto-del-buho-y-las-pruebas-apa\/#primaryimage"},"thumbnailUrl":"https:\/\/www.bbmnoticias.com\/labravaradiofm\/wp-content\/uploads\/sites\/5\/2022\/06\/elcanto20062022.jpg","datePublished":"2022-06-21T06:56:00+00:00","dateModified":"2022-06-21T16:42:25+00:00","author":{"@id":"https:\/\/www.bbmnoticias.com\/labravaradiofm\/#\/schema\/person\/4225105502e8adb0d77200acc537ccd9"},"breadcrumb":{"@id":"https:\/\/www.bbmnoticias.com\/labravaradiofm\/2022\/06\/21\/el-canto-del-buho-y-las-pruebas-apa\/#breadcrumb"},"inLanguage":"es","potentialAction":[{"@type":"ReadAction","target":["https:\/\/www.bbmnoticias.com\/labravaradiofm\/2022\/06\/21\/el-canto-del-buho-y-las-pruebas-apa\/"]}]},{"@type":"ImageObject","inLanguage":"es","@id":"https:\/\/www.bbmnoticias.com\/labravaradiofm\/2022\/06\/21\/el-canto-del-buho-y-las-pruebas-apa\/#primaryimage","url":"https:\/\/www.bbmnoticias.com\/labravaradiofm\/wp-content\/uploads\/sites\/5\/2022\/06\/elcanto20062022.jpg","contentUrl":"https:\/\/www.bbmnoticias.com\/labravaradiofm\/wp-content\/uploads\/sites\/5\/2022\/06\/elcanto20062022.jpg","width":650,"height":360},{"@type":"BreadcrumbList","@id":"https:\/\/www.bbmnoticias.com\/labravaradiofm\/2022\/06\/21\/el-canto-del-buho-y-las-pruebas-apa\/#breadcrumb","itemListElement":[{"@type":"ListItem","position":1,"name":"Inicio","item":"https:\/\/www.bbmnoticias.com\/labravaradiofm\/"},{"@type":"ListItem","position":2,"name":"El canto del B\u00faho &#8211; Y las pruebas ap\u00e1?\u00a0\u00a0"}]},{"@type":"WebSite","@id":"https:\/\/www.bbmnoticias.com\/labravaradiofm\/#website","url":"https:\/\/www.bbmnoticias.com\/labravaradiofm\/","name":"LA BRAVA RADIO","description":"Empresa productora de medios, Radiodifusi\u00f3n, Noticias, tendencias y todo lo que necesitas saber de la pol\u00edtica mexicana e internacional; entretenimiento, espect\u00e1culos, salud y mucho m\u00e1s.","potentialAction":[{"@type":"SearchAction","target":{"@type":"EntryPoint","urlTemplate":"https:\/\/www.bbmnoticias.com\/labravaradiofm\/?s={search_term_string}"},"query-input":{"@type":"PropertyValueSpecification","valueRequired":true,"valueName":"search_term_string"}}],"inLanguage":"es"},{"@type":"Person","@id":"https:\/\/www.bbmnoticias.com\/labravaradiofm\/#\/schema\/person\/4225105502e8adb0d77200acc537ccd9","name":"Pedro Botero","image":{"@type":"ImageObject","inLanguage":"es","@id":"https:\/\/secure.gravatar.com\/avatar\/3e1604f74223697b158b4f0509f030050c1609806bd1c24b9ac5d9759b30b353?s=96&d=mm&r=g","url":"https:\/\/secure.gravatar.com\/avatar\/3e1604f74223697b158b4f0509f030050c1609806bd1c24b9ac5d9759b30b353?s=96&d=mm&r=g","contentUrl":"https:\/\/secure.gravatar.com\/avatar\/3e1604f74223697b158b4f0509f030050c1609806bd1c24b9ac5d9759b30b353?s=96&d=mm&r=g","caption":"Pedro Botero"},"sameAs":["http:\/\/www.bbmnoticias.com"],"url":"https:\/\/www.bbmnoticias.com\/labravaradiofm\/author\/pedrobotero\/"}]}},"_links":{"self":[{"href":"https:\/\/www.bbmnoticias.com\/labravaradiofm\/wp-json\/wp\/v2\/posts\/14770","targetHints":{"allow":["GET"]}}],"collection":[{"href":"https:\/\/www.bbmnoticias.com\/labravaradiofm\/wp-json\/wp\/v2\/posts"}],"about":[{"href":"https:\/\/www.bbmnoticias.com\/labravaradiofm\/wp-json\/wp\/v2\/types\/post"}],"author":[{"embeddable":true,"href":"https:\/\/www.bbmnoticias.com\/labravaradiofm\/wp-json\/wp\/v2\/users\/18"}],"replies":[{"embeddable":true,"href":"https:\/\/www.bbmnoticias.com\/labravaradiofm\/wp-json\/wp\/v2\/comments?post=14770"}],"version-history":[{"count":0,"href":"https:\/\/www.bbmnoticias.com\/labravaradiofm\/wp-json\/wp\/v2\/posts\/14770\/revisions"}],"wp:featuredmedia":[{"embeddable":true,"href":"https:\/\/www.bbmnoticias.com\/labravaradiofm\/wp-json\/wp\/v2\/media\/14771"}],"wp:attachment":[{"href":"https:\/\/www.bbmnoticias.com\/labravaradiofm\/wp-json\/wp\/v2\/media?parent=14770"}],"wp:term":[{"taxonomy":"category","embeddable":true,"href":"https:\/\/www.bbmnoticias.com\/labravaradiofm\/wp-json\/wp\/v2\/categories?post=14770"},{"taxonomy":"post_tag","embeddable":true,"href":"https:\/\/www.bbmnoticias.com\/labravaradiofm\/wp-json\/wp\/v2\/tags?post=14770"}],"curies":[{"name":"wp","href":"https:\/\/api.w.org\/{rel}","templated":true}]}}