{"id":14767,"date":"2022-06-20T21:31:57","date_gmt":"2022-06-21T02:31:57","guid":{"rendered":"https:\/\/www.bbmnoticias.com\/labravaradiofm\/?p=14767"},"modified":"2022-06-20T21:31:59","modified_gmt":"2022-06-21T02:31:59","slug":"realizan-en-oaxaca-reclutamiento-de-enfermeras-y-enfermeros-para-laborar-en-alemania","status":"publish","type":"post","link":"https:\/\/www.bbmnoticias.com\/labravaradiofm\/2022\/06\/20\/realizan-en-oaxaca-reclutamiento-de-enfermeras-y-enfermeros-para-laborar-en-alemania\/","title":{"rendered":"Realizan en Oaxaca reclutamiento de enfermeras y enfermeros para laborar en Alemania"},"content":{"rendered":"<div style=\"margin-top: 0px; margin-bottom: 0px;\" class=\"sharethis-inline-share-buttons\" ><\/div>\n<p><strong>Tlalixtac de Cabrera, Oax. 20 de junio de 2022<\/strong>. Del 20 al 23 de junio del a\u00f1o en curso, el Gobierno del Estado a trav\u00e9s de la Coordinaci\u00f3n del Servicio Nacional de Empleo Oaxaca (CSNEO), emprendi\u00f3 el reclutamiento para la vacante de enfermeras y enfermeros, a trav\u00e9s de la Agencia Federal del Trabajo en Alemania \u201cBundesagentur F\u00fcr Arbeit &#8211; Das Bringt Mich Weiter\u201d, y representantes de hospitales de este pa\u00eds.<\/p>\n\n\n\n<p>El organismo detall\u00f3 que las y los interesados deber\u00e1n acudir al Centro Cultural y de Convenciones de Oaxaca (CCCO), en un horario de 9:00 a 15:00 horas, presentando su t\u00edtulo y c\u00e9dula profesional, adem\u00e1s de tener disponibilidad de viajar, para ser seleccionados dentro de las 120 plazas que se ofertan.<\/p>\n\n\n\n<p>La titular del Servicio Nacional de Empleo en Oaxaca, Leslie Jim\u00e9nez Valencia, se\u00f1al\u00f3 que la plaza oferta un sueldo mensual neto de 57 mil pesos, una beca para estudiar alem\u00e1n (durante 6 meses previos a viajar), tr\u00e1mites de visa de trabajo, homologaci\u00f3n de documentaci\u00f3n, contrato indefinido, prestaciones de ley y apoyos econ\u00f3micos para establecerse en la regi\u00f3n.<\/p>\n\n\n\n<p>\u201cEsta es una acci\u00f3n que se realiza por parte de los gobiernos mexicano y alem\u00e1n, y atendiendo las indicaciones del gobernador Alejandro Murat Hinojosa para abrir espacios laborales para toda la poblaci\u00f3n\u201d, expres\u00f3.<\/p>\n\n\n\n<p>Para mayores informes, se encuentra disponible el tel\u00e9fono (951) 501 50 00 extensi\u00f3n 12543 y 12911, o en l\u00ednea en la siguiente direcci\u00f3n: <a href=\"https:\/\/www.oaxaca.gob.mx\/csneo\/\" target=\"_blank\" rel=\"noreferrer noopener\">https:\/\/www.oaxaca.gob.mx\/csneo\/<\/a><\/p>\n","protected":false},"excerpt":{"rendered":"<p>Tlalixtac de Cabrera, Oax. 20 de junio de 2022. Del 20 al 23 de junio del a\u00f1o en curso, el Gobierno del Estado a trav\u00e9s de la Coordinaci\u00f3n del Servicio Nacional de Empleo Oaxaca (CSNEO), emprendi\u00f3 el reclutamiento para la vacante de enfermeras y enfermeros, a trav\u00e9s de la Agencia Federal del Trabajo en Alemania [&hellip;]<\/p>\n","protected":false},"author":2,"featured_media":14768,"comment_status":"closed","ping_status":"closed","sticky":false,"template":"","format":"standard","meta":{"footnotes":""},"categories":[2],"tags":[],"class_list":{"0":"post-14767","1":"post","2":"type-post","3":"status-publish","4":"format-standard","5":"has-post-thumbnail","7":"category-oaxaca"},"yoast_head":"<!-- This site is optimized with the Yoast SEO plugin v27.4 - https:\/\/yoast.com\/product\/yoast-seo-wordpress\/ -->\n<title>Realizan en Oaxaca reclutamiento de enfermeras y enfermeros para laborar en Alemania - LA BRAVA RADIO<\/title>\n<meta name=\"robots\" content=\"index, follow, max-snippet:-1, max-image-preview:large, max-video-preview:-1\" \/>\n<link rel=\"canonical\" href=\"https:\/\/www.bbmnoticias.com\/labravaradiofm\/2022\/06\/20\/realizan-en-oaxaca-reclutamiento-de-enfermeras-y-enfermeros-para-laborar-en-alemania\/\" \/>\n<meta property=\"og:locale\" content=\"es_MX\" \/>\n<meta property=\"og:type\" content=\"article\" \/>\n<meta property=\"og:title\" content=\"Realizan en Oaxaca reclutamiento de enfermeras y enfermeros para laborar en Alemania - LA BRAVA RADIO\" \/>\n<meta property=\"og:description\" content=\"Tlalixtac de Cabrera, Oax. 20 de junio de 2022. Del 20 al 23 de junio del a\u00f1o en curso, el Gobierno del Estado a trav\u00e9s de la Coordinaci\u00f3n del Servicio Nacional de Empleo Oaxaca (CSNEO), emprendi\u00f3 el reclutamiento para la vacante de enfermeras y enfermeros, a trav\u00e9s de la Agencia Federal del Trabajo en Alemania [&hellip;]\" \/>\n<meta property=\"og:url\" content=\"https:\/\/www.bbmnoticias.com\/labravaradiofm\/2022\/06\/20\/realizan-en-oaxaca-reclutamiento-de-enfermeras-y-enfermeros-para-laborar-en-alemania\/\" \/>\n<meta property=\"og:site_name\" content=\"LA BRAVA RADIO\" \/>\n<meta property=\"article:published_time\" content=\"2022-06-21T02:31:57+00:00\" \/>\n<meta property=\"article:modified_time\" content=\"2022-06-21T02:31:59+00:00\" \/>\n<meta property=\"og:image\" content=\"https:\/\/www.bbmnoticias.com\/labravaradiofm\/wp-content\/uploads\/sites\/5\/2022\/06\/enfermeras-alemania.jpg\" \/>\n\t<meta property=\"og:image:width\" content=\"800\" \/>\n\t<meta property=\"og:image:height\" content=\"487\" \/>\n\t<meta property=\"og:image:type\" content=\"image\/jpeg\" \/>\n<meta name=\"author\" content=\"Staff\" \/>\n<meta name=\"twitter:card\" content=\"summary_large_image\" \/>\n<meta name=\"twitter:label1\" content=\"Escrito por\" \/>\n\t<meta name=\"twitter:data1\" content=\"Staff\" \/>\n\t<meta name=\"twitter:label2\" content=\"Tiempo de lectura\" \/>\n\t<meta name=\"twitter:data2\" content=\"2 minutos\" \/>\n<script type=\"application\/ld+json\" class=\"yoast-schema-graph\">{\"@context\":\"https:\\\/\\\/schema.org\",\"@graph\":[{\"@type\":\"Article\",\"@id\":\"https:\\\/\\\/www.bbmnoticias.com\\\/labravaradiofm\\\/2022\\\/06\\\/20\\\/realizan-en-oaxaca-reclutamiento-de-enfermeras-y-enfermeros-para-laborar-en-alemania\\\/#article\",\"isPartOf\":{\"@id\":\"https:\\\/\\\/www.bbmnoticias.com\\\/labravaradiofm\\\/2022\\\/06\\\/20\\\/realizan-en-oaxaca-reclutamiento-de-enfermeras-y-enfermeros-para-laborar-en-alemania\\\/\"},\"author\":{\"name\":\"Staff\",\"@id\":\"https:\\\/\\\/www.bbmnoticias.com\\\/labravaradiofm\\\/#\\\/schema\\\/person\\\/34b139c617a70ea5bef5678bffe4dd7b\"},\"headline\":\"Realizan en Oaxaca reclutamiento de enfermeras y enfermeros para laborar en Alemania\",\"datePublished\":\"2022-06-21T02:31:57+00:00\",\"dateModified\":\"2022-06-21T02:31:59+00:00\",\"mainEntityOfPage\":{\"@id\":\"https:\\\/\\\/www.bbmnoticias.com\\\/labravaradiofm\\\/2022\\\/06\\\/20\\\/realizan-en-oaxaca-reclutamiento-de-enfermeras-y-enfermeros-para-laborar-en-alemania\\\/\"},\"wordCount\":261,\"image\":{\"@id\":\"https:\\\/\\\/www.bbmnoticias.com\\\/labravaradiofm\\\/2022\\\/06\\\/20\\\/realizan-en-oaxaca-reclutamiento-de-enfermeras-y-enfermeros-para-laborar-en-alemania\\\/#primaryimage\"},\"thumbnailUrl\":\"https:\\\/\\\/www.bbmnoticias.com\\\/labravaradiofm\\\/wp-content\\\/uploads\\\/sites\\\/5\\\/2022\\\/06\\\/enfermeras-alemania.jpg\",\"articleSection\":[\"LOCAL\"],\"inLanguage\":\"es\"},{\"@type\":\"WebPage\",\"@id\":\"https:\\\/\\\/www.bbmnoticias.com\\\/labravaradiofm\\\/2022\\\/06\\\/20\\\/realizan-en-oaxaca-reclutamiento-de-enfermeras-y-enfermeros-para-laborar-en-alemania\\\/\",\"url\":\"https:\\\/\\\/www.bbmnoticias.com\\\/labravaradiofm\\\/2022\\\/06\\\/20\\\/realizan-en-oaxaca-reclutamiento-de-enfermeras-y-enfermeros-para-laborar-en-alemania\\\/\",\"name\":\"Realizan en Oaxaca reclutamiento de enfermeras y enfermeros para laborar en Alemania - LA BRAVA RADIO\",\"isPartOf\":{\"@id\":\"https:\\\/\\\/www.bbmnoticias.com\\\/labravaradiofm\\\/#website\"},\"primaryImageOfPage\":{\"@id\":\"https:\\\/\\\/www.bbmnoticias.com\\\/labravaradiofm\\\/2022\\\/06\\\/20\\\/realizan-en-oaxaca-reclutamiento-de-enfermeras-y-enfermeros-para-laborar-en-alemania\\\/#primaryimage\"},\"image\":{\"@id\":\"https:\\\/\\\/www.bbmnoticias.com\\\/labravaradiofm\\\/2022\\\/06\\\/20\\\/realizan-en-oaxaca-reclutamiento-de-enfermeras-y-enfermeros-para-laborar-en-alemania\\\/#primaryimage\"},\"thumbnailUrl\":\"https:\\\/\\\/www.bbmnoticias.com\\\/labravaradiofm\\\/wp-content\\\/uploads\\\/sites\\\/5\\\/2022\\\/06\\\/enfermeras-alemania.jpg\",\"datePublished\":\"2022-06-21T02:31:57+00:00\",\"dateModified\":\"2022-06-21T02:31:59+00:00\",\"author\":{\"@id\":\"https:\\\/\\\/www.bbmnoticias.com\\\/labravaradiofm\\\/#\\\/schema\\\/person\\\/34b139c617a70ea5bef5678bffe4dd7b\"},\"breadcrumb\":{\"@id\":\"https:\\\/\\\/www.bbmnoticias.com\\\/labravaradiofm\\\/2022\\\/06\\\/20\\\/realizan-en-oaxaca-reclutamiento-de-enfermeras-y-enfermeros-para-laborar-en-alemania\\\/#breadcrumb\"},\"inLanguage\":\"es\",\"potentialAction\":[{\"@type\":\"ReadAction\",\"target\":[\"https:\\\/\\\/www.bbmnoticias.com\\\/labravaradiofm\\\/2022\\\/06\\\/20\\\/realizan-en-oaxaca-reclutamiento-de-enfermeras-y-enfermeros-para-laborar-en-alemania\\\/\"]}]},{\"@type\":\"ImageObject\",\"inLanguage\":\"es\",\"@id\":\"https:\\\/\\\/www.bbmnoticias.com\\\/labravaradiofm\\\/2022\\\/06\\\/20\\\/realizan-en-oaxaca-reclutamiento-de-enfermeras-y-enfermeros-para-laborar-en-alemania\\\/#primaryimage\",\"url\":\"https:\\\/\\\/www.bbmnoticias.com\\\/labravaradiofm\\\/wp-content\\\/uploads\\\/sites\\\/5\\\/2022\\\/06\\\/enfermeras-alemania.jpg\",\"contentUrl\":\"https:\\\/\\\/www.bbmnoticias.com\\\/labravaradiofm\\\/wp-content\\\/uploads\\\/sites\\\/5\\\/2022\\\/06\\\/enfermeras-alemania.jpg\",\"width\":800,\"height\":487},{\"@type\":\"BreadcrumbList\",\"@id\":\"https:\\\/\\\/www.bbmnoticias.com\\\/labravaradiofm\\\/2022\\\/06\\\/20\\\/realizan-en-oaxaca-reclutamiento-de-enfermeras-y-enfermeros-para-laborar-en-alemania\\\/#breadcrumb\",\"itemListElement\":[{\"@type\":\"ListItem\",\"position\":1,\"name\":\"Inicio\",\"item\":\"https:\\\/\\\/www.bbmnoticias.com\\\/labravaradiofm\\\/\"},{\"@type\":\"ListItem\",\"position\":2,\"name\":\"Realizan en Oaxaca reclutamiento de enfermeras y enfermeros para laborar en Alemania\"}]},{\"@type\":\"WebSite\",\"@id\":\"https:\\\/\\\/www.bbmnoticias.com\\\/labravaradiofm\\\/#website\",\"url\":\"https:\\\/\\\/www.bbmnoticias.com\\\/labravaradiofm\\\/\",\"name\":\"LA BRAVA RADIO\",\"description\":\"Empresa productora de medios, Radiodifusi\u00f3n, Noticias, tendencias y todo lo que necesitas saber de la pol\u00edtica mexicana e internacional; entretenimiento, espect\u00e1culos, salud y mucho m\u00e1s.\",\"potentialAction\":[{\"@type\":\"SearchAction\",\"target\":{\"@type\":\"EntryPoint\",\"urlTemplate\":\"https:\\\/\\\/www.bbmnoticias.com\\\/labravaradiofm\\\/?s={search_term_string}\"},\"query-input\":{\"@type\":\"PropertyValueSpecification\",\"valueRequired\":true,\"valueName\":\"search_term_string\"}}],\"inLanguage\":\"es\"},{\"@type\":\"Person\",\"@id\":\"https:\\\/\\\/www.bbmnoticias.com\\\/labravaradiofm\\\/#\\\/schema\\\/person\\\/34b139c617a70ea5bef5678bffe4dd7b\",\"name\":\"Staff\",\"image\":{\"@type\":\"ImageObject\",\"inLanguage\":\"es\",\"@id\":\"https:\\\/\\\/secure.gravatar.com\\\/avatar\\\/fdd21ad66fd8b98c407f9dee5b5e588cfe7f0d8579ec20fa6527cd59bab7f0f0?s=96&d=mm&r=g\",\"url\":\"https:\\\/\\\/secure.gravatar.com\\\/avatar\\\/fdd21ad66fd8b98c407f9dee5b5e588cfe7f0d8579ec20fa6527cd59bab7f0f0?s=96&d=mm&r=g\",\"contentUrl\":\"https:\\\/\\\/secure.gravatar.com\\\/avatar\\\/fdd21ad66fd8b98c407f9dee5b5e588cfe7f0d8579ec20fa6527cd59bab7f0f0?s=96&d=mm&r=g\",\"caption\":\"Staff\"},\"url\":\"https:\\\/\\\/www.bbmnoticias.com\\\/labravaradiofm\\\/author\\\/redaccion\\\/\"}]}<\/script>\n<!-- \/ Yoast SEO plugin. -->","yoast_head_json":{"title":"Realizan en Oaxaca reclutamiento de enfermeras y enfermeros para laborar en Alemania - LA BRAVA RADIO","robots":{"index":"index","follow":"follow","max-snippet":"max-snippet:-1","max-image-preview":"max-image-preview:large","max-video-preview":"max-video-preview:-1"},"canonical":"https:\/\/www.bbmnoticias.com\/labravaradiofm\/2022\/06\/20\/realizan-en-oaxaca-reclutamiento-de-enfermeras-y-enfermeros-para-laborar-en-alemania\/","og_locale":"es_MX","og_type":"article","og_title":"Realizan en Oaxaca reclutamiento de enfermeras y enfermeros para laborar en Alemania - LA BRAVA RADIO","og_description":"Tlalixtac de Cabrera, Oax. 20 de junio de 2022. Del 20 al 23 de junio del a\u00f1o en curso, el Gobierno del Estado a trav\u00e9s de la Coordinaci\u00f3n del Servicio Nacional de Empleo Oaxaca (CSNEO), emprendi\u00f3 el reclutamiento para la vacante de enfermeras y enfermeros, a trav\u00e9s de la Agencia Federal del Trabajo en Alemania [&hellip;]","og_url":"https:\/\/www.bbmnoticias.com\/labravaradiofm\/2022\/06\/20\/realizan-en-oaxaca-reclutamiento-de-enfermeras-y-enfermeros-para-laborar-en-alemania\/","og_site_name":"LA BRAVA RADIO","article_published_time":"2022-06-21T02:31:57+00:00","article_modified_time":"2022-06-21T02:31:59+00:00","og_image":[{"width":800,"height":487,"url":"https:\/\/www.bbmnoticias.com\/labravaradiofm\/wp-content\/uploads\/sites\/5\/2022\/06\/enfermeras-alemania.jpg","type":"image\/jpeg"}],"author":"Staff","twitter_card":"summary_large_image","twitter_misc":{"Escrito por":"Staff","Tiempo de lectura":"2 minutos"},"schema":{"@context":"https:\/\/schema.org","@graph":[{"@type":"Article","@id":"https:\/\/www.bbmnoticias.com\/labravaradiofm\/2022\/06\/20\/realizan-en-oaxaca-reclutamiento-de-enfermeras-y-enfermeros-para-laborar-en-alemania\/#article","isPartOf":{"@id":"https:\/\/www.bbmnoticias.com\/labravaradiofm\/2022\/06\/20\/realizan-en-oaxaca-reclutamiento-de-enfermeras-y-enfermeros-para-laborar-en-alemania\/"},"author":{"name":"Staff","@id":"https:\/\/www.bbmnoticias.com\/labravaradiofm\/#\/schema\/person\/34b139c617a70ea5bef5678bffe4dd7b"},"headline":"Realizan en Oaxaca reclutamiento de enfermeras y enfermeros para laborar en Alemania","datePublished":"2022-06-21T02:31:57+00:00","dateModified":"2022-06-21T02:31:59+00:00","mainEntityOfPage":{"@id":"https:\/\/www.bbmnoticias.com\/labravaradiofm\/2022\/06\/20\/realizan-en-oaxaca-reclutamiento-de-enfermeras-y-enfermeros-para-laborar-en-alemania\/"},"wordCount":261,"image":{"@id":"https:\/\/www.bbmnoticias.com\/labravaradiofm\/2022\/06\/20\/realizan-en-oaxaca-reclutamiento-de-enfermeras-y-enfermeros-para-laborar-en-alemania\/#primaryimage"},"thumbnailUrl":"https:\/\/www.bbmnoticias.com\/labravaradiofm\/wp-content\/uploads\/sites\/5\/2022\/06\/enfermeras-alemania.jpg","articleSection":["LOCAL"],"inLanguage":"es"},{"@type":"WebPage","@id":"https:\/\/www.bbmnoticias.com\/labravaradiofm\/2022\/06\/20\/realizan-en-oaxaca-reclutamiento-de-enfermeras-y-enfermeros-para-laborar-en-alemania\/","url":"https:\/\/www.bbmnoticias.com\/labravaradiofm\/2022\/06\/20\/realizan-en-oaxaca-reclutamiento-de-enfermeras-y-enfermeros-para-laborar-en-alemania\/","name":"Realizan en Oaxaca reclutamiento de enfermeras y enfermeros para laborar en Alemania - LA BRAVA RADIO","isPartOf":{"@id":"https:\/\/www.bbmnoticias.com\/labravaradiofm\/#website"},"primaryImageOfPage":{"@id":"https:\/\/www.bbmnoticias.com\/labravaradiofm\/2022\/06\/20\/realizan-en-oaxaca-reclutamiento-de-enfermeras-y-enfermeros-para-laborar-en-alemania\/#primaryimage"},"image":{"@id":"https:\/\/www.bbmnoticias.com\/labravaradiofm\/2022\/06\/20\/realizan-en-oaxaca-reclutamiento-de-enfermeras-y-enfermeros-para-laborar-en-alemania\/#primaryimage"},"thumbnailUrl":"https:\/\/www.bbmnoticias.com\/labravaradiofm\/wp-content\/uploads\/sites\/5\/2022\/06\/enfermeras-alemania.jpg","datePublished":"2022-06-21T02:31:57+00:00","dateModified":"2022-06-21T02:31:59+00:00","author":{"@id":"https:\/\/www.bbmnoticias.com\/labravaradiofm\/#\/schema\/person\/34b139c617a70ea5bef5678bffe4dd7b"},"breadcrumb":{"@id":"https:\/\/www.bbmnoticias.com\/labravaradiofm\/2022\/06\/20\/realizan-en-oaxaca-reclutamiento-de-enfermeras-y-enfermeros-para-laborar-en-alemania\/#breadcrumb"},"inLanguage":"es","potentialAction":[{"@type":"ReadAction","target":["https:\/\/www.bbmnoticias.com\/labravaradiofm\/2022\/06\/20\/realizan-en-oaxaca-reclutamiento-de-enfermeras-y-enfermeros-para-laborar-en-alemania\/"]}]},{"@type":"ImageObject","inLanguage":"es","@id":"https:\/\/www.bbmnoticias.com\/labravaradiofm\/2022\/06\/20\/realizan-en-oaxaca-reclutamiento-de-enfermeras-y-enfermeros-para-laborar-en-alemania\/#primaryimage","url":"https:\/\/www.bbmnoticias.com\/labravaradiofm\/wp-content\/uploads\/sites\/5\/2022\/06\/enfermeras-alemania.jpg","contentUrl":"https:\/\/www.bbmnoticias.com\/labravaradiofm\/wp-content\/uploads\/sites\/5\/2022\/06\/enfermeras-alemania.jpg","width":800,"height":487},{"@type":"BreadcrumbList","@id":"https:\/\/www.bbmnoticias.com\/labravaradiofm\/2022\/06\/20\/realizan-en-oaxaca-reclutamiento-de-enfermeras-y-enfermeros-para-laborar-en-alemania\/#breadcrumb","itemListElement":[{"@type":"ListItem","position":1,"name":"Inicio","item":"https:\/\/www.bbmnoticias.com\/labravaradiofm\/"},{"@type":"ListItem","position":2,"name":"Realizan en Oaxaca reclutamiento de enfermeras y enfermeros para laborar en Alemania"}]},{"@type":"WebSite","@id":"https:\/\/www.bbmnoticias.com\/labravaradiofm\/#website","url":"https:\/\/www.bbmnoticias.com\/labravaradiofm\/","name":"LA BRAVA RADIO","description":"Empresa productora de medios, Radiodifusi\u00f3n, Noticias, tendencias y todo lo que necesitas saber de la pol\u00edtica mexicana e internacional; entretenimiento, espect\u00e1culos, salud y mucho m\u00e1s.","potentialAction":[{"@type":"SearchAction","target":{"@type":"EntryPoint","urlTemplate":"https:\/\/www.bbmnoticias.com\/labravaradiofm\/?s={search_term_string}"},"query-input":{"@type":"PropertyValueSpecification","valueRequired":true,"valueName":"search_term_string"}}],"inLanguage":"es"},{"@type":"Person","@id":"https:\/\/www.bbmnoticias.com\/labravaradiofm\/#\/schema\/person\/34b139c617a70ea5bef5678bffe4dd7b","name":"Staff","image":{"@type":"ImageObject","inLanguage":"es","@id":"https:\/\/secure.gravatar.com\/avatar\/fdd21ad66fd8b98c407f9dee5b5e588cfe7f0d8579ec20fa6527cd59bab7f0f0?s=96&d=mm&r=g","url":"https:\/\/secure.gravatar.com\/avatar\/fdd21ad66fd8b98c407f9dee5b5e588cfe7f0d8579ec20fa6527cd59bab7f0f0?s=96&d=mm&r=g","contentUrl":"https:\/\/secure.gravatar.com\/avatar\/fdd21ad66fd8b98c407f9dee5b5e588cfe7f0d8579ec20fa6527cd59bab7f0f0?s=96&d=mm&r=g","caption":"Staff"},"url":"https:\/\/www.bbmnoticias.com\/labravaradiofm\/author\/redaccion\/"}]}},"_links":{"self":[{"href":"https:\/\/www.bbmnoticias.com\/labravaradiofm\/wp-json\/wp\/v2\/posts\/14767","targetHints":{"allow":["GET"]}}],"collection":[{"href":"https:\/\/www.bbmnoticias.com\/labravaradiofm\/wp-json\/wp\/v2\/posts"}],"about":[{"href":"https:\/\/www.bbmnoticias.com\/labravaradiofm\/wp-json\/wp\/v2\/types\/post"}],"author":[{"embeddable":true,"href":"https:\/\/www.bbmnoticias.com\/labravaradiofm\/wp-json\/wp\/v2\/users\/2"}],"replies":[{"embeddable":true,"href":"https:\/\/www.bbmnoticias.com\/labravaradiofm\/wp-json\/wp\/v2\/comments?post=14767"}],"version-history":[{"count":0,"href":"https:\/\/www.bbmnoticias.com\/labravaradiofm\/wp-json\/wp\/v2\/posts\/14767\/revisions"}],"wp:featuredmedia":[{"embeddable":true,"href":"https:\/\/www.bbmnoticias.com\/labravaradiofm\/wp-json\/wp\/v2\/media\/14768"}],"wp:attachment":[{"href":"https:\/\/www.bbmnoticias.com\/labravaradiofm\/wp-json\/wp\/v2\/media?parent=14767"}],"wp:term":[{"taxonomy":"category","embeddable":true,"href":"https:\/\/www.bbmnoticias.com\/labravaradiofm\/wp-json\/wp\/v2\/categories?post=14767"},{"taxonomy":"post_tag","embeddable":true,"href":"https:\/\/www.bbmnoticias.com\/labravaradiofm\/wp-json\/wp\/v2\/tags?post=14767"}],"curies":[{"name":"wp","href":"https:\/\/api.w.org\/{rel}","templated":true}]}}