{"id":14755,"date":"2022-06-20T17:43:01","date_gmt":"2022-06-20T22:43:01","guid":{"rendered":"https:\/\/www.bbmnoticias.com\/labravaradiofm\/?p=14755"},"modified":"2022-06-20T17:43:02","modified_gmt":"2022-06-20T22:43:02","slug":"fortalece-ieepo-atencion-y-tramites-para-el-pago-de-gastos-funerarios","status":"publish","type":"post","link":"https:\/\/www.bbmnoticias.com\/labravaradiofm\/2022\/06\/20\/fortalece-ieepo-atencion-y-tramites-para-el-pago-de-gastos-funerarios\/","title":{"rendered":"Fortalece IEEPO atenci\u00f3n y tr\u00e1mites para el pago de gastos funerarios"},"content":{"rendered":"<div style=\"margin-top: 0px; margin-bottom: 0px;\" class=\"sharethis-inline-share-buttons\" ><\/div>\n<p><strong>Oaxaca de Ju\u00e1rez, Oax., 20 de junio de 2022.-<\/strong> El Instituto Estatal de Educaci\u00f3n P\u00fablica de Oaxaca (IEEPO) informa a trav\u00e9s de la Direcci\u00f3n Administrativa, que fortalece los mecanismos de atenci\u00f3n y tr\u00e1mites que permitan respaldar a los deudos de las y los trabajadores de la educaci\u00f3n que lamentablemente fallezcan y requieran de apoyo para solicitar los beneficios que por ley se les otorgan en el pago de gastos funerarios.&nbsp;<\/p>\n\n\n\n<p>Se\u00f1ala que en caso del deceso de una trabajadora o trabajador en activo y esto no sea reportado de manera directa en su Centro de Trabajo, el Instituto cuenta con el tr\u00e1mite de pago de gastos funerarios (beneficio para los deudos de los trabajadores de este Instituto); as\u00ed como el cobro de Seguro Institucional y la recuperaci\u00f3n del FORTE, en el caso del personal inscrito; adem\u00e1s de la expedici\u00f3n de la documentaci\u00f3n soporte para realizar la pensi\u00f3n ante el ISSSTE, seg\u00fan corresponda.<\/p>\n\n\n\n<p>Para ser acreedor a estos beneficios, es necesario ponerse en contacto de manera inmediata con el Departamento de Registros y Controles adscrito a la Direcci\u00f3n Administrativa del IEEPO, a trav\u00e9s del correo electr\u00f3nico regycon_postmortem@hotmail.com.<\/p>\n\n\n\n<p>Para ello se deber\u00e1 anexar la siguiente documentaci\u00f3n escaneada:<\/p>\n\n\n\n<ul class=\"wp-block-list\"><li>Acta de defunci\u00f3n.<\/li><li>Credencial de elector de la trabajadora o trabajador fallecido.<\/li><li>\u00daltimo comprobante de pago.<\/li><li>Nombre del promovente y dos n\u00fameros telef\u00f3nicos de contacto.<\/li><\/ul>\n\n\n\n<p>Con ello se iniciar\u00e1 con el tr\u00e1mite correspondiente.<\/p>\n","protected":false},"excerpt":{"rendered":"<p>Oaxaca de Ju\u00e1rez, Oax., 20 de junio de 2022.- El Instituto Estatal de Educaci\u00f3n P\u00fablica de Oaxaca (IEEPO) informa a trav\u00e9s de la Direcci\u00f3n Administrativa, que fortalece los mecanismos de atenci\u00f3n y tr\u00e1mites que permitan respaldar a los deudos de las y los trabajadores de la educaci\u00f3n que lamentablemente fallezcan y requieran de apoyo para [&hellip;]<\/p>\n","protected":false},"author":2,"featured_media":14756,"comment_status":"closed","ping_status":"closed","sticky":false,"template":"","format":"standard","meta":{"footnotes":""},"categories":[2],"tags":[],"class_list":{"0":"post-14755","1":"post","2":"type-post","3":"status-publish","4":"format-standard","5":"has-post-thumbnail","7":"category-oaxaca"},"yoast_head":"<!-- This site is optimized with the Yoast SEO plugin v27.4 - https:\/\/yoast.com\/product\/yoast-seo-wordpress\/ -->\n<title>Fortalece IEEPO atenci\u00f3n y tr\u00e1mites para el pago de gastos funerarios - LA BRAVA RADIO<\/title>\n<meta name=\"robots\" content=\"index, follow, max-snippet:-1, max-image-preview:large, max-video-preview:-1\" \/>\n<link rel=\"canonical\" href=\"https:\/\/www.bbmnoticias.com\/labravaradiofm\/2022\/06\/20\/fortalece-ieepo-atencion-y-tramites-para-el-pago-de-gastos-funerarios\/\" \/>\n<meta property=\"og:locale\" content=\"es_MX\" \/>\n<meta property=\"og:type\" content=\"article\" \/>\n<meta property=\"og:title\" content=\"Fortalece IEEPO atenci\u00f3n y tr\u00e1mites para el pago de gastos funerarios - LA BRAVA RADIO\" \/>\n<meta property=\"og:description\" content=\"Oaxaca de Ju\u00e1rez, Oax., 20 de junio de 2022.- El Instituto Estatal de Educaci\u00f3n P\u00fablica de Oaxaca (IEEPO) informa a trav\u00e9s de la Direcci\u00f3n Administrativa, que fortalece los mecanismos de atenci\u00f3n y tr\u00e1mites que permitan respaldar a los deudos de las y los trabajadores de la educaci\u00f3n que lamentablemente fallezcan y requieran de apoyo para [&hellip;]\" \/>\n<meta property=\"og:url\" content=\"https:\/\/www.bbmnoticias.com\/labravaradiofm\/2022\/06\/20\/fortalece-ieepo-atencion-y-tramites-para-el-pago-de-gastos-funerarios\/\" \/>\n<meta property=\"og:site_name\" content=\"LA BRAVA RADIO\" \/>\n<meta property=\"article:published_time\" content=\"2022-06-20T22:43:01+00:00\" \/>\n<meta property=\"article:modified_time\" content=\"2022-06-20T22:43:02+00:00\" \/>\n<meta property=\"og:image\" content=\"https:\/\/www.bbmnoticias.com\/labravaradiofm\/wp-content\/uploads\/sites\/5\/2022\/06\/ieepo-gastos.jpg\" \/>\n\t<meta property=\"og:image:width\" content=\"1280\" \/>\n\t<meta property=\"og:image:height\" content=\"832\" \/>\n\t<meta property=\"og:image:type\" content=\"image\/jpeg\" \/>\n<meta name=\"author\" content=\"Staff\" \/>\n<meta name=\"twitter:card\" content=\"summary_large_image\" \/>\n<meta name=\"twitter:label1\" content=\"Escrito por\" \/>\n\t<meta name=\"twitter:data1\" content=\"Staff\" \/>\n\t<meta name=\"twitter:label2\" content=\"Tiempo de lectura\" \/>\n\t<meta name=\"twitter:data2\" content=\"2 minutos\" \/>\n<script type=\"application\/ld+json\" class=\"yoast-schema-graph\">{\"@context\":\"https:\\\/\\\/schema.org\",\"@graph\":[{\"@type\":\"Article\",\"@id\":\"https:\\\/\\\/www.bbmnoticias.com\\\/labravaradiofm\\\/2022\\\/06\\\/20\\\/fortalece-ieepo-atencion-y-tramites-para-el-pago-de-gastos-funerarios\\\/#article\",\"isPartOf\":{\"@id\":\"https:\\\/\\\/www.bbmnoticias.com\\\/labravaradiofm\\\/2022\\\/06\\\/20\\\/fortalece-ieepo-atencion-y-tramites-para-el-pago-de-gastos-funerarios\\\/\"},\"author\":{\"name\":\"Staff\",\"@id\":\"https:\\\/\\\/www.bbmnoticias.com\\\/labravaradiofm\\\/#\\\/schema\\\/person\\\/34b139c617a70ea5bef5678bffe4dd7b\"},\"headline\":\"Fortalece IEEPO atenci\u00f3n y tr\u00e1mites para el pago de gastos funerarios\",\"datePublished\":\"2022-06-20T22:43:01+00:00\",\"dateModified\":\"2022-06-20T22:43:02+00:00\",\"mainEntityOfPage\":{\"@id\":\"https:\\\/\\\/www.bbmnoticias.com\\\/labravaradiofm\\\/2022\\\/06\\\/20\\\/fortalece-ieepo-atencion-y-tramites-para-el-pago-de-gastos-funerarios\\\/\"},\"wordCount\":268,\"image\":{\"@id\":\"https:\\\/\\\/www.bbmnoticias.com\\\/labravaradiofm\\\/2022\\\/06\\\/20\\\/fortalece-ieepo-atencion-y-tramites-para-el-pago-de-gastos-funerarios\\\/#primaryimage\"},\"thumbnailUrl\":\"https:\\\/\\\/www.bbmnoticias.com\\\/labravaradiofm\\\/wp-content\\\/uploads\\\/sites\\\/5\\\/2022\\\/06\\\/ieepo-gastos.jpg\",\"articleSection\":[\"LOCAL\"],\"inLanguage\":\"es\"},{\"@type\":\"WebPage\",\"@id\":\"https:\\\/\\\/www.bbmnoticias.com\\\/labravaradiofm\\\/2022\\\/06\\\/20\\\/fortalece-ieepo-atencion-y-tramites-para-el-pago-de-gastos-funerarios\\\/\",\"url\":\"https:\\\/\\\/www.bbmnoticias.com\\\/labravaradiofm\\\/2022\\\/06\\\/20\\\/fortalece-ieepo-atencion-y-tramites-para-el-pago-de-gastos-funerarios\\\/\",\"name\":\"Fortalece IEEPO atenci\u00f3n y tr\u00e1mites para el pago de gastos funerarios - LA BRAVA RADIO\",\"isPartOf\":{\"@id\":\"https:\\\/\\\/www.bbmnoticias.com\\\/labravaradiofm\\\/#website\"},\"primaryImageOfPage\":{\"@id\":\"https:\\\/\\\/www.bbmnoticias.com\\\/labravaradiofm\\\/2022\\\/06\\\/20\\\/fortalece-ieepo-atencion-y-tramites-para-el-pago-de-gastos-funerarios\\\/#primaryimage\"},\"image\":{\"@id\":\"https:\\\/\\\/www.bbmnoticias.com\\\/labravaradiofm\\\/2022\\\/06\\\/20\\\/fortalece-ieepo-atencion-y-tramites-para-el-pago-de-gastos-funerarios\\\/#primaryimage\"},\"thumbnailUrl\":\"https:\\\/\\\/www.bbmnoticias.com\\\/labravaradiofm\\\/wp-content\\\/uploads\\\/sites\\\/5\\\/2022\\\/06\\\/ieepo-gastos.jpg\",\"datePublished\":\"2022-06-20T22:43:01+00:00\",\"dateModified\":\"2022-06-20T22:43:02+00:00\",\"author\":{\"@id\":\"https:\\\/\\\/www.bbmnoticias.com\\\/labravaradiofm\\\/#\\\/schema\\\/person\\\/34b139c617a70ea5bef5678bffe4dd7b\"},\"breadcrumb\":{\"@id\":\"https:\\\/\\\/www.bbmnoticias.com\\\/labravaradiofm\\\/2022\\\/06\\\/20\\\/fortalece-ieepo-atencion-y-tramites-para-el-pago-de-gastos-funerarios\\\/#breadcrumb\"},\"inLanguage\":\"es\",\"potentialAction\":[{\"@type\":\"ReadAction\",\"target\":[\"https:\\\/\\\/www.bbmnoticias.com\\\/labravaradiofm\\\/2022\\\/06\\\/20\\\/fortalece-ieepo-atencion-y-tramites-para-el-pago-de-gastos-funerarios\\\/\"]}]},{\"@type\":\"ImageObject\",\"inLanguage\":\"es\",\"@id\":\"https:\\\/\\\/www.bbmnoticias.com\\\/labravaradiofm\\\/2022\\\/06\\\/20\\\/fortalece-ieepo-atencion-y-tramites-para-el-pago-de-gastos-funerarios\\\/#primaryimage\",\"url\":\"https:\\\/\\\/www.bbmnoticias.com\\\/labravaradiofm\\\/wp-content\\\/uploads\\\/sites\\\/5\\\/2022\\\/06\\\/ieepo-gastos.jpg\",\"contentUrl\":\"https:\\\/\\\/www.bbmnoticias.com\\\/labravaradiofm\\\/wp-content\\\/uploads\\\/sites\\\/5\\\/2022\\\/06\\\/ieepo-gastos.jpg\",\"width\":1280,\"height\":832},{\"@type\":\"BreadcrumbList\",\"@id\":\"https:\\\/\\\/www.bbmnoticias.com\\\/labravaradiofm\\\/2022\\\/06\\\/20\\\/fortalece-ieepo-atencion-y-tramites-para-el-pago-de-gastos-funerarios\\\/#breadcrumb\",\"itemListElement\":[{\"@type\":\"ListItem\",\"position\":1,\"name\":\"Inicio\",\"item\":\"https:\\\/\\\/www.bbmnoticias.com\\\/labravaradiofm\\\/\"},{\"@type\":\"ListItem\",\"position\":2,\"name\":\"Fortalece IEEPO atenci\u00f3n y tr\u00e1mites para el pago de gastos funerarios\"}]},{\"@type\":\"WebSite\",\"@id\":\"https:\\\/\\\/www.bbmnoticias.com\\\/labravaradiofm\\\/#website\",\"url\":\"https:\\\/\\\/www.bbmnoticias.com\\\/labravaradiofm\\\/\",\"name\":\"LA BRAVA RADIO\",\"description\":\"Empresa productora de medios, Radiodifusi\u00f3n, Noticias, tendencias y todo lo que necesitas saber de la pol\u00edtica mexicana e internacional; entretenimiento, espect\u00e1culos, salud y mucho m\u00e1s.\",\"potentialAction\":[{\"@type\":\"SearchAction\",\"target\":{\"@type\":\"EntryPoint\",\"urlTemplate\":\"https:\\\/\\\/www.bbmnoticias.com\\\/labravaradiofm\\\/?s={search_term_string}\"},\"query-input\":{\"@type\":\"PropertyValueSpecification\",\"valueRequired\":true,\"valueName\":\"search_term_string\"}}],\"inLanguage\":\"es\"},{\"@type\":\"Person\",\"@id\":\"https:\\\/\\\/www.bbmnoticias.com\\\/labravaradiofm\\\/#\\\/schema\\\/person\\\/34b139c617a70ea5bef5678bffe4dd7b\",\"name\":\"Staff\",\"image\":{\"@type\":\"ImageObject\",\"inLanguage\":\"es\",\"@id\":\"https:\\\/\\\/secure.gravatar.com\\\/avatar\\\/fdd21ad66fd8b98c407f9dee5b5e588cfe7f0d8579ec20fa6527cd59bab7f0f0?s=96&d=mm&r=g\",\"url\":\"https:\\\/\\\/secure.gravatar.com\\\/avatar\\\/fdd21ad66fd8b98c407f9dee5b5e588cfe7f0d8579ec20fa6527cd59bab7f0f0?s=96&d=mm&r=g\",\"contentUrl\":\"https:\\\/\\\/secure.gravatar.com\\\/avatar\\\/fdd21ad66fd8b98c407f9dee5b5e588cfe7f0d8579ec20fa6527cd59bab7f0f0?s=96&d=mm&r=g\",\"caption\":\"Staff\"},\"url\":\"https:\\\/\\\/www.bbmnoticias.com\\\/labravaradiofm\\\/author\\\/redaccion\\\/\"}]}<\/script>\n<!-- \/ Yoast SEO plugin. -->","yoast_head_json":{"title":"Fortalece IEEPO atenci\u00f3n y tr\u00e1mites para el pago de gastos funerarios - LA BRAVA RADIO","robots":{"index":"index","follow":"follow","max-snippet":"max-snippet:-1","max-image-preview":"max-image-preview:large","max-video-preview":"max-video-preview:-1"},"canonical":"https:\/\/www.bbmnoticias.com\/labravaradiofm\/2022\/06\/20\/fortalece-ieepo-atencion-y-tramites-para-el-pago-de-gastos-funerarios\/","og_locale":"es_MX","og_type":"article","og_title":"Fortalece IEEPO atenci\u00f3n y tr\u00e1mites para el pago de gastos funerarios - LA BRAVA RADIO","og_description":"Oaxaca de Ju\u00e1rez, Oax., 20 de junio de 2022.- El Instituto Estatal de Educaci\u00f3n P\u00fablica de Oaxaca (IEEPO) informa a trav\u00e9s de la Direcci\u00f3n Administrativa, que fortalece los mecanismos de atenci\u00f3n y tr\u00e1mites que permitan respaldar a los deudos de las y los trabajadores de la educaci\u00f3n que lamentablemente fallezcan y requieran de apoyo para [&hellip;]","og_url":"https:\/\/www.bbmnoticias.com\/labravaradiofm\/2022\/06\/20\/fortalece-ieepo-atencion-y-tramites-para-el-pago-de-gastos-funerarios\/","og_site_name":"LA BRAVA RADIO","article_published_time":"2022-06-20T22:43:01+00:00","article_modified_time":"2022-06-20T22:43:02+00:00","og_image":[{"width":1280,"height":832,"url":"https:\/\/www.bbmnoticias.com\/labravaradiofm\/wp-content\/uploads\/sites\/5\/2022\/06\/ieepo-gastos.jpg","type":"image\/jpeg"}],"author":"Staff","twitter_card":"summary_large_image","twitter_misc":{"Escrito por":"Staff","Tiempo de lectura":"2 minutos"},"schema":{"@context":"https:\/\/schema.org","@graph":[{"@type":"Article","@id":"https:\/\/www.bbmnoticias.com\/labravaradiofm\/2022\/06\/20\/fortalece-ieepo-atencion-y-tramites-para-el-pago-de-gastos-funerarios\/#article","isPartOf":{"@id":"https:\/\/www.bbmnoticias.com\/labravaradiofm\/2022\/06\/20\/fortalece-ieepo-atencion-y-tramites-para-el-pago-de-gastos-funerarios\/"},"author":{"name":"Staff","@id":"https:\/\/www.bbmnoticias.com\/labravaradiofm\/#\/schema\/person\/34b139c617a70ea5bef5678bffe4dd7b"},"headline":"Fortalece IEEPO atenci\u00f3n y tr\u00e1mites para el pago de gastos funerarios","datePublished":"2022-06-20T22:43:01+00:00","dateModified":"2022-06-20T22:43:02+00:00","mainEntityOfPage":{"@id":"https:\/\/www.bbmnoticias.com\/labravaradiofm\/2022\/06\/20\/fortalece-ieepo-atencion-y-tramites-para-el-pago-de-gastos-funerarios\/"},"wordCount":268,"image":{"@id":"https:\/\/www.bbmnoticias.com\/labravaradiofm\/2022\/06\/20\/fortalece-ieepo-atencion-y-tramites-para-el-pago-de-gastos-funerarios\/#primaryimage"},"thumbnailUrl":"https:\/\/www.bbmnoticias.com\/labravaradiofm\/wp-content\/uploads\/sites\/5\/2022\/06\/ieepo-gastos.jpg","articleSection":["LOCAL"],"inLanguage":"es"},{"@type":"WebPage","@id":"https:\/\/www.bbmnoticias.com\/labravaradiofm\/2022\/06\/20\/fortalece-ieepo-atencion-y-tramites-para-el-pago-de-gastos-funerarios\/","url":"https:\/\/www.bbmnoticias.com\/labravaradiofm\/2022\/06\/20\/fortalece-ieepo-atencion-y-tramites-para-el-pago-de-gastos-funerarios\/","name":"Fortalece IEEPO atenci\u00f3n y tr\u00e1mites para el pago de gastos funerarios - LA BRAVA RADIO","isPartOf":{"@id":"https:\/\/www.bbmnoticias.com\/labravaradiofm\/#website"},"primaryImageOfPage":{"@id":"https:\/\/www.bbmnoticias.com\/labravaradiofm\/2022\/06\/20\/fortalece-ieepo-atencion-y-tramites-para-el-pago-de-gastos-funerarios\/#primaryimage"},"image":{"@id":"https:\/\/www.bbmnoticias.com\/labravaradiofm\/2022\/06\/20\/fortalece-ieepo-atencion-y-tramites-para-el-pago-de-gastos-funerarios\/#primaryimage"},"thumbnailUrl":"https:\/\/www.bbmnoticias.com\/labravaradiofm\/wp-content\/uploads\/sites\/5\/2022\/06\/ieepo-gastos.jpg","datePublished":"2022-06-20T22:43:01+00:00","dateModified":"2022-06-20T22:43:02+00:00","author":{"@id":"https:\/\/www.bbmnoticias.com\/labravaradiofm\/#\/schema\/person\/34b139c617a70ea5bef5678bffe4dd7b"},"breadcrumb":{"@id":"https:\/\/www.bbmnoticias.com\/labravaradiofm\/2022\/06\/20\/fortalece-ieepo-atencion-y-tramites-para-el-pago-de-gastos-funerarios\/#breadcrumb"},"inLanguage":"es","potentialAction":[{"@type":"ReadAction","target":["https:\/\/www.bbmnoticias.com\/labravaradiofm\/2022\/06\/20\/fortalece-ieepo-atencion-y-tramites-para-el-pago-de-gastos-funerarios\/"]}]},{"@type":"ImageObject","inLanguage":"es","@id":"https:\/\/www.bbmnoticias.com\/labravaradiofm\/2022\/06\/20\/fortalece-ieepo-atencion-y-tramites-para-el-pago-de-gastos-funerarios\/#primaryimage","url":"https:\/\/www.bbmnoticias.com\/labravaradiofm\/wp-content\/uploads\/sites\/5\/2022\/06\/ieepo-gastos.jpg","contentUrl":"https:\/\/www.bbmnoticias.com\/labravaradiofm\/wp-content\/uploads\/sites\/5\/2022\/06\/ieepo-gastos.jpg","width":1280,"height":832},{"@type":"BreadcrumbList","@id":"https:\/\/www.bbmnoticias.com\/labravaradiofm\/2022\/06\/20\/fortalece-ieepo-atencion-y-tramites-para-el-pago-de-gastos-funerarios\/#breadcrumb","itemListElement":[{"@type":"ListItem","position":1,"name":"Inicio","item":"https:\/\/www.bbmnoticias.com\/labravaradiofm\/"},{"@type":"ListItem","position":2,"name":"Fortalece IEEPO atenci\u00f3n y tr\u00e1mites para el pago de gastos funerarios"}]},{"@type":"WebSite","@id":"https:\/\/www.bbmnoticias.com\/labravaradiofm\/#website","url":"https:\/\/www.bbmnoticias.com\/labravaradiofm\/","name":"LA BRAVA RADIO","description":"Empresa productora de medios, Radiodifusi\u00f3n, Noticias, tendencias y todo lo que necesitas saber de la pol\u00edtica mexicana e internacional; entretenimiento, espect\u00e1culos, salud y mucho m\u00e1s.","potentialAction":[{"@type":"SearchAction","target":{"@type":"EntryPoint","urlTemplate":"https:\/\/www.bbmnoticias.com\/labravaradiofm\/?s={search_term_string}"},"query-input":{"@type":"PropertyValueSpecification","valueRequired":true,"valueName":"search_term_string"}}],"inLanguage":"es"},{"@type":"Person","@id":"https:\/\/www.bbmnoticias.com\/labravaradiofm\/#\/schema\/person\/34b139c617a70ea5bef5678bffe4dd7b","name":"Staff","image":{"@type":"ImageObject","inLanguage":"es","@id":"https:\/\/secure.gravatar.com\/avatar\/fdd21ad66fd8b98c407f9dee5b5e588cfe7f0d8579ec20fa6527cd59bab7f0f0?s=96&d=mm&r=g","url":"https:\/\/secure.gravatar.com\/avatar\/fdd21ad66fd8b98c407f9dee5b5e588cfe7f0d8579ec20fa6527cd59bab7f0f0?s=96&d=mm&r=g","contentUrl":"https:\/\/secure.gravatar.com\/avatar\/fdd21ad66fd8b98c407f9dee5b5e588cfe7f0d8579ec20fa6527cd59bab7f0f0?s=96&d=mm&r=g","caption":"Staff"},"url":"https:\/\/www.bbmnoticias.com\/labravaradiofm\/author\/redaccion\/"}]}},"_links":{"self":[{"href":"https:\/\/www.bbmnoticias.com\/labravaradiofm\/wp-json\/wp\/v2\/posts\/14755","targetHints":{"allow":["GET"]}}],"collection":[{"href":"https:\/\/www.bbmnoticias.com\/labravaradiofm\/wp-json\/wp\/v2\/posts"}],"about":[{"href":"https:\/\/www.bbmnoticias.com\/labravaradiofm\/wp-json\/wp\/v2\/types\/post"}],"author":[{"embeddable":true,"href":"https:\/\/www.bbmnoticias.com\/labravaradiofm\/wp-json\/wp\/v2\/users\/2"}],"replies":[{"embeddable":true,"href":"https:\/\/www.bbmnoticias.com\/labravaradiofm\/wp-json\/wp\/v2\/comments?post=14755"}],"version-history":[{"count":0,"href":"https:\/\/www.bbmnoticias.com\/labravaradiofm\/wp-json\/wp\/v2\/posts\/14755\/revisions"}],"wp:featuredmedia":[{"embeddable":true,"href":"https:\/\/www.bbmnoticias.com\/labravaradiofm\/wp-json\/wp\/v2\/media\/14756"}],"wp:attachment":[{"href":"https:\/\/www.bbmnoticias.com\/labravaradiofm\/wp-json\/wp\/v2\/media?parent=14755"}],"wp:term":[{"taxonomy":"category","embeddable":true,"href":"https:\/\/www.bbmnoticias.com\/labravaradiofm\/wp-json\/wp\/v2\/categories?post=14755"},{"taxonomy":"post_tag","embeddable":true,"href":"https:\/\/www.bbmnoticias.com\/labravaradiofm\/wp-json\/wp\/v2\/tags?post=14755"}],"curies":[{"name":"wp","href":"https:\/\/api.w.org\/{rel}","templated":true}]}}