{"id":14557,"date":"2022-06-14T17:42:11","date_gmt":"2022-06-14T22:42:11","guid":{"rendered":"https:\/\/www.bbmnoticias.com\/labravaradiofm\/?p=14557"},"modified":"2022-06-14T17:42:11","modified_gmt":"2022-06-14T22:42:11","slug":"termina-encerrona-en-el-pri-alito-no-se-mueve","status":"publish","type":"post","link":"https:\/\/www.bbmnoticias.com\/labravaradiofm\/2022\/06\/14\/termina-encerrona-en-el-pri-alito-no-se-mueve\/","title":{"rendered":"Termina encerrona en el PRI: Alito no se mueve"},"content":{"rendered":"<div style=\"margin-top: 0px; margin-bottom: 0px;\" class=\"sharethis-inline-share-buttons\" ><\/div>\n<p>En reuni\u00f3n de m\u00e1s de cuatro horas a puerta cerrada entre la dirigencia nacional y una decena de <strong>expresidentes del PRI<\/strong>, se plante\u00f3 la necesidad de la renuncia de <strong>Alejandro Moreno C\u00e1rdenas <\/strong>a la presidencia nacional del partido, propuesta que fue rechazada por el l\u00edder priista, de acuerdo con la versi\u00f3n de algunos asistentes.<\/p>\n\n\n\n<p>En conferencia de prensa al t\u00e9rmino del c\u00f3nclave, el dirigente tricolor asegur\u00f3 que durante el encuentro \u201cno hubo ning\u00fan reclamo, lo que hubo fue planteamientos, reflexiones, comentarios, una reuni\u00f3n rica, vasta en propuesta, en an\u00e1lisis (porque) el <strong>PRI <\/strong>hace la autocr\u00edtica, no la autoflagelaci\u00f3n\u201d, enfatiz\u00f3.&nbsp;<\/p>\n\n\n\n<p>\u201cDecirles que estamos listos, que estamos firmes y que nos va a ir muy bien, y la fortaleza del partido siempre ser\u00e1 su <strong>unidad interna<\/strong>. Los adversarios del PRI est\u00e1n afuera\u201d, sostuvo ante los medios de comunicaci\u00f3n.&nbsp;<\/p>\n\n\n\n<p>Dijo que lo que se plante\u00f3 en el encuentro es una reflexi\u00f3n que hiciera la dirigencia nacional de la claridad y de la contundencia, \u201csi \u00e9ramos capaces de enfrentar el <strong>proceso electoral<\/strong>, lo que ven\u00eda hacia adelante, y lo que s\u00ed hubo fue sugerencias, comentarios importantes, an\u00e1lisis de apertura, de inclusi\u00f3n, de estrategia\u201d.<\/p>\n\n\n\n<p>Adem\u00e1s, celebr\u00f3 que se hayan reunido, \u201cporque no solo <strong>reflexionamos<\/strong> <strong>y construimos<\/strong>, tenemos claro que la fuerza y la fortaleza del PRI est\u00e1 en todos los d\u00edas construir la unidad interna, tener una estrategia y una propuesta program\u00e1tica clara, fortalece los mecanismos internos de participaci\u00f3n, de inclusi\u00f3n politica, pero sobre todo formar a los mejores cuadros para ir a la competencia electoral\u201d.<\/p>\n\n\n\n<p>Entrevistada al salir de la sede nacional del PRI, la expresidenta <strong>Dulce Mar\u00eda Sauri Sauri Riancho <\/strong>destac\u00f3 que el dirigente les record\u00f3 que fue electo para un periodo de cuatro a\u00f1os, por lo que dejar\u00e1 el cargo el 19 de agosto de 2023, &#8220;ni un d\u00eda m\u00e1s&#8221;.<\/p>\n\n\n\n<p>\u201cSe habl\u00f3, se plante\u00f3 la pertinencia de la conclusi\u00f3n o no de la actual dirigencia, y el presidente del Comit\u00e9 Nacional, la secretaria general, dejaron claramente establecido que ellos concluir\u00e1n su <strong>mandato estatutario <\/strong>en el periodo que les corresponde, que concluye el 19 de agosto del a\u00f1o pr\u00f3ximo. Se ponder\u00f3 la pertinencia de un relevo anticipado o la pertinencia de mantener la dirigencia hasta que concluya su periodo estatutario, se discuti\u00f3, pero la dirigencia nacional tiene una posici\u00f3n clara, firme\u201d, detallo.\u00a0<\/p>\n\n\n\n<p><\/p>\n\n\n\n<p>La exgobernadora de Yucat\u00e1n neg\u00f3 que la <strong>dimisi\u00f3n anticipada <\/strong>de la dirigencia nacional haya sido una demanda generalizada en la reuni\u00f3n, sino que \u201cfue un planteamiento que se hizo, sobre todo pensando que es lo mejor para el partido, porque al final de cuentas es lo que m\u00e1s nos importa\u201d.<\/p>\n\n\n\n<p><\/p>\n\n\n\n<p>Reconoci\u00f3 que se trat\u00f3 de una reuni\u00f3n \u201cque inicia un <strong>gran ejercicio de reflexi\u00f3n<\/strong>, hablamos sobre una serie de temas que nos preocupan y la necesidad de construir y restaurar donde sea necesaria, la confianza\u201d.<\/p>\n\n\n\n<p>A la reuni\u00f3n en el PRI asistieron los expresidentes <strong>Manlio Fabio Beltrones<\/strong>, C\u00e9sar Camacho, Pedro Joaqu\u00edn Coldwell, Carolina Monroy, <strong>Beatriz Paredes<\/strong>, Humberto Roque Villanueva, <strong>Claudia Ruiz<\/strong> <strong>Massieu<\/strong>, Jos\u00e9 Antonio Gonz\u00e1lez Fern\u00e1ndez y <strong>Roberto Madrazo.<\/strong><\/p>\n\n\n\n<p>Tambi\u00e9n estuivieron presentes&nbsp;los coordinadores de las bancadas pri\u00edstas en el Senado, <strong>Miguel \u00c1ngel Osorio Chong<\/strong>, y en la C\u00e1mara de Diputados, <strong>Rub\u00e9n Moreira<\/strong>, as\u00ed como la secretaria general del partido, <strong>Carolina Viggiano<\/strong>, y el diputado Augusto G\u00f3mez Villanueva.<\/p>\n","protected":false},"excerpt":{"rendered":"<p>En reuni\u00f3n de m\u00e1s de cuatro horas a puerta cerrada entre la dirigencia nacional y una decena de expresidentes del PRI, se plante\u00f3 la necesidad de la renuncia de Alejandro Moreno C\u00e1rdenas a la presidencia nacional del partido, propuesta que fue rechazada por el l\u00edder priista, de acuerdo con la versi\u00f3n de algunos asistentes. En [&hellip;]<\/p>\n","protected":false},"author":10,"featured_media":14558,"comment_status":"closed","ping_status":"closed","sticky":false,"template":"","format":"standard","meta":{"footnotes":""},"categories":[19],"tags":[],"class_list":{"0":"post-14557","1":"post","2":"type-post","3":"status-publish","4":"format-standard","5":"has-post-thumbnail","7":"category-nacional"},"yoast_head":"<!-- This site is optimized with the Yoast SEO plugin v27.4 - https:\/\/yoast.com\/product\/yoast-seo-wordpress\/ -->\n<title>Termina encerrona en el PRI: Alito no se mueve - LA BRAVA RADIO<\/title>\n<meta name=\"robots\" content=\"index, follow, max-snippet:-1, max-image-preview:large, max-video-preview:-1\" \/>\n<link rel=\"canonical\" href=\"https:\/\/www.bbmnoticias.com\/labravaradiofm\/2022\/06\/14\/termina-encerrona-en-el-pri-alito-no-se-mueve\/\" \/>\n<meta property=\"og:locale\" content=\"es_MX\" \/>\n<meta property=\"og:type\" content=\"article\" \/>\n<meta property=\"og:title\" content=\"Termina encerrona en el PRI: Alito no se mueve - LA BRAVA RADIO\" \/>\n<meta property=\"og:description\" content=\"En reuni\u00f3n de m\u00e1s de cuatro horas a puerta cerrada entre la dirigencia nacional y una decena de expresidentes del PRI, se plante\u00f3 la necesidad de la renuncia de Alejandro Moreno C\u00e1rdenas a la presidencia nacional del partido, propuesta que fue rechazada por el l\u00edder priista, de acuerdo con la versi\u00f3n de algunos asistentes. En [&hellip;]\" \/>\n<meta property=\"og:url\" content=\"https:\/\/www.bbmnoticias.com\/labravaradiofm\/2022\/06\/14\/termina-encerrona-en-el-pri-alito-no-se-mueve\/\" \/>\n<meta property=\"og:site_name\" content=\"LA BRAVA RADIO\" \/>\n<meta property=\"article:published_time\" content=\"2022-06-14T22:42:11+00:00\" \/>\n<meta property=\"og:image\" content=\"https:\/\/www.bbmnoticias.com\/labravaradiofm\/wp-content\/uploads\/sites\/5\/2022\/06\/alito.webp\" \/>\n\t<meta property=\"og:image:width\" content=\"1201\" \/>\n\t<meta property=\"og:image:height\" content=\"741\" \/>\n\t<meta property=\"og:image:type\" content=\"image\/webp\" \/>\n<meta name=\"author\" content=\"El Universal\" \/>\n<meta name=\"twitter:card\" content=\"summary_large_image\" \/>\n<meta name=\"twitter:label1\" content=\"Escrito por\" \/>\n\t<meta name=\"twitter:data1\" content=\"El Universal\" \/>\n\t<meta name=\"twitter:label2\" content=\"Tiempo de lectura\" \/>\n\t<meta name=\"twitter:data2\" content=\"3 minutos\" \/>\n<script type=\"application\/ld+json\" class=\"yoast-schema-graph\">{\"@context\":\"https:\\\/\\\/schema.org\",\"@graph\":[{\"@type\":\"Article\",\"@id\":\"https:\\\/\\\/www.bbmnoticias.com\\\/labravaradiofm\\\/2022\\\/06\\\/14\\\/termina-encerrona-en-el-pri-alito-no-se-mueve\\\/#article\",\"isPartOf\":{\"@id\":\"https:\\\/\\\/www.bbmnoticias.com\\\/labravaradiofm\\\/2022\\\/06\\\/14\\\/termina-encerrona-en-el-pri-alito-no-se-mueve\\\/\"},\"author\":{\"name\":\"El Universal\",\"@id\":\"https:\\\/\\\/www.bbmnoticias.com\\\/labravaradiofm\\\/#\\\/schema\\\/person\\\/9d7a6a319e0df750bc43fc190d0b889b\"},\"headline\":\"Termina encerrona en el PRI: Alito no se mueve\",\"datePublished\":\"2022-06-14T22:42:11+00:00\",\"mainEntityOfPage\":{\"@id\":\"https:\\\/\\\/www.bbmnoticias.com\\\/labravaradiofm\\\/2022\\\/06\\\/14\\\/termina-encerrona-en-el-pri-alito-no-se-mueve\\\/\"},\"wordCount\":594,\"image\":{\"@id\":\"https:\\\/\\\/www.bbmnoticias.com\\\/labravaradiofm\\\/2022\\\/06\\\/14\\\/termina-encerrona-en-el-pri-alito-no-se-mueve\\\/#primaryimage\"},\"thumbnailUrl\":\"https:\\\/\\\/www.bbmnoticias.com\\\/labravaradiofm\\\/wp-content\\\/uploads\\\/sites\\\/5\\\/2022\\\/06\\\/alito.webp\",\"articleSection\":[\"NACIONAL\"],\"inLanguage\":\"es\"},{\"@type\":\"WebPage\",\"@id\":\"https:\\\/\\\/www.bbmnoticias.com\\\/labravaradiofm\\\/2022\\\/06\\\/14\\\/termina-encerrona-en-el-pri-alito-no-se-mueve\\\/\",\"url\":\"https:\\\/\\\/www.bbmnoticias.com\\\/labravaradiofm\\\/2022\\\/06\\\/14\\\/termina-encerrona-en-el-pri-alito-no-se-mueve\\\/\",\"name\":\"Termina encerrona en el PRI: Alito no se mueve - LA BRAVA RADIO\",\"isPartOf\":{\"@id\":\"https:\\\/\\\/www.bbmnoticias.com\\\/labravaradiofm\\\/#website\"},\"primaryImageOfPage\":{\"@id\":\"https:\\\/\\\/www.bbmnoticias.com\\\/labravaradiofm\\\/2022\\\/06\\\/14\\\/termina-encerrona-en-el-pri-alito-no-se-mueve\\\/#primaryimage\"},\"image\":{\"@id\":\"https:\\\/\\\/www.bbmnoticias.com\\\/labravaradiofm\\\/2022\\\/06\\\/14\\\/termina-encerrona-en-el-pri-alito-no-se-mueve\\\/#primaryimage\"},\"thumbnailUrl\":\"https:\\\/\\\/www.bbmnoticias.com\\\/labravaradiofm\\\/wp-content\\\/uploads\\\/sites\\\/5\\\/2022\\\/06\\\/alito.webp\",\"datePublished\":\"2022-06-14T22:42:11+00:00\",\"author\":{\"@id\":\"https:\\\/\\\/www.bbmnoticias.com\\\/labravaradiofm\\\/#\\\/schema\\\/person\\\/9d7a6a319e0df750bc43fc190d0b889b\"},\"breadcrumb\":{\"@id\":\"https:\\\/\\\/www.bbmnoticias.com\\\/labravaradiofm\\\/2022\\\/06\\\/14\\\/termina-encerrona-en-el-pri-alito-no-se-mueve\\\/#breadcrumb\"},\"inLanguage\":\"es\",\"potentialAction\":[{\"@type\":\"ReadAction\",\"target\":[\"https:\\\/\\\/www.bbmnoticias.com\\\/labravaradiofm\\\/2022\\\/06\\\/14\\\/termina-encerrona-en-el-pri-alito-no-se-mueve\\\/\"]}]},{\"@type\":\"ImageObject\",\"inLanguage\":\"es\",\"@id\":\"https:\\\/\\\/www.bbmnoticias.com\\\/labravaradiofm\\\/2022\\\/06\\\/14\\\/termina-encerrona-en-el-pri-alito-no-se-mueve\\\/#primaryimage\",\"url\":\"https:\\\/\\\/www.bbmnoticias.com\\\/labravaradiofm\\\/wp-content\\\/uploads\\\/sites\\\/5\\\/2022\\\/06\\\/alito.webp\",\"contentUrl\":\"https:\\\/\\\/www.bbmnoticias.com\\\/labravaradiofm\\\/wp-content\\\/uploads\\\/sites\\\/5\\\/2022\\\/06\\\/alito.webp\",\"width\":1201,\"height\":741},{\"@type\":\"BreadcrumbList\",\"@id\":\"https:\\\/\\\/www.bbmnoticias.com\\\/labravaradiofm\\\/2022\\\/06\\\/14\\\/termina-encerrona-en-el-pri-alito-no-se-mueve\\\/#breadcrumb\",\"itemListElement\":[{\"@type\":\"ListItem\",\"position\":1,\"name\":\"Inicio\",\"item\":\"https:\\\/\\\/www.bbmnoticias.com\\\/labravaradiofm\\\/\"},{\"@type\":\"ListItem\",\"position\":2,\"name\":\"Termina encerrona en el PRI: Alito no se mueve\"}]},{\"@type\":\"WebSite\",\"@id\":\"https:\\\/\\\/www.bbmnoticias.com\\\/labravaradiofm\\\/#website\",\"url\":\"https:\\\/\\\/www.bbmnoticias.com\\\/labravaradiofm\\\/\",\"name\":\"LA BRAVA RADIO\",\"description\":\"Empresa productora de medios, Radiodifusi\u00f3n, Noticias, tendencias y todo lo que necesitas saber de la pol\u00edtica mexicana e internacional; entretenimiento, espect\u00e1culos, salud y mucho m\u00e1s.\",\"potentialAction\":[{\"@type\":\"SearchAction\",\"target\":{\"@type\":\"EntryPoint\",\"urlTemplate\":\"https:\\\/\\\/www.bbmnoticias.com\\\/labravaradiofm\\\/?s={search_term_string}\"},\"query-input\":{\"@type\":\"PropertyValueSpecification\",\"valueRequired\":true,\"valueName\":\"search_term_string\"}}],\"inLanguage\":\"es\"},{\"@type\":\"Person\",\"@id\":\"https:\\\/\\\/www.bbmnoticias.com\\\/labravaradiofm\\\/#\\\/schema\\\/person\\\/9d7a6a319e0df750bc43fc190d0b889b\",\"name\":\"El Universal\",\"image\":{\"@type\":\"ImageObject\",\"inLanguage\":\"es\",\"@id\":\"https:\\\/\\\/secure.gravatar.com\\\/avatar\\\/71c770e6e00bd7cb8183e56d1c59f81601544fbe41d802d7c17d05c9e25f7d06?s=96&d=mm&r=g\",\"url\":\"https:\\\/\\\/secure.gravatar.com\\\/avatar\\\/71c770e6e00bd7cb8183e56d1c59f81601544fbe41d802d7c17d05c9e25f7d06?s=96&d=mm&r=g\",\"contentUrl\":\"https:\\\/\\\/secure.gravatar.com\\\/avatar\\\/71c770e6e00bd7cb8183e56d1c59f81601544fbe41d802d7c17d05c9e25f7d06?s=96&d=mm&r=g\",\"caption\":\"El Universal\"},\"url\":\"https:\\\/\\\/www.bbmnoticias.com\\\/labravaradiofm\\\/author\\\/eluniversal\\\/\"}]}<\/script>\n<!-- \/ Yoast SEO plugin. -->","yoast_head_json":{"title":"Termina encerrona en el PRI: Alito no se mueve - LA BRAVA RADIO","robots":{"index":"index","follow":"follow","max-snippet":"max-snippet:-1","max-image-preview":"max-image-preview:large","max-video-preview":"max-video-preview:-1"},"canonical":"https:\/\/www.bbmnoticias.com\/labravaradiofm\/2022\/06\/14\/termina-encerrona-en-el-pri-alito-no-se-mueve\/","og_locale":"es_MX","og_type":"article","og_title":"Termina encerrona en el PRI: Alito no se mueve - LA BRAVA RADIO","og_description":"En reuni\u00f3n de m\u00e1s de cuatro horas a puerta cerrada entre la dirigencia nacional y una decena de expresidentes del PRI, se plante\u00f3 la necesidad de la renuncia de Alejandro Moreno C\u00e1rdenas a la presidencia nacional del partido, propuesta que fue rechazada por el l\u00edder priista, de acuerdo con la versi\u00f3n de algunos asistentes. En [&hellip;]","og_url":"https:\/\/www.bbmnoticias.com\/labravaradiofm\/2022\/06\/14\/termina-encerrona-en-el-pri-alito-no-se-mueve\/","og_site_name":"LA BRAVA RADIO","article_published_time":"2022-06-14T22:42:11+00:00","og_image":[{"width":1201,"height":741,"url":"https:\/\/www.bbmnoticias.com\/labravaradiofm\/wp-content\/uploads\/sites\/5\/2022\/06\/alito.webp","type":"image\/webp"}],"author":"El Universal","twitter_card":"summary_large_image","twitter_misc":{"Escrito por":"El Universal","Tiempo de lectura":"3 minutos"},"schema":{"@context":"https:\/\/schema.org","@graph":[{"@type":"Article","@id":"https:\/\/www.bbmnoticias.com\/labravaradiofm\/2022\/06\/14\/termina-encerrona-en-el-pri-alito-no-se-mueve\/#article","isPartOf":{"@id":"https:\/\/www.bbmnoticias.com\/labravaradiofm\/2022\/06\/14\/termina-encerrona-en-el-pri-alito-no-se-mueve\/"},"author":{"name":"El Universal","@id":"https:\/\/www.bbmnoticias.com\/labravaradiofm\/#\/schema\/person\/9d7a6a319e0df750bc43fc190d0b889b"},"headline":"Termina encerrona en el PRI: Alito no se mueve","datePublished":"2022-06-14T22:42:11+00:00","mainEntityOfPage":{"@id":"https:\/\/www.bbmnoticias.com\/labravaradiofm\/2022\/06\/14\/termina-encerrona-en-el-pri-alito-no-se-mueve\/"},"wordCount":594,"image":{"@id":"https:\/\/www.bbmnoticias.com\/labravaradiofm\/2022\/06\/14\/termina-encerrona-en-el-pri-alito-no-se-mueve\/#primaryimage"},"thumbnailUrl":"https:\/\/www.bbmnoticias.com\/labravaradiofm\/wp-content\/uploads\/sites\/5\/2022\/06\/alito.webp","articleSection":["NACIONAL"],"inLanguage":"es"},{"@type":"WebPage","@id":"https:\/\/www.bbmnoticias.com\/labravaradiofm\/2022\/06\/14\/termina-encerrona-en-el-pri-alito-no-se-mueve\/","url":"https:\/\/www.bbmnoticias.com\/labravaradiofm\/2022\/06\/14\/termina-encerrona-en-el-pri-alito-no-se-mueve\/","name":"Termina encerrona en el PRI: Alito no se mueve - LA BRAVA RADIO","isPartOf":{"@id":"https:\/\/www.bbmnoticias.com\/labravaradiofm\/#website"},"primaryImageOfPage":{"@id":"https:\/\/www.bbmnoticias.com\/labravaradiofm\/2022\/06\/14\/termina-encerrona-en-el-pri-alito-no-se-mueve\/#primaryimage"},"image":{"@id":"https:\/\/www.bbmnoticias.com\/labravaradiofm\/2022\/06\/14\/termina-encerrona-en-el-pri-alito-no-se-mueve\/#primaryimage"},"thumbnailUrl":"https:\/\/www.bbmnoticias.com\/labravaradiofm\/wp-content\/uploads\/sites\/5\/2022\/06\/alito.webp","datePublished":"2022-06-14T22:42:11+00:00","author":{"@id":"https:\/\/www.bbmnoticias.com\/labravaradiofm\/#\/schema\/person\/9d7a6a319e0df750bc43fc190d0b889b"},"breadcrumb":{"@id":"https:\/\/www.bbmnoticias.com\/labravaradiofm\/2022\/06\/14\/termina-encerrona-en-el-pri-alito-no-se-mueve\/#breadcrumb"},"inLanguage":"es","potentialAction":[{"@type":"ReadAction","target":["https:\/\/www.bbmnoticias.com\/labravaradiofm\/2022\/06\/14\/termina-encerrona-en-el-pri-alito-no-se-mueve\/"]}]},{"@type":"ImageObject","inLanguage":"es","@id":"https:\/\/www.bbmnoticias.com\/labravaradiofm\/2022\/06\/14\/termina-encerrona-en-el-pri-alito-no-se-mueve\/#primaryimage","url":"https:\/\/www.bbmnoticias.com\/labravaradiofm\/wp-content\/uploads\/sites\/5\/2022\/06\/alito.webp","contentUrl":"https:\/\/www.bbmnoticias.com\/labravaradiofm\/wp-content\/uploads\/sites\/5\/2022\/06\/alito.webp","width":1201,"height":741},{"@type":"BreadcrumbList","@id":"https:\/\/www.bbmnoticias.com\/labravaradiofm\/2022\/06\/14\/termina-encerrona-en-el-pri-alito-no-se-mueve\/#breadcrumb","itemListElement":[{"@type":"ListItem","position":1,"name":"Inicio","item":"https:\/\/www.bbmnoticias.com\/labravaradiofm\/"},{"@type":"ListItem","position":2,"name":"Termina encerrona en el PRI: Alito no se mueve"}]},{"@type":"WebSite","@id":"https:\/\/www.bbmnoticias.com\/labravaradiofm\/#website","url":"https:\/\/www.bbmnoticias.com\/labravaradiofm\/","name":"LA BRAVA RADIO","description":"Empresa productora de medios, Radiodifusi\u00f3n, Noticias, tendencias y todo lo que necesitas saber de la pol\u00edtica mexicana e internacional; entretenimiento, espect\u00e1culos, salud y mucho m\u00e1s.","potentialAction":[{"@type":"SearchAction","target":{"@type":"EntryPoint","urlTemplate":"https:\/\/www.bbmnoticias.com\/labravaradiofm\/?s={search_term_string}"},"query-input":{"@type":"PropertyValueSpecification","valueRequired":true,"valueName":"search_term_string"}}],"inLanguage":"es"},{"@type":"Person","@id":"https:\/\/www.bbmnoticias.com\/labravaradiofm\/#\/schema\/person\/9d7a6a319e0df750bc43fc190d0b889b","name":"El Universal","image":{"@type":"ImageObject","inLanguage":"es","@id":"https:\/\/secure.gravatar.com\/avatar\/71c770e6e00bd7cb8183e56d1c59f81601544fbe41d802d7c17d05c9e25f7d06?s=96&d=mm&r=g","url":"https:\/\/secure.gravatar.com\/avatar\/71c770e6e00bd7cb8183e56d1c59f81601544fbe41d802d7c17d05c9e25f7d06?s=96&d=mm&r=g","contentUrl":"https:\/\/secure.gravatar.com\/avatar\/71c770e6e00bd7cb8183e56d1c59f81601544fbe41d802d7c17d05c9e25f7d06?s=96&d=mm&r=g","caption":"El Universal"},"url":"https:\/\/www.bbmnoticias.com\/labravaradiofm\/author\/eluniversal\/"}]}},"_links":{"self":[{"href":"https:\/\/www.bbmnoticias.com\/labravaradiofm\/wp-json\/wp\/v2\/posts\/14557","targetHints":{"allow":["GET"]}}],"collection":[{"href":"https:\/\/www.bbmnoticias.com\/labravaradiofm\/wp-json\/wp\/v2\/posts"}],"about":[{"href":"https:\/\/www.bbmnoticias.com\/labravaradiofm\/wp-json\/wp\/v2\/types\/post"}],"author":[{"embeddable":true,"href":"https:\/\/www.bbmnoticias.com\/labravaradiofm\/wp-json\/wp\/v2\/users\/10"}],"replies":[{"embeddable":true,"href":"https:\/\/www.bbmnoticias.com\/labravaradiofm\/wp-json\/wp\/v2\/comments?post=14557"}],"version-history":[{"count":0,"href":"https:\/\/www.bbmnoticias.com\/labravaradiofm\/wp-json\/wp\/v2\/posts\/14557\/revisions"}],"wp:featuredmedia":[{"embeddable":true,"href":"https:\/\/www.bbmnoticias.com\/labravaradiofm\/wp-json\/wp\/v2\/media\/14558"}],"wp:attachment":[{"href":"https:\/\/www.bbmnoticias.com\/labravaradiofm\/wp-json\/wp\/v2\/media?parent=14557"}],"wp:term":[{"taxonomy":"category","embeddable":true,"href":"https:\/\/www.bbmnoticias.com\/labravaradiofm\/wp-json\/wp\/v2\/categories?post=14557"},{"taxonomy":"post_tag","embeddable":true,"href":"https:\/\/www.bbmnoticias.com\/labravaradiofm\/wp-json\/wp\/v2\/tags?post=14557"}],"curies":[{"name":"wp","href":"https:\/\/api.w.org\/{rel}","templated":true}]}}