{"id":14551,"date":"2022-06-14T14:47:27","date_gmt":"2022-06-14T19:47:27","guid":{"rendered":"https:\/\/www.bbmnoticias.com\/labravaradiofm\/?p=14551"},"modified":"2022-06-14T14:47:28","modified_gmt":"2022-06-14T19:47:28","slug":"inician-ieepo-y-fundacion-ver-bien-para-aprender-mejor-a-c-entrega-de-mil-545-lentes-para-alumnos-de-la-mixteca-costa-y-cuenca","status":"publish","type":"post","link":"https:\/\/www.bbmnoticias.com\/labravaradiofm\/2022\/06\/14\/inician-ieepo-y-fundacion-ver-bien-para-aprender-mejor-a-c-entrega-de-mil-545-lentes-para-alumnos-de-la-mixteca-costa-y-cuenca\/","title":{"rendered":"Inician IEEPO y Fundaci\u00f3n Ver Bien para Aprender Mejor A.C. entrega de mil 545 lentes para alumnos de la Mixteca, Costa y Cuenca"},"content":{"rendered":"<div style=\"margin-top: 0px; margin-bottom: 0px;\" class=\"sharethis-inline-share-buttons\" ><\/div>\n<p><strong>Huajuapan de Le\u00f3n, Oax. 14 de junio de 2022.-<\/strong> El Instituto Estatal de Educaci\u00f3n P\u00fablica de Oaxaca (IEEPO) y el programa \u201cVer bien para aprender mejor\u201d iniciaron con la entrega de lentes del primer cuatrimestre del 2022, a mil 545 alumnos beneficiados en las Jornadas de Atenci\u00f3n Optom\u00e9trica, correspondientes a 290 escuelas de 36 municipios de la Mixteca, Costa y en San Juan Bautista Tuxtepec, en la Cuenca del Papaloapan.<\/p>\n\n\n\n<p>En un significativo encuentro celebrado en la Casa de la Cultura de Huajuapan de Le\u00f3n, el encargado de Despacho del IEEPO, Jos\u00e9 Luis Rangel, destac\u00f3 que ante la instrucci\u00f3n del gobernador Alejandro Murat Hinojosa, para apoyar a las y los estudiantes de educaci\u00f3n b\u00e1sica que m\u00e1s lo necesitan; el Gobierno del Estado, a trav\u00e9s del IEEPO, en coordinaci\u00f3n con la Fundaci\u00f3n Ver bien para aprender mejor, AC, llevan a cabo estas acciones que contribuyen a mejorar la agudeza visual de los beneficiarios para un mejor aprovechamiento escolar.<\/p>\n\n\n\n<p>El funcionario se\u00f1al\u00f3 que para el arranque de estos apoyos se invirtieron 509 mil 850 pesos, de los cuales el 50% son aportados por el Gobierno del Estado y el resto por la Fundaci\u00f3n, en donde adem\u00e1s se atendieron, con el apoyo de profesionales, a 5 mil 162 alumnas y alumnos de 290 escuelas p\u00fablicas de educaci\u00f3n b\u00e1sica para la revisi\u00f3n de su agudeza visual.<\/p>\n\n\n\n<p>Detall\u00f3 que, como resultado de las Jornadas de Atenci\u00f3n Optom\u00e9trica, 900 lentes son entregados en 31 municipios de la Mixteca; 251 anteojos en cuatro municipios de la Costa, y 394 en San Juan Bautista Tuxtepec perteneciente a la regi\u00f3n de la Cuenca del Papaloapan; de esta forma se coadyuva en el aprovechamiento escolar, contribuyendo a la disminuci\u00f3n de la deserci\u00f3n escolar.<\/p>\n\n\n\n<p>Ante alumnos, docentes, madres, padres de familia y autoridades municipales, el encargado de Despacho del IEEPO, explic\u00f3 que por la contingencia de salud nacional por el COVID 19, se suspendi\u00f3 de manera temporal la brigada de atenci\u00f3n visual en el estado; por lo que al inicio del ciclo escolar 2021- 2022 y al regreso consensuado a las actividades presenciales y semi presenciales en las escuelas, se retorn\u00f3 a esta atenci\u00f3n y con ello la entrega de lentes.<\/p>\n\n\n\n<p>Inform\u00f3 que en los pr\u00f3ximos d\u00edas del mes de junio se dar\u00e1 inicio a las brigadas de atenci\u00f3n visual en las regiones de la Ca\u00f1ada y Cuenca del Papaloapan, esperando brindar ex\u00e1menes de la vista a 48 mil 270 alumnos de mil 512 escuelas, con la dotaci\u00f3n de 16 mil 90 lentes y con una inversi\u00f3n de 5.3 millones de pesos; por lo que agradeci\u00f3 el apoyo de este programa para favorecer a la ni\u00f1ez oaxaque\u00f1a.<\/p>\n\n\n\n<p><strong>Igualdad de oportunidades para un mejor aprovechamiento escolar<\/strong><\/p>\n\n\n\n<p>En tanto, la directora de Vinculaci\u00f3n y Estrategia de la Fundaci\u00f3n \u201cVer bien para aprender mejor\u201d, Alma Vald\u00e9s Madrigal, agradeci\u00f3 el apoyo del IEEPO, autoridades municipales, docentes, madres y padres de familia por la confianza en estas acciones que benefician a los escolares que lo necesitan.<\/p>\n\n\n\n<p>\u201cEn 24 a\u00f1os esta fundaci\u00f3n aporta su granito de arena para que existan igualdad de oportunidades y que los escolares tengan un mejor aprovechamiento escolar mediante una visi\u00f3n sana. Ver bien para aprender mejor tiene el sue\u00f1o de combatir la deserci\u00f3n escolar y que la cultura de la salud visual llegue a todos los hogares de M\u00e9xico para que la ni\u00f1ez tenga un mejor futuro\u201d, destac\u00f3.<\/p>\n\n\n\n<p>En representaci\u00f3n del presidente municipal de Huajuapan de Le\u00f3n, Luis de Le\u00f3n Mart\u00ednez S\u00e1nchez, el s\u00edndico municipal, Hugo Emeterio Guerrero S\u00e1nchez, manifest\u00f3 que con el apoyo de directores, maestros y padres de familia junto con autoridades municipales se fortalece este programa generoso el cual permite mejorar la visi\u00f3n de los escolares. \u201cComo autoridades municipales tenemos el compromiso de apoyar la educaci\u00f3n de todos sus habitantes\u201d, puntualiz\u00f3.<\/p>\n\n\n\n<p>La coordinadora Estatal del programa \u201cVer bien para aprender mejor\u201d, Ingrid Santib\u00e1\u00f1ez Moreno, dijo que las ni\u00f1as y ni\u00f1os que reciben lentes mejoran su rendimiento escolar, por lo que agradeci\u00f3 a las autoridades municipales, madres y padres de familia en respaldar estas acciones e invit\u00f3 aquellos de la regi\u00f3n del Papaloapan y la Ca\u00f1ada a que participen en las pr\u00f3ximas jornadas.<\/p>\n\n\n\n<p>Asistieron tambi\u00e9n presidentes y autoridades municipales de Asunci\u00f3n Cuyotepeji, San Jer\u00f3nimo Silacayoapilla, Santiago Huajolotitl\u00e1n, San Juan Bautista Suchitepec, Santiago Ayuquililla, San Miguel Amatitl\u00e1n, Santa Cruz Tacache de Mina, Santa Cruz de Bravo, Santiago Tamazola y San Sim\u00f3n Zahuatl\u00e1n.<\/p>\n","protected":false},"excerpt":{"rendered":"<p>Huajuapan de Le\u00f3n, Oax. 14 de junio de 2022.- El Instituto Estatal de Educaci\u00f3n P\u00fablica de Oaxaca (IEEPO) y el programa \u201cVer bien para aprender mejor\u201d iniciaron con la entrega de lentes del primer cuatrimestre del 2022, a mil 545 alumnos beneficiados en las Jornadas de Atenci\u00f3n Optom\u00e9trica, correspondientes a 290 escuelas de 36 municipios [&hellip;]<\/p>\n","protected":false},"author":2,"featured_media":14552,"comment_status":"closed","ping_status":"closed","sticky":false,"template":"","format":"standard","meta":{"footnotes":""},"categories":[2],"tags":[],"class_list":{"0":"post-14551","1":"post","2":"type-post","3":"status-publish","4":"format-standard","5":"has-post-thumbnail","7":"category-oaxaca"},"yoast_head":"<!-- This site is optimized with the Yoast SEO plugin v27.4 - https:\/\/yoast.com\/product\/yoast-seo-wordpress\/ -->\n<title>Inician IEEPO y Fundaci\u00f3n Ver Bien para Aprender Mejor A.C. entrega de mil 545 lentes para alumnos de la Mixteca, Costa y Cuenca - LA BRAVA RADIO<\/title>\n<meta name=\"robots\" content=\"index, follow, max-snippet:-1, max-image-preview:large, max-video-preview:-1\" \/>\n<link rel=\"canonical\" href=\"https:\/\/www.bbmnoticias.com\/labravaradiofm\/2022\/06\/14\/inician-ieepo-y-fundacion-ver-bien-para-aprender-mejor-a-c-entrega-de-mil-545-lentes-para-alumnos-de-la-mixteca-costa-y-cuenca\/\" \/>\n<meta property=\"og:locale\" content=\"es_MX\" \/>\n<meta property=\"og:type\" content=\"article\" \/>\n<meta property=\"og:title\" content=\"Inician IEEPO y Fundaci\u00f3n Ver Bien para Aprender Mejor A.C. entrega de mil 545 lentes para alumnos de la Mixteca, Costa y Cuenca - LA BRAVA RADIO\" \/>\n<meta property=\"og:description\" content=\"Huajuapan de Le\u00f3n, Oax. 14 de junio de 2022.- El Instituto Estatal de Educaci\u00f3n P\u00fablica de Oaxaca (IEEPO) y el programa \u201cVer bien para aprender mejor\u201d iniciaron con la entrega de lentes del primer cuatrimestre del 2022, a mil 545 alumnos beneficiados en las Jornadas de Atenci\u00f3n Optom\u00e9trica, correspondientes a 290 escuelas de 36 municipios [&hellip;]\" \/>\n<meta property=\"og:url\" content=\"https:\/\/www.bbmnoticias.com\/labravaradiofm\/2022\/06\/14\/inician-ieepo-y-fundacion-ver-bien-para-aprender-mejor-a-c-entrega-de-mil-545-lentes-para-alumnos-de-la-mixteca-costa-y-cuenca\/\" \/>\n<meta property=\"og:site_name\" content=\"LA BRAVA RADIO\" \/>\n<meta property=\"article:published_time\" content=\"2022-06-14T19:47:27+00:00\" \/>\n<meta property=\"article:modified_time\" content=\"2022-06-14T19:47:28+00:00\" \/>\n<meta property=\"og:image\" content=\"https:\/\/www.bbmnoticias.com\/labravaradiofm\/wp-content\/uploads\/sites\/5\/2022\/06\/ieepo-lentes.jpg\" \/>\n\t<meta property=\"og:image:width\" content=\"800\" \/>\n\t<meta property=\"og:image:height\" content=\"533\" \/>\n\t<meta property=\"og:image:type\" content=\"image\/jpeg\" \/>\n<meta name=\"author\" content=\"Staff\" \/>\n<meta name=\"twitter:card\" content=\"summary_large_image\" \/>\n<meta name=\"twitter:label1\" content=\"Escrito por\" \/>\n\t<meta name=\"twitter:data1\" content=\"Staff\" \/>\n\t<meta name=\"twitter:label2\" content=\"Tiempo de lectura\" \/>\n\t<meta name=\"twitter:data2\" content=\"4 minutos\" \/>\n<script type=\"application\/ld+json\" class=\"yoast-schema-graph\">{\"@context\":\"https:\\\/\\\/schema.org\",\"@graph\":[{\"@type\":\"Article\",\"@id\":\"https:\\\/\\\/www.bbmnoticias.com\\\/labravaradiofm\\\/2022\\\/06\\\/14\\\/inician-ieepo-y-fundacion-ver-bien-para-aprender-mejor-a-c-entrega-de-mil-545-lentes-para-alumnos-de-la-mixteca-costa-y-cuenca\\\/#article\",\"isPartOf\":{\"@id\":\"https:\\\/\\\/www.bbmnoticias.com\\\/labravaradiofm\\\/2022\\\/06\\\/14\\\/inician-ieepo-y-fundacion-ver-bien-para-aprender-mejor-a-c-entrega-de-mil-545-lentes-para-alumnos-de-la-mixteca-costa-y-cuenca\\\/\"},\"author\":{\"name\":\"Staff\",\"@id\":\"https:\\\/\\\/www.bbmnoticias.com\\\/labravaradiofm\\\/#\\\/schema\\\/person\\\/34b139c617a70ea5bef5678bffe4dd7b\"},\"headline\":\"Inician IEEPO y Fundaci\u00f3n Ver Bien para Aprender Mejor A.C. entrega de mil 545 lentes para alumnos de la Mixteca, Costa y Cuenca\",\"datePublished\":\"2022-06-14T19:47:27+00:00\",\"dateModified\":\"2022-06-14T19:47:28+00:00\",\"mainEntityOfPage\":{\"@id\":\"https:\\\/\\\/www.bbmnoticias.com\\\/labravaradiofm\\\/2022\\\/06\\\/14\\\/inician-ieepo-y-fundacion-ver-bien-para-aprender-mejor-a-c-entrega-de-mil-545-lentes-para-alumnos-de-la-mixteca-costa-y-cuenca\\\/\"},\"wordCount\":789,\"image\":{\"@id\":\"https:\\\/\\\/www.bbmnoticias.com\\\/labravaradiofm\\\/2022\\\/06\\\/14\\\/inician-ieepo-y-fundacion-ver-bien-para-aprender-mejor-a-c-entrega-de-mil-545-lentes-para-alumnos-de-la-mixteca-costa-y-cuenca\\\/#primaryimage\"},\"thumbnailUrl\":\"https:\\\/\\\/www.bbmnoticias.com\\\/labravaradiofm\\\/wp-content\\\/uploads\\\/sites\\\/5\\\/2022\\\/06\\\/ieepo-lentes.jpg\",\"articleSection\":[\"LOCAL\"],\"inLanguage\":\"es\"},{\"@type\":\"WebPage\",\"@id\":\"https:\\\/\\\/www.bbmnoticias.com\\\/labravaradiofm\\\/2022\\\/06\\\/14\\\/inician-ieepo-y-fundacion-ver-bien-para-aprender-mejor-a-c-entrega-de-mil-545-lentes-para-alumnos-de-la-mixteca-costa-y-cuenca\\\/\",\"url\":\"https:\\\/\\\/www.bbmnoticias.com\\\/labravaradiofm\\\/2022\\\/06\\\/14\\\/inician-ieepo-y-fundacion-ver-bien-para-aprender-mejor-a-c-entrega-de-mil-545-lentes-para-alumnos-de-la-mixteca-costa-y-cuenca\\\/\",\"name\":\"Inician IEEPO y Fundaci\u00f3n Ver Bien para Aprender Mejor A.C. entrega de mil 545 lentes para alumnos de la Mixteca, Costa y Cuenca - LA BRAVA RADIO\",\"isPartOf\":{\"@id\":\"https:\\\/\\\/www.bbmnoticias.com\\\/labravaradiofm\\\/#website\"},\"primaryImageOfPage\":{\"@id\":\"https:\\\/\\\/www.bbmnoticias.com\\\/labravaradiofm\\\/2022\\\/06\\\/14\\\/inician-ieepo-y-fundacion-ver-bien-para-aprender-mejor-a-c-entrega-de-mil-545-lentes-para-alumnos-de-la-mixteca-costa-y-cuenca\\\/#primaryimage\"},\"image\":{\"@id\":\"https:\\\/\\\/www.bbmnoticias.com\\\/labravaradiofm\\\/2022\\\/06\\\/14\\\/inician-ieepo-y-fundacion-ver-bien-para-aprender-mejor-a-c-entrega-de-mil-545-lentes-para-alumnos-de-la-mixteca-costa-y-cuenca\\\/#primaryimage\"},\"thumbnailUrl\":\"https:\\\/\\\/www.bbmnoticias.com\\\/labravaradiofm\\\/wp-content\\\/uploads\\\/sites\\\/5\\\/2022\\\/06\\\/ieepo-lentes.jpg\",\"datePublished\":\"2022-06-14T19:47:27+00:00\",\"dateModified\":\"2022-06-14T19:47:28+00:00\",\"author\":{\"@id\":\"https:\\\/\\\/www.bbmnoticias.com\\\/labravaradiofm\\\/#\\\/schema\\\/person\\\/34b139c617a70ea5bef5678bffe4dd7b\"},\"breadcrumb\":{\"@id\":\"https:\\\/\\\/www.bbmnoticias.com\\\/labravaradiofm\\\/2022\\\/06\\\/14\\\/inician-ieepo-y-fundacion-ver-bien-para-aprender-mejor-a-c-entrega-de-mil-545-lentes-para-alumnos-de-la-mixteca-costa-y-cuenca\\\/#breadcrumb\"},\"inLanguage\":\"es\",\"potentialAction\":[{\"@type\":\"ReadAction\",\"target\":[\"https:\\\/\\\/www.bbmnoticias.com\\\/labravaradiofm\\\/2022\\\/06\\\/14\\\/inician-ieepo-y-fundacion-ver-bien-para-aprender-mejor-a-c-entrega-de-mil-545-lentes-para-alumnos-de-la-mixteca-costa-y-cuenca\\\/\"]}]},{\"@type\":\"ImageObject\",\"inLanguage\":\"es\",\"@id\":\"https:\\\/\\\/www.bbmnoticias.com\\\/labravaradiofm\\\/2022\\\/06\\\/14\\\/inician-ieepo-y-fundacion-ver-bien-para-aprender-mejor-a-c-entrega-de-mil-545-lentes-para-alumnos-de-la-mixteca-costa-y-cuenca\\\/#primaryimage\",\"url\":\"https:\\\/\\\/www.bbmnoticias.com\\\/labravaradiofm\\\/wp-content\\\/uploads\\\/sites\\\/5\\\/2022\\\/06\\\/ieepo-lentes.jpg\",\"contentUrl\":\"https:\\\/\\\/www.bbmnoticias.com\\\/labravaradiofm\\\/wp-content\\\/uploads\\\/sites\\\/5\\\/2022\\\/06\\\/ieepo-lentes.jpg\",\"width\":800,\"height\":533},{\"@type\":\"BreadcrumbList\",\"@id\":\"https:\\\/\\\/www.bbmnoticias.com\\\/labravaradiofm\\\/2022\\\/06\\\/14\\\/inician-ieepo-y-fundacion-ver-bien-para-aprender-mejor-a-c-entrega-de-mil-545-lentes-para-alumnos-de-la-mixteca-costa-y-cuenca\\\/#breadcrumb\",\"itemListElement\":[{\"@type\":\"ListItem\",\"position\":1,\"name\":\"Inicio\",\"item\":\"https:\\\/\\\/www.bbmnoticias.com\\\/labravaradiofm\\\/\"},{\"@type\":\"ListItem\",\"position\":2,\"name\":\"Inician IEEPO y Fundaci\u00f3n Ver Bien para Aprender Mejor A.C. entrega de mil 545 lentes para alumnos de la Mixteca, Costa y Cuenca\"}]},{\"@type\":\"WebSite\",\"@id\":\"https:\\\/\\\/www.bbmnoticias.com\\\/labravaradiofm\\\/#website\",\"url\":\"https:\\\/\\\/www.bbmnoticias.com\\\/labravaradiofm\\\/\",\"name\":\"LA BRAVA RADIO\",\"description\":\"Empresa productora de medios, Radiodifusi\u00f3n, Noticias, tendencias y todo lo que necesitas saber de la pol\u00edtica mexicana e internacional; entretenimiento, espect\u00e1culos, salud y mucho m\u00e1s.\",\"potentialAction\":[{\"@type\":\"SearchAction\",\"target\":{\"@type\":\"EntryPoint\",\"urlTemplate\":\"https:\\\/\\\/www.bbmnoticias.com\\\/labravaradiofm\\\/?s={search_term_string}\"},\"query-input\":{\"@type\":\"PropertyValueSpecification\",\"valueRequired\":true,\"valueName\":\"search_term_string\"}}],\"inLanguage\":\"es\"},{\"@type\":\"Person\",\"@id\":\"https:\\\/\\\/www.bbmnoticias.com\\\/labravaradiofm\\\/#\\\/schema\\\/person\\\/34b139c617a70ea5bef5678bffe4dd7b\",\"name\":\"Staff\",\"image\":{\"@type\":\"ImageObject\",\"inLanguage\":\"es\",\"@id\":\"https:\\\/\\\/secure.gravatar.com\\\/avatar\\\/fdd21ad66fd8b98c407f9dee5b5e588cfe7f0d8579ec20fa6527cd59bab7f0f0?s=96&d=mm&r=g\",\"url\":\"https:\\\/\\\/secure.gravatar.com\\\/avatar\\\/fdd21ad66fd8b98c407f9dee5b5e588cfe7f0d8579ec20fa6527cd59bab7f0f0?s=96&d=mm&r=g\",\"contentUrl\":\"https:\\\/\\\/secure.gravatar.com\\\/avatar\\\/fdd21ad66fd8b98c407f9dee5b5e588cfe7f0d8579ec20fa6527cd59bab7f0f0?s=96&d=mm&r=g\",\"caption\":\"Staff\"},\"url\":\"https:\\\/\\\/www.bbmnoticias.com\\\/labravaradiofm\\\/author\\\/redaccion\\\/\"}]}<\/script>\n<!-- \/ Yoast SEO plugin. -->","yoast_head_json":{"title":"Inician IEEPO y Fundaci\u00f3n Ver Bien para Aprender Mejor A.C. entrega de mil 545 lentes para alumnos de la Mixteca, Costa y Cuenca - LA BRAVA RADIO","robots":{"index":"index","follow":"follow","max-snippet":"max-snippet:-1","max-image-preview":"max-image-preview:large","max-video-preview":"max-video-preview:-1"},"canonical":"https:\/\/www.bbmnoticias.com\/labravaradiofm\/2022\/06\/14\/inician-ieepo-y-fundacion-ver-bien-para-aprender-mejor-a-c-entrega-de-mil-545-lentes-para-alumnos-de-la-mixteca-costa-y-cuenca\/","og_locale":"es_MX","og_type":"article","og_title":"Inician IEEPO y Fundaci\u00f3n Ver Bien para Aprender Mejor A.C. entrega de mil 545 lentes para alumnos de la Mixteca, Costa y Cuenca - LA BRAVA RADIO","og_description":"Huajuapan de Le\u00f3n, Oax. 14 de junio de 2022.- El Instituto Estatal de Educaci\u00f3n P\u00fablica de Oaxaca (IEEPO) y el programa \u201cVer bien para aprender mejor\u201d iniciaron con la entrega de lentes del primer cuatrimestre del 2022, a mil 545 alumnos beneficiados en las Jornadas de Atenci\u00f3n Optom\u00e9trica, correspondientes a 290 escuelas de 36 municipios [&hellip;]","og_url":"https:\/\/www.bbmnoticias.com\/labravaradiofm\/2022\/06\/14\/inician-ieepo-y-fundacion-ver-bien-para-aprender-mejor-a-c-entrega-de-mil-545-lentes-para-alumnos-de-la-mixteca-costa-y-cuenca\/","og_site_name":"LA BRAVA RADIO","article_published_time":"2022-06-14T19:47:27+00:00","article_modified_time":"2022-06-14T19:47:28+00:00","og_image":[{"width":800,"height":533,"url":"https:\/\/www.bbmnoticias.com\/labravaradiofm\/wp-content\/uploads\/sites\/5\/2022\/06\/ieepo-lentes.jpg","type":"image\/jpeg"}],"author":"Staff","twitter_card":"summary_large_image","twitter_misc":{"Escrito por":"Staff","Tiempo de lectura":"4 minutos"},"schema":{"@context":"https:\/\/schema.org","@graph":[{"@type":"Article","@id":"https:\/\/www.bbmnoticias.com\/labravaradiofm\/2022\/06\/14\/inician-ieepo-y-fundacion-ver-bien-para-aprender-mejor-a-c-entrega-de-mil-545-lentes-para-alumnos-de-la-mixteca-costa-y-cuenca\/#article","isPartOf":{"@id":"https:\/\/www.bbmnoticias.com\/labravaradiofm\/2022\/06\/14\/inician-ieepo-y-fundacion-ver-bien-para-aprender-mejor-a-c-entrega-de-mil-545-lentes-para-alumnos-de-la-mixteca-costa-y-cuenca\/"},"author":{"name":"Staff","@id":"https:\/\/www.bbmnoticias.com\/labravaradiofm\/#\/schema\/person\/34b139c617a70ea5bef5678bffe4dd7b"},"headline":"Inician IEEPO y Fundaci\u00f3n Ver Bien para Aprender Mejor A.C. entrega de mil 545 lentes para alumnos de la Mixteca, Costa y Cuenca","datePublished":"2022-06-14T19:47:27+00:00","dateModified":"2022-06-14T19:47:28+00:00","mainEntityOfPage":{"@id":"https:\/\/www.bbmnoticias.com\/labravaradiofm\/2022\/06\/14\/inician-ieepo-y-fundacion-ver-bien-para-aprender-mejor-a-c-entrega-de-mil-545-lentes-para-alumnos-de-la-mixteca-costa-y-cuenca\/"},"wordCount":789,"image":{"@id":"https:\/\/www.bbmnoticias.com\/labravaradiofm\/2022\/06\/14\/inician-ieepo-y-fundacion-ver-bien-para-aprender-mejor-a-c-entrega-de-mil-545-lentes-para-alumnos-de-la-mixteca-costa-y-cuenca\/#primaryimage"},"thumbnailUrl":"https:\/\/www.bbmnoticias.com\/labravaradiofm\/wp-content\/uploads\/sites\/5\/2022\/06\/ieepo-lentes.jpg","articleSection":["LOCAL"],"inLanguage":"es"},{"@type":"WebPage","@id":"https:\/\/www.bbmnoticias.com\/labravaradiofm\/2022\/06\/14\/inician-ieepo-y-fundacion-ver-bien-para-aprender-mejor-a-c-entrega-de-mil-545-lentes-para-alumnos-de-la-mixteca-costa-y-cuenca\/","url":"https:\/\/www.bbmnoticias.com\/labravaradiofm\/2022\/06\/14\/inician-ieepo-y-fundacion-ver-bien-para-aprender-mejor-a-c-entrega-de-mil-545-lentes-para-alumnos-de-la-mixteca-costa-y-cuenca\/","name":"Inician IEEPO y Fundaci\u00f3n Ver Bien para Aprender Mejor A.C. entrega de mil 545 lentes para alumnos de la Mixteca, Costa y Cuenca - LA BRAVA RADIO","isPartOf":{"@id":"https:\/\/www.bbmnoticias.com\/labravaradiofm\/#website"},"primaryImageOfPage":{"@id":"https:\/\/www.bbmnoticias.com\/labravaradiofm\/2022\/06\/14\/inician-ieepo-y-fundacion-ver-bien-para-aprender-mejor-a-c-entrega-de-mil-545-lentes-para-alumnos-de-la-mixteca-costa-y-cuenca\/#primaryimage"},"image":{"@id":"https:\/\/www.bbmnoticias.com\/labravaradiofm\/2022\/06\/14\/inician-ieepo-y-fundacion-ver-bien-para-aprender-mejor-a-c-entrega-de-mil-545-lentes-para-alumnos-de-la-mixteca-costa-y-cuenca\/#primaryimage"},"thumbnailUrl":"https:\/\/www.bbmnoticias.com\/labravaradiofm\/wp-content\/uploads\/sites\/5\/2022\/06\/ieepo-lentes.jpg","datePublished":"2022-06-14T19:47:27+00:00","dateModified":"2022-06-14T19:47:28+00:00","author":{"@id":"https:\/\/www.bbmnoticias.com\/labravaradiofm\/#\/schema\/person\/34b139c617a70ea5bef5678bffe4dd7b"},"breadcrumb":{"@id":"https:\/\/www.bbmnoticias.com\/labravaradiofm\/2022\/06\/14\/inician-ieepo-y-fundacion-ver-bien-para-aprender-mejor-a-c-entrega-de-mil-545-lentes-para-alumnos-de-la-mixteca-costa-y-cuenca\/#breadcrumb"},"inLanguage":"es","potentialAction":[{"@type":"ReadAction","target":["https:\/\/www.bbmnoticias.com\/labravaradiofm\/2022\/06\/14\/inician-ieepo-y-fundacion-ver-bien-para-aprender-mejor-a-c-entrega-de-mil-545-lentes-para-alumnos-de-la-mixteca-costa-y-cuenca\/"]}]},{"@type":"ImageObject","inLanguage":"es","@id":"https:\/\/www.bbmnoticias.com\/labravaradiofm\/2022\/06\/14\/inician-ieepo-y-fundacion-ver-bien-para-aprender-mejor-a-c-entrega-de-mil-545-lentes-para-alumnos-de-la-mixteca-costa-y-cuenca\/#primaryimage","url":"https:\/\/www.bbmnoticias.com\/labravaradiofm\/wp-content\/uploads\/sites\/5\/2022\/06\/ieepo-lentes.jpg","contentUrl":"https:\/\/www.bbmnoticias.com\/labravaradiofm\/wp-content\/uploads\/sites\/5\/2022\/06\/ieepo-lentes.jpg","width":800,"height":533},{"@type":"BreadcrumbList","@id":"https:\/\/www.bbmnoticias.com\/labravaradiofm\/2022\/06\/14\/inician-ieepo-y-fundacion-ver-bien-para-aprender-mejor-a-c-entrega-de-mil-545-lentes-para-alumnos-de-la-mixteca-costa-y-cuenca\/#breadcrumb","itemListElement":[{"@type":"ListItem","position":1,"name":"Inicio","item":"https:\/\/www.bbmnoticias.com\/labravaradiofm\/"},{"@type":"ListItem","position":2,"name":"Inician IEEPO y Fundaci\u00f3n Ver Bien para Aprender Mejor A.C. entrega de mil 545 lentes para alumnos de la Mixteca, Costa y Cuenca"}]},{"@type":"WebSite","@id":"https:\/\/www.bbmnoticias.com\/labravaradiofm\/#website","url":"https:\/\/www.bbmnoticias.com\/labravaradiofm\/","name":"LA BRAVA RADIO","description":"Empresa productora de medios, Radiodifusi\u00f3n, Noticias, tendencias y todo lo que necesitas saber de la pol\u00edtica mexicana e internacional; entretenimiento, espect\u00e1culos, salud y mucho m\u00e1s.","potentialAction":[{"@type":"SearchAction","target":{"@type":"EntryPoint","urlTemplate":"https:\/\/www.bbmnoticias.com\/labravaradiofm\/?s={search_term_string}"},"query-input":{"@type":"PropertyValueSpecification","valueRequired":true,"valueName":"search_term_string"}}],"inLanguage":"es"},{"@type":"Person","@id":"https:\/\/www.bbmnoticias.com\/labravaradiofm\/#\/schema\/person\/34b139c617a70ea5bef5678bffe4dd7b","name":"Staff","image":{"@type":"ImageObject","inLanguage":"es","@id":"https:\/\/secure.gravatar.com\/avatar\/fdd21ad66fd8b98c407f9dee5b5e588cfe7f0d8579ec20fa6527cd59bab7f0f0?s=96&d=mm&r=g","url":"https:\/\/secure.gravatar.com\/avatar\/fdd21ad66fd8b98c407f9dee5b5e588cfe7f0d8579ec20fa6527cd59bab7f0f0?s=96&d=mm&r=g","contentUrl":"https:\/\/secure.gravatar.com\/avatar\/fdd21ad66fd8b98c407f9dee5b5e588cfe7f0d8579ec20fa6527cd59bab7f0f0?s=96&d=mm&r=g","caption":"Staff"},"url":"https:\/\/www.bbmnoticias.com\/labravaradiofm\/author\/redaccion\/"}]}},"_links":{"self":[{"href":"https:\/\/www.bbmnoticias.com\/labravaradiofm\/wp-json\/wp\/v2\/posts\/14551","targetHints":{"allow":["GET"]}}],"collection":[{"href":"https:\/\/www.bbmnoticias.com\/labravaradiofm\/wp-json\/wp\/v2\/posts"}],"about":[{"href":"https:\/\/www.bbmnoticias.com\/labravaradiofm\/wp-json\/wp\/v2\/types\/post"}],"author":[{"embeddable":true,"href":"https:\/\/www.bbmnoticias.com\/labravaradiofm\/wp-json\/wp\/v2\/users\/2"}],"replies":[{"embeddable":true,"href":"https:\/\/www.bbmnoticias.com\/labravaradiofm\/wp-json\/wp\/v2\/comments?post=14551"}],"version-history":[{"count":0,"href":"https:\/\/www.bbmnoticias.com\/labravaradiofm\/wp-json\/wp\/v2\/posts\/14551\/revisions"}],"wp:featuredmedia":[{"embeddable":true,"href":"https:\/\/www.bbmnoticias.com\/labravaradiofm\/wp-json\/wp\/v2\/media\/14552"}],"wp:attachment":[{"href":"https:\/\/www.bbmnoticias.com\/labravaradiofm\/wp-json\/wp\/v2\/media?parent=14551"}],"wp:term":[{"taxonomy":"category","embeddable":true,"href":"https:\/\/www.bbmnoticias.com\/labravaradiofm\/wp-json\/wp\/v2\/categories?post=14551"},{"taxonomy":"post_tag","embeddable":true,"href":"https:\/\/www.bbmnoticias.com\/labravaradiofm\/wp-json\/wp\/v2\/tags?post=14551"}],"curies":[{"name":"wp","href":"https:\/\/api.w.org\/{rel}","templated":true}]}}