{"id":14548,"date":"2022-06-14T14:06:22","date_gmt":"2022-06-14T19:06:22","guid":{"rendered":"https:\/\/www.bbmnoticias.com\/labravaradiofm\/?p=14548"},"modified":"2022-06-14T14:06:23","modified_gmt":"2022-06-14T19:06:23","slug":"enfrentamiento-entre-elementos-de-la-gn-y-la-marina-contra-grupo-armado-deja-10-muertos-en-texcaltitlan","status":"publish","type":"post","link":"https:\/\/www.bbmnoticias.com\/labravaradiofm\/2022\/06\/14\/enfrentamiento-entre-elementos-de-la-gn-y-la-marina-contra-grupo-armado-deja-10-muertos-en-texcaltitlan\/","title":{"rendered":"Enfrentamiento entre elementos de la GN y la Marina contra grupo armado deja 10 muertos en Texcaltitl\u00e1n"},"content":{"rendered":"<div style=\"margin-top: 0px; margin-bottom: 0px;\" class=\"sharethis-inline-share-buttons\" ><\/div>\n<p><strong>Texcaltitl\u00e1n, M\u00e9x.<\/strong>&#8211; <strong>La Fiscal\u00eda General de Justicia del Estado de M\u00e9xico<\/strong> confirm\u00f3 que en el enfrentamiento de esta ma\u00f1ana en el municipio de Texcaltitl\u00e1n resultaron <strong>7 probables agresores detenidos,<\/strong> 4 de ellos se encuentran lesionados y <strong>10 m\u00e1s murieron en el lugar,<\/strong> adem\u00e1s hay tres polic\u00edas de investigaci\u00f3n lesionados.&nbsp;<\/p>\n\n\n\n<p>La instituci\u00f3n comunic\u00f3 que durante una acci\u00f3n operativa de la Fiscal\u00eda de Justicia estatal realizada contra la delincuencia, un grupo fuertemente armado atac\u00f3 a los elementos de la FGJEM, aunque los lesionados se encuentran estables. Aclar\u00f3 que las bajas de parte del crimen organizado, fueron en respuesta a la agresi\u00f3n por elementos de la Fiscal\u00eda Edomex con el leg\u00edtimo uso de la fuerza.\u00a0<\/p>\n\n\n\n<figure class=\"wp-block-embed is-type-rich is-provider-twitter wp-block-embed-twitter\"><div class=\"wp-block-embed__wrapper\">\n<blockquote class=\"twitter-tweet\" data-width=\"550\" data-dnt=\"true\"><p lang=\"es\" dir=\"ltr\">\ud83d\udcf9As\u00ed fue el enfrentamiento entre autoridades y civiles armados en Texcaltitl\u00e1n. <br><br>La Fiscal\u00eda del <a href=\"https:\/\/twitter.com\/hashtag\/EdoMex?src=hash&amp;ref_src=twsrc%5Etfw\">#EdoMex<\/a> inform\u00f3 que 10 presuntos delincuentes fueron abatidos <br>7 detenidos; 4 de ellos lesionados. <a href=\"https:\/\/t.co\/Y6eBGSWzU8\">pic.twitter.com\/Y6eBGSWzU8<\/a><\/p>&mdash; Juan Pablo de Leo Sp\u00ednola (@juanpadeleo) <a href=\"https:\/\/twitter.com\/juanpadeleo\/status\/1536783010909106177?ref_src=twsrc%5Etfw\">June 14, 2022<\/a><\/blockquote><script async src=\"https:\/\/platform.twitter.com\/widgets.js\" charset=\"utf-8\"><\/script>\n<\/div><\/figure>\n\n\n\n<h2 class=\"wp-block-heading\"><strong>Tras el enfrentamiento se aseguraron 20 armas largas tipo R-15<\/strong><\/h2>\n\n\n\n<p>Adem\u00e1s, que fueron aseguradas 20 armas largas tipo R-15, armas cortas, cartuchos \u00fatiles, 5 veh\u00edculos, chalecos antibalas, uniformes tipo militar as\u00ed como equipos de comunicaci\u00f3n y s\u00f3lo 2 de los 3 elementos lesionados de la FGJEM requirieron trasladado a un hospital para su atenci\u00f3n m\u00e9dica, los reportan fuera de peligro.\u00a0<\/p>\n\n\n\n<figure class=\"wp-block-embed is-type-rich is-provider-twitter wp-block-embed-twitter\"><div class=\"wp-block-embed__wrapper\">\nhttps:\/\/twitter.com\/90gradosmx\/status\/1536780642070953984\n<\/div><\/figure>\n\n\n\n<p>En apoyo al grupo t\u00e1ctico de la instituci\u00f3n acudieron elementos de la <strong>Secretar\u00eda de la Defensa Nacional (SEDENA) de la Marina, la Guardia Nacional y&nbsp;<\/strong>la secretar\u00eda de Seguridad estatal. En tanto que la Fiscal\u00eda General reconoci\u00f3 las acciones realizadas, sin tregua.<\/p>\n\n\n\n<p>De acuerdo con los reportes, un grupo de civiles armados pertenecientes al crimen organizado se habr\u00edan atrincherado en un inmueble, desde donde agredieron a balazos a los efectivos que desplegaron un operativo en la zona.<\/p>\n\n\n\n<figure class=\"wp-block-embed is-type-rich is-provider-twitter wp-block-embed-twitter\"><div class=\"wp-block-embed__wrapper\">\n<blockquote class=\"twitter-tweet\" data-width=\"550\" data-dnt=\"true\"><p lang=\"es\" dir=\"ltr\"><a href=\"https:\/\/twitter.com\/hashtag\/VIDEO?src=hash&amp;ref_src=twsrc%5Etfw\">#VIDEO<\/a> | Enfrentamiento contra grupo armado en Texcaltitl\u00e1n deja diez muertos<br> <br>Derivado de un ataque a elementos de la <a href=\"https:\/\/twitter.com\/FiscaliaEdomex?ref_src=twsrc%5Etfw\">@FiscaliaEdomex<\/a>, la instituci\u00f3n inform\u00f3 que fueron detenidos siete de los agresores y otros cuatro resultaron lesionados. <a href=\"https:\/\/t.co\/u3PSyiWHhI\">pic.twitter.com\/u3PSyiWHhI<\/a><\/p>&mdash; LA OCTAVA (@laoctavadigital) <a href=\"https:\/\/twitter.com\/laoctavadigital\/status\/1536777016766251014?ref_src=twsrc%5Etfw\">June 14, 2022<\/a><\/blockquote><script async src=\"https:\/\/platform.twitter.com\/widgets.js\" charset=\"utf-8\"><\/script>\n<\/div><\/figure>\n","protected":false},"excerpt":{"rendered":"<p>Texcaltitl\u00e1n, M\u00e9x.&#8211; La Fiscal\u00eda General de Justicia del Estado de M\u00e9xico confirm\u00f3 que en el enfrentamiento de esta ma\u00f1ana en el municipio de Texcaltitl\u00e1n resultaron 7 probables agresores detenidos, 4 de ellos se encuentran lesionados y 10 m\u00e1s murieron en el lugar, adem\u00e1s hay tres polic\u00edas de investigaci\u00f3n lesionados.&nbsp; La instituci\u00f3n comunic\u00f3 que durante una [&hellip;]<\/p>\n","protected":false},"author":4,"featured_media":14549,"comment_status":"closed","ping_status":"closed","sticky":false,"template":"","format":"standard","meta":{"footnotes":""},"categories":[19],"tags":[],"class_list":{"0":"post-14548","1":"post","2":"type-post","3":"status-publish","4":"format-standard","5":"has-post-thumbnail","7":"category-nacional"},"yoast_head":"<!-- This site is optimized with the Yoast SEO plugin v27.4 - https:\/\/yoast.com\/product\/yoast-seo-wordpress\/ -->\n<title>Enfrentamiento entre elementos de la GN y la Marina contra grupo armado deja 10 muertos en Texcaltitl\u00e1n - LA BRAVA RADIO<\/title>\n<meta name=\"robots\" content=\"index, follow, max-snippet:-1, max-image-preview:large, max-video-preview:-1\" \/>\n<link rel=\"canonical\" href=\"https:\/\/www.bbmnoticias.com\/labravaradiofm\/2022\/06\/14\/enfrentamiento-entre-elementos-de-la-gn-y-la-marina-contra-grupo-armado-deja-10-muertos-en-texcaltitlan\/\" \/>\n<meta property=\"og:locale\" content=\"es_MX\" \/>\n<meta property=\"og:type\" content=\"article\" \/>\n<meta property=\"og:title\" content=\"Enfrentamiento entre elementos de la GN y la Marina contra grupo armado deja 10 muertos en Texcaltitl\u00e1n - LA BRAVA RADIO\" \/>\n<meta property=\"og:description\" content=\"Texcaltitl\u00e1n, M\u00e9x.&#8211; La Fiscal\u00eda General de Justicia del Estado de M\u00e9xico confirm\u00f3 que en el enfrentamiento de esta ma\u00f1ana en el municipio de Texcaltitl\u00e1n resultaron 7 probables agresores detenidos, 4 de ellos se encuentran lesionados y 10 m\u00e1s murieron en el lugar, adem\u00e1s hay tres polic\u00edas de investigaci\u00f3n lesionados.&nbsp; La instituci\u00f3n comunic\u00f3 que durante una [&hellip;]\" \/>\n<meta property=\"og:url\" content=\"https:\/\/www.bbmnoticias.com\/labravaradiofm\/2022\/06\/14\/enfrentamiento-entre-elementos-de-la-gn-y-la-marina-contra-grupo-armado-deja-10-muertos-en-texcaltitlan\/\" \/>\n<meta property=\"og:site_name\" content=\"LA BRAVA RADIO\" \/>\n<meta property=\"article:published_time\" content=\"2022-06-14T19:06:22+00:00\" \/>\n<meta property=\"article:modified_time\" content=\"2022-06-14T19:06:23+00:00\" \/>\n<meta property=\"og:image\" content=\"https:\/\/www.bbmnoticias.com\/labravaradiofm\/wp-content\/uploads\/sites\/5\/2022\/06\/texcaltitlan.jpg\" \/>\n\t<meta property=\"og:image:width\" content=\"640\" \/>\n\t<meta property=\"og:image:height\" content=\"320\" \/>\n\t<meta property=\"og:image:type\" content=\"image\/jpeg\" \/>\n<meta name=\"author\" content=\"Agencias\" \/>\n<meta name=\"twitter:card\" content=\"summary_large_image\" \/>\n<meta name=\"twitter:label1\" content=\"Escrito por\" \/>\n\t<meta name=\"twitter:data1\" content=\"Agencias\" \/>\n\t<meta name=\"twitter:label2\" content=\"Tiempo de lectura\" \/>\n\t<meta name=\"twitter:data2\" content=\"2 minutos\" \/>\n<script type=\"application\/ld+json\" class=\"yoast-schema-graph\">{\"@context\":\"https:\\\/\\\/schema.org\",\"@graph\":[{\"@type\":\"Article\",\"@id\":\"https:\\\/\\\/www.bbmnoticias.com\\\/labravaradiofm\\\/2022\\\/06\\\/14\\\/enfrentamiento-entre-elementos-de-la-gn-y-la-marina-contra-grupo-armado-deja-10-muertos-en-texcaltitlan\\\/#article\",\"isPartOf\":{\"@id\":\"https:\\\/\\\/www.bbmnoticias.com\\\/labravaradiofm\\\/2022\\\/06\\\/14\\\/enfrentamiento-entre-elementos-de-la-gn-y-la-marina-contra-grupo-armado-deja-10-muertos-en-texcaltitlan\\\/\"},\"author\":{\"name\":\"Agencias\",\"@id\":\"https:\\\/\\\/www.bbmnoticias.com\\\/labravaradiofm\\\/#\\\/schema\\\/person\\\/857a3daf5c8142f29919023f377fbfad\"},\"headline\":\"Enfrentamiento entre elementos de la GN y la Marina contra grupo armado deja 10 muertos en Texcaltitl\u00e1n\",\"datePublished\":\"2022-06-14T19:06:22+00:00\",\"dateModified\":\"2022-06-14T19:06:23+00:00\",\"mainEntityOfPage\":{\"@id\":\"https:\\\/\\\/www.bbmnoticias.com\\\/labravaradiofm\\\/2022\\\/06\\\/14\\\/enfrentamiento-entre-elementos-de-la-gn-y-la-marina-contra-grupo-armado-deja-10-muertos-en-texcaltitlan\\\/\"},\"wordCount\":304,\"image\":{\"@id\":\"https:\\\/\\\/www.bbmnoticias.com\\\/labravaradiofm\\\/2022\\\/06\\\/14\\\/enfrentamiento-entre-elementos-de-la-gn-y-la-marina-contra-grupo-armado-deja-10-muertos-en-texcaltitlan\\\/#primaryimage\"},\"thumbnailUrl\":\"https:\\\/\\\/www.bbmnoticias.com\\\/labravaradiofm\\\/wp-content\\\/uploads\\\/sites\\\/5\\\/2022\\\/06\\\/texcaltitlan.jpg\",\"articleSection\":[\"NACIONAL\"],\"inLanguage\":\"es\"},{\"@type\":\"WebPage\",\"@id\":\"https:\\\/\\\/www.bbmnoticias.com\\\/labravaradiofm\\\/2022\\\/06\\\/14\\\/enfrentamiento-entre-elementos-de-la-gn-y-la-marina-contra-grupo-armado-deja-10-muertos-en-texcaltitlan\\\/\",\"url\":\"https:\\\/\\\/www.bbmnoticias.com\\\/labravaradiofm\\\/2022\\\/06\\\/14\\\/enfrentamiento-entre-elementos-de-la-gn-y-la-marina-contra-grupo-armado-deja-10-muertos-en-texcaltitlan\\\/\",\"name\":\"Enfrentamiento entre elementos de la GN y la Marina contra grupo armado deja 10 muertos en Texcaltitl\u00e1n - LA BRAVA RADIO\",\"isPartOf\":{\"@id\":\"https:\\\/\\\/www.bbmnoticias.com\\\/labravaradiofm\\\/#website\"},\"primaryImageOfPage\":{\"@id\":\"https:\\\/\\\/www.bbmnoticias.com\\\/labravaradiofm\\\/2022\\\/06\\\/14\\\/enfrentamiento-entre-elementos-de-la-gn-y-la-marina-contra-grupo-armado-deja-10-muertos-en-texcaltitlan\\\/#primaryimage\"},\"image\":{\"@id\":\"https:\\\/\\\/www.bbmnoticias.com\\\/labravaradiofm\\\/2022\\\/06\\\/14\\\/enfrentamiento-entre-elementos-de-la-gn-y-la-marina-contra-grupo-armado-deja-10-muertos-en-texcaltitlan\\\/#primaryimage\"},\"thumbnailUrl\":\"https:\\\/\\\/www.bbmnoticias.com\\\/labravaradiofm\\\/wp-content\\\/uploads\\\/sites\\\/5\\\/2022\\\/06\\\/texcaltitlan.jpg\",\"datePublished\":\"2022-06-14T19:06:22+00:00\",\"dateModified\":\"2022-06-14T19:06:23+00:00\",\"author\":{\"@id\":\"https:\\\/\\\/www.bbmnoticias.com\\\/labravaradiofm\\\/#\\\/schema\\\/person\\\/857a3daf5c8142f29919023f377fbfad\"},\"breadcrumb\":{\"@id\":\"https:\\\/\\\/www.bbmnoticias.com\\\/labravaradiofm\\\/2022\\\/06\\\/14\\\/enfrentamiento-entre-elementos-de-la-gn-y-la-marina-contra-grupo-armado-deja-10-muertos-en-texcaltitlan\\\/#breadcrumb\"},\"inLanguage\":\"es\",\"potentialAction\":[{\"@type\":\"ReadAction\",\"target\":[\"https:\\\/\\\/www.bbmnoticias.com\\\/labravaradiofm\\\/2022\\\/06\\\/14\\\/enfrentamiento-entre-elementos-de-la-gn-y-la-marina-contra-grupo-armado-deja-10-muertos-en-texcaltitlan\\\/\"]}]},{\"@type\":\"ImageObject\",\"inLanguage\":\"es\",\"@id\":\"https:\\\/\\\/www.bbmnoticias.com\\\/labravaradiofm\\\/2022\\\/06\\\/14\\\/enfrentamiento-entre-elementos-de-la-gn-y-la-marina-contra-grupo-armado-deja-10-muertos-en-texcaltitlan\\\/#primaryimage\",\"url\":\"https:\\\/\\\/www.bbmnoticias.com\\\/labravaradiofm\\\/wp-content\\\/uploads\\\/sites\\\/5\\\/2022\\\/06\\\/texcaltitlan.jpg\",\"contentUrl\":\"https:\\\/\\\/www.bbmnoticias.com\\\/labravaradiofm\\\/wp-content\\\/uploads\\\/sites\\\/5\\\/2022\\\/06\\\/texcaltitlan.jpg\",\"width\":640,\"height\":320},{\"@type\":\"BreadcrumbList\",\"@id\":\"https:\\\/\\\/www.bbmnoticias.com\\\/labravaradiofm\\\/2022\\\/06\\\/14\\\/enfrentamiento-entre-elementos-de-la-gn-y-la-marina-contra-grupo-armado-deja-10-muertos-en-texcaltitlan\\\/#breadcrumb\",\"itemListElement\":[{\"@type\":\"ListItem\",\"position\":1,\"name\":\"Inicio\",\"item\":\"https:\\\/\\\/www.bbmnoticias.com\\\/labravaradiofm\\\/\"},{\"@type\":\"ListItem\",\"position\":2,\"name\":\"Enfrentamiento entre elementos de la GN y la Marina contra grupo armado deja 10 muertos en Texcaltitl\u00e1n\"}]},{\"@type\":\"WebSite\",\"@id\":\"https:\\\/\\\/www.bbmnoticias.com\\\/labravaradiofm\\\/#website\",\"url\":\"https:\\\/\\\/www.bbmnoticias.com\\\/labravaradiofm\\\/\",\"name\":\"LA BRAVA RADIO\",\"description\":\"Empresa productora de medios, Radiodifusi\u00f3n, Noticias, tendencias y todo lo que necesitas saber de la pol\u00edtica mexicana e internacional; entretenimiento, espect\u00e1culos, salud y mucho m\u00e1s.\",\"potentialAction\":[{\"@type\":\"SearchAction\",\"target\":{\"@type\":\"EntryPoint\",\"urlTemplate\":\"https:\\\/\\\/www.bbmnoticias.com\\\/labravaradiofm\\\/?s={search_term_string}\"},\"query-input\":{\"@type\":\"PropertyValueSpecification\",\"valueRequired\":true,\"valueName\":\"search_term_string\"}}],\"inLanguage\":\"es\"},{\"@type\":\"Person\",\"@id\":\"https:\\\/\\\/www.bbmnoticias.com\\\/labravaradiofm\\\/#\\\/schema\\\/person\\\/857a3daf5c8142f29919023f377fbfad\",\"name\":\"Agencias\",\"image\":{\"@type\":\"ImageObject\",\"inLanguage\":\"es\",\"@id\":\"https:\\\/\\\/secure.gravatar.com\\\/avatar\\\/739e0b61adf9e398b425c36718c8752286da0e8cd90f20ce9a86678abc26aa0d?s=96&d=mm&r=g\",\"url\":\"https:\\\/\\\/secure.gravatar.com\\\/avatar\\\/739e0b61adf9e398b425c36718c8752286da0e8cd90f20ce9a86678abc26aa0d?s=96&d=mm&r=g\",\"contentUrl\":\"https:\\\/\\\/secure.gravatar.com\\\/avatar\\\/739e0b61adf9e398b425c36718c8752286da0e8cd90f20ce9a86678abc26aa0d?s=96&d=mm&r=g\",\"caption\":\"Agencias\"},\"url\":\"https:\\\/\\\/www.bbmnoticias.com\\\/labravaradiofm\\\/author\\\/agencias\\\/\"}]}<\/script>\n<!-- \/ Yoast SEO plugin. -->","yoast_head_json":{"title":"Enfrentamiento entre elementos de la GN y la Marina contra grupo armado deja 10 muertos en Texcaltitl\u00e1n - LA BRAVA RADIO","robots":{"index":"index","follow":"follow","max-snippet":"max-snippet:-1","max-image-preview":"max-image-preview:large","max-video-preview":"max-video-preview:-1"},"canonical":"https:\/\/www.bbmnoticias.com\/labravaradiofm\/2022\/06\/14\/enfrentamiento-entre-elementos-de-la-gn-y-la-marina-contra-grupo-armado-deja-10-muertos-en-texcaltitlan\/","og_locale":"es_MX","og_type":"article","og_title":"Enfrentamiento entre elementos de la GN y la Marina contra grupo armado deja 10 muertos en Texcaltitl\u00e1n - LA BRAVA RADIO","og_description":"Texcaltitl\u00e1n, M\u00e9x.&#8211; La Fiscal\u00eda General de Justicia del Estado de M\u00e9xico confirm\u00f3 que en el enfrentamiento de esta ma\u00f1ana en el municipio de Texcaltitl\u00e1n resultaron 7 probables agresores detenidos, 4 de ellos se encuentran lesionados y 10 m\u00e1s murieron en el lugar, adem\u00e1s hay tres polic\u00edas de investigaci\u00f3n lesionados.&nbsp; La instituci\u00f3n comunic\u00f3 que durante una [&hellip;]","og_url":"https:\/\/www.bbmnoticias.com\/labravaradiofm\/2022\/06\/14\/enfrentamiento-entre-elementos-de-la-gn-y-la-marina-contra-grupo-armado-deja-10-muertos-en-texcaltitlan\/","og_site_name":"LA BRAVA RADIO","article_published_time":"2022-06-14T19:06:22+00:00","article_modified_time":"2022-06-14T19:06:23+00:00","og_image":[{"width":640,"height":320,"url":"https:\/\/www.bbmnoticias.com\/labravaradiofm\/wp-content\/uploads\/sites\/5\/2022\/06\/texcaltitlan.jpg","type":"image\/jpeg"}],"author":"Agencias","twitter_card":"summary_large_image","twitter_misc":{"Escrito por":"Agencias","Tiempo de lectura":"2 minutos"},"schema":{"@context":"https:\/\/schema.org","@graph":[{"@type":"Article","@id":"https:\/\/www.bbmnoticias.com\/labravaradiofm\/2022\/06\/14\/enfrentamiento-entre-elementos-de-la-gn-y-la-marina-contra-grupo-armado-deja-10-muertos-en-texcaltitlan\/#article","isPartOf":{"@id":"https:\/\/www.bbmnoticias.com\/labravaradiofm\/2022\/06\/14\/enfrentamiento-entre-elementos-de-la-gn-y-la-marina-contra-grupo-armado-deja-10-muertos-en-texcaltitlan\/"},"author":{"name":"Agencias","@id":"https:\/\/www.bbmnoticias.com\/labravaradiofm\/#\/schema\/person\/857a3daf5c8142f29919023f377fbfad"},"headline":"Enfrentamiento entre elementos de la GN y la Marina contra grupo armado deja 10 muertos en Texcaltitl\u00e1n","datePublished":"2022-06-14T19:06:22+00:00","dateModified":"2022-06-14T19:06:23+00:00","mainEntityOfPage":{"@id":"https:\/\/www.bbmnoticias.com\/labravaradiofm\/2022\/06\/14\/enfrentamiento-entre-elementos-de-la-gn-y-la-marina-contra-grupo-armado-deja-10-muertos-en-texcaltitlan\/"},"wordCount":304,"image":{"@id":"https:\/\/www.bbmnoticias.com\/labravaradiofm\/2022\/06\/14\/enfrentamiento-entre-elementos-de-la-gn-y-la-marina-contra-grupo-armado-deja-10-muertos-en-texcaltitlan\/#primaryimage"},"thumbnailUrl":"https:\/\/www.bbmnoticias.com\/labravaradiofm\/wp-content\/uploads\/sites\/5\/2022\/06\/texcaltitlan.jpg","articleSection":["NACIONAL"],"inLanguage":"es"},{"@type":"WebPage","@id":"https:\/\/www.bbmnoticias.com\/labravaradiofm\/2022\/06\/14\/enfrentamiento-entre-elementos-de-la-gn-y-la-marina-contra-grupo-armado-deja-10-muertos-en-texcaltitlan\/","url":"https:\/\/www.bbmnoticias.com\/labravaradiofm\/2022\/06\/14\/enfrentamiento-entre-elementos-de-la-gn-y-la-marina-contra-grupo-armado-deja-10-muertos-en-texcaltitlan\/","name":"Enfrentamiento entre elementos de la GN y la Marina contra grupo armado deja 10 muertos en Texcaltitl\u00e1n - LA BRAVA RADIO","isPartOf":{"@id":"https:\/\/www.bbmnoticias.com\/labravaradiofm\/#website"},"primaryImageOfPage":{"@id":"https:\/\/www.bbmnoticias.com\/labravaradiofm\/2022\/06\/14\/enfrentamiento-entre-elementos-de-la-gn-y-la-marina-contra-grupo-armado-deja-10-muertos-en-texcaltitlan\/#primaryimage"},"image":{"@id":"https:\/\/www.bbmnoticias.com\/labravaradiofm\/2022\/06\/14\/enfrentamiento-entre-elementos-de-la-gn-y-la-marina-contra-grupo-armado-deja-10-muertos-en-texcaltitlan\/#primaryimage"},"thumbnailUrl":"https:\/\/www.bbmnoticias.com\/labravaradiofm\/wp-content\/uploads\/sites\/5\/2022\/06\/texcaltitlan.jpg","datePublished":"2022-06-14T19:06:22+00:00","dateModified":"2022-06-14T19:06:23+00:00","author":{"@id":"https:\/\/www.bbmnoticias.com\/labravaradiofm\/#\/schema\/person\/857a3daf5c8142f29919023f377fbfad"},"breadcrumb":{"@id":"https:\/\/www.bbmnoticias.com\/labravaradiofm\/2022\/06\/14\/enfrentamiento-entre-elementos-de-la-gn-y-la-marina-contra-grupo-armado-deja-10-muertos-en-texcaltitlan\/#breadcrumb"},"inLanguage":"es","potentialAction":[{"@type":"ReadAction","target":["https:\/\/www.bbmnoticias.com\/labravaradiofm\/2022\/06\/14\/enfrentamiento-entre-elementos-de-la-gn-y-la-marina-contra-grupo-armado-deja-10-muertos-en-texcaltitlan\/"]}]},{"@type":"ImageObject","inLanguage":"es","@id":"https:\/\/www.bbmnoticias.com\/labravaradiofm\/2022\/06\/14\/enfrentamiento-entre-elementos-de-la-gn-y-la-marina-contra-grupo-armado-deja-10-muertos-en-texcaltitlan\/#primaryimage","url":"https:\/\/www.bbmnoticias.com\/labravaradiofm\/wp-content\/uploads\/sites\/5\/2022\/06\/texcaltitlan.jpg","contentUrl":"https:\/\/www.bbmnoticias.com\/labravaradiofm\/wp-content\/uploads\/sites\/5\/2022\/06\/texcaltitlan.jpg","width":640,"height":320},{"@type":"BreadcrumbList","@id":"https:\/\/www.bbmnoticias.com\/labravaradiofm\/2022\/06\/14\/enfrentamiento-entre-elementos-de-la-gn-y-la-marina-contra-grupo-armado-deja-10-muertos-en-texcaltitlan\/#breadcrumb","itemListElement":[{"@type":"ListItem","position":1,"name":"Inicio","item":"https:\/\/www.bbmnoticias.com\/labravaradiofm\/"},{"@type":"ListItem","position":2,"name":"Enfrentamiento entre elementos de la GN y la Marina contra grupo armado deja 10 muertos en Texcaltitl\u00e1n"}]},{"@type":"WebSite","@id":"https:\/\/www.bbmnoticias.com\/labravaradiofm\/#website","url":"https:\/\/www.bbmnoticias.com\/labravaradiofm\/","name":"LA BRAVA RADIO","description":"Empresa productora de medios, Radiodifusi\u00f3n, Noticias, tendencias y todo lo que necesitas saber de la pol\u00edtica mexicana e internacional; entretenimiento, espect\u00e1culos, salud y mucho m\u00e1s.","potentialAction":[{"@type":"SearchAction","target":{"@type":"EntryPoint","urlTemplate":"https:\/\/www.bbmnoticias.com\/labravaradiofm\/?s={search_term_string}"},"query-input":{"@type":"PropertyValueSpecification","valueRequired":true,"valueName":"search_term_string"}}],"inLanguage":"es"},{"@type":"Person","@id":"https:\/\/www.bbmnoticias.com\/labravaradiofm\/#\/schema\/person\/857a3daf5c8142f29919023f377fbfad","name":"Agencias","image":{"@type":"ImageObject","inLanguage":"es","@id":"https:\/\/secure.gravatar.com\/avatar\/739e0b61adf9e398b425c36718c8752286da0e8cd90f20ce9a86678abc26aa0d?s=96&d=mm&r=g","url":"https:\/\/secure.gravatar.com\/avatar\/739e0b61adf9e398b425c36718c8752286da0e8cd90f20ce9a86678abc26aa0d?s=96&d=mm&r=g","contentUrl":"https:\/\/secure.gravatar.com\/avatar\/739e0b61adf9e398b425c36718c8752286da0e8cd90f20ce9a86678abc26aa0d?s=96&d=mm&r=g","caption":"Agencias"},"url":"https:\/\/www.bbmnoticias.com\/labravaradiofm\/author\/agencias\/"}]}},"_links":{"self":[{"href":"https:\/\/www.bbmnoticias.com\/labravaradiofm\/wp-json\/wp\/v2\/posts\/14548","targetHints":{"allow":["GET"]}}],"collection":[{"href":"https:\/\/www.bbmnoticias.com\/labravaradiofm\/wp-json\/wp\/v2\/posts"}],"about":[{"href":"https:\/\/www.bbmnoticias.com\/labravaradiofm\/wp-json\/wp\/v2\/types\/post"}],"author":[{"embeddable":true,"href":"https:\/\/www.bbmnoticias.com\/labravaradiofm\/wp-json\/wp\/v2\/users\/4"}],"replies":[{"embeddable":true,"href":"https:\/\/www.bbmnoticias.com\/labravaradiofm\/wp-json\/wp\/v2\/comments?post=14548"}],"version-history":[{"count":0,"href":"https:\/\/www.bbmnoticias.com\/labravaradiofm\/wp-json\/wp\/v2\/posts\/14548\/revisions"}],"wp:featuredmedia":[{"embeddable":true,"href":"https:\/\/www.bbmnoticias.com\/labravaradiofm\/wp-json\/wp\/v2\/media\/14549"}],"wp:attachment":[{"href":"https:\/\/www.bbmnoticias.com\/labravaradiofm\/wp-json\/wp\/v2\/media?parent=14548"}],"wp:term":[{"taxonomy":"category","embeddable":true,"href":"https:\/\/www.bbmnoticias.com\/labravaradiofm\/wp-json\/wp\/v2\/categories?post=14548"},{"taxonomy":"post_tag","embeddable":true,"href":"https:\/\/www.bbmnoticias.com\/labravaradiofm\/wp-json\/wp\/v2\/tags?post=14548"}],"curies":[{"name":"wp","href":"https:\/\/api.w.org\/{rel}","templated":true}]}}