{"id":14545,"date":"2022-06-14T13:55:57","date_gmt":"2022-06-14T18:55:57","guid":{"rendered":"https:\/\/www.bbmnoticias.com\/labravaradiofm\/?p=14545"},"modified":"2022-06-14T13:55:58","modified_gmt":"2022-06-14T18:55:58","slug":"invita-imss-oaxaca-a-la-poblacion-a-sumarse-al-dia-mundial-del-donante-de-sangre-2022","status":"publish","type":"post","link":"https:\/\/www.bbmnoticias.com\/labravaradiofm\/2022\/06\/14\/invita-imss-oaxaca-a-la-poblacion-a-sumarse-al-dia-mundial-del-donante-de-sangre-2022\/","title":{"rendered":"Invita IMSS Oaxaca a la poblaci\u00f3n a sumarse\u00a0al D\u00eda Mundial del Donante de Sangre 2022\u00a0"},"content":{"rendered":"<div style=\"margin-top: 0px; margin-bottom: 0px;\" class=\"sharethis-inline-share-buttons\" ><\/div>\n<p>En el marco del D\u00eda Mundial del Donante de Sangre 2022, el \u00d3rgano de Operaci\u00f3n Administrativa Desconcentrada (OOAD) Oaxaca, a trav\u00e9s de su Jefatura de Prestaciones M\u00e9dicas, hace un llamado a la poblaci\u00f3n para que se sume a la donaci\u00f3n de plasma.&nbsp;<\/p>\n\n\n\n<p>Con el lema: &#8220;Donar sangre es un acto de solidaridad, \u00fanete al esfuerzo y salva vidas&#8221;, el Qu\u00edmico Roberto Joel M\u00e9ndez Torres, jefe del Banco de Sangre del Hospital General de Zona (HGZ) No. 1 del Instituto Mexicano del Seguro Social (IMSS), dijo que en el estado de Oaxaca el IMSS cuenta con dos bancos de sangre.&nbsp;<\/p>\n\n\n\n<p>Uno es en el (HGZ) No. 1 de Oaxaca y el segundo en el (HGZ) No. 2 de Salina Cruz, sin embargo, agreg\u00f3 que tambi\u00e9n se cuenta con dos puestos de sangrado, en el (HGZ) No. 3 de Tuxtepec y el (HGZ) No. 41 de Santa Cruz Huatulco.&nbsp;<\/p>\n\n\n\n<p>En ese sentido, expres\u00f3 que el IMSS en Oaxaca, hace una invitaci\u00f3n a toda la poblaci\u00f3n en general a ser donante altruista, toda vez que es un acto de solidaridad y con ello contribuir a salvar la vida de miles de derechohabientes.&nbsp;<\/p>\n\n\n\n<p>Detall\u00f3 que, dentro de los requisitos m\u00e1s importantes para poder donar, la persona tiene que ser mayor de 18 a\u00f1os y menor de 65, as\u00ed como pesar m\u00e1s de 58 kilos y se tiene que presentar en un horario de 07:00 a 09:00 horas de la ma\u00f1ana los d\u00edas del 14 al 16 de junio de 2022.&nbsp;<\/p>\n\n\n\n<p>Asimismo, el IMSS en Oaxaca se suma a esta actividad con la iluminaci\u00f3n de rojo en sus Unidades M\u00e9dicas y Administrativas, durante los d\u00edas 13 y 14 de junio, con el objetivo de hacer conciencia entre la poblaci\u00f3n para que acudan al llamado de donaci\u00f3n altruista de sangre.&nbsp;<\/p>\n\n\n\n<p>Por su parte, el titular del OOAD Oaxaca, Julio Mercado Castruita, expres\u00f3&nbsp; que hoy 14 de junio se celebra el d\u00eda mundial del donante de sangre. \u201cEs importante hacer conciencia de la necesidad de disponer de sangre segura\u201d.&nbsp;<\/p>\n\n\n\n<p>Dijo que es crucial la contribuci\u00f3n de donantes voluntarios de sangre no remunerada. Es necesario asegurar sangre para quienes requieren una transfusi\u00f3n. De ah\u00ed el m\u00e1s amplio reconocimiento al Voluntariado por sumarse en este acto solidario, generoso y Humano. Los invitamos a unirse al esfuerzo de salvar vidas!!!&nbsp;<\/p>\n\n\n\n<p>Tambi\u00e9n hizo un amplio reconocimiento a todos los donadores altruistas en un acto solidario,&nbsp; as\u00ed como a todo el personal de laboratorio y Banco de Sangre por la labor que realizan al tiempo que reiter\u00f3 el llamado a la poblaci\u00f3n a que se sumen a este gran esfuerzo de salvar vidas.&nbsp;<\/p>\n","protected":false},"excerpt":{"rendered":"<p>En el marco del D\u00eda Mundial del Donante de Sangre 2022, el \u00d3rgano de Operaci\u00f3n Administrativa Desconcentrada (OOAD) Oaxaca, a trav\u00e9s de su Jefatura de Prestaciones M\u00e9dicas, hace un llamado a la poblaci\u00f3n para que se sume a la donaci\u00f3n de plasma.&nbsp; Con el lema: &#8220;Donar sangre es un acto de solidaridad, \u00fanete al esfuerzo [&hellip;]<\/p>\n","protected":false},"author":2,"featured_media":14546,"comment_status":"closed","ping_status":"closed","sticky":false,"template":"","format":"standard","meta":{"footnotes":""},"categories":[2],"tags":[],"class_list":{"0":"post-14545","1":"post","2":"type-post","3":"status-publish","4":"format-standard","5":"has-post-thumbnail","7":"category-oaxaca"},"yoast_head":"<!-- This site is optimized with the Yoast SEO plugin v27.4 - https:\/\/yoast.com\/product\/yoast-seo-wordpress\/ -->\n<title>Invita IMSS Oaxaca a la poblaci\u00f3n a sumarse\u00a0al D\u00eda Mundial del Donante de Sangre 2022\u00a0 - LA BRAVA RADIO<\/title>\n<meta name=\"robots\" content=\"index, follow, max-snippet:-1, max-image-preview:large, max-video-preview:-1\" \/>\n<link rel=\"canonical\" href=\"https:\/\/www.bbmnoticias.com\/labravaradiofm\/2022\/06\/14\/invita-imss-oaxaca-a-la-poblacion-a-sumarse-al-dia-mundial-del-donante-de-sangre-2022\/\" \/>\n<meta property=\"og:locale\" content=\"es_MX\" \/>\n<meta property=\"og:type\" content=\"article\" \/>\n<meta property=\"og:title\" content=\"Invita IMSS Oaxaca a la poblaci\u00f3n a sumarse\u00a0al D\u00eda Mundial del Donante de Sangre 2022\u00a0 - LA BRAVA RADIO\" \/>\n<meta property=\"og:description\" content=\"En el marco del D\u00eda Mundial del Donante de Sangre 2022, el \u00d3rgano de Operaci\u00f3n Administrativa Desconcentrada (OOAD) Oaxaca, a trav\u00e9s de su Jefatura de Prestaciones M\u00e9dicas, hace un llamado a la poblaci\u00f3n para que se sume a la donaci\u00f3n de plasma.&nbsp; Con el lema: &#8220;Donar sangre es un acto de solidaridad, \u00fanete al esfuerzo [&hellip;]\" \/>\n<meta property=\"og:url\" content=\"https:\/\/www.bbmnoticias.com\/labravaradiofm\/2022\/06\/14\/invita-imss-oaxaca-a-la-poblacion-a-sumarse-al-dia-mundial-del-donante-de-sangre-2022\/\" \/>\n<meta property=\"og:site_name\" content=\"LA BRAVA RADIO\" \/>\n<meta property=\"article:published_time\" content=\"2022-06-14T18:55:57+00:00\" \/>\n<meta property=\"article:modified_time\" content=\"2022-06-14T18:55:58+00:00\" \/>\n<meta property=\"og:image\" content=\"https:\/\/www.bbmnoticias.com\/labravaradiofm\/wp-content\/uploads\/sites\/5\/2022\/06\/imss-donante.jpg\" \/>\n\t<meta property=\"og:image:width\" content=\"800\" \/>\n\t<meta property=\"og:image:height\" content=\"534\" \/>\n\t<meta property=\"og:image:type\" content=\"image\/jpeg\" \/>\n<meta name=\"author\" content=\"Staff\" \/>\n<meta name=\"twitter:card\" content=\"summary_large_image\" \/>\n<meta name=\"twitter:label1\" content=\"Escrito por\" \/>\n\t<meta name=\"twitter:data1\" content=\"Staff\" \/>\n\t<meta name=\"twitter:label2\" content=\"Tiempo de lectura\" \/>\n\t<meta name=\"twitter:data2\" content=\"2 minutos\" \/>\n<script type=\"application\/ld+json\" class=\"yoast-schema-graph\">{\"@context\":\"https:\\\/\\\/schema.org\",\"@graph\":[{\"@type\":\"Article\",\"@id\":\"https:\\\/\\\/www.bbmnoticias.com\\\/labravaradiofm\\\/2022\\\/06\\\/14\\\/invita-imss-oaxaca-a-la-poblacion-a-sumarse-al-dia-mundial-del-donante-de-sangre-2022\\\/#article\",\"isPartOf\":{\"@id\":\"https:\\\/\\\/www.bbmnoticias.com\\\/labravaradiofm\\\/2022\\\/06\\\/14\\\/invita-imss-oaxaca-a-la-poblacion-a-sumarse-al-dia-mundial-del-donante-de-sangre-2022\\\/\"},\"author\":{\"name\":\"Staff\",\"@id\":\"https:\\\/\\\/www.bbmnoticias.com\\\/labravaradiofm\\\/#\\\/schema\\\/person\\\/34b139c617a70ea5bef5678bffe4dd7b\"},\"headline\":\"Invita IMSS Oaxaca a la poblaci\u00f3n a sumarse\u00a0al D\u00eda Mundial del Donante de Sangre 2022\u00a0\",\"datePublished\":\"2022-06-14T18:55:57+00:00\",\"dateModified\":\"2022-06-14T18:55:58+00:00\",\"mainEntityOfPage\":{\"@id\":\"https:\\\/\\\/www.bbmnoticias.com\\\/labravaradiofm\\\/2022\\\/06\\\/14\\\/invita-imss-oaxaca-a-la-poblacion-a-sumarse-al-dia-mundial-del-donante-de-sangre-2022\\\/\"},\"wordCount\":469,\"image\":{\"@id\":\"https:\\\/\\\/www.bbmnoticias.com\\\/labravaradiofm\\\/2022\\\/06\\\/14\\\/invita-imss-oaxaca-a-la-poblacion-a-sumarse-al-dia-mundial-del-donante-de-sangre-2022\\\/#primaryimage\"},\"thumbnailUrl\":\"https:\\\/\\\/www.bbmnoticias.com\\\/labravaradiofm\\\/wp-content\\\/uploads\\\/sites\\\/5\\\/2022\\\/06\\\/imss-donante.jpg\",\"articleSection\":[\"LOCAL\"],\"inLanguage\":\"es\"},{\"@type\":\"WebPage\",\"@id\":\"https:\\\/\\\/www.bbmnoticias.com\\\/labravaradiofm\\\/2022\\\/06\\\/14\\\/invita-imss-oaxaca-a-la-poblacion-a-sumarse-al-dia-mundial-del-donante-de-sangre-2022\\\/\",\"url\":\"https:\\\/\\\/www.bbmnoticias.com\\\/labravaradiofm\\\/2022\\\/06\\\/14\\\/invita-imss-oaxaca-a-la-poblacion-a-sumarse-al-dia-mundial-del-donante-de-sangre-2022\\\/\",\"name\":\"Invita IMSS Oaxaca a la poblaci\u00f3n a sumarse\u00a0al D\u00eda Mundial del Donante de Sangre 2022\u00a0 - LA BRAVA RADIO\",\"isPartOf\":{\"@id\":\"https:\\\/\\\/www.bbmnoticias.com\\\/labravaradiofm\\\/#website\"},\"primaryImageOfPage\":{\"@id\":\"https:\\\/\\\/www.bbmnoticias.com\\\/labravaradiofm\\\/2022\\\/06\\\/14\\\/invita-imss-oaxaca-a-la-poblacion-a-sumarse-al-dia-mundial-del-donante-de-sangre-2022\\\/#primaryimage\"},\"image\":{\"@id\":\"https:\\\/\\\/www.bbmnoticias.com\\\/labravaradiofm\\\/2022\\\/06\\\/14\\\/invita-imss-oaxaca-a-la-poblacion-a-sumarse-al-dia-mundial-del-donante-de-sangre-2022\\\/#primaryimage\"},\"thumbnailUrl\":\"https:\\\/\\\/www.bbmnoticias.com\\\/labravaradiofm\\\/wp-content\\\/uploads\\\/sites\\\/5\\\/2022\\\/06\\\/imss-donante.jpg\",\"datePublished\":\"2022-06-14T18:55:57+00:00\",\"dateModified\":\"2022-06-14T18:55:58+00:00\",\"author\":{\"@id\":\"https:\\\/\\\/www.bbmnoticias.com\\\/labravaradiofm\\\/#\\\/schema\\\/person\\\/34b139c617a70ea5bef5678bffe4dd7b\"},\"breadcrumb\":{\"@id\":\"https:\\\/\\\/www.bbmnoticias.com\\\/labravaradiofm\\\/2022\\\/06\\\/14\\\/invita-imss-oaxaca-a-la-poblacion-a-sumarse-al-dia-mundial-del-donante-de-sangre-2022\\\/#breadcrumb\"},\"inLanguage\":\"es\",\"potentialAction\":[{\"@type\":\"ReadAction\",\"target\":[\"https:\\\/\\\/www.bbmnoticias.com\\\/labravaradiofm\\\/2022\\\/06\\\/14\\\/invita-imss-oaxaca-a-la-poblacion-a-sumarse-al-dia-mundial-del-donante-de-sangre-2022\\\/\"]}]},{\"@type\":\"ImageObject\",\"inLanguage\":\"es\",\"@id\":\"https:\\\/\\\/www.bbmnoticias.com\\\/labravaradiofm\\\/2022\\\/06\\\/14\\\/invita-imss-oaxaca-a-la-poblacion-a-sumarse-al-dia-mundial-del-donante-de-sangre-2022\\\/#primaryimage\",\"url\":\"https:\\\/\\\/www.bbmnoticias.com\\\/labravaradiofm\\\/wp-content\\\/uploads\\\/sites\\\/5\\\/2022\\\/06\\\/imss-donante.jpg\",\"contentUrl\":\"https:\\\/\\\/www.bbmnoticias.com\\\/labravaradiofm\\\/wp-content\\\/uploads\\\/sites\\\/5\\\/2022\\\/06\\\/imss-donante.jpg\",\"width\":800,\"height\":534},{\"@type\":\"BreadcrumbList\",\"@id\":\"https:\\\/\\\/www.bbmnoticias.com\\\/labravaradiofm\\\/2022\\\/06\\\/14\\\/invita-imss-oaxaca-a-la-poblacion-a-sumarse-al-dia-mundial-del-donante-de-sangre-2022\\\/#breadcrumb\",\"itemListElement\":[{\"@type\":\"ListItem\",\"position\":1,\"name\":\"Inicio\",\"item\":\"https:\\\/\\\/www.bbmnoticias.com\\\/labravaradiofm\\\/\"},{\"@type\":\"ListItem\",\"position\":2,\"name\":\"Invita IMSS Oaxaca a la poblaci\u00f3n a sumarse\u00a0al D\u00eda Mundial del Donante de Sangre 2022\u00a0\"}]},{\"@type\":\"WebSite\",\"@id\":\"https:\\\/\\\/www.bbmnoticias.com\\\/labravaradiofm\\\/#website\",\"url\":\"https:\\\/\\\/www.bbmnoticias.com\\\/labravaradiofm\\\/\",\"name\":\"LA BRAVA RADIO\",\"description\":\"Empresa productora de medios, Radiodifusi\u00f3n, Noticias, tendencias y todo lo que necesitas saber de la pol\u00edtica mexicana e internacional; entretenimiento, espect\u00e1culos, salud y mucho m\u00e1s.\",\"potentialAction\":[{\"@type\":\"SearchAction\",\"target\":{\"@type\":\"EntryPoint\",\"urlTemplate\":\"https:\\\/\\\/www.bbmnoticias.com\\\/labravaradiofm\\\/?s={search_term_string}\"},\"query-input\":{\"@type\":\"PropertyValueSpecification\",\"valueRequired\":true,\"valueName\":\"search_term_string\"}}],\"inLanguage\":\"es\"},{\"@type\":\"Person\",\"@id\":\"https:\\\/\\\/www.bbmnoticias.com\\\/labravaradiofm\\\/#\\\/schema\\\/person\\\/34b139c617a70ea5bef5678bffe4dd7b\",\"name\":\"Staff\",\"image\":{\"@type\":\"ImageObject\",\"inLanguage\":\"es\",\"@id\":\"https:\\\/\\\/secure.gravatar.com\\\/avatar\\\/fdd21ad66fd8b98c407f9dee5b5e588cfe7f0d8579ec20fa6527cd59bab7f0f0?s=96&d=mm&r=g\",\"url\":\"https:\\\/\\\/secure.gravatar.com\\\/avatar\\\/fdd21ad66fd8b98c407f9dee5b5e588cfe7f0d8579ec20fa6527cd59bab7f0f0?s=96&d=mm&r=g\",\"contentUrl\":\"https:\\\/\\\/secure.gravatar.com\\\/avatar\\\/fdd21ad66fd8b98c407f9dee5b5e588cfe7f0d8579ec20fa6527cd59bab7f0f0?s=96&d=mm&r=g\",\"caption\":\"Staff\"},\"url\":\"https:\\\/\\\/www.bbmnoticias.com\\\/labravaradiofm\\\/author\\\/redaccion\\\/\"}]}<\/script>\n<!-- \/ Yoast SEO plugin. -->","yoast_head_json":{"title":"Invita IMSS Oaxaca a la poblaci\u00f3n a sumarse\u00a0al D\u00eda Mundial del Donante de Sangre 2022\u00a0 - LA BRAVA RADIO","robots":{"index":"index","follow":"follow","max-snippet":"max-snippet:-1","max-image-preview":"max-image-preview:large","max-video-preview":"max-video-preview:-1"},"canonical":"https:\/\/www.bbmnoticias.com\/labravaradiofm\/2022\/06\/14\/invita-imss-oaxaca-a-la-poblacion-a-sumarse-al-dia-mundial-del-donante-de-sangre-2022\/","og_locale":"es_MX","og_type":"article","og_title":"Invita IMSS Oaxaca a la poblaci\u00f3n a sumarse\u00a0al D\u00eda Mundial del Donante de Sangre 2022\u00a0 - LA BRAVA RADIO","og_description":"En el marco del D\u00eda Mundial del Donante de Sangre 2022, el \u00d3rgano de Operaci\u00f3n Administrativa Desconcentrada (OOAD) Oaxaca, a trav\u00e9s de su Jefatura de Prestaciones M\u00e9dicas, hace un llamado a la poblaci\u00f3n para que se sume a la donaci\u00f3n de plasma.&nbsp; Con el lema: &#8220;Donar sangre es un acto de solidaridad, \u00fanete al esfuerzo [&hellip;]","og_url":"https:\/\/www.bbmnoticias.com\/labravaradiofm\/2022\/06\/14\/invita-imss-oaxaca-a-la-poblacion-a-sumarse-al-dia-mundial-del-donante-de-sangre-2022\/","og_site_name":"LA BRAVA RADIO","article_published_time":"2022-06-14T18:55:57+00:00","article_modified_time":"2022-06-14T18:55:58+00:00","og_image":[{"width":800,"height":534,"url":"https:\/\/www.bbmnoticias.com\/labravaradiofm\/wp-content\/uploads\/sites\/5\/2022\/06\/imss-donante.jpg","type":"image\/jpeg"}],"author":"Staff","twitter_card":"summary_large_image","twitter_misc":{"Escrito por":"Staff","Tiempo de lectura":"2 minutos"},"schema":{"@context":"https:\/\/schema.org","@graph":[{"@type":"Article","@id":"https:\/\/www.bbmnoticias.com\/labravaradiofm\/2022\/06\/14\/invita-imss-oaxaca-a-la-poblacion-a-sumarse-al-dia-mundial-del-donante-de-sangre-2022\/#article","isPartOf":{"@id":"https:\/\/www.bbmnoticias.com\/labravaradiofm\/2022\/06\/14\/invita-imss-oaxaca-a-la-poblacion-a-sumarse-al-dia-mundial-del-donante-de-sangre-2022\/"},"author":{"name":"Staff","@id":"https:\/\/www.bbmnoticias.com\/labravaradiofm\/#\/schema\/person\/34b139c617a70ea5bef5678bffe4dd7b"},"headline":"Invita IMSS Oaxaca a la poblaci\u00f3n a sumarse\u00a0al D\u00eda Mundial del Donante de Sangre 2022\u00a0","datePublished":"2022-06-14T18:55:57+00:00","dateModified":"2022-06-14T18:55:58+00:00","mainEntityOfPage":{"@id":"https:\/\/www.bbmnoticias.com\/labravaradiofm\/2022\/06\/14\/invita-imss-oaxaca-a-la-poblacion-a-sumarse-al-dia-mundial-del-donante-de-sangre-2022\/"},"wordCount":469,"image":{"@id":"https:\/\/www.bbmnoticias.com\/labravaradiofm\/2022\/06\/14\/invita-imss-oaxaca-a-la-poblacion-a-sumarse-al-dia-mundial-del-donante-de-sangre-2022\/#primaryimage"},"thumbnailUrl":"https:\/\/www.bbmnoticias.com\/labravaradiofm\/wp-content\/uploads\/sites\/5\/2022\/06\/imss-donante.jpg","articleSection":["LOCAL"],"inLanguage":"es"},{"@type":"WebPage","@id":"https:\/\/www.bbmnoticias.com\/labravaradiofm\/2022\/06\/14\/invita-imss-oaxaca-a-la-poblacion-a-sumarse-al-dia-mundial-del-donante-de-sangre-2022\/","url":"https:\/\/www.bbmnoticias.com\/labravaradiofm\/2022\/06\/14\/invita-imss-oaxaca-a-la-poblacion-a-sumarse-al-dia-mundial-del-donante-de-sangre-2022\/","name":"Invita IMSS Oaxaca a la poblaci\u00f3n a sumarse\u00a0al D\u00eda Mundial del Donante de Sangre 2022\u00a0 - LA BRAVA RADIO","isPartOf":{"@id":"https:\/\/www.bbmnoticias.com\/labravaradiofm\/#website"},"primaryImageOfPage":{"@id":"https:\/\/www.bbmnoticias.com\/labravaradiofm\/2022\/06\/14\/invita-imss-oaxaca-a-la-poblacion-a-sumarse-al-dia-mundial-del-donante-de-sangre-2022\/#primaryimage"},"image":{"@id":"https:\/\/www.bbmnoticias.com\/labravaradiofm\/2022\/06\/14\/invita-imss-oaxaca-a-la-poblacion-a-sumarse-al-dia-mundial-del-donante-de-sangre-2022\/#primaryimage"},"thumbnailUrl":"https:\/\/www.bbmnoticias.com\/labravaradiofm\/wp-content\/uploads\/sites\/5\/2022\/06\/imss-donante.jpg","datePublished":"2022-06-14T18:55:57+00:00","dateModified":"2022-06-14T18:55:58+00:00","author":{"@id":"https:\/\/www.bbmnoticias.com\/labravaradiofm\/#\/schema\/person\/34b139c617a70ea5bef5678bffe4dd7b"},"breadcrumb":{"@id":"https:\/\/www.bbmnoticias.com\/labravaradiofm\/2022\/06\/14\/invita-imss-oaxaca-a-la-poblacion-a-sumarse-al-dia-mundial-del-donante-de-sangre-2022\/#breadcrumb"},"inLanguage":"es","potentialAction":[{"@type":"ReadAction","target":["https:\/\/www.bbmnoticias.com\/labravaradiofm\/2022\/06\/14\/invita-imss-oaxaca-a-la-poblacion-a-sumarse-al-dia-mundial-del-donante-de-sangre-2022\/"]}]},{"@type":"ImageObject","inLanguage":"es","@id":"https:\/\/www.bbmnoticias.com\/labravaradiofm\/2022\/06\/14\/invita-imss-oaxaca-a-la-poblacion-a-sumarse-al-dia-mundial-del-donante-de-sangre-2022\/#primaryimage","url":"https:\/\/www.bbmnoticias.com\/labravaradiofm\/wp-content\/uploads\/sites\/5\/2022\/06\/imss-donante.jpg","contentUrl":"https:\/\/www.bbmnoticias.com\/labravaradiofm\/wp-content\/uploads\/sites\/5\/2022\/06\/imss-donante.jpg","width":800,"height":534},{"@type":"BreadcrumbList","@id":"https:\/\/www.bbmnoticias.com\/labravaradiofm\/2022\/06\/14\/invita-imss-oaxaca-a-la-poblacion-a-sumarse-al-dia-mundial-del-donante-de-sangre-2022\/#breadcrumb","itemListElement":[{"@type":"ListItem","position":1,"name":"Inicio","item":"https:\/\/www.bbmnoticias.com\/labravaradiofm\/"},{"@type":"ListItem","position":2,"name":"Invita IMSS Oaxaca a la poblaci\u00f3n a sumarse\u00a0al D\u00eda Mundial del Donante de Sangre 2022\u00a0"}]},{"@type":"WebSite","@id":"https:\/\/www.bbmnoticias.com\/labravaradiofm\/#website","url":"https:\/\/www.bbmnoticias.com\/labravaradiofm\/","name":"LA BRAVA RADIO","description":"Empresa productora de medios, Radiodifusi\u00f3n, Noticias, tendencias y todo lo que necesitas saber de la pol\u00edtica mexicana e internacional; entretenimiento, espect\u00e1culos, salud y mucho m\u00e1s.","potentialAction":[{"@type":"SearchAction","target":{"@type":"EntryPoint","urlTemplate":"https:\/\/www.bbmnoticias.com\/labravaradiofm\/?s={search_term_string}"},"query-input":{"@type":"PropertyValueSpecification","valueRequired":true,"valueName":"search_term_string"}}],"inLanguage":"es"},{"@type":"Person","@id":"https:\/\/www.bbmnoticias.com\/labravaradiofm\/#\/schema\/person\/34b139c617a70ea5bef5678bffe4dd7b","name":"Staff","image":{"@type":"ImageObject","inLanguage":"es","@id":"https:\/\/secure.gravatar.com\/avatar\/fdd21ad66fd8b98c407f9dee5b5e588cfe7f0d8579ec20fa6527cd59bab7f0f0?s=96&d=mm&r=g","url":"https:\/\/secure.gravatar.com\/avatar\/fdd21ad66fd8b98c407f9dee5b5e588cfe7f0d8579ec20fa6527cd59bab7f0f0?s=96&d=mm&r=g","contentUrl":"https:\/\/secure.gravatar.com\/avatar\/fdd21ad66fd8b98c407f9dee5b5e588cfe7f0d8579ec20fa6527cd59bab7f0f0?s=96&d=mm&r=g","caption":"Staff"},"url":"https:\/\/www.bbmnoticias.com\/labravaradiofm\/author\/redaccion\/"}]}},"_links":{"self":[{"href":"https:\/\/www.bbmnoticias.com\/labravaradiofm\/wp-json\/wp\/v2\/posts\/14545","targetHints":{"allow":["GET"]}}],"collection":[{"href":"https:\/\/www.bbmnoticias.com\/labravaradiofm\/wp-json\/wp\/v2\/posts"}],"about":[{"href":"https:\/\/www.bbmnoticias.com\/labravaradiofm\/wp-json\/wp\/v2\/types\/post"}],"author":[{"embeddable":true,"href":"https:\/\/www.bbmnoticias.com\/labravaradiofm\/wp-json\/wp\/v2\/users\/2"}],"replies":[{"embeddable":true,"href":"https:\/\/www.bbmnoticias.com\/labravaradiofm\/wp-json\/wp\/v2\/comments?post=14545"}],"version-history":[{"count":0,"href":"https:\/\/www.bbmnoticias.com\/labravaradiofm\/wp-json\/wp\/v2\/posts\/14545\/revisions"}],"wp:featuredmedia":[{"embeddable":true,"href":"https:\/\/www.bbmnoticias.com\/labravaradiofm\/wp-json\/wp\/v2\/media\/14546"}],"wp:attachment":[{"href":"https:\/\/www.bbmnoticias.com\/labravaradiofm\/wp-json\/wp\/v2\/media?parent=14545"}],"wp:term":[{"taxonomy":"category","embeddable":true,"href":"https:\/\/www.bbmnoticias.com\/labravaradiofm\/wp-json\/wp\/v2\/categories?post=14545"},{"taxonomy":"post_tag","embeddable":true,"href":"https:\/\/www.bbmnoticias.com\/labravaradiofm\/wp-json\/wp\/v2\/tags?post=14545"}],"curies":[{"name":"wp","href":"https:\/\/api.w.org\/{rel}","templated":true}]}}