{"id":14539,"date":"2022-06-14T11:41:20","date_gmt":"2022-06-14T16:41:20","guid":{"rendered":"https:\/\/www.bbmnoticias.com\/labravaradiofm\/?p=14539"},"modified":"2022-06-14T11:41:21","modified_gmt":"2022-06-14T16:41:21","slug":"exigen-familiares-de-nicandro-pruebas-de-su-detencion","status":"publish","type":"post","link":"https:\/\/www.bbmnoticias.com\/labravaradiofm\/2022\/06\/14\/exigen-familiares-de-nicandro-pruebas-de-su-detencion\/","title":{"rendered":"Exigen familiares de Nicandro pruebas de su detenci\u00f3n"},"content":{"rendered":"<div style=\"margin-top: 0px; margin-bottom: 0px;\" class=\"sharethis-inline-share-buttons\" ><\/div>\n<p>*Refieren que las declaraciones del testigo no concuerdan con Nicandro \u201cN\u201d<\/p>\n\n\n\n<p>Juchit\u00e1n de Zaragoza, Oaxaca. A dos semanas del asesinato de Carlos Eduardo &#8220;N&#8221;, funcionario municipal de la ciudad de #Juchit\u00e1n de Zaragoza y designado como Enlace con el \u00f3rgano Corredor Interoce\u00e1nico del Istmo de Tehuantepec (CIIT) del gobierno federal, se inform\u00f3 la detenci\u00f3n de un presunto responsable.<\/p>\n\n\n\n<p>Por lo que fue detenido como presunto responsable Nicandro &#8220;N&#8221; por el delito de homicidio calificado con alevos\u00eda y ventaja.<\/p>\n\n\n\n<p>Hoy familiares y amigos del detenido, bloquean la carretera tramo Juchit\u00e1n-Tehuantepec, frente al punto conocido como el IMECA, donde se manifiestan y aclaman justicia.<\/p>\n\n\n\n<p>Por lo que, entre l\u00e1grimas y gritos de justicia, la madre de Nicandro, exige se deje en libertad a su hijo, ya que asegura el testigo fue plantado y a punta a su hijo con determinadas caracter\u00edsticas que \u00e9l no cumple.<\/p>\n\n\n\n<p>\u201cHacemos un llamado a las autoridades que esclarezcan estos hechos, por que no hay evidencias que aseguren que fue mi hijo, el testigo da otros datos, y no corresponden a mi hijo\u201d, refiri\u00f3 la madre del detenido.<\/p>\n\n\n\n<p>Esperan alguna autoridad se acerque a ellos y poder llevar a cabo su cometido, la liberaci\u00f3n de Nicandro, \u201cpedimos disculpas a las personas afectadas por este bloqueo, pero como madre enti\u00e9ndanme, estoy desesperada, \u00a1justicia!\u201d<\/p>\n","protected":false},"excerpt":{"rendered":"<p>*Refieren que las declaraciones del testigo no concuerdan con Nicandro \u201cN\u201d Juchit\u00e1n de Zaragoza, Oaxaca. A dos semanas del asesinato de Carlos Eduardo &#8220;N&#8221;, funcionario municipal de la ciudad de #Juchit\u00e1n de Zaragoza y designado como Enlace con el \u00f3rgano Corredor Interoce\u00e1nico del Istmo de Tehuantepec (CIIT) del gobierno federal, se inform\u00f3 la detenci\u00f3n de [&hellip;]<\/p>\n","protected":false},"author":3,"featured_media":14540,"comment_status":"closed","ping_status":"closed","sticky":false,"template":"","format":"standard","meta":{"footnotes":""},"categories":[1],"tags":[],"class_list":{"0":"post-14539","1":"post","2":"type-post","3":"status-publish","4":"format-standard","5":"has-post-thumbnail","7":"category-sin-categoria"},"yoast_head":"<!-- This site is optimized with the Yoast SEO plugin v27.4 - https:\/\/yoast.com\/product\/yoast-seo-wordpress\/ -->\n<title>Exigen familiares de Nicandro pruebas de su detenci\u00f3n - LA BRAVA RADIO<\/title>\n<meta name=\"robots\" content=\"index, follow, max-snippet:-1, max-image-preview:large, max-video-preview:-1\" \/>\n<link rel=\"canonical\" href=\"https:\/\/www.bbmnoticias.com\/labravaradiofm\/2022\/06\/14\/exigen-familiares-de-nicandro-pruebas-de-su-detencion\/\" \/>\n<meta property=\"og:locale\" content=\"es_MX\" \/>\n<meta property=\"og:type\" content=\"article\" \/>\n<meta property=\"og:title\" content=\"Exigen familiares de Nicandro pruebas de su detenci\u00f3n - LA BRAVA RADIO\" \/>\n<meta property=\"og:description\" content=\"*Refieren que las declaraciones del testigo no concuerdan con Nicandro \u201cN\u201d Juchit\u00e1n de Zaragoza, Oaxaca. A dos semanas del asesinato de Carlos Eduardo &#8220;N&#8221;, funcionario municipal de la ciudad de #Juchit\u00e1n de Zaragoza y designado como Enlace con el \u00f3rgano Corredor Interoce\u00e1nico del Istmo de Tehuantepec (CIIT) del gobierno federal, se inform\u00f3 la detenci\u00f3n de [&hellip;]\" \/>\n<meta property=\"og:url\" content=\"https:\/\/www.bbmnoticias.com\/labravaradiofm\/2022\/06\/14\/exigen-familiares-de-nicandro-pruebas-de-su-detencion\/\" \/>\n<meta property=\"og:site_name\" content=\"LA BRAVA RADIO\" \/>\n<meta property=\"article:author\" content=\"https:\/\/www.facebook.com\/EdwinMeneses30\" \/>\n<meta property=\"article:published_time\" content=\"2022-06-14T16:41:20+00:00\" \/>\n<meta property=\"article:modified_time\" content=\"2022-06-14T16:41:21+00:00\" \/>\n<meta property=\"og:image\" content=\"https:\/\/www.bbmnoticias.com\/labravaradiofm\/wp-content\/uploads\/sites\/5\/2022\/06\/bloqueo-istmo-2.jpg\" \/>\n\t<meta property=\"og:image:width\" content=\"1243\" \/>\n\t<meta property=\"og:image:height\" content=\"720\" \/>\n\t<meta property=\"og:image:type\" content=\"image\/jpeg\" \/>\n<meta name=\"author\" content=\"Edwin MENESES\" \/>\n<meta name=\"twitter:card\" content=\"summary_large_image\" \/>\n<meta name=\"twitter:creator\" content=\"@https:\/\/twitter.com\/edwin_meneses81\" \/>\n<meta name=\"twitter:label1\" content=\"Escrito por\" \/>\n\t<meta name=\"twitter:data1\" content=\"Edwin MENESES\" \/>\n\t<meta name=\"twitter:label2\" content=\"Tiempo de lectura\" \/>\n\t<meta name=\"twitter:data2\" content=\"1 minuto\" \/>\n<script type=\"application\/ld+json\" class=\"yoast-schema-graph\">{\"@context\":\"https:\\\/\\\/schema.org\",\"@graph\":[{\"@type\":\"Article\",\"@id\":\"https:\\\/\\\/www.bbmnoticias.com\\\/labravaradiofm\\\/2022\\\/06\\\/14\\\/exigen-familiares-de-nicandro-pruebas-de-su-detencion\\\/#article\",\"isPartOf\":{\"@id\":\"https:\\\/\\\/www.bbmnoticias.com\\\/labravaradiofm\\\/2022\\\/06\\\/14\\\/exigen-familiares-de-nicandro-pruebas-de-su-detencion\\\/\"},\"author\":{\"name\":\"Edwin MENESES\",\"@id\":\"https:\\\/\\\/www.bbmnoticias.com\\\/labravaradiofm\\\/#\\\/schema\\\/person\\\/ac8532773d4f65dd24a852ecaf4c3ed0\"},\"headline\":\"Exigen familiares de Nicandro pruebas de su detenci\u00f3n\",\"datePublished\":\"2022-06-14T16:41:20+00:00\",\"dateModified\":\"2022-06-14T16:41:21+00:00\",\"mainEntityOfPage\":{\"@id\":\"https:\\\/\\\/www.bbmnoticias.com\\\/labravaradiofm\\\/2022\\\/06\\\/14\\\/exigen-familiares-de-nicandro-pruebas-de-su-detencion\\\/\"},\"wordCount\":233,\"image\":{\"@id\":\"https:\\\/\\\/www.bbmnoticias.com\\\/labravaradiofm\\\/2022\\\/06\\\/14\\\/exigen-familiares-de-nicandro-pruebas-de-su-detencion\\\/#primaryimage\"},\"thumbnailUrl\":\"https:\\\/\\\/www.bbmnoticias.com\\\/labravaradiofm\\\/wp-content\\\/uploads\\\/sites\\\/5\\\/2022\\\/06\\\/bloqueo-istmo-2.jpg\",\"inLanguage\":\"es\"},{\"@type\":\"WebPage\",\"@id\":\"https:\\\/\\\/www.bbmnoticias.com\\\/labravaradiofm\\\/2022\\\/06\\\/14\\\/exigen-familiares-de-nicandro-pruebas-de-su-detencion\\\/\",\"url\":\"https:\\\/\\\/www.bbmnoticias.com\\\/labravaradiofm\\\/2022\\\/06\\\/14\\\/exigen-familiares-de-nicandro-pruebas-de-su-detencion\\\/\",\"name\":\"Exigen familiares de Nicandro pruebas de su detenci\u00f3n - LA BRAVA RADIO\",\"isPartOf\":{\"@id\":\"https:\\\/\\\/www.bbmnoticias.com\\\/labravaradiofm\\\/#website\"},\"primaryImageOfPage\":{\"@id\":\"https:\\\/\\\/www.bbmnoticias.com\\\/labravaradiofm\\\/2022\\\/06\\\/14\\\/exigen-familiares-de-nicandro-pruebas-de-su-detencion\\\/#primaryimage\"},\"image\":{\"@id\":\"https:\\\/\\\/www.bbmnoticias.com\\\/labravaradiofm\\\/2022\\\/06\\\/14\\\/exigen-familiares-de-nicandro-pruebas-de-su-detencion\\\/#primaryimage\"},\"thumbnailUrl\":\"https:\\\/\\\/www.bbmnoticias.com\\\/labravaradiofm\\\/wp-content\\\/uploads\\\/sites\\\/5\\\/2022\\\/06\\\/bloqueo-istmo-2.jpg\",\"datePublished\":\"2022-06-14T16:41:20+00:00\",\"dateModified\":\"2022-06-14T16:41:21+00:00\",\"author\":{\"@id\":\"https:\\\/\\\/www.bbmnoticias.com\\\/labravaradiofm\\\/#\\\/schema\\\/person\\\/ac8532773d4f65dd24a852ecaf4c3ed0\"},\"breadcrumb\":{\"@id\":\"https:\\\/\\\/www.bbmnoticias.com\\\/labravaradiofm\\\/2022\\\/06\\\/14\\\/exigen-familiares-de-nicandro-pruebas-de-su-detencion\\\/#breadcrumb\"},\"inLanguage\":\"es\",\"potentialAction\":[{\"@type\":\"ReadAction\",\"target\":[\"https:\\\/\\\/www.bbmnoticias.com\\\/labravaradiofm\\\/2022\\\/06\\\/14\\\/exigen-familiares-de-nicandro-pruebas-de-su-detencion\\\/\"]}]},{\"@type\":\"ImageObject\",\"inLanguage\":\"es\",\"@id\":\"https:\\\/\\\/www.bbmnoticias.com\\\/labravaradiofm\\\/2022\\\/06\\\/14\\\/exigen-familiares-de-nicandro-pruebas-de-su-detencion\\\/#primaryimage\",\"url\":\"https:\\\/\\\/www.bbmnoticias.com\\\/labravaradiofm\\\/wp-content\\\/uploads\\\/sites\\\/5\\\/2022\\\/06\\\/bloqueo-istmo-2.jpg\",\"contentUrl\":\"https:\\\/\\\/www.bbmnoticias.com\\\/labravaradiofm\\\/wp-content\\\/uploads\\\/sites\\\/5\\\/2022\\\/06\\\/bloqueo-istmo-2.jpg\",\"width\":1243,\"height\":720},{\"@type\":\"BreadcrumbList\",\"@id\":\"https:\\\/\\\/www.bbmnoticias.com\\\/labravaradiofm\\\/2022\\\/06\\\/14\\\/exigen-familiares-de-nicandro-pruebas-de-su-detencion\\\/#breadcrumb\",\"itemListElement\":[{\"@type\":\"ListItem\",\"position\":1,\"name\":\"Inicio\",\"item\":\"https:\\\/\\\/www.bbmnoticias.com\\\/labravaradiofm\\\/\"},{\"@type\":\"ListItem\",\"position\":2,\"name\":\"Exigen familiares de Nicandro pruebas de su detenci\u00f3n\"}]},{\"@type\":\"WebSite\",\"@id\":\"https:\\\/\\\/www.bbmnoticias.com\\\/labravaradiofm\\\/#website\",\"url\":\"https:\\\/\\\/www.bbmnoticias.com\\\/labravaradiofm\\\/\",\"name\":\"LA BRAVA RADIO\",\"description\":\"Empresa productora de medios, Radiodifusi\u00f3n, Noticias, tendencias y todo lo que necesitas saber de la pol\u00edtica mexicana e internacional; entretenimiento, espect\u00e1culos, salud y mucho m\u00e1s.\",\"potentialAction\":[{\"@type\":\"SearchAction\",\"target\":{\"@type\":\"EntryPoint\",\"urlTemplate\":\"https:\\\/\\\/www.bbmnoticias.com\\\/labravaradiofm\\\/?s={search_term_string}\"},\"query-input\":{\"@type\":\"PropertyValueSpecification\",\"valueRequired\":true,\"valueName\":\"search_term_string\"}}],\"inLanguage\":\"es\"},{\"@type\":\"Person\",\"@id\":\"https:\\\/\\\/www.bbmnoticias.com\\\/labravaradiofm\\\/#\\\/schema\\\/person\\\/ac8532773d4f65dd24a852ecaf4c3ed0\",\"name\":\"Edwin MENESES\",\"image\":{\"@type\":\"ImageObject\",\"inLanguage\":\"es\",\"@id\":\"https:\\\/\\\/secure.gravatar.com\\\/avatar\\\/202a15439445248653d719ff745fa195bcc0553404b070fe317543754f253c4f?s=96&d=mm&r=g\",\"url\":\"https:\\\/\\\/secure.gravatar.com\\\/avatar\\\/202a15439445248653d719ff745fa195bcc0553404b070fe317543754f253c4f?s=96&d=mm&r=g\",\"contentUrl\":\"https:\\\/\\\/secure.gravatar.com\\\/avatar\\\/202a15439445248653d719ff745fa195bcc0553404b070fe317543754f253c4f?s=96&d=mm&r=g\",\"caption\":\"Edwin MENESES\"},\"sameAs\":[\"https:\\\/\\\/www.bbmnoticias.com\",\"https:\\\/\\\/www.facebook.com\\\/EdwinMeneses30\",\"https:\\\/\\\/x.com\\\/https:\\\/\\\/twitter.com\\\/edwin_meneses81\"],\"url\":\"https:\\\/\\\/www.bbmnoticias.com\\\/labravaradiofm\\\/author\\\/edwin\\\/\"}]}<\/script>\n<!-- \/ Yoast SEO plugin. -->","yoast_head_json":{"title":"Exigen familiares de Nicandro pruebas de su detenci\u00f3n - LA BRAVA RADIO","robots":{"index":"index","follow":"follow","max-snippet":"max-snippet:-1","max-image-preview":"max-image-preview:large","max-video-preview":"max-video-preview:-1"},"canonical":"https:\/\/www.bbmnoticias.com\/labravaradiofm\/2022\/06\/14\/exigen-familiares-de-nicandro-pruebas-de-su-detencion\/","og_locale":"es_MX","og_type":"article","og_title":"Exigen familiares de Nicandro pruebas de su detenci\u00f3n - LA BRAVA RADIO","og_description":"*Refieren que las declaraciones del testigo no concuerdan con Nicandro \u201cN\u201d Juchit\u00e1n de Zaragoza, Oaxaca. A dos semanas del asesinato de Carlos Eduardo &#8220;N&#8221;, funcionario municipal de la ciudad de #Juchit\u00e1n de Zaragoza y designado como Enlace con el \u00f3rgano Corredor Interoce\u00e1nico del Istmo de Tehuantepec (CIIT) del gobierno federal, se inform\u00f3 la detenci\u00f3n de [&hellip;]","og_url":"https:\/\/www.bbmnoticias.com\/labravaradiofm\/2022\/06\/14\/exigen-familiares-de-nicandro-pruebas-de-su-detencion\/","og_site_name":"LA BRAVA RADIO","article_author":"https:\/\/www.facebook.com\/EdwinMeneses30","article_published_time":"2022-06-14T16:41:20+00:00","article_modified_time":"2022-06-14T16:41:21+00:00","og_image":[{"width":1243,"height":720,"url":"https:\/\/www.bbmnoticias.com\/labravaradiofm\/wp-content\/uploads\/sites\/5\/2022\/06\/bloqueo-istmo-2.jpg","type":"image\/jpeg"}],"author":"Edwin MENESES","twitter_card":"summary_large_image","twitter_creator":"@https:\/\/twitter.com\/edwin_meneses81","twitter_misc":{"Escrito por":"Edwin MENESES","Tiempo de lectura":"1 minuto"},"schema":{"@context":"https:\/\/schema.org","@graph":[{"@type":"Article","@id":"https:\/\/www.bbmnoticias.com\/labravaradiofm\/2022\/06\/14\/exigen-familiares-de-nicandro-pruebas-de-su-detencion\/#article","isPartOf":{"@id":"https:\/\/www.bbmnoticias.com\/labravaradiofm\/2022\/06\/14\/exigen-familiares-de-nicandro-pruebas-de-su-detencion\/"},"author":{"name":"Edwin MENESES","@id":"https:\/\/www.bbmnoticias.com\/labravaradiofm\/#\/schema\/person\/ac8532773d4f65dd24a852ecaf4c3ed0"},"headline":"Exigen familiares de Nicandro pruebas de su detenci\u00f3n","datePublished":"2022-06-14T16:41:20+00:00","dateModified":"2022-06-14T16:41:21+00:00","mainEntityOfPage":{"@id":"https:\/\/www.bbmnoticias.com\/labravaradiofm\/2022\/06\/14\/exigen-familiares-de-nicandro-pruebas-de-su-detencion\/"},"wordCount":233,"image":{"@id":"https:\/\/www.bbmnoticias.com\/labravaradiofm\/2022\/06\/14\/exigen-familiares-de-nicandro-pruebas-de-su-detencion\/#primaryimage"},"thumbnailUrl":"https:\/\/www.bbmnoticias.com\/labravaradiofm\/wp-content\/uploads\/sites\/5\/2022\/06\/bloqueo-istmo-2.jpg","inLanguage":"es"},{"@type":"WebPage","@id":"https:\/\/www.bbmnoticias.com\/labravaradiofm\/2022\/06\/14\/exigen-familiares-de-nicandro-pruebas-de-su-detencion\/","url":"https:\/\/www.bbmnoticias.com\/labravaradiofm\/2022\/06\/14\/exigen-familiares-de-nicandro-pruebas-de-su-detencion\/","name":"Exigen familiares de Nicandro pruebas de su detenci\u00f3n - LA BRAVA RADIO","isPartOf":{"@id":"https:\/\/www.bbmnoticias.com\/labravaradiofm\/#website"},"primaryImageOfPage":{"@id":"https:\/\/www.bbmnoticias.com\/labravaradiofm\/2022\/06\/14\/exigen-familiares-de-nicandro-pruebas-de-su-detencion\/#primaryimage"},"image":{"@id":"https:\/\/www.bbmnoticias.com\/labravaradiofm\/2022\/06\/14\/exigen-familiares-de-nicandro-pruebas-de-su-detencion\/#primaryimage"},"thumbnailUrl":"https:\/\/www.bbmnoticias.com\/labravaradiofm\/wp-content\/uploads\/sites\/5\/2022\/06\/bloqueo-istmo-2.jpg","datePublished":"2022-06-14T16:41:20+00:00","dateModified":"2022-06-14T16:41:21+00:00","author":{"@id":"https:\/\/www.bbmnoticias.com\/labravaradiofm\/#\/schema\/person\/ac8532773d4f65dd24a852ecaf4c3ed0"},"breadcrumb":{"@id":"https:\/\/www.bbmnoticias.com\/labravaradiofm\/2022\/06\/14\/exigen-familiares-de-nicandro-pruebas-de-su-detencion\/#breadcrumb"},"inLanguage":"es","potentialAction":[{"@type":"ReadAction","target":["https:\/\/www.bbmnoticias.com\/labravaradiofm\/2022\/06\/14\/exigen-familiares-de-nicandro-pruebas-de-su-detencion\/"]}]},{"@type":"ImageObject","inLanguage":"es","@id":"https:\/\/www.bbmnoticias.com\/labravaradiofm\/2022\/06\/14\/exigen-familiares-de-nicandro-pruebas-de-su-detencion\/#primaryimage","url":"https:\/\/www.bbmnoticias.com\/labravaradiofm\/wp-content\/uploads\/sites\/5\/2022\/06\/bloqueo-istmo-2.jpg","contentUrl":"https:\/\/www.bbmnoticias.com\/labravaradiofm\/wp-content\/uploads\/sites\/5\/2022\/06\/bloqueo-istmo-2.jpg","width":1243,"height":720},{"@type":"BreadcrumbList","@id":"https:\/\/www.bbmnoticias.com\/labravaradiofm\/2022\/06\/14\/exigen-familiares-de-nicandro-pruebas-de-su-detencion\/#breadcrumb","itemListElement":[{"@type":"ListItem","position":1,"name":"Inicio","item":"https:\/\/www.bbmnoticias.com\/labravaradiofm\/"},{"@type":"ListItem","position":2,"name":"Exigen familiares de Nicandro pruebas de su detenci\u00f3n"}]},{"@type":"WebSite","@id":"https:\/\/www.bbmnoticias.com\/labravaradiofm\/#website","url":"https:\/\/www.bbmnoticias.com\/labravaradiofm\/","name":"LA BRAVA RADIO","description":"Empresa productora de medios, Radiodifusi\u00f3n, Noticias, tendencias y todo lo que necesitas saber de la pol\u00edtica mexicana e internacional; entretenimiento, espect\u00e1culos, salud y mucho m\u00e1s.","potentialAction":[{"@type":"SearchAction","target":{"@type":"EntryPoint","urlTemplate":"https:\/\/www.bbmnoticias.com\/labravaradiofm\/?s={search_term_string}"},"query-input":{"@type":"PropertyValueSpecification","valueRequired":true,"valueName":"search_term_string"}}],"inLanguage":"es"},{"@type":"Person","@id":"https:\/\/www.bbmnoticias.com\/labravaradiofm\/#\/schema\/person\/ac8532773d4f65dd24a852ecaf4c3ed0","name":"Edwin MENESES","image":{"@type":"ImageObject","inLanguage":"es","@id":"https:\/\/secure.gravatar.com\/avatar\/202a15439445248653d719ff745fa195bcc0553404b070fe317543754f253c4f?s=96&d=mm&r=g","url":"https:\/\/secure.gravatar.com\/avatar\/202a15439445248653d719ff745fa195bcc0553404b070fe317543754f253c4f?s=96&d=mm&r=g","contentUrl":"https:\/\/secure.gravatar.com\/avatar\/202a15439445248653d719ff745fa195bcc0553404b070fe317543754f253c4f?s=96&d=mm&r=g","caption":"Edwin MENESES"},"sameAs":["https:\/\/www.bbmnoticias.com","https:\/\/www.facebook.com\/EdwinMeneses30","https:\/\/x.com\/https:\/\/twitter.com\/edwin_meneses81"],"url":"https:\/\/www.bbmnoticias.com\/labravaradiofm\/author\/edwin\/"}]}},"_links":{"self":[{"href":"https:\/\/www.bbmnoticias.com\/labravaradiofm\/wp-json\/wp\/v2\/posts\/14539","targetHints":{"allow":["GET"]}}],"collection":[{"href":"https:\/\/www.bbmnoticias.com\/labravaradiofm\/wp-json\/wp\/v2\/posts"}],"about":[{"href":"https:\/\/www.bbmnoticias.com\/labravaradiofm\/wp-json\/wp\/v2\/types\/post"}],"author":[{"embeddable":true,"href":"https:\/\/www.bbmnoticias.com\/labravaradiofm\/wp-json\/wp\/v2\/users\/3"}],"replies":[{"embeddable":true,"href":"https:\/\/www.bbmnoticias.com\/labravaradiofm\/wp-json\/wp\/v2\/comments?post=14539"}],"version-history":[{"count":0,"href":"https:\/\/www.bbmnoticias.com\/labravaradiofm\/wp-json\/wp\/v2\/posts\/14539\/revisions"}],"wp:featuredmedia":[{"embeddable":true,"href":"https:\/\/www.bbmnoticias.com\/labravaradiofm\/wp-json\/wp\/v2\/media\/14540"}],"wp:attachment":[{"href":"https:\/\/www.bbmnoticias.com\/labravaradiofm\/wp-json\/wp\/v2\/media?parent=14539"}],"wp:term":[{"taxonomy":"category","embeddable":true,"href":"https:\/\/www.bbmnoticias.com\/labravaradiofm\/wp-json\/wp\/v2\/categories?post=14539"},{"taxonomy":"post_tag","embeddable":true,"href":"https:\/\/www.bbmnoticias.com\/labravaradiofm\/wp-json\/wp\/v2\/tags?post=14539"}],"curies":[{"name":"wp","href":"https:\/\/api.w.org\/{rel}","templated":true}]}}