{"id":14533,"date":"2022-06-14T09:51:00","date_gmt":"2022-06-14T14:51:00","guid":{"rendered":"https:\/\/www.bbmnoticias.com\/labravaradiofm\/?p=14533"},"modified":"2022-06-14T09:51:01","modified_gmt":"2022-06-14T14:51:01","slug":"mexico-reporta-5-casos-de-viruela-del-mono-descarta-pandemia","status":"publish","type":"post","link":"https:\/\/www.bbmnoticias.com\/labravaradiofm\/2022\/06\/14\/mexico-reporta-5-casos-de-viruela-del-mono-descarta-pandemia\/","title":{"rendered":"M\u00e9xico reporta 5 casos de viruela del mono; descarta pandemia"},"content":{"rendered":"<div style=\"margin-top: 0px; margin-bottom: 0px;\" class=\"sharethis-inline-share-buttons\" ><\/div>\n<p>La&nbsp;Secretar\u00eda de Salud (<strong>Ssa<\/strong>) inform\u00f3 que se reportan <strong>cinco casos de la viruela del mono en M\u00e9xico<\/strong> y descart\u00f3 que la enfermedad se vaya a convertir en una pandemia.<\/p>\n\n\n\n<figure class=\"wp-block-pullquote\"><blockquote><p>&#8220;En este momento ya llevamos cinco casos en M\u00e9xico; cuatro en la Ciudad de M\u00e9xico, uno que fue notificado en Jalisco y confirmado en Estados Unidos porque el paciente, a pocas horas de que fue atendido en M\u00e9xico, se fue a Estados Unidos, donde reside&#8221;, inform\u00f3 el subsecretario de Salud, Hugo L\u00f3pez-Gatell.<\/p><\/blockquote><\/figure>\n\n\n\n<p>En La Ma\u00f1anera desde Palacio Nacional, el funcionario adelant\u00f3 que <strong>no se espera que la viruela del mono se convierta en una pandemia<\/strong>, aunque, a futuro, lo m\u00e1s probable es que se encuentren algunos casos espor\u00e1dicamente.<\/p>\n\n\n\n<figure class=\"wp-block-pullquote\"><blockquote><p>Podr\u00eda existir \u201cla vinculaci\u00f3n de un caso que contagie a otro. De estos cinco uno fue contagiado por otro del mismo grupo, pero no hay alguna anticipaci\u00f3n de que esto vaya a convertirse en una pandemia\u201d.<\/p><\/blockquote><\/figure>\n\n\n\n<p>Agreg\u00f3 que, a diferencia de hace cuatro o cinco a\u00f1os, actualmente <strong>existen dos vacunas que en su momento fueron desarrolladas para la viruela humana<\/strong>. Sin embargo, la protecci\u00f3n contra la viruela del mono es &#8220;mediocre&#8221;.<\/p>\n\n\n\n<figure class=\"wp-block-pullquote\"><blockquote><p>Adem\u00e1s, &#8220;hay un medicamento antiviral que podr\u00eda tener cierta utilidad, pero ninguno de estos son una soluci\u00f3n definitiva a un problema que se presenta de una manera puntual y localizada&#8221;.<\/p><\/blockquote><\/figure>\n\n\n\n<p>L\u00f3pez-Gatell record\u00f3 que la enfermedad es com\u00fan en poblaciones de simios, principalmente en las zonas central y occidental&nbsp;de \u00c1frica. <strong>Hay siete naciones que registran la circulaci\u00f3n permanente<\/strong> del virus en distintas especies en monos.<\/p>\n\n\n\n<figure class=\"wp-block-pullquote\"><blockquote><p>&#8220;Ocasionalmente afecta a humanos y en esos pa\u00edses, al menos desde 1970, se encontr\u00f3 que pod\u00eda haber casos y peque\u00f1os brotes en familias o comunidades. Lo que es inusual es que pa\u00edses que normalmente no registraban sistem\u00e1ticamente casos de viruela del mono lo est\u00e1n registrando&#8221;.<\/p><\/blockquote><\/figure>\n\n\n\n<p>Por ello, el funcionario pidi\u00f3 a la poblaci\u00f3n <strong>mantener la calma y no dejarse llevar por el p\u00e1nico<\/strong>, pues existe&nbsp;una ola medi\u00e1tica en el mundo con respecto a la viruela del mono.<\/p>\n\n\n\n<figure class=\"wp-block-pullquote\"><blockquote><p>&#8220;Hay una percepci\u00f3n, posiblemente amplificada sin una base cient\u00edfica, de que \u00e9ste es un brote en r\u00e1pida expansi\u00f3n. Lo m\u00e1s probable es que es un brote donde la informaci\u00f3n est\u00e1 haciendo que se descubra algo que llevaba muchos a\u00f1os, por lo menos en los \u00faltimos 15 a\u00f1os ha habido brotes en Europa y Estados Unidos&#8221;.<\/p><\/blockquote><\/figure>\n","protected":false},"excerpt":{"rendered":"<p>La&nbsp;Secretar\u00eda de Salud (Ssa) inform\u00f3 que se reportan cinco casos de la viruela del mono en M\u00e9xico y descart\u00f3 que la enfermedad se vaya a convertir en una pandemia. &#8220;En este momento ya llevamos cinco casos en M\u00e9xico; cuatro en la Ciudad de M\u00e9xico, uno que fue notificado en Jalisco y confirmado en Estados Unidos [&hellip;]<\/p>\n","protected":false},"author":9,"featured_media":14534,"comment_status":"closed","ping_status":"closed","sticky":false,"template":"","format":"standard","meta":{"footnotes":""},"categories":[19],"tags":[],"class_list":{"0":"post-14533","1":"post","2":"type-post","3":"status-publish","4":"format-standard","5":"has-post-thumbnail","7":"category-nacional"},"yoast_head":"<!-- This site is optimized with the Yoast SEO plugin v27.4 - https:\/\/yoast.com\/product\/yoast-seo-wordpress\/ -->\n<title>M\u00e9xico reporta 5 casos de viruela del mono; descarta pandemia - LA BRAVA RADIO<\/title>\n<meta name=\"robots\" content=\"index, follow, max-snippet:-1, max-image-preview:large, max-video-preview:-1\" \/>\n<link rel=\"canonical\" href=\"https:\/\/www.bbmnoticias.com\/labravaradiofm\/2022\/06\/14\/mexico-reporta-5-casos-de-viruela-del-mono-descarta-pandemia\/\" \/>\n<meta property=\"og:locale\" content=\"es_MX\" \/>\n<meta property=\"og:type\" content=\"article\" \/>\n<meta property=\"og:title\" content=\"M\u00e9xico reporta 5 casos de viruela del mono; descarta pandemia - LA BRAVA RADIO\" \/>\n<meta property=\"og:description\" content=\"La&nbsp;Secretar\u00eda de Salud (Ssa) inform\u00f3 que se reportan cinco casos de la viruela del mono en M\u00e9xico y descart\u00f3 que la enfermedad se vaya a convertir en una pandemia. &#8220;En este momento ya llevamos cinco casos en M\u00e9xico; cuatro en la Ciudad de M\u00e9xico, uno que fue notificado en Jalisco y confirmado en Estados Unidos [&hellip;]\" \/>\n<meta property=\"og:url\" content=\"https:\/\/www.bbmnoticias.com\/labravaradiofm\/2022\/06\/14\/mexico-reporta-5-casos-de-viruela-del-mono-descarta-pandemia\/\" \/>\n<meta property=\"og:site_name\" content=\"LA BRAVA RADIO\" \/>\n<meta property=\"article:published_time\" content=\"2022-06-14T14:51:00+00:00\" \/>\n<meta property=\"article:modified_time\" content=\"2022-06-14T14:51:01+00:00\" \/>\n<meta property=\"og:image\" content=\"https:\/\/www.bbmnoticias.com\/labravaradiofm\/wp-content\/uploads\/sites\/5\/2022\/06\/viruela-mono.jpg\" \/>\n\t<meta property=\"og:image:width\" content=\"1200\" \/>\n\t<meta property=\"og:image:height\" content=\"630\" \/>\n\t<meta property=\"og:image:type\" content=\"image\/jpeg\" \/>\n<meta name=\"author\" content=\"Milenio\" \/>\n<meta name=\"twitter:card\" content=\"summary_large_image\" \/>\n<meta name=\"twitter:label1\" content=\"Escrito por\" \/>\n\t<meta name=\"twitter:data1\" content=\"Milenio\" \/>\n\t<meta name=\"twitter:label2\" content=\"Tiempo de lectura\" \/>\n\t<meta name=\"twitter:data2\" content=\"2 minutos\" \/>\n<script type=\"application\/ld+json\" class=\"yoast-schema-graph\">{\"@context\":\"https:\\\/\\\/schema.org\",\"@graph\":[{\"@type\":\"Article\",\"@id\":\"https:\\\/\\\/www.bbmnoticias.com\\\/labravaradiofm\\\/2022\\\/06\\\/14\\\/mexico-reporta-5-casos-de-viruela-del-mono-descarta-pandemia\\\/#article\",\"isPartOf\":{\"@id\":\"https:\\\/\\\/www.bbmnoticias.com\\\/labravaradiofm\\\/2022\\\/06\\\/14\\\/mexico-reporta-5-casos-de-viruela-del-mono-descarta-pandemia\\\/\"},\"author\":{\"name\":\"Milenio\",\"@id\":\"https:\\\/\\\/www.bbmnoticias.com\\\/labravaradiofm\\\/#\\\/schema\\\/person\\\/1e4f9fdcc0861e07811d58b3cabb2be6\"},\"headline\":\"M\u00e9xico reporta 5 casos de viruela del mono; descarta pandemia\",\"datePublished\":\"2022-06-14T14:51:00+00:00\",\"dateModified\":\"2022-06-14T14:51:01+00:00\",\"mainEntityOfPage\":{\"@id\":\"https:\\\/\\\/www.bbmnoticias.com\\\/labravaradiofm\\\/2022\\\/06\\\/14\\\/mexico-reporta-5-casos-de-viruela-del-mono-descarta-pandemia\\\/\"},\"wordCount\":435,\"image\":{\"@id\":\"https:\\\/\\\/www.bbmnoticias.com\\\/labravaradiofm\\\/2022\\\/06\\\/14\\\/mexico-reporta-5-casos-de-viruela-del-mono-descarta-pandemia\\\/#primaryimage\"},\"thumbnailUrl\":\"https:\\\/\\\/www.bbmnoticias.com\\\/labravaradiofm\\\/wp-content\\\/uploads\\\/sites\\\/5\\\/2022\\\/06\\\/viruela-mono.jpg\",\"articleSection\":[\"NACIONAL\"],\"inLanguage\":\"es\"},{\"@type\":\"WebPage\",\"@id\":\"https:\\\/\\\/www.bbmnoticias.com\\\/labravaradiofm\\\/2022\\\/06\\\/14\\\/mexico-reporta-5-casos-de-viruela-del-mono-descarta-pandemia\\\/\",\"url\":\"https:\\\/\\\/www.bbmnoticias.com\\\/labravaradiofm\\\/2022\\\/06\\\/14\\\/mexico-reporta-5-casos-de-viruela-del-mono-descarta-pandemia\\\/\",\"name\":\"M\u00e9xico reporta 5 casos de viruela del mono; descarta pandemia - LA BRAVA RADIO\",\"isPartOf\":{\"@id\":\"https:\\\/\\\/www.bbmnoticias.com\\\/labravaradiofm\\\/#website\"},\"primaryImageOfPage\":{\"@id\":\"https:\\\/\\\/www.bbmnoticias.com\\\/labravaradiofm\\\/2022\\\/06\\\/14\\\/mexico-reporta-5-casos-de-viruela-del-mono-descarta-pandemia\\\/#primaryimage\"},\"image\":{\"@id\":\"https:\\\/\\\/www.bbmnoticias.com\\\/labravaradiofm\\\/2022\\\/06\\\/14\\\/mexico-reporta-5-casos-de-viruela-del-mono-descarta-pandemia\\\/#primaryimage\"},\"thumbnailUrl\":\"https:\\\/\\\/www.bbmnoticias.com\\\/labravaradiofm\\\/wp-content\\\/uploads\\\/sites\\\/5\\\/2022\\\/06\\\/viruela-mono.jpg\",\"datePublished\":\"2022-06-14T14:51:00+00:00\",\"dateModified\":\"2022-06-14T14:51:01+00:00\",\"author\":{\"@id\":\"https:\\\/\\\/www.bbmnoticias.com\\\/labravaradiofm\\\/#\\\/schema\\\/person\\\/1e4f9fdcc0861e07811d58b3cabb2be6\"},\"breadcrumb\":{\"@id\":\"https:\\\/\\\/www.bbmnoticias.com\\\/labravaradiofm\\\/2022\\\/06\\\/14\\\/mexico-reporta-5-casos-de-viruela-del-mono-descarta-pandemia\\\/#breadcrumb\"},\"inLanguage\":\"es\",\"potentialAction\":[{\"@type\":\"ReadAction\",\"target\":[\"https:\\\/\\\/www.bbmnoticias.com\\\/labravaradiofm\\\/2022\\\/06\\\/14\\\/mexico-reporta-5-casos-de-viruela-del-mono-descarta-pandemia\\\/\"]}]},{\"@type\":\"ImageObject\",\"inLanguage\":\"es\",\"@id\":\"https:\\\/\\\/www.bbmnoticias.com\\\/labravaradiofm\\\/2022\\\/06\\\/14\\\/mexico-reporta-5-casos-de-viruela-del-mono-descarta-pandemia\\\/#primaryimage\",\"url\":\"https:\\\/\\\/www.bbmnoticias.com\\\/labravaradiofm\\\/wp-content\\\/uploads\\\/sites\\\/5\\\/2022\\\/06\\\/viruela-mono.jpg\",\"contentUrl\":\"https:\\\/\\\/www.bbmnoticias.com\\\/labravaradiofm\\\/wp-content\\\/uploads\\\/sites\\\/5\\\/2022\\\/06\\\/viruela-mono.jpg\",\"width\":1200,\"height\":630},{\"@type\":\"BreadcrumbList\",\"@id\":\"https:\\\/\\\/www.bbmnoticias.com\\\/labravaradiofm\\\/2022\\\/06\\\/14\\\/mexico-reporta-5-casos-de-viruela-del-mono-descarta-pandemia\\\/#breadcrumb\",\"itemListElement\":[{\"@type\":\"ListItem\",\"position\":1,\"name\":\"Inicio\",\"item\":\"https:\\\/\\\/www.bbmnoticias.com\\\/labravaradiofm\\\/\"},{\"@type\":\"ListItem\",\"position\":2,\"name\":\"M\u00e9xico reporta 5 casos de viruela del mono; descarta pandemia\"}]},{\"@type\":\"WebSite\",\"@id\":\"https:\\\/\\\/www.bbmnoticias.com\\\/labravaradiofm\\\/#website\",\"url\":\"https:\\\/\\\/www.bbmnoticias.com\\\/labravaradiofm\\\/\",\"name\":\"LA BRAVA RADIO\",\"description\":\"Empresa productora de medios, Radiodifusi\u00f3n, Noticias, tendencias y todo lo que necesitas saber de la pol\u00edtica mexicana e internacional; entretenimiento, espect\u00e1culos, salud y mucho m\u00e1s.\",\"potentialAction\":[{\"@type\":\"SearchAction\",\"target\":{\"@type\":\"EntryPoint\",\"urlTemplate\":\"https:\\\/\\\/www.bbmnoticias.com\\\/labravaradiofm\\\/?s={search_term_string}\"},\"query-input\":{\"@type\":\"PropertyValueSpecification\",\"valueRequired\":true,\"valueName\":\"search_term_string\"}}],\"inLanguage\":\"es\"},{\"@type\":\"Person\",\"@id\":\"https:\\\/\\\/www.bbmnoticias.com\\\/labravaradiofm\\\/#\\\/schema\\\/person\\\/1e4f9fdcc0861e07811d58b3cabb2be6\",\"name\":\"Milenio\",\"image\":{\"@type\":\"ImageObject\",\"inLanguage\":\"es\",\"@id\":\"https:\\\/\\\/secure.gravatar.com\\\/avatar\\\/cc78c90822baf77761fc8dc7e5a764bdbe7760545b0e1698cf9eff8a1818736c?s=96&d=mm&r=g\",\"url\":\"https:\\\/\\\/secure.gravatar.com\\\/avatar\\\/cc78c90822baf77761fc8dc7e5a764bdbe7760545b0e1698cf9eff8a1818736c?s=96&d=mm&r=g\",\"contentUrl\":\"https:\\\/\\\/secure.gravatar.com\\\/avatar\\\/cc78c90822baf77761fc8dc7e5a764bdbe7760545b0e1698cf9eff8a1818736c?s=96&d=mm&r=g\",\"caption\":\"Milenio\"},\"url\":\"https:\\\/\\\/www.bbmnoticias.com\\\/labravaradiofm\\\/author\\\/milenio\\\/\"}]}<\/script>\n<!-- \/ Yoast SEO plugin. -->","yoast_head_json":{"title":"M\u00e9xico reporta 5 casos de viruela del mono; descarta pandemia - LA BRAVA RADIO","robots":{"index":"index","follow":"follow","max-snippet":"max-snippet:-1","max-image-preview":"max-image-preview:large","max-video-preview":"max-video-preview:-1"},"canonical":"https:\/\/www.bbmnoticias.com\/labravaradiofm\/2022\/06\/14\/mexico-reporta-5-casos-de-viruela-del-mono-descarta-pandemia\/","og_locale":"es_MX","og_type":"article","og_title":"M\u00e9xico reporta 5 casos de viruela del mono; descarta pandemia - LA BRAVA RADIO","og_description":"La&nbsp;Secretar\u00eda de Salud (Ssa) inform\u00f3 que se reportan cinco casos de la viruela del mono en M\u00e9xico y descart\u00f3 que la enfermedad se vaya a convertir en una pandemia. &#8220;En este momento ya llevamos cinco casos en M\u00e9xico; cuatro en la Ciudad de M\u00e9xico, uno que fue notificado en Jalisco y confirmado en Estados Unidos [&hellip;]","og_url":"https:\/\/www.bbmnoticias.com\/labravaradiofm\/2022\/06\/14\/mexico-reporta-5-casos-de-viruela-del-mono-descarta-pandemia\/","og_site_name":"LA BRAVA RADIO","article_published_time":"2022-06-14T14:51:00+00:00","article_modified_time":"2022-06-14T14:51:01+00:00","og_image":[{"width":1200,"height":630,"url":"https:\/\/www.bbmnoticias.com\/labravaradiofm\/wp-content\/uploads\/sites\/5\/2022\/06\/viruela-mono.jpg","type":"image\/jpeg"}],"author":"Milenio","twitter_card":"summary_large_image","twitter_misc":{"Escrito por":"Milenio","Tiempo de lectura":"2 minutos"},"schema":{"@context":"https:\/\/schema.org","@graph":[{"@type":"Article","@id":"https:\/\/www.bbmnoticias.com\/labravaradiofm\/2022\/06\/14\/mexico-reporta-5-casos-de-viruela-del-mono-descarta-pandemia\/#article","isPartOf":{"@id":"https:\/\/www.bbmnoticias.com\/labravaradiofm\/2022\/06\/14\/mexico-reporta-5-casos-de-viruela-del-mono-descarta-pandemia\/"},"author":{"name":"Milenio","@id":"https:\/\/www.bbmnoticias.com\/labravaradiofm\/#\/schema\/person\/1e4f9fdcc0861e07811d58b3cabb2be6"},"headline":"M\u00e9xico reporta 5 casos de viruela del mono; descarta pandemia","datePublished":"2022-06-14T14:51:00+00:00","dateModified":"2022-06-14T14:51:01+00:00","mainEntityOfPage":{"@id":"https:\/\/www.bbmnoticias.com\/labravaradiofm\/2022\/06\/14\/mexico-reporta-5-casos-de-viruela-del-mono-descarta-pandemia\/"},"wordCount":435,"image":{"@id":"https:\/\/www.bbmnoticias.com\/labravaradiofm\/2022\/06\/14\/mexico-reporta-5-casos-de-viruela-del-mono-descarta-pandemia\/#primaryimage"},"thumbnailUrl":"https:\/\/www.bbmnoticias.com\/labravaradiofm\/wp-content\/uploads\/sites\/5\/2022\/06\/viruela-mono.jpg","articleSection":["NACIONAL"],"inLanguage":"es"},{"@type":"WebPage","@id":"https:\/\/www.bbmnoticias.com\/labravaradiofm\/2022\/06\/14\/mexico-reporta-5-casos-de-viruela-del-mono-descarta-pandemia\/","url":"https:\/\/www.bbmnoticias.com\/labravaradiofm\/2022\/06\/14\/mexico-reporta-5-casos-de-viruela-del-mono-descarta-pandemia\/","name":"M\u00e9xico reporta 5 casos de viruela del mono; descarta pandemia - LA BRAVA RADIO","isPartOf":{"@id":"https:\/\/www.bbmnoticias.com\/labravaradiofm\/#website"},"primaryImageOfPage":{"@id":"https:\/\/www.bbmnoticias.com\/labravaradiofm\/2022\/06\/14\/mexico-reporta-5-casos-de-viruela-del-mono-descarta-pandemia\/#primaryimage"},"image":{"@id":"https:\/\/www.bbmnoticias.com\/labravaradiofm\/2022\/06\/14\/mexico-reporta-5-casos-de-viruela-del-mono-descarta-pandemia\/#primaryimage"},"thumbnailUrl":"https:\/\/www.bbmnoticias.com\/labravaradiofm\/wp-content\/uploads\/sites\/5\/2022\/06\/viruela-mono.jpg","datePublished":"2022-06-14T14:51:00+00:00","dateModified":"2022-06-14T14:51:01+00:00","author":{"@id":"https:\/\/www.bbmnoticias.com\/labravaradiofm\/#\/schema\/person\/1e4f9fdcc0861e07811d58b3cabb2be6"},"breadcrumb":{"@id":"https:\/\/www.bbmnoticias.com\/labravaradiofm\/2022\/06\/14\/mexico-reporta-5-casos-de-viruela-del-mono-descarta-pandemia\/#breadcrumb"},"inLanguage":"es","potentialAction":[{"@type":"ReadAction","target":["https:\/\/www.bbmnoticias.com\/labravaradiofm\/2022\/06\/14\/mexico-reporta-5-casos-de-viruela-del-mono-descarta-pandemia\/"]}]},{"@type":"ImageObject","inLanguage":"es","@id":"https:\/\/www.bbmnoticias.com\/labravaradiofm\/2022\/06\/14\/mexico-reporta-5-casos-de-viruela-del-mono-descarta-pandemia\/#primaryimage","url":"https:\/\/www.bbmnoticias.com\/labravaradiofm\/wp-content\/uploads\/sites\/5\/2022\/06\/viruela-mono.jpg","contentUrl":"https:\/\/www.bbmnoticias.com\/labravaradiofm\/wp-content\/uploads\/sites\/5\/2022\/06\/viruela-mono.jpg","width":1200,"height":630},{"@type":"BreadcrumbList","@id":"https:\/\/www.bbmnoticias.com\/labravaradiofm\/2022\/06\/14\/mexico-reporta-5-casos-de-viruela-del-mono-descarta-pandemia\/#breadcrumb","itemListElement":[{"@type":"ListItem","position":1,"name":"Inicio","item":"https:\/\/www.bbmnoticias.com\/labravaradiofm\/"},{"@type":"ListItem","position":2,"name":"M\u00e9xico reporta 5 casos de viruela del mono; descarta pandemia"}]},{"@type":"WebSite","@id":"https:\/\/www.bbmnoticias.com\/labravaradiofm\/#website","url":"https:\/\/www.bbmnoticias.com\/labravaradiofm\/","name":"LA BRAVA RADIO","description":"Empresa productora de medios, Radiodifusi\u00f3n, Noticias, tendencias y todo lo que necesitas saber de la pol\u00edtica mexicana e internacional; entretenimiento, espect\u00e1culos, salud y mucho m\u00e1s.","potentialAction":[{"@type":"SearchAction","target":{"@type":"EntryPoint","urlTemplate":"https:\/\/www.bbmnoticias.com\/labravaradiofm\/?s={search_term_string}"},"query-input":{"@type":"PropertyValueSpecification","valueRequired":true,"valueName":"search_term_string"}}],"inLanguage":"es"},{"@type":"Person","@id":"https:\/\/www.bbmnoticias.com\/labravaradiofm\/#\/schema\/person\/1e4f9fdcc0861e07811d58b3cabb2be6","name":"Milenio","image":{"@type":"ImageObject","inLanguage":"es","@id":"https:\/\/secure.gravatar.com\/avatar\/cc78c90822baf77761fc8dc7e5a764bdbe7760545b0e1698cf9eff8a1818736c?s=96&d=mm&r=g","url":"https:\/\/secure.gravatar.com\/avatar\/cc78c90822baf77761fc8dc7e5a764bdbe7760545b0e1698cf9eff8a1818736c?s=96&d=mm&r=g","contentUrl":"https:\/\/secure.gravatar.com\/avatar\/cc78c90822baf77761fc8dc7e5a764bdbe7760545b0e1698cf9eff8a1818736c?s=96&d=mm&r=g","caption":"Milenio"},"url":"https:\/\/www.bbmnoticias.com\/labravaradiofm\/author\/milenio\/"}]}},"_links":{"self":[{"href":"https:\/\/www.bbmnoticias.com\/labravaradiofm\/wp-json\/wp\/v2\/posts\/14533","targetHints":{"allow":["GET"]}}],"collection":[{"href":"https:\/\/www.bbmnoticias.com\/labravaradiofm\/wp-json\/wp\/v2\/posts"}],"about":[{"href":"https:\/\/www.bbmnoticias.com\/labravaradiofm\/wp-json\/wp\/v2\/types\/post"}],"author":[{"embeddable":true,"href":"https:\/\/www.bbmnoticias.com\/labravaradiofm\/wp-json\/wp\/v2\/users\/9"}],"replies":[{"embeddable":true,"href":"https:\/\/www.bbmnoticias.com\/labravaradiofm\/wp-json\/wp\/v2\/comments?post=14533"}],"version-history":[{"count":0,"href":"https:\/\/www.bbmnoticias.com\/labravaradiofm\/wp-json\/wp\/v2\/posts\/14533\/revisions"}],"wp:featuredmedia":[{"embeddable":true,"href":"https:\/\/www.bbmnoticias.com\/labravaradiofm\/wp-json\/wp\/v2\/media\/14534"}],"wp:attachment":[{"href":"https:\/\/www.bbmnoticias.com\/labravaradiofm\/wp-json\/wp\/v2\/media?parent=14533"}],"wp:term":[{"taxonomy":"category","embeddable":true,"href":"https:\/\/www.bbmnoticias.com\/labravaradiofm\/wp-json\/wp\/v2\/categories?post=14533"},{"taxonomy":"post_tag","embeddable":true,"href":"https:\/\/www.bbmnoticias.com\/labravaradiofm\/wp-json\/wp\/v2\/tags?post=14533"}],"curies":[{"name":"wp","href":"https:\/\/api.w.org\/{rel}","templated":true}]}}