{"id":14527,"date":"2022-06-14T08:14:35","date_gmt":"2022-06-14T13:14:35","guid":{"rendered":"https:\/\/www.bbmnoticias.com\/labravaradiofm\/?p=14527"},"modified":"2022-06-14T08:14:36","modified_gmt":"2022-06-14T13:14:36","slug":"confirman-dos-detenidos-por-disputa-a-balazos-entre-taxistas-foraneos","status":"publish","type":"post","link":"https:\/\/www.bbmnoticias.com\/labravaradiofm\/2022\/06\/14\/confirman-dos-detenidos-por-disputa-a-balazos-entre-taxistas-foraneos\/","title":{"rendered":"Confirman dos detenidos por disputa a balazos entre taxistas for\u00e1neos"},"content":{"rendered":"<div style=\"margin-top: 0px; margin-bottom: 0px;\" class=\"sharethis-inline-share-buttons\" ><\/div>\n<p><strong>Oaxaca, Oax.- <\/strong>La Secretar\u00eda de Seguridad P\u00fablica (SSP), confirm\u00f3 la detenci\u00f3n de dos personas por el ataque armado y disputa entre taxistas for\u00e1neos, donde result\u00f3 herido Eduardo Luis Villaseca, l\u00edder de la Confederaci\u00f3n Joven de M\u00e9xico, quien lleg\u00f3 a reclamar la invasi\u00f3n de cajones de estacionamiento sobre esa zona.<\/p>\n\n\n\n<p>La detenci\u00f3n se logr\u00f3, luego de la disputa a balazos sobre Perif\u00e9rico y S\u00edmbolos Patrios la noche del lunes, donde result\u00f3 lesionado Luis Villaseca y, a un principio, mencionaban que otra persona result\u00f3 herida, que al parecer es escolta del l\u00edder de la Confederaci\u00f3n Joven de M\u00e9xico, tras una disputa por cajones para el servicio de taxi for\u00e1neo.<\/p>\n\n\n\n<p>Los responsables fueron identificados como Orlando Canseco de 49 a\u00f1os de edad y Adolfo Cort\u00e9s Peralta de 33 a\u00f1os de edad, ambos adheridos a la Confederaci\u00f3n Internacional del Trabajo (CIT).<\/p>\n\n\n\n<p>Se sabe que Cort\u00e9s Peralta conduc\u00eda un taxi del Fraccionamiento Reyes Mantec\u00f3n, en cuyo interior localizaron un arma del calibre 22, en cuya rec\u00e1mara a\u00fan ten\u00eda una bala \u00fatil.<\/p>\n\n\n\n<p>Ambos detenidos fueron puestos a disposici\u00f3n para que se resuelva su situaci\u00f3n jur\u00eddica.<\/p>\n\n\n\n<p>Por su parte, los integrantes de Confederaci\u00f3n Joven responsabilizaron tambi\u00e9n a Marcos S\u00e1nchez e Hip\u00f3lito Rojas de estos hechos.<\/p>\n\n\n\n<p>Con respecto a los heridos, se inform\u00f3 que fueron trasladados a un nosocomio, donde ya se encuentran recibiendo atenci\u00f3n m\u00e9dica.<\/p>\n","protected":false},"excerpt":{"rendered":"<p>Oaxaca, Oax.- La Secretar\u00eda de Seguridad P\u00fablica (SSP), confirm\u00f3 la detenci\u00f3n de dos personas por el ataque armado y disputa entre taxistas for\u00e1neos, donde result\u00f3 herido Eduardo Luis Villaseca, l\u00edder de la Confederaci\u00f3n Joven de M\u00e9xico, quien lleg\u00f3 a reclamar la invasi\u00f3n de cajones de estacionamiento sobre esa zona. La detenci\u00f3n se logr\u00f3, luego de [&hellip;]<\/p>\n","protected":false},"author":7,"featured_media":14528,"comment_status":"closed","ping_status":"closed","sticky":false,"template":"","format":"standard","meta":{"footnotes":""},"categories":[20],"tags":[],"class_list":{"0":"post-14527","1":"post","2":"type-post","3":"status-publish","4":"format-standard","5":"has-post-thumbnail","7":"category-policiaca"},"yoast_head":"<!-- This site is optimized with the Yoast SEO plugin v27.4 - https:\/\/yoast.com\/product\/yoast-seo-wordpress\/ -->\n<title>Confirman dos detenidos por disputa a balazos entre taxistas for\u00e1neos - LA BRAVA RADIO<\/title>\n<meta name=\"robots\" content=\"index, follow, max-snippet:-1, max-image-preview:large, max-video-preview:-1\" \/>\n<link rel=\"canonical\" href=\"https:\/\/www.bbmnoticias.com\/labravaradiofm\/2022\/06\/14\/confirman-dos-detenidos-por-disputa-a-balazos-entre-taxistas-foraneos\/\" \/>\n<meta property=\"og:locale\" content=\"es_MX\" \/>\n<meta property=\"og:type\" content=\"article\" \/>\n<meta property=\"og:title\" content=\"Confirman dos detenidos por disputa a balazos entre taxistas for\u00e1neos - LA BRAVA RADIO\" \/>\n<meta property=\"og:description\" content=\"Oaxaca, Oax.- La Secretar\u00eda de Seguridad P\u00fablica (SSP), confirm\u00f3 la detenci\u00f3n de dos personas por el ataque armado y disputa entre taxistas for\u00e1neos, donde result\u00f3 herido Eduardo Luis Villaseca, l\u00edder de la Confederaci\u00f3n Joven de M\u00e9xico, quien lleg\u00f3 a reclamar la invasi\u00f3n de cajones de estacionamiento sobre esa zona. La detenci\u00f3n se logr\u00f3, luego de [&hellip;]\" \/>\n<meta property=\"og:url\" content=\"https:\/\/www.bbmnoticias.com\/labravaradiofm\/2022\/06\/14\/confirman-dos-detenidos-por-disputa-a-balazos-entre-taxistas-foraneos\/\" \/>\n<meta property=\"og:site_name\" content=\"LA BRAVA RADIO\" \/>\n<meta property=\"article:published_time\" content=\"2022-06-14T13:14:35+00:00\" \/>\n<meta property=\"article:modified_time\" content=\"2022-06-14T13:14:36+00:00\" \/>\n<meta property=\"og:image\" content=\"https:\/\/www.bbmnoticias.com\/labravaradiofm\/wp-content\/uploads\/sites\/5\/2022\/06\/balacera-periferico.jpg\" \/>\n\t<meta property=\"og:image:width\" content=\"1578\" \/>\n\t<meta property=\"og:image:height\" content=\"823\" \/>\n\t<meta property=\"og:image:type\" content=\"image\/jpeg\" \/>\n<meta name=\"author\" content=\"Cuarta Plana\" \/>\n<meta name=\"twitter:card\" content=\"summary_large_image\" \/>\n<meta name=\"twitter:label1\" content=\"Escrito por\" \/>\n\t<meta name=\"twitter:data1\" content=\"Cuarta Plana\" \/>\n\t<meta name=\"twitter:label2\" content=\"Tiempo de lectura\" \/>\n\t<meta name=\"twitter:data2\" content=\"1 minuto\" \/>\n<script type=\"application\/ld+json\" class=\"yoast-schema-graph\">{\"@context\":\"https:\\\/\\\/schema.org\",\"@graph\":[{\"@type\":\"Article\",\"@id\":\"https:\\\/\\\/www.bbmnoticias.com\\\/labravaradiofm\\\/2022\\\/06\\\/14\\\/confirman-dos-detenidos-por-disputa-a-balazos-entre-taxistas-foraneos\\\/#article\",\"isPartOf\":{\"@id\":\"https:\\\/\\\/www.bbmnoticias.com\\\/labravaradiofm\\\/2022\\\/06\\\/14\\\/confirman-dos-detenidos-por-disputa-a-balazos-entre-taxistas-foraneos\\\/\"},\"author\":{\"name\":\"Cuarta Plana\",\"@id\":\"https:\\\/\\\/www.bbmnoticias.com\\\/labravaradiofm\\\/#\\\/schema\\\/person\\\/06701593a16bd7e2ef8a61c905892f7b\"},\"headline\":\"Confirman dos detenidos por disputa a balazos entre taxistas for\u00e1neos\",\"datePublished\":\"2022-06-14T13:14:35+00:00\",\"dateModified\":\"2022-06-14T13:14:36+00:00\",\"mainEntityOfPage\":{\"@id\":\"https:\\\/\\\/www.bbmnoticias.com\\\/labravaradiofm\\\/2022\\\/06\\\/14\\\/confirman-dos-detenidos-por-disputa-a-balazos-entre-taxistas-foraneos\\\/\"},\"wordCount\":261,\"image\":{\"@id\":\"https:\\\/\\\/www.bbmnoticias.com\\\/labravaradiofm\\\/2022\\\/06\\\/14\\\/confirman-dos-detenidos-por-disputa-a-balazos-entre-taxistas-foraneos\\\/#primaryimage\"},\"thumbnailUrl\":\"https:\\\/\\\/www.bbmnoticias.com\\\/labravaradiofm\\\/wp-content\\\/uploads\\\/sites\\\/5\\\/2022\\\/06\\\/balacera-periferico.jpg\",\"articleSection\":[\"POLICIACA\"],\"inLanguage\":\"es\"},{\"@type\":\"WebPage\",\"@id\":\"https:\\\/\\\/www.bbmnoticias.com\\\/labravaradiofm\\\/2022\\\/06\\\/14\\\/confirman-dos-detenidos-por-disputa-a-balazos-entre-taxistas-foraneos\\\/\",\"url\":\"https:\\\/\\\/www.bbmnoticias.com\\\/labravaradiofm\\\/2022\\\/06\\\/14\\\/confirman-dos-detenidos-por-disputa-a-balazos-entre-taxistas-foraneos\\\/\",\"name\":\"Confirman dos detenidos por disputa a balazos entre taxistas for\u00e1neos - LA BRAVA RADIO\",\"isPartOf\":{\"@id\":\"https:\\\/\\\/www.bbmnoticias.com\\\/labravaradiofm\\\/#website\"},\"primaryImageOfPage\":{\"@id\":\"https:\\\/\\\/www.bbmnoticias.com\\\/labravaradiofm\\\/2022\\\/06\\\/14\\\/confirman-dos-detenidos-por-disputa-a-balazos-entre-taxistas-foraneos\\\/#primaryimage\"},\"image\":{\"@id\":\"https:\\\/\\\/www.bbmnoticias.com\\\/labravaradiofm\\\/2022\\\/06\\\/14\\\/confirman-dos-detenidos-por-disputa-a-balazos-entre-taxistas-foraneos\\\/#primaryimage\"},\"thumbnailUrl\":\"https:\\\/\\\/www.bbmnoticias.com\\\/labravaradiofm\\\/wp-content\\\/uploads\\\/sites\\\/5\\\/2022\\\/06\\\/balacera-periferico.jpg\",\"datePublished\":\"2022-06-14T13:14:35+00:00\",\"dateModified\":\"2022-06-14T13:14:36+00:00\",\"author\":{\"@id\":\"https:\\\/\\\/www.bbmnoticias.com\\\/labravaradiofm\\\/#\\\/schema\\\/person\\\/06701593a16bd7e2ef8a61c905892f7b\"},\"breadcrumb\":{\"@id\":\"https:\\\/\\\/www.bbmnoticias.com\\\/labravaradiofm\\\/2022\\\/06\\\/14\\\/confirman-dos-detenidos-por-disputa-a-balazos-entre-taxistas-foraneos\\\/#breadcrumb\"},\"inLanguage\":\"es\",\"potentialAction\":[{\"@type\":\"ReadAction\",\"target\":[\"https:\\\/\\\/www.bbmnoticias.com\\\/labravaradiofm\\\/2022\\\/06\\\/14\\\/confirman-dos-detenidos-por-disputa-a-balazos-entre-taxistas-foraneos\\\/\"]}]},{\"@type\":\"ImageObject\",\"inLanguage\":\"es\",\"@id\":\"https:\\\/\\\/www.bbmnoticias.com\\\/labravaradiofm\\\/2022\\\/06\\\/14\\\/confirman-dos-detenidos-por-disputa-a-balazos-entre-taxistas-foraneos\\\/#primaryimage\",\"url\":\"https:\\\/\\\/www.bbmnoticias.com\\\/labravaradiofm\\\/wp-content\\\/uploads\\\/sites\\\/5\\\/2022\\\/06\\\/balacera-periferico.jpg\",\"contentUrl\":\"https:\\\/\\\/www.bbmnoticias.com\\\/labravaradiofm\\\/wp-content\\\/uploads\\\/sites\\\/5\\\/2022\\\/06\\\/balacera-periferico.jpg\",\"width\":1578,\"height\":823},{\"@type\":\"BreadcrumbList\",\"@id\":\"https:\\\/\\\/www.bbmnoticias.com\\\/labravaradiofm\\\/2022\\\/06\\\/14\\\/confirman-dos-detenidos-por-disputa-a-balazos-entre-taxistas-foraneos\\\/#breadcrumb\",\"itemListElement\":[{\"@type\":\"ListItem\",\"position\":1,\"name\":\"Inicio\",\"item\":\"https:\\\/\\\/www.bbmnoticias.com\\\/labravaradiofm\\\/\"},{\"@type\":\"ListItem\",\"position\":2,\"name\":\"Confirman dos detenidos por disputa a balazos entre taxistas for\u00e1neos\"}]},{\"@type\":\"WebSite\",\"@id\":\"https:\\\/\\\/www.bbmnoticias.com\\\/labravaradiofm\\\/#website\",\"url\":\"https:\\\/\\\/www.bbmnoticias.com\\\/labravaradiofm\\\/\",\"name\":\"LA BRAVA RADIO\",\"description\":\"Empresa productora de medios, Radiodifusi\u00f3n, Noticias, tendencias y todo lo que necesitas saber de la pol\u00edtica mexicana e internacional; entretenimiento, espect\u00e1culos, salud y mucho m\u00e1s.\",\"potentialAction\":[{\"@type\":\"SearchAction\",\"target\":{\"@type\":\"EntryPoint\",\"urlTemplate\":\"https:\\\/\\\/www.bbmnoticias.com\\\/labravaradiofm\\\/?s={search_term_string}\"},\"query-input\":{\"@type\":\"PropertyValueSpecification\",\"valueRequired\":true,\"valueName\":\"search_term_string\"}}],\"inLanguage\":\"es\"},{\"@type\":\"Person\",\"@id\":\"https:\\\/\\\/www.bbmnoticias.com\\\/labravaradiofm\\\/#\\\/schema\\\/person\\\/06701593a16bd7e2ef8a61c905892f7b\",\"name\":\"Cuarta Plana\",\"image\":{\"@type\":\"ImageObject\",\"inLanguage\":\"es\",\"@id\":\"https:\\\/\\\/secure.gravatar.com\\\/avatar\\\/569aeac3582b4864a79ffcd8468ada657f9c0cbf68c06542116f60dfa8c3c2d7?s=96&d=mm&r=g\",\"url\":\"https:\\\/\\\/secure.gravatar.com\\\/avatar\\\/569aeac3582b4864a79ffcd8468ada657f9c0cbf68c06542116f60dfa8c3c2d7?s=96&d=mm&r=g\",\"contentUrl\":\"https:\\\/\\\/secure.gravatar.com\\\/avatar\\\/569aeac3582b4864a79ffcd8468ada657f9c0cbf68c06542116f60dfa8c3c2d7?s=96&d=mm&r=g\",\"caption\":\"Cuarta Plana\"},\"url\":\"https:\\\/\\\/www.bbmnoticias.com\\\/labravaradiofm\\\/author\\\/cuartaplana\\\/\"}]}<\/script>\n<!-- \/ Yoast SEO plugin. -->","yoast_head_json":{"title":"Confirman dos detenidos por disputa a balazos entre taxistas for\u00e1neos - LA BRAVA RADIO","robots":{"index":"index","follow":"follow","max-snippet":"max-snippet:-1","max-image-preview":"max-image-preview:large","max-video-preview":"max-video-preview:-1"},"canonical":"https:\/\/www.bbmnoticias.com\/labravaradiofm\/2022\/06\/14\/confirman-dos-detenidos-por-disputa-a-balazos-entre-taxistas-foraneos\/","og_locale":"es_MX","og_type":"article","og_title":"Confirman dos detenidos por disputa a balazos entre taxistas for\u00e1neos - LA BRAVA RADIO","og_description":"Oaxaca, Oax.- La Secretar\u00eda de Seguridad P\u00fablica (SSP), confirm\u00f3 la detenci\u00f3n de dos personas por el ataque armado y disputa entre taxistas for\u00e1neos, donde result\u00f3 herido Eduardo Luis Villaseca, l\u00edder de la Confederaci\u00f3n Joven de M\u00e9xico, quien lleg\u00f3 a reclamar la invasi\u00f3n de cajones de estacionamiento sobre esa zona. La detenci\u00f3n se logr\u00f3, luego de [&hellip;]","og_url":"https:\/\/www.bbmnoticias.com\/labravaradiofm\/2022\/06\/14\/confirman-dos-detenidos-por-disputa-a-balazos-entre-taxistas-foraneos\/","og_site_name":"LA BRAVA RADIO","article_published_time":"2022-06-14T13:14:35+00:00","article_modified_time":"2022-06-14T13:14:36+00:00","og_image":[{"width":1578,"height":823,"url":"https:\/\/www.bbmnoticias.com\/labravaradiofm\/wp-content\/uploads\/sites\/5\/2022\/06\/balacera-periferico.jpg","type":"image\/jpeg"}],"author":"Cuarta Plana","twitter_card":"summary_large_image","twitter_misc":{"Escrito por":"Cuarta Plana","Tiempo de lectura":"1 minuto"},"schema":{"@context":"https:\/\/schema.org","@graph":[{"@type":"Article","@id":"https:\/\/www.bbmnoticias.com\/labravaradiofm\/2022\/06\/14\/confirman-dos-detenidos-por-disputa-a-balazos-entre-taxistas-foraneos\/#article","isPartOf":{"@id":"https:\/\/www.bbmnoticias.com\/labravaradiofm\/2022\/06\/14\/confirman-dos-detenidos-por-disputa-a-balazos-entre-taxistas-foraneos\/"},"author":{"name":"Cuarta Plana","@id":"https:\/\/www.bbmnoticias.com\/labravaradiofm\/#\/schema\/person\/06701593a16bd7e2ef8a61c905892f7b"},"headline":"Confirman dos detenidos por disputa a balazos entre taxistas for\u00e1neos","datePublished":"2022-06-14T13:14:35+00:00","dateModified":"2022-06-14T13:14:36+00:00","mainEntityOfPage":{"@id":"https:\/\/www.bbmnoticias.com\/labravaradiofm\/2022\/06\/14\/confirman-dos-detenidos-por-disputa-a-balazos-entre-taxistas-foraneos\/"},"wordCount":261,"image":{"@id":"https:\/\/www.bbmnoticias.com\/labravaradiofm\/2022\/06\/14\/confirman-dos-detenidos-por-disputa-a-balazos-entre-taxistas-foraneos\/#primaryimage"},"thumbnailUrl":"https:\/\/www.bbmnoticias.com\/labravaradiofm\/wp-content\/uploads\/sites\/5\/2022\/06\/balacera-periferico.jpg","articleSection":["POLICIACA"],"inLanguage":"es"},{"@type":"WebPage","@id":"https:\/\/www.bbmnoticias.com\/labravaradiofm\/2022\/06\/14\/confirman-dos-detenidos-por-disputa-a-balazos-entre-taxistas-foraneos\/","url":"https:\/\/www.bbmnoticias.com\/labravaradiofm\/2022\/06\/14\/confirman-dos-detenidos-por-disputa-a-balazos-entre-taxistas-foraneos\/","name":"Confirman dos detenidos por disputa a balazos entre taxistas for\u00e1neos - LA BRAVA RADIO","isPartOf":{"@id":"https:\/\/www.bbmnoticias.com\/labravaradiofm\/#website"},"primaryImageOfPage":{"@id":"https:\/\/www.bbmnoticias.com\/labravaradiofm\/2022\/06\/14\/confirman-dos-detenidos-por-disputa-a-balazos-entre-taxistas-foraneos\/#primaryimage"},"image":{"@id":"https:\/\/www.bbmnoticias.com\/labravaradiofm\/2022\/06\/14\/confirman-dos-detenidos-por-disputa-a-balazos-entre-taxistas-foraneos\/#primaryimage"},"thumbnailUrl":"https:\/\/www.bbmnoticias.com\/labravaradiofm\/wp-content\/uploads\/sites\/5\/2022\/06\/balacera-periferico.jpg","datePublished":"2022-06-14T13:14:35+00:00","dateModified":"2022-06-14T13:14:36+00:00","author":{"@id":"https:\/\/www.bbmnoticias.com\/labravaradiofm\/#\/schema\/person\/06701593a16bd7e2ef8a61c905892f7b"},"breadcrumb":{"@id":"https:\/\/www.bbmnoticias.com\/labravaradiofm\/2022\/06\/14\/confirman-dos-detenidos-por-disputa-a-balazos-entre-taxistas-foraneos\/#breadcrumb"},"inLanguage":"es","potentialAction":[{"@type":"ReadAction","target":["https:\/\/www.bbmnoticias.com\/labravaradiofm\/2022\/06\/14\/confirman-dos-detenidos-por-disputa-a-balazos-entre-taxistas-foraneos\/"]}]},{"@type":"ImageObject","inLanguage":"es","@id":"https:\/\/www.bbmnoticias.com\/labravaradiofm\/2022\/06\/14\/confirman-dos-detenidos-por-disputa-a-balazos-entre-taxistas-foraneos\/#primaryimage","url":"https:\/\/www.bbmnoticias.com\/labravaradiofm\/wp-content\/uploads\/sites\/5\/2022\/06\/balacera-periferico.jpg","contentUrl":"https:\/\/www.bbmnoticias.com\/labravaradiofm\/wp-content\/uploads\/sites\/5\/2022\/06\/balacera-periferico.jpg","width":1578,"height":823},{"@type":"BreadcrumbList","@id":"https:\/\/www.bbmnoticias.com\/labravaradiofm\/2022\/06\/14\/confirman-dos-detenidos-por-disputa-a-balazos-entre-taxistas-foraneos\/#breadcrumb","itemListElement":[{"@type":"ListItem","position":1,"name":"Inicio","item":"https:\/\/www.bbmnoticias.com\/labravaradiofm\/"},{"@type":"ListItem","position":2,"name":"Confirman dos detenidos por disputa a balazos entre taxistas for\u00e1neos"}]},{"@type":"WebSite","@id":"https:\/\/www.bbmnoticias.com\/labravaradiofm\/#website","url":"https:\/\/www.bbmnoticias.com\/labravaradiofm\/","name":"LA BRAVA RADIO","description":"Empresa productora de medios, Radiodifusi\u00f3n, Noticias, tendencias y todo lo que necesitas saber de la pol\u00edtica mexicana e internacional; entretenimiento, espect\u00e1culos, salud y mucho m\u00e1s.","potentialAction":[{"@type":"SearchAction","target":{"@type":"EntryPoint","urlTemplate":"https:\/\/www.bbmnoticias.com\/labravaradiofm\/?s={search_term_string}"},"query-input":{"@type":"PropertyValueSpecification","valueRequired":true,"valueName":"search_term_string"}}],"inLanguage":"es"},{"@type":"Person","@id":"https:\/\/www.bbmnoticias.com\/labravaradiofm\/#\/schema\/person\/06701593a16bd7e2ef8a61c905892f7b","name":"Cuarta Plana","image":{"@type":"ImageObject","inLanguage":"es","@id":"https:\/\/secure.gravatar.com\/avatar\/569aeac3582b4864a79ffcd8468ada657f9c0cbf68c06542116f60dfa8c3c2d7?s=96&d=mm&r=g","url":"https:\/\/secure.gravatar.com\/avatar\/569aeac3582b4864a79ffcd8468ada657f9c0cbf68c06542116f60dfa8c3c2d7?s=96&d=mm&r=g","contentUrl":"https:\/\/secure.gravatar.com\/avatar\/569aeac3582b4864a79ffcd8468ada657f9c0cbf68c06542116f60dfa8c3c2d7?s=96&d=mm&r=g","caption":"Cuarta Plana"},"url":"https:\/\/www.bbmnoticias.com\/labravaradiofm\/author\/cuartaplana\/"}]}},"_links":{"self":[{"href":"https:\/\/www.bbmnoticias.com\/labravaradiofm\/wp-json\/wp\/v2\/posts\/14527","targetHints":{"allow":["GET"]}}],"collection":[{"href":"https:\/\/www.bbmnoticias.com\/labravaradiofm\/wp-json\/wp\/v2\/posts"}],"about":[{"href":"https:\/\/www.bbmnoticias.com\/labravaradiofm\/wp-json\/wp\/v2\/types\/post"}],"author":[{"embeddable":true,"href":"https:\/\/www.bbmnoticias.com\/labravaradiofm\/wp-json\/wp\/v2\/users\/7"}],"replies":[{"embeddable":true,"href":"https:\/\/www.bbmnoticias.com\/labravaradiofm\/wp-json\/wp\/v2\/comments?post=14527"}],"version-history":[{"count":0,"href":"https:\/\/www.bbmnoticias.com\/labravaradiofm\/wp-json\/wp\/v2\/posts\/14527\/revisions"}],"wp:featuredmedia":[{"embeddable":true,"href":"https:\/\/www.bbmnoticias.com\/labravaradiofm\/wp-json\/wp\/v2\/media\/14528"}],"wp:attachment":[{"href":"https:\/\/www.bbmnoticias.com\/labravaradiofm\/wp-json\/wp\/v2\/media?parent=14527"}],"wp:term":[{"taxonomy":"category","embeddable":true,"href":"https:\/\/www.bbmnoticias.com\/labravaradiofm\/wp-json\/wp\/v2\/categories?post=14527"},{"taxonomy":"post_tag","embeddable":true,"href":"https:\/\/www.bbmnoticias.com\/labravaradiofm\/wp-json\/wp\/v2\/tags?post=14527"}],"curies":[{"name":"wp","href":"https:\/\/api.w.org\/{rel}","templated":true}]}}