{"id":14520,"date":"2022-06-13T21:42:17","date_gmt":"2022-06-14T02:42:17","guid":{"rendered":"https:\/\/www.bbmnoticias.com\/labravaradiofm\/?p=14520"},"modified":"2022-06-13T21:42:18","modified_gmt":"2022-06-14T02:42:18","slug":"salomon-jara-olvida-las-rencillas-invitara-a-susana-harp-a-su-gabinete","status":"publish","type":"post","link":"https:\/\/www.bbmnoticias.com\/labravaradiofm\/2022\/06\/13\/salomon-jara-olvida-las-rencillas-invitara-a-susana-harp-a-su-gabinete\/","title":{"rendered":"Salom\u00f3n Jara olvida las rencillas; invitar\u00e1 a Susana Harp a su gabinete"},"content":{"rendered":"<div style=\"margin-top: 0px; margin-bottom: 0px;\" class=\"sharethis-inline-share-buttons\" ><\/div>\n<p>El virtual gobernador de Oaxaca, <strong>Salom\u00f3n Jara<\/strong>se olvida de las rencillas y adelanta que invitara a <strong>Susana Harp<\/strong> a su gabinete.<\/p>\n\n\n\n<p>Cabe recordar que la senadora, <strong>Susana Harp <\/strong>particip\u00f3 en las elecciones internas de Morena para elegir al candidato o candidata que contendr\u00eda en las elecciones 2022 por la gubernatura de Oaxaca.<\/p>\n\n\n\n<p>Sin embargo, el proceso de encuesta interna de Morena dio la victoria al ahora virtual gobernador de Oaxaca, <strong>Salom\u00f3n Jara<\/strong>, quedando la senadora Susana Harp en segundo lugar.<\/p>\n\n\n\n<p>Pese a que <strong>Susana Harp <\/strong>intent\u00f3 defender su candidatura a trav\u00e9s de la sala superior del Tribunal Electoral del Poder Judicial de la Federaci\u00f3n (<strong>TEPJF<\/strong>) as\u00ed como otras instancias internas de Morena, finalmente se opt\u00f3 por colocar a Salom\u00f3n Jara a contender en las elecciones 2022 en Oaxaca.<\/p>\n\n\n\n<figure class=\"wp-block-image size-full\"><img loading=\"lazy\" decoding=\"async\" width=\"640\" height=\"392\" src=\"https:\/\/www.bbmnoticias.com\/labravaradiofm\/wp-content\/uploads\/sites\/5\/2022\/06\/salomon-jara2.webp\" alt=\"\" class=\"wp-image-14522\" srcset=\"https:\/\/www.bbmnoticias.com\/labravaradiofm\/wp-content\/uploads\/sites\/5\/2022\/06\/salomon-jara2.webp 640w, https:\/\/www.bbmnoticias.com\/labravaradiofm\/wp-content\/uploads\/sites\/5\/2022\/06\/salomon-jara2-300x184.webp 300w\" sizes=\"auto, (max-width: 640px) 100vw, 640px\" \/><\/figure>\n\n\n\n<h2 class=\"wp-block-heading\">Salom\u00f3n Jara anuncia que invitar\u00e1 a Susana Harp a su gabinete; de aceptar har\u00edamos un gran equipo<\/h2>\n\n\n\n<p>Ahora que los c\u00f3mputos distritales revelar\u00e1n a Salom\u00f3n Jara como virtual gobernador de Oaxaca, el abanderado de Morena ha realizado sus primeras declaraciones en torno a lo que ser\u00e1 su pr\u00f3xima administraci\u00f3n.<\/p>\n\n\n\n<p>En primer lugar, Salom\u00f3n Jara dijo no reciclar\u00e1 a funcionarios del gobierno actual y los pasados mandatarios, entre ellos:<\/p>\n\n\n\n<ul class=\"wp-block-list\"><li>Alejandro Murat<\/li><li>Gabino Cu\u00e9<\/li><li>Ulises Ruiz.<\/li><\/ul>\n\n\n\n<p>\u201cEso s\u00ed te lo quiero decir, no voy a reciclar a ning\u00fan diodorista, a ning\u00fan ulisista, a ning\u00fan gabinista ni a ning\u00fan muratista\u201d, adelant\u00f3 Salom\u00f3n Jara sobre su gabinete.<\/p>\n\n\n\n<p>Posteriormente, el virtual gobernador de Oaxaca a\u00f1adi\u00f3 que invitar\u00e1 a Susana Harp para que juntos puedan conformar un gran equipo en beneficio del pueblo.<\/p>\n\n\n\n<p>Salom\u00f3n Jara a\u00f1adi\u00f3 que <strong>Susana Harp<\/strong> es una gran amiga y compa\u00f1era, por lo que le tiene mucho respeto al trabajo de la senadora, raz\u00f3n suficiente para sumarla a invitarse a su administraci\u00f3n como gobernador de Oaxaca.<\/p>\n\n\n\n<p>\u201cElla ya me dir\u00e1 en su momento qu\u00e9 va a pasar, pero de mi parte, creo yo en su capacidad, en su experiencia, en su conocimiento en cuesti\u00f3n cultural\u201d, finaliz\u00f3 Salom\u00f3n Jara su opini\u00f3n respecto a la senadora Susana Harp.<\/p>\n","protected":false},"excerpt":{"rendered":"<p>El virtual gobernador de Oaxaca, Salom\u00f3n Jarase olvida de las rencillas y adelanta que invitara a Susana Harp a su gabinete. Cabe recordar que la senadora, Susana Harp particip\u00f3 en las elecciones internas de Morena para elegir al candidato o candidata que contendr\u00eda en las elecciones 2022 por la gubernatura de Oaxaca. Sin embargo, el [&hellip;]<\/p>\n","protected":false},"author":12,"featured_media":14521,"comment_status":"closed","ping_status":"closed","sticky":false,"template":"","format":"standard","meta":{"footnotes":""},"categories":[1],"tags":[],"class_list":{"0":"post-14520","1":"post","2":"type-post","3":"status-publish","4":"format-standard","5":"has-post-thumbnail","7":"category-sin-categoria"},"yoast_head":"<!-- This site is optimized with the Yoast SEO plugin v27.4 - https:\/\/yoast.com\/product\/yoast-seo-wordpress\/ -->\n<title>Salom\u00f3n Jara olvida las rencillas; invitar\u00e1 a Susana Harp a su gabinete - LA BRAVA RADIO<\/title>\n<meta name=\"robots\" content=\"index, follow, max-snippet:-1, max-image-preview:large, max-video-preview:-1\" \/>\n<link rel=\"canonical\" href=\"https:\/\/www.bbmnoticias.com\/labravaradiofm\/2022\/06\/13\/salomon-jara-olvida-las-rencillas-invitara-a-susana-harp-a-su-gabinete\/\" \/>\n<meta property=\"og:locale\" content=\"es_MX\" \/>\n<meta property=\"og:type\" content=\"article\" \/>\n<meta property=\"og:title\" content=\"Salom\u00f3n Jara olvida las rencillas; invitar\u00e1 a Susana Harp a su gabinete - LA BRAVA RADIO\" \/>\n<meta property=\"og:description\" content=\"El virtual gobernador de Oaxaca, Salom\u00f3n Jarase olvida de las rencillas y adelanta que invitara a Susana Harp a su gabinete. Cabe recordar que la senadora, Susana Harp particip\u00f3 en las elecciones internas de Morena para elegir al candidato o candidata que contendr\u00eda en las elecciones 2022 por la gubernatura de Oaxaca. Sin embargo, el [&hellip;]\" \/>\n<meta property=\"og:url\" content=\"https:\/\/www.bbmnoticias.com\/labravaradiofm\/2022\/06\/13\/salomon-jara-olvida-las-rencillas-invitara-a-susana-harp-a-su-gabinete\/\" \/>\n<meta property=\"og:site_name\" content=\"LA BRAVA RADIO\" \/>\n<meta property=\"article:published_time\" content=\"2022-06-14T02:42:17+00:00\" \/>\n<meta property=\"article:modified_time\" content=\"2022-06-14T02:42:18+00:00\" \/>\n<meta property=\"og:image\" content=\"https:\/\/www.bbmnoticias.com\/labravaradiofm\/wp-content\/uploads\/sites\/5\/2022\/06\/salomon-jara.webp\" \/>\n\t<meta property=\"og:image:width\" content=\"640\" \/>\n\t<meta property=\"og:image:height\" content=\"360\" \/>\n\t<meta property=\"og:image:type\" content=\"image\/webp\" \/>\n<meta name=\"author\" content=\"SDPnoticias\" \/>\n<meta name=\"twitter:card\" content=\"summary_large_image\" \/>\n<meta name=\"twitter:label1\" content=\"Escrito por\" \/>\n\t<meta name=\"twitter:data1\" content=\"SDPnoticias\" \/>\n\t<meta name=\"twitter:label2\" content=\"Tiempo de lectura\" \/>\n\t<meta name=\"twitter:data2\" content=\"2 minutos\" \/>\n<script type=\"application\/ld+json\" class=\"yoast-schema-graph\">{\"@context\":\"https:\\\/\\\/schema.org\",\"@graph\":[{\"@type\":\"Article\",\"@id\":\"https:\\\/\\\/www.bbmnoticias.com\\\/labravaradiofm\\\/2022\\\/06\\\/13\\\/salomon-jara-olvida-las-rencillas-invitara-a-susana-harp-a-su-gabinete\\\/#article\",\"isPartOf\":{\"@id\":\"https:\\\/\\\/www.bbmnoticias.com\\\/labravaradiofm\\\/2022\\\/06\\\/13\\\/salomon-jara-olvida-las-rencillas-invitara-a-susana-harp-a-su-gabinete\\\/\"},\"author\":{\"name\":\"SDPnoticias\",\"@id\":\"https:\\\/\\\/www.bbmnoticias.com\\\/labravaradiofm\\\/#\\\/schema\\\/person\\\/dd54c3159a8392b3c13f071a62fce1fb\"},\"headline\":\"Salom\u00f3n Jara olvida las rencillas; invitar\u00e1 a Susana Harp a su gabinete\",\"datePublished\":\"2022-06-14T02:42:17+00:00\",\"dateModified\":\"2022-06-14T02:42:18+00:00\",\"mainEntityOfPage\":{\"@id\":\"https:\\\/\\\/www.bbmnoticias.com\\\/labravaradiofm\\\/2022\\\/06\\\/13\\\/salomon-jara-olvida-las-rencillas-invitara-a-susana-harp-a-su-gabinete\\\/\"},\"wordCount\":371,\"image\":{\"@id\":\"https:\\\/\\\/www.bbmnoticias.com\\\/labravaradiofm\\\/2022\\\/06\\\/13\\\/salomon-jara-olvida-las-rencillas-invitara-a-susana-harp-a-su-gabinete\\\/#primaryimage\"},\"thumbnailUrl\":\"https:\\\/\\\/www.bbmnoticias.com\\\/labravaradiofm\\\/wp-content\\\/uploads\\\/sites\\\/5\\\/2022\\\/06\\\/salomon-jara.webp\",\"inLanguage\":\"es\"},{\"@type\":\"WebPage\",\"@id\":\"https:\\\/\\\/www.bbmnoticias.com\\\/labravaradiofm\\\/2022\\\/06\\\/13\\\/salomon-jara-olvida-las-rencillas-invitara-a-susana-harp-a-su-gabinete\\\/\",\"url\":\"https:\\\/\\\/www.bbmnoticias.com\\\/labravaradiofm\\\/2022\\\/06\\\/13\\\/salomon-jara-olvida-las-rencillas-invitara-a-susana-harp-a-su-gabinete\\\/\",\"name\":\"Salom\u00f3n Jara olvida las rencillas; invitar\u00e1 a Susana Harp a su gabinete - LA BRAVA RADIO\",\"isPartOf\":{\"@id\":\"https:\\\/\\\/www.bbmnoticias.com\\\/labravaradiofm\\\/#website\"},\"primaryImageOfPage\":{\"@id\":\"https:\\\/\\\/www.bbmnoticias.com\\\/labravaradiofm\\\/2022\\\/06\\\/13\\\/salomon-jara-olvida-las-rencillas-invitara-a-susana-harp-a-su-gabinete\\\/#primaryimage\"},\"image\":{\"@id\":\"https:\\\/\\\/www.bbmnoticias.com\\\/labravaradiofm\\\/2022\\\/06\\\/13\\\/salomon-jara-olvida-las-rencillas-invitara-a-susana-harp-a-su-gabinete\\\/#primaryimage\"},\"thumbnailUrl\":\"https:\\\/\\\/www.bbmnoticias.com\\\/labravaradiofm\\\/wp-content\\\/uploads\\\/sites\\\/5\\\/2022\\\/06\\\/salomon-jara.webp\",\"datePublished\":\"2022-06-14T02:42:17+00:00\",\"dateModified\":\"2022-06-14T02:42:18+00:00\",\"author\":{\"@id\":\"https:\\\/\\\/www.bbmnoticias.com\\\/labravaradiofm\\\/#\\\/schema\\\/person\\\/dd54c3159a8392b3c13f071a62fce1fb\"},\"breadcrumb\":{\"@id\":\"https:\\\/\\\/www.bbmnoticias.com\\\/labravaradiofm\\\/2022\\\/06\\\/13\\\/salomon-jara-olvida-las-rencillas-invitara-a-susana-harp-a-su-gabinete\\\/#breadcrumb\"},\"inLanguage\":\"es\",\"potentialAction\":[{\"@type\":\"ReadAction\",\"target\":[\"https:\\\/\\\/www.bbmnoticias.com\\\/labravaradiofm\\\/2022\\\/06\\\/13\\\/salomon-jara-olvida-las-rencillas-invitara-a-susana-harp-a-su-gabinete\\\/\"]}]},{\"@type\":\"ImageObject\",\"inLanguage\":\"es\",\"@id\":\"https:\\\/\\\/www.bbmnoticias.com\\\/labravaradiofm\\\/2022\\\/06\\\/13\\\/salomon-jara-olvida-las-rencillas-invitara-a-susana-harp-a-su-gabinete\\\/#primaryimage\",\"url\":\"https:\\\/\\\/www.bbmnoticias.com\\\/labravaradiofm\\\/wp-content\\\/uploads\\\/sites\\\/5\\\/2022\\\/06\\\/salomon-jara.webp\",\"contentUrl\":\"https:\\\/\\\/www.bbmnoticias.com\\\/labravaradiofm\\\/wp-content\\\/uploads\\\/sites\\\/5\\\/2022\\\/06\\\/salomon-jara.webp\",\"width\":640,\"height\":360},{\"@type\":\"BreadcrumbList\",\"@id\":\"https:\\\/\\\/www.bbmnoticias.com\\\/labravaradiofm\\\/2022\\\/06\\\/13\\\/salomon-jara-olvida-las-rencillas-invitara-a-susana-harp-a-su-gabinete\\\/#breadcrumb\",\"itemListElement\":[{\"@type\":\"ListItem\",\"position\":1,\"name\":\"Inicio\",\"item\":\"https:\\\/\\\/www.bbmnoticias.com\\\/labravaradiofm\\\/\"},{\"@type\":\"ListItem\",\"position\":2,\"name\":\"Salom\u00f3n Jara olvida las rencillas; invitar\u00e1 a Susana Harp a su gabinete\"}]},{\"@type\":\"WebSite\",\"@id\":\"https:\\\/\\\/www.bbmnoticias.com\\\/labravaradiofm\\\/#website\",\"url\":\"https:\\\/\\\/www.bbmnoticias.com\\\/labravaradiofm\\\/\",\"name\":\"LA BRAVA RADIO\",\"description\":\"Empresa productora de medios, Radiodifusi\u00f3n, Noticias, tendencias y todo lo que necesitas saber de la pol\u00edtica mexicana e internacional; entretenimiento, espect\u00e1culos, salud y mucho m\u00e1s.\",\"potentialAction\":[{\"@type\":\"SearchAction\",\"target\":{\"@type\":\"EntryPoint\",\"urlTemplate\":\"https:\\\/\\\/www.bbmnoticias.com\\\/labravaradiofm\\\/?s={search_term_string}\"},\"query-input\":{\"@type\":\"PropertyValueSpecification\",\"valueRequired\":true,\"valueName\":\"search_term_string\"}}],\"inLanguage\":\"es\"},{\"@type\":\"Person\",\"@id\":\"https:\\\/\\\/www.bbmnoticias.com\\\/labravaradiofm\\\/#\\\/schema\\\/person\\\/dd54c3159a8392b3c13f071a62fce1fb\",\"name\":\"SDPnoticias\",\"image\":{\"@type\":\"ImageObject\",\"inLanguage\":\"es\",\"@id\":\"https:\\\/\\\/secure.gravatar.com\\\/avatar\\\/015ede9175a06d999d8b2b09e108b48c9e008e4ee44a647956086b51bbce326c?s=96&d=mm&r=g\",\"url\":\"https:\\\/\\\/secure.gravatar.com\\\/avatar\\\/015ede9175a06d999d8b2b09e108b48c9e008e4ee44a647956086b51bbce326c?s=96&d=mm&r=g\",\"contentUrl\":\"https:\\\/\\\/secure.gravatar.com\\\/avatar\\\/015ede9175a06d999d8b2b09e108b48c9e008e4ee44a647956086b51bbce326c?s=96&d=mm&r=g\",\"caption\":\"SDPnoticias\"},\"url\":\"https:\\\/\\\/www.bbmnoticias.com\\\/labravaradiofm\\\/author\\\/sdpnoticias\\\/\"}]}<\/script>\n<!-- \/ Yoast SEO plugin. -->","yoast_head_json":{"title":"Salom\u00f3n Jara olvida las rencillas; invitar\u00e1 a Susana Harp a su gabinete - LA BRAVA RADIO","robots":{"index":"index","follow":"follow","max-snippet":"max-snippet:-1","max-image-preview":"max-image-preview:large","max-video-preview":"max-video-preview:-1"},"canonical":"https:\/\/www.bbmnoticias.com\/labravaradiofm\/2022\/06\/13\/salomon-jara-olvida-las-rencillas-invitara-a-susana-harp-a-su-gabinete\/","og_locale":"es_MX","og_type":"article","og_title":"Salom\u00f3n Jara olvida las rencillas; invitar\u00e1 a Susana Harp a su gabinete - LA BRAVA RADIO","og_description":"El virtual gobernador de Oaxaca, Salom\u00f3n Jarase olvida de las rencillas y adelanta que invitara a Susana Harp a su gabinete. Cabe recordar que la senadora, Susana Harp particip\u00f3 en las elecciones internas de Morena para elegir al candidato o candidata que contendr\u00eda en las elecciones 2022 por la gubernatura de Oaxaca. Sin embargo, el [&hellip;]","og_url":"https:\/\/www.bbmnoticias.com\/labravaradiofm\/2022\/06\/13\/salomon-jara-olvida-las-rencillas-invitara-a-susana-harp-a-su-gabinete\/","og_site_name":"LA BRAVA RADIO","article_published_time":"2022-06-14T02:42:17+00:00","article_modified_time":"2022-06-14T02:42:18+00:00","og_image":[{"width":640,"height":360,"url":"https:\/\/www.bbmnoticias.com\/labravaradiofm\/wp-content\/uploads\/sites\/5\/2022\/06\/salomon-jara.webp","type":"image\/webp"}],"author":"SDPnoticias","twitter_card":"summary_large_image","twitter_misc":{"Escrito por":"SDPnoticias","Tiempo de lectura":"2 minutos"},"schema":{"@context":"https:\/\/schema.org","@graph":[{"@type":"Article","@id":"https:\/\/www.bbmnoticias.com\/labravaradiofm\/2022\/06\/13\/salomon-jara-olvida-las-rencillas-invitara-a-susana-harp-a-su-gabinete\/#article","isPartOf":{"@id":"https:\/\/www.bbmnoticias.com\/labravaradiofm\/2022\/06\/13\/salomon-jara-olvida-las-rencillas-invitara-a-susana-harp-a-su-gabinete\/"},"author":{"name":"SDPnoticias","@id":"https:\/\/www.bbmnoticias.com\/labravaradiofm\/#\/schema\/person\/dd54c3159a8392b3c13f071a62fce1fb"},"headline":"Salom\u00f3n Jara olvida las rencillas; invitar\u00e1 a Susana Harp a su gabinete","datePublished":"2022-06-14T02:42:17+00:00","dateModified":"2022-06-14T02:42:18+00:00","mainEntityOfPage":{"@id":"https:\/\/www.bbmnoticias.com\/labravaradiofm\/2022\/06\/13\/salomon-jara-olvida-las-rencillas-invitara-a-susana-harp-a-su-gabinete\/"},"wordCount":371,"image":{"@id":"https:\/\/www.bbmnoticias.com\/labravaradiofm\/2022\/06\/13\/salomon-jara-olvida-las-rencillas-invitara-a-susana-harp-a-su-gabinete\/#primaryimage"},"thumbnailUrl":"https:\/\/www.bbmnoticias.com\/labravaradiofm\/wp-content\/uploads\/sites\/5\/2022\/06\/salomon-jara.webp","inLanguage":"es"},{"@type":"WebPage","@id":"https:\/\/www.bbmnoticias.com\/labravaradiofm\/2022\/06\/13\/salomon-jara-olvida-las-rencillas-invitara-a-susana-harp-a-su-gabinete\/","url":"https:\/\/www.bbmnoticias.com\/labravaradiofm\/2022\/06\/13\/salomon-jara-olvida-las-rencillas-invitara-a-susana-harp-a-su-gabinete\/","name":"Salom\u00f3n Jara olvida las rencillas; invitar\u00e1 a Susana Harp a su gabinete - LA BRAVA RADIO","isPartOf":{"@id":"https:\/\/www.bbmnoticias.com\/labravaradiofm\/#website"},"primaryImageOfPage":{"@id":"https:\/\/www.bbmnoticias.com\/labravaradiofm\/2022\/06\/13\/salomon-jara-olvida-las-rencillas-invitara-a-susana-harp-a-su-gabinete\/#primaryimage"},"image":{"@id":"https:\/\/www.bbmnoticias.com\/labravaradiofm\/2022\/06\/13\/salomon-jara-olvida-las-rencillas-invitara-a-susana-harp-a-su-gabinete\/#primaryimage"},"thumbnailUrl":"https:\/\/www.bbmnoticias.com\/labravaradiofm\/wp-content\/uploads\/sites\/5\/2022\/06\/salomon-jara.webp","datePublished":"2022-06-14T02:42:17+00:00","dateModified":"2022-06-14T02:42:18+00:00","author":{"@id":"https:\/\/www.bbmnoticias.com\/labravaradiofm\/#\/schema\/person\/dd54c3159a8392b3c13f071a62fce1fb"},"breadcrumb":{"@id":"https:\/\/www.bbmnoticias.com\/labravaradiofm\/2022\/06\/13\/salomon-jara-olvida-las-rencillas-invitara-a-susana-harp-a-su-gabinete\/#breadcrumb"},"inLanguage":"es","potentialAction":[{"@type":"ReadAction","target":["https:\/\/www.bbmnoticias.com\/labravaradiofm\/2022\/06\/13\/salomon-jara-olvida-las-rencillas-invitara-a-susana-harp-a-su-gabinete\/"]}]},{"@type":"ImageObject","inLanguage":"es","@id":"https:\/\/www.bbmnoticias.com\/labravaradiofm\/2022\/06\/13\/salomon-jara-olvida-las-rencillas-invitara-a-susana-harp-a-su-gabinete\/#primaryimage","url":"https:\/\/www.bbmnoticias.com\/labravaradiofm\/wp-content\/uploads\/sites\/5\/2022\/06\/salomon-jara.webp","contentUrl":"https:\/\/www.bbmnoticias.com\/labravaradiofm\/wp-content\/uploads\/sites\/5\/2022\/06\/salomon-jara.webp","width":640,"height":360},{"@type":"BreadcrumbList","@id":"https:\/\/www.bbmnoticias.com\/labravaradiofm\/2022\/06\/13\/salomon-jara-olvida-las-rencillas-invitara-a-susana-harp-a-su-gabinete\/#breadcrumb","itemListElement":[{"@type":"ListItem","position":1,"name":"Inicio","item":"https:\/\/www.bbmnoticias.com\/labravaradiofm\/"},{"@type":"ListItem","position":2,"name":"Salom\u00f3n Jara olvida las rencillas; invitar\u00e1 a Susana Harp a su gabinete"}]},{"@type":"WebSite","@id":"https:\/\/www.bbmnoticias.com\/labravaradiofm\/#website","url":"https:\/\/www.bbmnoticias.com\/labravaradiofm\/","name":"LA BRAVA RADIO","description":"Empresa productora de medios, Radiodifusi\u00f3n, Noticias, tendencias y todo lo que necesitas saber de la pol\u00edtica mexicana e internacional; entretenimiento, espect\u00e1culos, salud y mucho m\u00e1s.","potentialAction":[{"@type":"SearchAction","target":{"@type":"EntryPoint","urlTemplate":"https:\/\/www.bbmnoticias.com\/labravaradiofm\/?s={search_term_string}"},"query-input":{"@type":"PropertyValueSpecification","valueRequired":true,"valueName":"search_term_string"}}],"inLanguage":"es"},{"@type":"Person","@id":"https:\/\/www.bbmnoticias.com\/labravaradiofm\/#\/schema\/person\/dd54c3159a8392b3c13f071a62fce1fb","name":"SDPnoticias","image":{"@type":"ImageObject","inLanguage":"es","@id":"https:\/\/secure.gravatar.com\/avatar\/015ede9175a06d999d8b2b09e108b48c9e008e4ee44a647956086b51bbce326c?s=96&d=mm&r=g","url":"https:\/\/secure.gravatar.com\/avatar\/015ede9175a06d999d8b2b09e108b48c9e008e4ee44a647956086b51bbce326c?s=96&d=mm&r=g","contentUrl":"https:\/\/secure.gravatar.com\/avatar\/015ede9175a06d999d8b2b09e108b48c9e008e4ee44a647956086b51bbce326c?s=96&d=mm&r=g","caption":"SDPnoticias"},"url":"https:\/\/www.bbmnoticias.com\/labravaradiofm\/author\/sdpnoticias\/"}]}},"_links":{"self":[{"href":"https:\/\/www.bbmnoticias.com\/labravaradiofm\/wp-json\/wp\/v2\/posts\/14520","targetHints":{"allow":["GET"]}}],"collection":[{"href":"https:\/\/www.bbmnoticias.com\/labravaradiofm\/wp-json\/wp\/v2\/posts"}],"about":[{"href":"https:\/\/www.bbmnoticias.com\/labravaradiofm\/wp-json\/wp\/v2\/types\/post"}],"author":[{"embeddable":true,"href":"https:\/\/www.bbmnoticias.com\/labravaradiofm\/wp-json\/wp\/v2\/users\/12"}],"replies":[{"embeddable":true,"href":"https:\/\/www.bbmnoticias.com\/labravaradiofm\/wp-json\/wp\/v2\/comments?post=14520"}],"version-history":[{"count":0,"href":"https:\/\/www.bbmnoticias.com\/labravaradiofm\/wp-json\/wp\/v2\/posts\/14520\/revisions"}],"wp:featuredmedia":[{"embeddable":true,"href":"https:\/\/www.bbmnoticias.com\/labravaradiofm\/wp-json\/wp\/v2\/media\/14521"}],"wp:attachment":[{"href":"https:\/\/www.bbmnoticias.com\/labravaradiofm\/wp-json\/wp\/v2\/media?parent=14520"}],"wp:term":[{"taxonomy":"category","embeddable":true,"href":"https:\/\/www.bbmnoticias.com\/labravaradiofm\/wp-json\/wp\/v2\/categories?post=14520"},{"taxonomy":"post_tag","embeddable":true,"href":"https:\/\/www.bbmnoticias.com\/labravaradiofm\/wp-json\/wp\/v2\/tags?post=14520"}],"curies":[{"name":"wp","href":"https:\/\/api.w.org\/{rel}","templated":true}]}}