{"id":14514,"date":"2022-06-13T19:59:49","date_gmt":"2022-06-14T00:59:49","guid":{"rendered":"https:\/\/www.bbmnoticias.com\/labravaradiofm\/?p=14514"},"modified":"2022-06-13T20:00:40","modified_gmt":"2022-06-14T01:00:40","slug":"smn-pronostica-formacion-de-ciclon-tropical-blas-en-el-pacifico-este-martes","status":"publish","type":"post","link":"https:\/\/www.bbmnoticias.com\/labravaradiofm\/2022\/06\/13\/smn-pronostica-formacion-de-ciclon-tropical-blas-en-el-pacifico-este-martes\/","title":{"rendered":"SMN pronostica formaci\u00f3n de cicl\u00f3n tropical &#8216;Blas&#8217; en el Pac\u00edfico este martes"},"content":{"rendered":"<div style=\"margin-top: 0px; margin-bottom: 0px;\" class=\"sharethis-inline-share-buttons\" ><\/div>\n<p>El Servici\u00f3 Meteorol\u00f3gico Nacional (SMN) inform\u00f3 que un sistema de baja presi\u00f3n tiene 90 por ciento de probabilidad de desarrollarse como tormenta tropical con el nombre de \u201cBlas\u201d en las pr\u00f3ximas 72 horas, frente a las costas de Guerrero.&nbsp;<\/p>\n\n\n\n<p>Ante ello, pidi\u00f3 a la poblaci\u00f3n mantenerse en alerta, ante la posibilidad de que<strong> las fuertes lluvias provoquen deslaves o inundaciones en Chiapas, Oaxaca, Guerrero, Michoac\u00e1n y Jalisco.<\/strong><\/p>\n\n\n\n<figure class=\"wp-block-pullquote\"><blockquote><p>\u201cSe pronostica que, durante esta noche y el d\u00eda martes, esta baja presi\u00f3n se intensifique y alcance la categor\u00eda de depresi\u00f3n tropical, se intensifique gradualmente y pueda alcanzar la categor\u00eda de tormenta tropical <em>Blas<\/em>&nbsp;por la noche del martes y el d\u00eda mi\u00e9rcoles\u201d, anunci\u00f3 Alejandra Margarita M\u00e9ndez Gir\u00f3n, coordinadora general del SMN, organismo de la Comisi\u00f3n Nacional del Agua.<\/p><\/blockquote><\/figure>\n\n\n\n<p>En conferencia, detall\u00f3 que a las 16:00 horas, <strong>el centro de la baja presi\u00f3n se localiz\u00f3 aproximadamente a 490 km al sur-suroeste de Acapulco,<\/strong> Guerrero, con desplazamiento lento hacia el noroeste.&nbsp;&nbsp;<\/p>\n\n\n\n<p>Dijo que dicho sistema interact\u00faa con un canal de baja presi\u00f3n sobre los estados de <strong>Chiapas, Oaxaca, Guerrero, Michoac\u00e1n, Jalisco y Colima, afectando con nublados y lluvias fuertes a intensas.&nbsp;<\/strong><\/p>\n\n\n\n<p>Al presentar el pron\u00f3stico, dijo que el centro del cicl\u00f3n tropical se desplazar\u00e1 paralelo a las costas del pac\u00edfico mexicano, <strong>aproximadamente a una distancia entre 350 a 400 km de las costas.<\/strong><\/p>\n\n\n\n<figure class=\"wp-block-pullquote\"><blockquote><p>&#8220;Se espera que a pesar de que el centro del cicl\u00f3n se mueva lejos de las costas, sus bandas se aproximen paralelamente desde Jalisco hasta Chiapas e interact\u00faen con canales de baja presi\u00f3n sobre dichos estados, provocando lluvias fuertes hasta torrenciales\u201d.<\/p><\/blockquote><\/figure>\n\n\n\n<h2 class=\"wp-block-heading\">Prev\u00e9n lluvias en Oaxaca, Veracruz y Chiapas&nbsp;<\/h2>\n\n\n\n<p>Indic\u00f3 que durante este lunes, se prev\u00e9n lluvias puntuales intensas en Oaxaca, Veracruz (sur) y Chiapas, as\u00ed como muy fuertes en Michoac\u00e1n y Guerrero, adem\u00e1s <strong>se registrar\u00e1n vientos de 50 a 60 km\/h y oleaje de uno a dos metros de altura en costas de Oaxaca y Guerrero.&nbsp;<\/strong><\/p>\n\n\n\n<p>Para el d\u00eda martes y de acuerdo a los modelos de pron\u00f3stico, la posible depresi\u00f3n tropical 2-E, se localizar\u00e1 al sur de las costas de Guerrero dejando lluvias torrenciales en Guerrero y Oaxaca, intensas en Chiapas y fuertes en Colima y Michoac\u00e1n, <strong>con vientos de 50 a 60 km\/h y oleaje de dos a tres metros de altura en costas de Guerrero y Oaxaca.&nbsp;<\/strong><\/p>\n\n\n\n<p>Durante la noche del martes y el d\u00eda mi\u00e9rcoles la depresi\u00f3n tropical 2-E se espera se intensifique a la tormenta tropical <em>Blas,<\/em>&nbsp;la cual se localizar\u00e1 al sur de las costas de Michoac\u00e1n, ocasionando oleaje de dos a tres metros de altura y vientos de 60 a 70 km\/h en costas de Michoac\u00e1n, Guerrero y Oaxaca, as\u00ed como lluvias intensas en Jalisco, Colima, Michoac\u00e1n, Guerrero, Oaxaca y Chiapas.&nbsp;<\/p>\n\n\n\n<p>El d\u00eda jueves, <strong><em>Blas <\/em>ocasionar\u00e1 lluvias intensas en Jalisco, Colima, Michoac\u00e1n, Guerrero, Oaxaca y Chiapas<\/strong>, vientos de 70 a 80 km\/h y oleaje de tres a cuatro metros de altura en costas de Michoac\u00e1n, Oaxaca y Chiapas, as\u00ed como oleaje de dos a tres metros en Jalisco, Colima y Guerrero.&nbsp;<\/p>\n\n\n\n<p>Durante el viernes este sistema se alejar\u00e1 de costas nacionales, sin embargo, dejar\u00e1 lluvias intensas en Jalisco, Colima, Michoac\u00e1n y Guerrero, con vientos de 50 a 70 km\/h y oleaje de 2 a 3 metros de altura en Jalisco, Colima, Michoac\u00e1n y Guerrero.<\/p>\n\n\n\n<figure class=\"wp-block-pullquote\"><blockquote><p>\u201cEstas lluvias pueden ocasionar posibles deslaves, inundaciones y aumento en los r\u00edos y arroyos.&nbsp;Se hace un llamado a la poblaci\u00f3n en general de dichos estados y a las embarcaciones mar\u00edtimas a extremar precauciones, as\u00ed como a los puertos que se encuentran en los estados de Chiapas, Oaxaca, Guerrero, Michoac\u00e1n, Colima y Jalisco\u201d, exhort\u00f3.<\/p><\/blockquote><\/figure>\n\n\n\n<p>Por su parte, Jes\u00fas Heriberto Montes Ortiz, gerente de Aguas Superficiales e ingenier\u00eda de R\u00edos de la Conagua, coincidi\u00f3 en que se prev\u00e9 el incremento de caudales de r\u00edos y arroyos, as\u00ed como inundaciones y deslizamientos debido a las fuertes lluvias, por lo que reiter\u00f3 el llamado a la poblaci\u00f3n para estar atentos a los avisos de Protecci\u00f3n Civil y evitar cruzar algunos r\u00edos con creciente.<\/p>\n","protected":false},"excerpt":{"rendered":"<p>El Servici\u00f3 Meteorol\u00f3gico Nacional (SMN) inform\u00f3 que un sistema de baja presi\u00f3n tiene 90 por ciento de probabilidad de desarrollarse como tormenta tropical con el nombre de \u201cBlas\u201d en las pr\u00f3ximas 72 horas, frente a las costas de Guerrero.&nbsp; Ante ello, pidi\u00f3 a la poblaci\u00f3n mantenerse en alerta, ante la posibilidad de que las fuertes [&hellip;]<\/p>\n","protected":false},"author":2,"featured_media":14515,"comment_status":"closed","ping_status":"closed","sticky":false,"template":"","format":"standard","meta":{"footnotes":""},"categories":[2],"tags":[],"class_list":{"0":"post-14514","1":"post","2":"type-post","3":"status-publish","4":"format-standard","5":"has-post-thumbnail","7":"category-oaxaca"},"yoast_head":"<!-- This site is optimized with the Yoast SEO plugin v27.4 - https:\/\/yoast.com\/product\/yoast-seo-wordpress\/ -->\n<title>SMN pronostica formaci\u00f3n de cicl\u00f3n tropical &#039;Blas&#039; en el Pac\u00edfico este martes - LA BRAVA RADIO<\/title>\n<meta name=\"robots\" content=\"index, follow, max-snippet:-1, max-image-preview:large, max-video-preview:-1\" \/>\n<link rel=\"canonical\" href=\"https:\/\/www.bbmnoticias.com\/labravaradiofm\/2022\/06\/13\/smn-pronostica-formacion-de-ciclon-tropical-blas-en-el-pacifico-este-martes\/\" \/>\n<meta property=\"og:locale\" content=\"es_MX\" \/>\n<meta property=\"og:type\" content=\"article\" \/>\n<meta property=\"og:title\" content=\"SMN pronostica formaci\u00f3n de cicl\u00f3n tropical &#039;Blas&#039; en el Pac\u00edfico este martes - LA BRAVA RADIO\" \/>\n<meta property=\"og:description\" content=\"El Servici\u00f3 Meteorol\u00f3gico Nacional (SMN) inform\u00f3 que un sistema de baja presi\u00f3n tiene 90 por ciento de probabilidad de desarrollarse como tormenta tropical con el nombre de \u201cBlas\u201d en las pr\u00f3ximas 72 horas, frente a las costas de Guerrero.&nbsp; Ante ello, pidi\u00f3 a la poblaci\u00f3n mantenerse en alerta, ante la posibilidad de que las fuertes [&hellip;]\" \/>\n<meta property=\"og:url\" content=\"https:\/\/www.bbmnoticias.com\/labravaradiofm\/2022\/06\/13\/smn-pronostica-formacion-de-ciclon-tropical-blas-en-el-pacifico-este-martes\/\" \/>\n<meta property=\"og:site_name\" content=\"LA BRAVA RADIO\" \/>\n<meta property=\"article:published_time\" content=\"2022-06-14T00:59:49+00:00\" \/>\n<meta property=\"article:modified_time\" content=\"2022-06-14T01:00:40+00:00\" \/>\n<meta property=\"og:image\" content=\"https:\/\/www.bbmnoticias.com\/labravaradiofm\/wp-content\/uploads\/sites\/5\/2022\/06\/clima-oaxaca.jpg\" \/>\n\t<meta property=\"og:image:width\" content=\"800\" \/>\n\t<meta property=\"og:image:height\" content=\"445\" \/>\n\t<meta property=\"og:image:type\" content=\"image\/jpeg\" \/>\n<meta name=\"author\" content=\"Staff\" \/>\n<meta name=\"twitter:card\" content=\"summary_large_image\" \/>\n<meta name=\"twitter:label1\" content=\"Escrito por\" \/>\n\t<meta name=\"twitter:data1\" content=\"Staff\" \/>\n\t<meta name=\"twitter:label2\" content=\"Tiempo de lectura\" \/>\n\t<meta name=\"twitter:data2\" content=\"4 minutos\" \/>\n<script type=\"application\/ld+json\" class=\"yoast-schema-graph\">{\"@context\":\"https:\\\/\\\/schema.org\",\"@graph\":[{\"@type\":\"Article\",\"@id\":\"https:\\\/\\\/www.bbmnoticias.com\\\/labravaradiofm\\\/2022\\\/06\\\/13\\\/smn-pronostica-formacion-de-ciclon-tropical-blas-en-el-pacifico-este-martes\\\/#article\",\"isPartOf\":{\"@id\":\"https:\\\/\\\/www.bbmnoticias.com\\\/labravaradiofm\\\/2022\\\/06\\\/13\\\/smn-pronostica-formacion-de-ciclon-tropical-blas-en-el-pacifico-este-martes\\\/\"},\"author\":{\"name\":\"Staff\",\"@id\":\"https:\\\/\\\/www.bbmnoticias.com\\\/labravaradiofm\\\/#\\\/schema\\\/person\\\/34b139c617a70ea5bef5678bffe4dd7b\"},\"headline\":\"SMN pronostica formaci\u00f3n de cicl\u00f3n tropical &#8216;Blas&#8217; en el Pac\u00edfico este martes\",\"datePublished\":\"2022-06-14T00:59:49+00:00\",\"dateModified\":\"2022-06-14T01:00:40+00:00\",\"mainEntityOfPage\":{\"@id\":\"https:\\\/\\\/www.bbmnoticias.com\\\/labravaradiofm\\\/2022\\\/06\\\/13\\\/smn-pronostica-formacion-de-ciclon-tropical-blas-en-el-pacifico-este-martes\\\/\"},\"wordCount\":730,\"image\":{\"@id\":\"https:\\\/\\\/www.bbmnoticias.com\\\/labravaradiofm\\\/2022\\\/06\\\/13\\\/smn-pronostica-formacion-de-ciclon-tropical-blas-en-el-pacifico-este-martes\\\/#primaryimage\"},\"thumbnailUrl\":\"https:\\\/\\\/www.bbmnoticias.com\\\/labravaradiofm\\\/wp-content\\\/uploads\\\/sites\\\/5\\\/2022\\\/06\\\/clima-oaxaca.jpg\",\"articleSection\":[\"LOCAL\"],\"inLanguage\":\"es\"},{\"@type\":\"WebPage\",\"@id\":\"https:\\\/\\\/www.bbmnoticias.com\\\/labravaradiofm\\\/2022\\\/06\\\/13\\\/smn-pronostica-formacion-de-ciclon-tropical-blas-en-el-pacifico-este-martes\\\/\",\"url\":\"https:\\\/\\\/www.bbmnoticias.com\\\/labravaradiofm\\\/2022\\\/06\\\/13\\\/smn-pronostica-formacion-de-ciclon-tropical-blas-en-el-pacifico-este-martes\\\/\",\"name\":\"SMN pronostica formaci\u00f3n de cicl\u00f3n tropical 'Blas' en el Pac\u00edfico este martes - LA BRAVA RADIO\",\"isPartOf\":{\"@id\":\"https:\\\/\\\/www.bbmnoticias.com\\\/labravaradiofm\\\/#website\"},\"primaryImageOfPage\":{\"@id\":\"https:\\\/\\\/www.bbmnoticias.com\\\/labravaradiofm\\\/2022\\\/06\\\/13\\\/smn-pronostica-formacion-de-ciclon-tropical-blas-en-el-pacifico-este-martes\\\/#primaryimage\"},\"image\":{\"@id\":\"https:\\\/\\\/www.bbmnoticias.com\\\/labravaradiofm\\\/2022\\\/06\\\/13\\\/smn-pronostica-formacion-de-ciclon-tropical-blas-en-el-pacifico-este-martes\\\/#primaryimage\"},\"thumbnailUrl\":\"https:\\\/\\\/www.bbmnoticias.com\\\/labravaradiofm\\\/wp-content\\\/uploads\\\/sites\\\/5\\\/2022\\\/06\\\/clima-oaxaca.jpg\",\"datePublished\":\"2022-06-14T00:59:49+00:00\",\"dateModified\":\"2022-06-14T01:00:40+00:00\",\"author\":{\"@id\":\"https:\\\/\\\/www.bbmnoticias.com\\\/labravaradiofm\\\/#\\\/schema\\\/person\\\/34b139c617a70ea5bef5678bffe4dd7b\"},\"breadcrumb\":{\"@id\":\"https:\\\/\\\/www.bbmnoticias.com\\\/labravaradiofm\\\/2022\\\/06\\\/13\\\/smn-pronostica-formacion-de-ciclon-tropical-blas-en-el-pacifico-este-martes\\\/#breadcrumb\"},\"inLanguage\":\"es\",\"potentialAction\":[{\"@type\":\"ReadAction\",\"target\":[\"https:\\\/\\\/www.bbmnoticias.com\\\/labravaradiofm\\\/2022\\\/06\\\/13\\\/smn-pronostica-formacion-de-ciclon-tropical-blas-en-el-pacifico-este-martes\\\/\"]}]},{\"@type\":\"ImageObject\",\"inLanguage\":\"es\",\"@id\":\"https:\\\/\\\/www.bbmnoticias.com\\\/labravaradiofm\\\/2022\\\/06\\\/13\\\/smn-pronostica-formacion-de-ciclon-tropical-blas-en-el-pacifico-este-martes\\\/#primaryimage\",\"url\":\"https:\\\/\\\/www.bbmnoticias.com\\\/labravaradiofm\\\/wp-content\\\/uploads\\\/sites\\\/5\\\/2022\\\/06\\\/clima-oaxaca.jpg\",\"contentUrl\":\"https:\\\/\\\/www.bbmnoticias.com\\\/labravaradiofm\\\/wp-content\\\/uploads\\\/sites\\\/5\\\/2022\\\/06\\\/clima-oaxaca.jpg\",\"width\":800,\"height\":445},{\"@type\":\"BreadcrumbList\",\"@id\":\"https:\\\/\\\/www.bbmnoticias.com\\\/labravaradiofm\\\/2022\\\/06\\\/13\\\/smn-pronostica-formacion-de-ciclon-tropical-blas-en-el-pacifico-este-martes\\\/#breadcrumb\",\"itemListElement\":[{\"@type\":\"ListItem\",\"position\":1,\"name\":\"Inicio\",\"item\":\"https:\\\/\\\/www.bbmnoticias.com\\\/labravaradiofm\\\/\"},{\"@type\":\"ListItem\",\"position\":2,\"name\":\"SMN pronostica formaci\u00f3n de cicl\u00f3n tropical &#8216;Blas&#8217; en el Pac\u00edfico este martes\"}]},{\"@type\":\"WebSite\",\"@id\":\"https:\\\/\\\/www.bbmnoticias.com\\\/labravaradiofm\\\/#website\",\"url\":\"https:\\\/\\\/www.bbmnoticias.com\\\/labravaradiofm\\\/\",\"name\":\"LA BRAVA RADIO\",\"description\":\"Empresa productora de medios, Radiodifusi\u00f3n, Noticias, tendencias y todo lo que necesitas saber de la pol\u00edtica mexicana e internacional; entretenimiento, espect\u00e1culos, salud y mucho m\u00e1s.\",\"potentialAction\":[{\"@type\":\"SearchAction\",\"target\":{\"@type\":\"EntryPoint\",\"urlTemplate\":\"https:\\\/\\\/www.bbmnoticias.com\\\/labravaradiofm\\\/?s={search_term_string}\"},\"query-input\":{\"@type\":\"PropertyValueSpecification\",\"valueRequired\":true,\"valueName\":\"search_term_string\"}}],\"inLanguage\":\"es\"},{\"@type\":\"Person\",\"@id\":\"https:\\\/\\\/www.bbmnoticias.com\\\/labravaradiofm\\\/#\\\/schema\\\/person\\\/34b139c617a70ea5bef5678bffe4dd7b\",\"name\":\"Staff\",\"image\":{\"@type\":\"ImageObject\",\"inLanguage\":\"es\",\"@id\":\"https:\\\/\\\/secure.gravatar.com\\\/avatar\\\/fdd21ad66fd8b98c407f9dee5b5e588cfe7f0d8579ec20fa6527cd59bab7f0f0?s=96&d=mm&r=g\",\"url\":\"https:\\\/\\\/secure.gravatar.com\\\/avatar\\\/fdd21ad66fd8b98c407f9dee5b5e588cfe7f0d8579ec20fa6527cd59bab7f0f0?s=96&d=mm&r=g\",\"contentUrl\":\"https:\\\/\\\/secure.gravatar.com\\\/avatar\\\/fdd21ad66fd8b98c407f9dee5b5e588cfe7f0d8579ec20fa6527cd59bab7f0f0?s=96&d=mm&r=g\",\"caption\":\"Staff\"},\"url\":\"https:\\\/\\\/www.bbmnoticias.com\\\/labravaradiofm\\\/author\\\/redaccion\\\/\"}]}<\/script>\n<!-- \/ Yoast SEO plugin. -->","yoast_head_json":{"title":"SMN pronostica formaci\u00f3n de cicl\u00f3n tropical 'Blas' en el Pac\u00edfico este martes - LA BRAVA RADIO","robots":{"index":"index","follow":"follow","max-snippet":"max-snippet:-1","max-image-preview":"max-image-preview:large","max-video-preview":"max-video-preview:-1"},"canonical":"https:\/\/www.bbmnoticias.com\/labravaradiofm\/2022\/06\/13\/smn-pronostica-formacion-de-ciclon-tropical-blas-en-el-pacifico-este-martes\/","og_locale":"es_MX","og_type":"article","og_title":"SMN pronostica formaci\u00f3n de cicl\u00f3n tropical 'Blas' en el Pac\u00edfico este martes - LA BRAVA RADIO","og_description":"El Servici\u00f3 Meteorol\u00f3gico Nacional (SMN) inform\u00f3 que un sistema de baja presi\u00f3n tiene 90 por ciento de probabilidad de desarrollarse como tormenta tropical con el nombre de \u201cBlas\u201d en las pr\u00f3ximas 72 horas, frente a las costas de Guerrero.&nbsp; Ante ello, pidi\u00f3 a la poblaci\u00f3n mantenerse en alerta, ante la posibilidad de que las fuertes [&hellip;]","og_url":"https:\/\/www.bbmnoticias.com\/labravaradiofm\/2022\/06\/13\/smn-pronostica-formacion-de-ciclon-tropical-blas-en-el-pacifico-este-martes\/","og_site_name":"LA BRAVA RADIO","article_published_time":"2022-06-14T00:59:49+00:00","article_modified_time":"2022-06-14T01:00:40+00:00","og_image":[{"width":800,"height":445,"url":"https:\/\/www.bbmnoticias.com\/labravaradiofm\/wp-content\/uploads\/sites\/5\/2022\/06\/clima-oaxaca.jpg","type":"image\/jpeg"}],"author":"Staff","twitter_card":"summary_large_image","twitter_misc":{"Escrito por":"Staff","Tiempo de lectura":"4 minutos"},"schema":{"@context":"https:\/\/schema.org","@graph":[{"@type":"Article","@id":"https:\/\/www.bbmnoticias.com\/labravaradiofm\/2022\/06\/13\/smn-pronostica-formacion-de-ciclon-tropical-blas-en-el-pacifico-este-martes\/#article","isPartOf":{"@id":"https:\/\/www.bbmnoticias.com\/labravaradiofm\/2022\/06\/13\/smn-pronostica-formacion-de-ciclon-tropical-blas-en-el-pacifico-este-martes\/"},"author":{"name":"Staff","@id":"https:\/\/www.bbmnoticias.com\/labravaradiofm\/#\/schema\/person\/34b139c617a70ea5bef5678bffe4dd7b"},"headline":"SMN pronostica formaci\u00f3n de cicl\u00f3n tropical &#8216;Blas&#8217; en el Pac\u00edfico este martes","datePublished":"2022-06-14T00:59:49+00:00","dateModified":"2022-06-14T01:00:40+00:00","mainEntityOfPage":{"@id":"https:\/\/www.bbmnoticias.com\/labravaradiofm\/2022\/06\/13\/smn-pronostica-formacion-de-ciclon-tropical-blas-en-el-pacifico-este-martes\/"},"wordCount":730,"image":{"@id":"https:\/\/www.bbmnoticias.com\/labravaradiofm\/2022\/06\/13\/smn-pronostica-formacion-de-ciclon-tropical-blas-en-el-pacifico-este-martes\/#primaryimage"},"thumbnailUrl":"https:\/\/www.bbmnoticias.com\/labravaradiofm\/wp-content\/uploads\/sites\/5\/2022\/06\/clima-oaxaca.jpg","articleSection":["LOCAL"],"inLanguage":"es"},{"@type":"WebPage","@id":"https:\/\/www.bbmnoticias.com\/labravaradiofm\/2022\/06\/13\/smn-pronostica-formacion-de-ciclon-tropical-blas-en-el-pacifico-este-martes\/","url":"https:\/\/www.bbmnoticias.com\/labravaradiofm\/2022\/06\/13\/smn-pronostica-formacion-de-ciclon-tropical-blas-en-el-pacifico-este-martes\/","name":"SMN pronostica formaci\u00f3n de cicl\u00f3n tropical 'Blas' en el Pac\u00edfico este martes - LA BRAVA RADIO","isPartOf":{"@id":"https:\/\/www.bbmnoticias.com\/labravaradiofm\/#website"},"primaryImageOfPage":{"@id":"https:\/\/www.bbmnoticias.com\/labravaradiofm\/2022\/06\/13\/smn-pronostica-formacion-de-ciclon-tropical-blas-en-el-pacifico-este-martes\/#primaryimage"},"image":{"@id":"https:\/\/www.bbmnoticias.com\/labravaradiofm\/2022\/06\/13\/smn-pronostica-formacion-de-ciclon-tropical-blas-en-el-pacifico-este-martes\/#primaryimage"},"thumbnailUrl":"https:\/\/www.bbmnoticias.com\/labravaradiofm\/wp-content\/uploads\/sites\/5\/2022\/06\/clima-oaxaca.jpg","datePublished":"2022-06-14T00:59:49+00:00","dateModified":"2022-06-14T01:00:40+00:00","author":{"@id":"https:\/\/www.bbmnoticias.com\/labravaradiofm\/#\/schema\/person\/34b139c617a70ea5bef5678bffe4dd7b"},"breadcrumb":{"@id":"https:\/\/www.bbmnoticias.com\/labravaradiofm\/2022\/06\/13\/smn-pronostica-formacion-de-ciclon-tropical-blas-en-el-pacifico-este-martes\/#breadcrumb"},"inLanguage":"es","potentialAction":[{"@type":"ReadAction","target":["https:\/\/www.bbmnoticias.com\/labravaradiofm\/2022\/06\/13\/smn-pronostica-formacion-de-ciclon-tropical-blas-en-el-pacifico-este-martes\/"]}]},{"@type":"ImageObject","inLanguage":"es","@id":"https:\/\/www.bbmnoticias.com\/labravaradiofm\/2022\/06\/13\/smn-pronostica-formacion-de-ciclon-tropical-blas-en-el-pacifico-este-martes\/#primaryimage","url":"https:\/\/www.bbmnoticias.com\/labravaradiofm\/wp-content\/uploads\/sites\/5\/2022\/06\/clima-oaxaca.jpg","contentUrl":"https:\/\/www.bbmnoticias.com\/labravaradiofm\/wp-content\/uploads\/sites\/5\/2022\/06\/clima-oaxaca.jpg","width":800,"height":445},{"@type":"BreadcrumbList","@id":"https:\/\/www.bbmnoticias.com\/labravaradiofm\/2022\/06\/13\/smn-pronostica-formacion-de-ciclon-tropical-blas-en-el-pacifico-este-martes\/#breadcrumb","itemListElement":[{"@type":"ListItem","position":1,"name":"Inicio","item":"https:\/\/www.bbmnoticias.com\/labravaradiofm\/"},{"@type":"ListItem","position":2,"name":"SMN pronostica formaci\u00f3n de cicl\u00f3n tropical &#8216;Blas&#8217; en el Pac\u00edfico este martes"}]},{"@type":"WebSite","@id":"https:\/\/www.bbmnoticias.com\/labravaradiofm\/#website","url":"https:\/\/www.bbmnoticias.com\/labravaradiofm\/","name":"LA BRAVA RADIO","description":"Empresa productora de medios, Radiodifusi\u00f3n, Noticias, tendencias y todo lo que necesitas saber de la pol\u00edtica mexicana e internacional; entretenimiento, espect\u00e1culos, salud y mucho m\u00e1s.","potentialAction":[{"@type":"SearchAction","target":{"@type":"EntryPoint","urlTemplate":"https:\/\/www.bbmnoticias.com\/labravaradiofm\/?s={search_term_string}"},"query-input":{"@type":"PropertyValueSpecification","valueRequired":true,"valueName":"search_term_string"}}],"inLanguage":"es"},{"@type":"Person","@id":"https:\/\/www.bbmnoticias.com\/labravaradiofm\/#\/schema\/person\/34b139c617a70ea5bef5678bffe4dd7b","name":"Staff","image":{"@type":"ImageObject","inLanguage":"es","@id":"https:\/\/secure.gravatar.com\/avatar\/fdd21ad66fd8b98c407f9dee5b5e588cfe7f0d8579ec20fa6527cd59bab7f0f0?s=96&d=mm&r=g","url":"https:\/\/secure.gravatar.com\/avatar\/fdd21ad66fd8b98c407f9dee5b5e588cfe7f0d8579ec20fa6527cd59bab7f0f0?s=96&d=mm&r=g","contentUrl":"https:\/\/secure.gravatar.com\/avatar\/fdd21ad66fd8b98c407f9dee5b5e588cfe7f0d8579ec20fa6527cd59bab7f0f0?s=96&d=mm&r=g","caption":"Staff"},"url":"https:\/\/www.bbmnoticias.com\/labravaradiofm\/author\/redaccion\/"}]}},"_links":{"self":[{"href":"https:\/\/www.bbmnoticias.com\/labravaradiofm\/wp-json\/wp\/v2\/posts\/14514","targetHints":{"allow":["GET"]}}],"collection":[{"href":"https:\/\/www.bbmnoticias.com\/labravaradiofm\/wp-json\/wp\/v2\/posts"}],"about":[{"href":"https:\/\/www.bbmnoticias.com\/labravaradiofm\/wp-json\/wp\/v2\/types\/post"}],"author":[{"embeddable":true,"href":"https:\/\/www.bbmnoticias.com\/labravaradiofm\/wp-json\/wp\/v2\/users\/2"}],"replies":[{"embeddable":true,"href":"https:\/\/www.bbmnoticias.com\/labravaradiofm\/wp-json\/wp\/v2\/comments?post=14514"}],"version-history":[{"count":0,"href":"https:\/\/www.bbmnoticias.com\/labravaradiofm\/wp-json\/wp\/v2\/posts\/14514\/revisions"}],"wp:featuredmedia":[{"embeddable":true,"href":"https:\/\/www.bbmnoticias.com\/labravaradiofm\/wp-json\/wp\/v2\/media\/14515"}],"wp:attachment":[{"href":"https:\/\/www.bbmnoticias.com\/labravaradiofm\/wp-json\/wp\/v2\/media?parent=14514"}],"wp:term":[{"taxonomy":"category","embeddable":true,"href":"https:\/\/www.bbmnoticias.com\/labravaradiofm\/wp-json\/wp\/v2\/categories?post=14514"},{"taxonomy":"post_tag","embeddable":true,"href":"https:\/\/www.bbmnoticias.com\/labravaradiofm\/wp-json\/wp\/v2\/tags?post=14514"}],"curies":[{"name":"wp","href":"https:\/\/api.w.org\/{rel}","templated":true}]}}