{"id":14507,"date":"2022-06-13T18:27:59","date_gmt":"2022-06-13T23:27:59","guid":{"rendered":"https:\/\/www.bbmnoticias.com\/labravaradiofm\/?p=14507"},"modified":"2022-06-13T18:28:00","modified_gmt":"2022-06-13T23:28:00","slug":"estamos-listos-para-comenzar-con-la-transformacion-de-oaxaca-salomon-jara","status":"publish","type":"post","link":"https:\/\/www.bbmnoticias.com\/labravaradiofm\/2022\/06\/13\/estamos-listos-para-comenzar-con-la-transformacion-de-oaxaca-salomon-jara\/","title":{"rendered":"Estamos listos para comenzar con la transformaci\u00f3n de Oaxaca: Salom\u00f3n Jara"},"content":{"rendered":"<div style=\"margin-top: 0px; margin-bottom: 0px;\" class=\"sharethis-inline-share-buttons\" ><\/div>\n<p>Oaxaca de Ju\u00e1rez.- Al recibir la constancia de mayor\u00eda por parte del Instituto Electoral local que lo acredita como ganador de la elecci\u00f3n a Gobernador del Estado de Oaxaca, Salom\u00f3n Jara Cruz se declar\u00f3 listo para comenzar con la transformaci\u00f3n de la entidad, y afianz\u00f3 su compromiso de gobernar con el pueblo, desde las comunidades.<\/p>\n\n\n\n<p>El pr\u00f3ximo titular del Poder Ejecutivo agradeci\u00f3 al pueblo oaxaque\u00f1o por la confianza, el cari\u00f1o y honra con la titularidad del m\u00e1ximo cargo y encargo de representante en el Estado.<\/p>\n\n\n\n<p>&#8220;Recibo la constancia con la convicci\u00f3n de que el contundente respaldo popular que he recibido y ha recibido este proyecto, ser\u00e1 la base del fortalecimiento de la primavera oaxaque\u00f1a&#8221;, asegur\u00f3.<\/p>\n\n\n\n<p>&#8220;Me declaro listo para empezar a trabajar para convertir en realidad nuestro sue\u00f1o de construir un mejor ma\u00f1ana para todos y todas&#8221;, afirm\u00f3.<\/p>\n\n\n\n<p>Destac\u00f3 que, el 60% de los votos y la abrumadora diferencia de m\u00e1s de 35 puntos porcentuales de diferencia, en relaci\u00f3n con el segundo lugar, representan un resultado hist\u00f3rico, sin precedente; pero que significa un orgullo y un gran compromiso que no deshonrar\u00e1<\/p>\n\n\n\n<p>Asegur\u00f3 que las anteriores estad\u00edsticas es el veredicto del pueblo hacia quienes se oponen a la transformaci\u00f3n y se asumen como falsos representantes de los pueblos<\/p>\n\n\n\n<p>Salom\u00f3n Jara destac\u00f3 que, el mandato ciudadano ha sido claro, pues encomend\u00f3 la tarea de construir un gobierno del pueblo y para el pueblo, que establezca las bases para revertir la hist\u00f3rica injusticia y desigualdad que heredaron los malos gobiernos y que pongan por delante, de manera prioritaria, a los m\u00e1s pobres de nuestro Estado.<\/p>\n\n\n\n<p>&#8220;Mi reconocimiento a toda la ciudadan\u00eda que mostr\u00f3 su amor y compromiso por Oaxaca, y que garantiz\u00f3 el pleno funcionamiento de la democracia en la entidad&#8221;, declar\u00f3.<\/p>\n\n\n\n<p>Adelant\u00f3 que, comenzar\u00e1 una gira para recorrer nuevamente las ocho regiones de la entidad y los 570 municipios, para estar siempre cercano a la gente. Adem\u00e1s, para agradecer a los pueblos por su apoyo y la confianza, entregada.<\/p>\n\n\n\n<p>Afirm\u00f3 que se presentar\u00e1 en donde est\u00e9n los problemas para darles atenci\u00f3n, con la claridad de que se trata de un proyecto de la Cuarta Transformaci\u00f3n, que renovar\u00e1 la forma de hacer pol\u00edtica en el Estado, siempre a lado de la gente.<\/p>\n","protected":false},"excerpt":{"rendered":"<p>Oaxaca de Ju\u00e1rez.- Al recibir la constancia de mayor\u00eda por parte del Instituto Electoral local que lo acredita como ganador de la elecci\u00f3n a Gobernador del Estado de Oaxaca, Salom\u00f3n Jara Cruz se declar\u00f3 listo para comenzar con la transformaci\u00f3n de la entidad, y afianz\u00f3 su compromiso de gobernar con el pueblo, desde las comunidades. [&hellip;]<\/p>\n","protected":false},"author":2,"featured_media":14509,"comment_status":"closed","ping_status":"closed","sticky":false,"template":"","format":"standard","meta":{"footnotes":""},"categories":[2],"tags":[],"class_list":{"0":"post-14507","1":"post","2":"type-post","3":"status-publish","4":"format-standard","5":"has-post-thumbnail","7":"category-oaxaca"},"yoast_head":"<!-- This site is optimized with the Yoast SEO plugin v27.4 - https:\/\/yoast.com\/product\/yoast-seo-wordpress\/ -->\n<title>Estamos listos para comenzar con la transformaci\u00f3n de Oaxaca: Salom\u00f3n Jara - LA BRAVA RADIO<\/title>\n<meta name=\"robots\" content=\"index, follow, max-snippet:-1, max-image-preview:large, max-video-preview:-1\" \/>\n<link rel=\"canonical\" href=\"https:\/\/www.bbmnoticias.com\/labravaradiofm\/2022\/06\/13\/estamos-listos-para-comenzar-con-la-transformacion-de-oaxaca-salomon-jara\/\" \/>\n<meta property=\"og:locale\" content=\"es_MX\" \/>\n<meta property=\"og:type\" content=\"article\" \/>\n<meta property=\"og:title\" content=\"Estamos listos para comenzar con la transformaci\u00f3n de Oaxaca: Salom\u00f3n Jara - LA BRAVA RADIO\" \/>\n<meta property=\"og:description\" content=\"Oaxaca de Ju\u00e1rez.- Al recibir la constancia de mayor\u00eda por parte del Instituto Electoral local que lo acredita como ganador de la elecci\u00f3n a Gobernador del Estado de Oaxaca, Salom\u00f3n Jara Cruz se declar\u00f3 listo para comenzar con la transformaci\u00f3n de la entidad, y afianz\u00f3 su compromiso de gobernar con el pueblo, desde las comunidades. [&hellip;]\" \/>\n<meta property=\"og:url\" content=\"https:\/\/www.bbmnoticias.com\/labravaradiofm\/2022\/06\/13\/estamos-listos-para-comenzar-con-la-transformacion-de-oaxaca-salomon-jara\/\" \/>\n<meta property=\"og:site_name\" content=\"LA BRAVA RADIO\" \/>\n<meta property=\"article:published_time\" content=\"2022-06-13T23:27:59+00:00\" \/>\n<meta property=\"article:modified_time\" content=\"2022-06-13T23:28:00+00:00\" \/>\n<meta property=\"og:image\" content=\"https:\/\/www.bbmnoticias.com\/labravaradiofm\/wp-content\/uploads\/sites\/5\/2022\/06\/salomon-jara-1.jpg\" \/>\n\t<meta property=\"og:image:width\" content=\"800\" \/>\n\t<meta property=\"og:image:height\" content=\"472\" \/>\n\t<meta property=\"og:image:type\" content=\"image\/jpeg\" \/>\n<meta name=\"author\" content=\"Staff\" \/>\n<meta name=\"twitter:card\" content=\"summary_large_image\" \/>\n<meta name=\"twitter:label1\" content=\"Escrito por\" \/>\n\t<meta name=\"twitter:data1\" content=\"Staff\" \/>\n\t<meta name=\"twitter:label2\" content=\"Tiempo de lectura\" \/>\n\t<meta name=\"twitter:data2\" content=\"2 minutos\" \/>\n<script type=\"application\/ld+json\" class=\"yoast-schema-graph\">{\"@context\":\"https:\\\/\\\/schema.org\",\"@graph\":[{\"@type\":\"Article\",\"@id\":\"https:\\\/\\\/www.bbmnoticias.com\\\/labravaradiofm\\\/2022\\\/06\\\/13\\\/estamos-listos-para-comenzar-con-la-transformacion-de-oaxaca-salomon-jara\\\/#article\",\"isPartOf\":{\"@id\":\"https:\\\/\\\/www.bbmnoticias.com\\\/labravaradiofm\\\/2022\\\/06\\\/13\\\/estamos-listos-para-comenzar-con-la-transformacion-de-oaxaca-salomon-jara\\\/\"},\"author\":{\"name\":\"Staff\",\"@id\":\"https:\\\/\\\/www.bbmnoticias.com\\\/labravaradiofm\\\/#\\\/schema\\\/person\\\/34b139c617a70ea5bef5678bffe4dd7b\"},\"headline\":\"Estamos listos para comenzar con la transformaci\u00f3n de Oaxaca: Salom\u00f3n Jara\",\"datePublished\":\"2022-06-13T23:27:59+00:00\",\"dateModified\":\"2022-06-13T23:28:00+00:00\",\"mainEntityOfPage\":{\"@id\":\"https:\\\/\\\/www.bbmnoticias.com\\\/labravaradiofm\\\/2022\\\/06\\\/13\\\/estamos-listos-para-comenzar-con-la-transformacion-de-oaxaca-salomon-jara\\\/\"},\"wordCount\":407,\"image\":{\"@id\":\"https:\\\/\\\/www.bbmnoticias.com\\\/labravaradiofm\\\/2022\\\/06\\\/13\\\/estamos-listos-para-comenzar-con-la-transformacion-de-oaxaca-salomon-jara\\\/#primaryimage\"},\"thumbnailUrl\":\"https:\\\/\\\/www.bbmnoticias.com\\\/labravaradiofm\\\/wp-content\\\/uploads\\\/sites\\\/5\\\/2022\\\/06\\\/salomon-jara-1.jpg\",\"articleSection\":[\"LOCAL\"],\"inLanguage\":\"es\"},{\"@type\":\"WebPage\",\"@id\":\"https:\\\/\\\/www.bbmnoticias.com\\\/labravaradiofm\\\/2022\\\/06\\\/13\\\/estamos-listos-para-comenzar-con-la-transformacion-de-oaxaca-salomon-jara\\\/\",\"url\":\"https:\\\/\\\/www.bbmnoticias.com\\\/labravaradiofm\\\/2022\\\/06\\\/13\\\/estamos-listos-para-comenzar-con-la-transformacion-de-oaxaca-salomon-jara\\\/\",\"name\":\"Estamos listos para comenzar con la transformaci\u00f3n de Oaxaca: Salom\u00f3n Jara - LA BRAVA RADIO\",\"isPartOf\":{\"@id\":\"https:\\\/\\\/www.bbmnoticias.com\\\/labravaradiofm\\\/#website\"},\"primaryImageOfPage\":{\"@id\":\"https:\\\/\\\/www.bbmnoticias.com\\\/labravaradiofm\\\/2022\\\/06\\\/13\\\/estamos-listos-para-comenzar-con-la-transformacion-de-oaxaca-salomon-jara\\\/#primaryimage\"},\"image\":{\"@id\":\"https:\\\/\\\/www.bbmnoticias.com\\\/labravaradiofm\\\/2022\\\/06\\\/13\\\/estamos-listos-para-comenzar-con-la-transformacion-de-oaxaca-salomon-jara\\\/#primaryimage\"},\"thumbnailUrl\":\"https:\\\/\\\/www.bbmnoticias.com\\\/labravaradiofm\\\/wp-content\\\/uploads\\\/sites\\\/5\\\/2022\\\/06\\\/salomon-jara-1.jpg\",\"datePublished\":\"2022-06-13T23:27:59+00:00\",\"dateModified\":\"2022-06-13T23:28:00+00:00\",\"author\":{\"@id\":\"https:\\\/\\\/www.bbmnoticias.com\\\/labravaradiofm\\\/#\\\/schema\\\/person\\\/34b139c617a70ea5bef5678bffe4dd7b\"},\"breadcrumb\":{\"@id\":\"https:\\\/\\\/www.bbmnoticias.com\\\/labravaradiofm\\\/2022\\\/06\\\/13\\\/estamos-listos-para-comenzar-con-la-transformacion-de-oaxaca-salomon-jara\\\/#breadcrumb\"},\"inLanguage\":\"es\",\"potentialAction\":[{\"@type\":\"ReadAction\",\"target\":[\"https:\\\/\\\/www.bbmnoticias.com\\\/labravaradiofm\\\/2022\\\/06\\\/13\\\/estamos-listos-para-comenzar-con-la-transformacion-de-oaxaca-salomon-jara\\\/\"]}]},{\"@type\":\"ImageObject\",\"inLanguage\":\"es\",\"@id\":\"https:\\\/\\\/www.bbmnoticias.com\\\/labravaradiofm\\\/2022\\\/06\\\/13\\\/estamos-listos-para-comenzar-con-la-transformacion-de-oaxaca-salomon-jara\\\/#primaryimage\",\"url\":\"https:\\\/\\\/www.bbmnoticias.com\\\/labravaradiofm\\\/wp-content\\\/uploads\\\/sites\\\/5\\\/2022\\\/06\\\/salomon-jara-1.jpg\",\"contentUrl\":\"https:\\\/\\\/www.bbmnoticias.com\\\/labravaradiofm\\\/wp-content\\\/uploads\\\/sites\\\/5\\\/2022\\\/06\\\/salomon-jara-1.jpg\",\"width\":800,\"height\":472},{\"@type\":\"BreadcrumbList\",\"@id\":\"https:\\\/\\\/www.bbmnoticias.com\\\/labravaradiofm\\\/2022\\\/06\\\/13\\\/estamos-listos-para-comenzar-con-la-transformacion-de-oaxaca-salomon-jara\\\/#breadcrumb\",\"itemListElement\":[{\"@type\":\"ListItem\",\"position\":1,\"name\":\"Inicio\",\"item\":\"https:\\\/\\\/www.bbmnoticias.com\\\/labravaradiofm\\\/\"},{\"@type\":\"ListItem\",\"position\":2,\"name\":\"Estamos listos para comenzar con la transformaci\u00f3n de Oaxaca: Salom\u00f3n Jara\"}]},{\"@type\":\"WebSite\",\"@id\":\"https:\\\/\\\/www.bbmnoticias.com\\\/labravaradiofm\\\/#website\",\"url\":\"https:\\\/\\\/www.bbmnoticias.com\\\/labravaradiofm\\\/\",\"name\":\"LA BRAVA RADIO\",\"description\":\"Empresa productora de medios, Radiodifusi\u00f3n, Noticias, tendencias y todo lo que necesitas saber de la pol\u00edtica mexicana e internacional; entretenimiento, espect\u00e1culos, salud y mucho m\u00e1s.\",\"potentialAction\":[{\"@type\":\"SearchAction\",\"target\":{\"@type\":\"EntryPoint\",\"urlTemplate\":\"https:\\\/\\\/www.bbmnoticias.com\\\/labravaradiofm\\\/?s={search_term_string}\"},\"query-input\":{\"@type\":\"PropertyValueSpecification\",\"valueRequired\":true,\"valueName\":\"search_term_string\"}}],\"inLanguage\":\"es\"},{\"@type\":\"Person\",\"@id\":\"https:\\\/\\\/www.bbmnoticias.com\\\/labravaradiofm\\\/#\\\/schema\\\/person\\\/34b139c617a70ea5bef5678bffe4dd7b\",\"name\":\"Staff\",\"image\":{\"@type\":\"ImageObject\",\"inLanguage\":\"es\",\"@id\":\"https:\\\/\\\/secure.gravatar.com\\\/avatar\\\/fdd21ad66fd8b98c407f9dee5b5e588cfe7f0d8579ec20fa6527cd59bab7f0f0?s=96&d=mm&r=g\",\"url\":\"https:\\\/\\\/secure.gravatar.com\\\/avatar\\\/fdd21ad66fd8b98c407f9dee5b5e588cfe7f0d8579ec20fa6527cd59bab7f0f0?s=96&d=mm&r=g\",\"contentUrl\":\"https:\\\/\\\/secure.gravatar.com\\\/avatar\\\/fdd21ad66fd8b98c407f9dee5b5e588cfe7f0d8579ec20fa6527cd59bab7f0f0?s=96&d=mm&r=g\",\"caption\":\"Staff\"},\"url\":\"https:\\\/\\\/www.bbmnoticias.com\\\/labravaradiofm\\\/author\\\/redaccion\\\/\"}]}<\/script>\n<!-- \/ Yoast SEO plugin. -->","yoast_head_json":{"title":"Estamos listos para comenzar con la transformaci\u00f3n de Oaxaca: Salom\u00f3n Jara - LA BRAVA RADIO","robots":{"index":"index","follow":"follow","max-snippet":"max-snippet:-1","max-image-preview":"max-image-preview:large","max-video-preview":"max-video-preview:-1"},"canonical":"https:\/\/www.bbmnoticias.com\/labravaradiofm\/2022\/06\/13\/estamos-listos-para-comenzar-con-la-transformacion-de-oaxaca-salomon-jara\/","og_locale":"es_MX","og_type":"article","og_title":"Estamos listos para comenzar con la transformaci\u00f3n de Oaxaca: Salom\u00f3n Jara - LA BRAVA RADIO","og_description":"Oaxaca de Ju\u00e1rez.- Al recibir la constancia de mayor\u00eda por parte del Instituto Electoral local que lo acredita como ganador de la elecci\u00f3n a Gobernador del Estado de Oaxaca, Salom\u00f3n Jara Cruz se declar\u00f3 listo para comenzar con la transformaci\u00f3n de la entidad, y afianz\u00f3 su compromiso de gobernar con el pueblo, desde las comunidades. [&hellip;]","og_url":"https:\/\/www.bbmnoticias.com\/labravaradiofm\/2022\/06\/13\/estamos-listos-para-comenzar-con-la-transformacion-de-oaxaca-salomon-jara\/","og_site_name":"LA BRAVA RADIO","article_published_time":"2022-06-13T23:27:59+00:00","article_modified_time":"2022-06-13T23:28:00+00:00","og_image":[{"width":800,"height":472,"url":"https:\/\/www.bbmnoticias.com\/labravaradiofm\/wp-content\/uploads\/sites\/5\/2022\/06\/salomon-jara-1.jpg","type":"image\/jpeg"}],"author":"Staff","twitter_card":"summary_large_image","twitter_misc":{"Escrito por":"Staff","Tiempo de lectura":"2 minutos"},"schema":{"@context":"https:\/\/schema.org","@graph":[{"@type":"Article","@id":"https:\/\/www.bbmnoticias.com\/labravaradiofm\/2022\/06\/13\/estamos-listos-para-comenzar-con-la-transformacion-de-oaxaca-salomon-jara\/#article","isPartOf":{"@id":"https:\/\/www.bbmnoticias.com\/labravaradiofm\/2022\/06\/13\/estamos-listos-para-comenzar-con-la-transformacion-de-oaxaca-salomon-jara\/"},"author":{"name":"Staff","@id":"https:\/\/www.bbmnoticias.com\/labravaradiofm\/#\/schema\/person\/34b139c617a70ea5bef5678bffe4dd7b"},"headline":"Estamos listos para comenzar con la transformaci\u00f3n de Oaxaca: Salom\u00f3n Jara","datePublished":"2022-06-13T23:27:59+00:00","dateModified":"2022-06-13T23:28:00+00:00","mainEntityOfPage":{"@id":"https:\/\/www.bbmnoticias.com\/labravaradiofm\/2022\/06\/13\/estamos-listos-para-comenzar-con-la-transformacion-de-oaxaca-salomon-jara\/"},"wordCount":407,"image":{"@id":"https:\/\/www.bbmnoticias.com\/labravaradiofm\/2022\/06\/13\/estamos-listos-para-comenzar-con-la-transformacion-de-oaxaca-salomon-jara\/#primaryimage"},"thumbnailUrl":"https:\/\/www.bbmnoticias.com\/labravaradiofm\/wp-content\/uploads\/sites\/5\/2022\/06\/salomon-jara-1.jpg","articleSection":["LOCAL"],"inLanguage":"es"},{"@type":"WebPage","@id":"https:\/\/www.bbmnoticias.com\/labravaradiofm\/2022\/06\/13\/estamos-listos-para-comenzar-con-la-transformacion-de-oaxaca-salomon-jara\/","url":"https:\/\/www.bbmnoticias.com\/labravaradiofm\/2022\/06\/13\/estamos-listos-para-comenzar-con-la-transformacion-de-oaxaca-salomon-jara\/","name":"Estamos listos para comenzar con la transformaci\u00f3n de Oaxaca: Salom\u00f3n Jara - LA BRAVA RADIO","isPartOf":{"@id":"https:\/\/www.bbmnoticias.com\/labravaradiofm\/#website"},"primaryImageOfPage":{"@id":"https:\/\/www.bbmnoticias.com\/labravaradiofm\/2022\/06\/13\/estamos-listos-para-comenzar-con-la-transformacion-de-oaxaca-salomon-jara\/#primaryimage"},"image":{"@id":"https:\/\/www.bbmnoticias.com\/labravaradiofm\/2022\/06\/13\/estamos-listos-para-comenzar-con-la-transformacion-de-oaxaca-salomon-jara\/#primaryimage"},"thumbnailUrl":"https:\/\/www.bbmnoticias.com\/labravaradiofm\/wp-content\/uploads\/sites\/5\/2022\/06\/salomon-jara-1.jpg","datePublished":"2022-06-13T23:27:59+00:00","dateModified":"2022-06-13T23:28:00+00:00","author":{"@id":"https:\/\/www.bbmnoticias.com\/labravaradiofm\/#\/schema\/person\/34b139c617a70ea5bef5678bffe4dd7b"},"breadcrumb":{"@id":"https:\/\/www.bbmnoticias.com\/labravaradiofm\/2022\/06\/13\/estamos-listos-para-comenzar-con-la-transformacion-de-oaxaca-salomon-jara\/#breadcrumb"},"inLanguage":"es","potentialAction":[{"@type":"ReadAction","target":["https:\/\/www.bbmnoticias.com\/labravaradiofm\/2022\/06\/13\/estamos-listos-para-comenzar-con-la-transformacion-de-oaxaca-salomon-jara\/"]}]},{"@type":"ImageObject","inLanguage":"es","@id":"https:\/\/www.bbmnoticias.com\/labravaradiofm\/2022\/06\/13\/estamos-listos-para-comenzar-con-la-transformacion-de-oaxaca-salomon-jara\/#primaryimage","url":"https:\/\/www.bbmnoticias.com\/labravaradiofm\/wp-content\/uploads\/sites\/5\/2022\/06\/salomon-jara-1.jpg","contentUrl":"https:\/\/www.bbmnoticias.com\/labravaradiofm\/wp-content\/uploads\/sites\/5\/2022\/06\/salomon-jara-1.jpg","width":800,"height":472},{"@type":"BreadcrumbList","@id":"https:\/\/www.bbmnoticias.com\/labravaradiofm\/2022\/06\/13\/estamos-listos-para-comenzar-con-la-transformacion-de-oaxaca-salomon-jara\/#breadcrumb","itemListElement":[{"@type":"ListItem","position":1,"name":"Inicio","item":"https:\/\/www.bbmnoticias.com\/labravaradiofm\/"},{"@type":"ListItem","position":2,"name":"Estamos listos para comenzar con la transformaci\u00f3n de Oaxaca: Salom\u00f3n Jara"}]},{"@type":"WebSite","@id":"https:\/\/www.bbmnoticias.com\/labravaradiofm\/#website","url":"https:\/\/www.bbmnoticias.com\/labravaradiofm\/","name":"LA BRAVA RADIO","description":"Empresa productora de medios, Radiodifusi\u00f3n, Noticias, tendencias y todo lo que necesitas saber de la pol\u00edtica mexicana e internacional; entretenimiento, espect\u00e1culos, salud y mucho m\u00e1s.","potentialAction":[{"@type":"SearchAction","target":{"@type":"EntryPoint","urlTemplate":"https:\/\/www.bbmnoticias.com\/labravaradiofm\/?s={search_term_string}"},"query-input":{"@type":"PropertyValueSpecification","valueRequired":true,"valueName":"search_term_string"}}],"inLanguage":"es"},{"@type":"Person","@id":"https:\/\/www.bbmnoticias.com\/labravaradiofm\/#\/schema\/person\/34b139c617a70ea5bef5678bffe4dd7b","name":"Staff","image":{"@type":"ImageObject","inLanguage":"es","@id":"https:\/\/secure.gravatar.com\/avatar\/fdd21ad66fd8b98c407f9dee5b5e588cfe7f0d8579ec20fa6527cd59bab7f0f0?s=96&d=mm&r=g","url":"https:\/\/secure.gravatar.com\/avatar\/fdd21ad66fd8b98c407f9dee5b5e588cfe7f0d8579ec20fa6527cd59bab7f0f0?s=96&d=mm&r=g","contentUrl":"https:\/\/secure.gravatar.com\/avatar\/fdd21ad66fd8b98c407f9dee5b5e588cfe7f0d8579ec20fa6527cd59bab7f0f0?s=96&d=mm&r=g","caption":"Staff"},"url":"https:\/\/www.bbmnoticias.com\/labravaradiofm\/author\/redaccion\/"}]}},"_links":{"self":[{"href":"https:\/\/www.bbmnoticias.com\/labravaradiofm\/wp-json\/wp\/v2\/posts\/14507","targetHints":{"allow":["GET"]}}],"collection":[{"href":"https:\/\/www.bbmnoticias.com\/labravaradiofm\/wp-json\/wp\/v2\/posts"}],"about":[{"href":"https:\/\/www.bbmnoticias.com\/labravaradiofm\/wp-json\/wp\/v2\/types\/post"}],"author":[{"embeddable":true,"href":"https:\/\/www.bbmnoticias.com\/labravaradiofm\/wp-json\/wp\/v2\/users\/2"}],"replies":[{"embeddable":true,"href":"https:\/\/www.bbmnoticias.com\/labravaradiofm\/wp-json\/wp\/v2\/comments?post=14507"}],"version-history":[{"count":0,"href":"https:\/\/www.bbmnoticias.com\/labravaradiofm\/wp-json\/wp\/v2\/posts\/14507\/revisions"}],"wp:featuredmedia":[{"embeddable":true,"href":"https:\/\/www.bbmnoticias.com\/labravaradiofm\/wp-json\/wp\/v2\/media\/14509"}],"wp:attachment":[{"href":"https:\/\/www.bbmnoticias.com\/labravaradiofm\/wp-json\/wp\/v2\/media?parent=14507"}],"wp:term":[{"taxonomy":"category","embeddable":true,"href":"https:\/\/www.bbmnoticias.com\/labravaradiofm\/wp-json\/wp\/v2\/categories?post=14507"},{"taxonomy":"post_tag","embeddable":true,"href":"https:\/\/www.bbmnoticias.com\/labravaradiofm\/wp-json\/wp\/v2\/tags?post=14507"}],"curies":[{"name":"wp","href":"https:\/\/api.w.org\/{rel}","templated":true}]}}