{"id":14504,"date":"2022-06-13T18:23:57","date_gmt":"2022-06-13T23:23:57","guid":{"rendered":"https:\/\/www.bbmnoticias.com\/labravaradiofm\/?p=14504"},"modified":"2022-06-13T18:23:57","modified_gmt":"2022-06-13T23:23:57","slug":"reactivaremos-la-economia-local-para-que-las-familias-damnificadas-tengan-un-ingreso-imm","status":"publish","type":"post","link":"https:\/\/www.bbmnoticias.com\/labravaradiofm\/2022\/06\/13\/reactivaremos-la-economia-local-para-que-las-familias-damnificadas-tengan-un-ingreso-imm\/","title":{"rendered":"Reactivaremos la econom\u00eda local, para que las familias damnificadas tengan un ingreso: IMM"},"content":{"rendered":"<div style=\"margin-top: 0px; margin-bottom: 0px;\" class=\"sharethis-inline-share-buttons\" ><\/div>\n<p><strong>Zipolite, San Pedro Pochutla, Oax. 13 de junio de 2022.-<\/strong> Con el objetivo de reactivar la econom\u00eda local de la costa oaxaque\u00f1a, personal de las diferentes dependencias que conforman el gabinete legal y ampliado del Gobierno del Estado de Oaxaca, encabezados por la presidenta honoraria del Sistema Estatal DIF Oaxaca, Ivette Mor\u00e1n de Murat, contin\u00faan con los trabajos de limpieza de las principales playas afectadas, as\u00ed como la entrega de donaciones a familias damnificadas por el hurac\u00e1n Agatha.<\/p>\n\n\n\n<p>\u201cContinuamos trabajando con la misma fuerza y amor como el d\u00eda uno; no descansaremos hasta recuperar la belleza de nuestra costa oaxaque\u00f1a. Retornaremos la alegr\u00eda que caracteriza a esta regi\u00f3n y a su gente\u201d, expres\u00f3, Ivette Mor\u00e1n de Murat.<\/p>\n\n\n\n<p>La esposa del mandatario estatal junto al director general del DIF Oaxaca, Christian Holm Rodr\u00edguez, y personal de diversas instituciones, trabajaron en la remoci\u00f3n de escombros y basura que dej\u00f3 por su paso Agatha en la playa de Zipolite. Cabe destacar que, esta es una de las playas m\u00e1s importantes de M\u00e9xico; visitadas por nacionales y extranjeros, dejando una derrama econ\u00f3mica considerable para las familias oaxaque\u00f1as.<\/p>\n\n\n\n<p>M\u00e1s tarde, la esposa del gobernador del estado, visit\u00f3 las instalaciones de la organizaci\u00f3n civil \u201cPi\u00f1a Palmera\u201d, donde se atiende a personas con discapacidad permanentemente, y que fue severamente da\u00f1ada por el hurac\u00e1n Agatha. En dicha visita, se realizaron trabajos de limpieza, remoci\u00f3n de basura, escombros, y entrega de diversos apoyos.<\/p>\n\n\n\n<p>Asimismo, Ivette Mor\u00e1n de Murat, agradeci\u00f3 a personal del grupo FEMSA, por la instalaci\u00f3n de una planta potabilizadora de agua para abastecer a las y los habitantes de esta localidad. Esto gracias a la gesti\u00f3n y al trabajo en conjunto de Gobierno del Estado e iniciativa privada.<\/p>\n\n\n\n<p>Finalmente, la presidenta honoraria del DIF Oaxaca, invit\u00f3 a cada uno de los colaboradores y titulares de las dependencias del Gobierno del Estado, a continuar trabajando permanentemente en beneficio de las familias damnificadas, redoblando esfuerzos y poniendo amor y entrega en cada una de las acciones que se llevan a cabo.<\/p>\n\n\n\n<p>Tambi\u00e9n, agradeci\u00f3 a integrantes de la Confederaci\u00f3n Aut\u00f3noma de Trabajadores y Empleados de M\u00e9xico (CATEM) Oaxaca, por su invaluable apoyo, ya que, se sumaron a este llamado de solidaridad con veh\u00edculos y maquinaria pesada para la limpieza de playas y traslado de basura.<\/p>\n","protected":false},"excerpt":{"rendered":"<p>Zipolite, San Pedro Pochutla, Oax. 13 de junio de 2022.- Con el objetivo de reactivar la econom\u00eda local de la costa oaxaque\u00f1a, personal de las diferentes dependencias que conforman el gabinete legal y ampliado del Gobierno del Estado de Oaxaca, encabezados por la presidenta honoraria del Sistema Estatal DIF Oaxaca, Ivette Mor\u00e1n de Murat, contin\u00faan [&hellip;]<\/p>\n","protected":false},"author":2,"featured_media":14505,"comment_status":"closed","ping_status":"closed","sticky":false,"template":"","format":"standard","meta":{"footnotes":""},"categories":[2],"tags":[],"class_list":{"0":"post-14504","1":"post","2":"type-post","3":"status-publish","4":"format-standard","5":"has-post-thumbnail","7":"category-oaxaca"},"yoast_head":"<!-- This site is optimized with the Yoast SEO plugin v27.4 - https:\/\/yoast.com\/product\/yoast-seo-wordpress\/ -->\n<title>Reactivaremos la econom\u00eda local, para que las familias damnificadas tengan un ingreso: IMM - LA BRAVA RADIO<\/title>\n<meta name=\"robots\" content=\"index, follow, max-snippet:-1, max-image-preview:large, max-video-preview:-1\" \/>\n<link rel=\"canonical\" href=\"https:\/\/www.bbmnoticias.com\/labravaradiofm\/2022\/06\/13\/reactivaremos-la-economia-local-para-que-las-familias-damnificadas-tengan-un-ingreso-imm\/\" \/>\n<meta property=\"og:locale\" content=\"es_MX\" \/>\n<meta property=\"og:type\" content=\"article\" \/>\n<meta property=\"og:title\" content=\"Reactivaremos la econom\u00eda local, para que las familias damnificadas tengan un ingreso: IMM - LA BRAVA RADIO\" \/>\n<meta property=\"og:description\" content=\"Zipolite, San Pedro Pochutla, Oax. 13 de junio de 2022.- Con el objetivo de reactivar la econom\u00eda local de la costa oaxaque\u00f1a, personal de las diferentes dependencias que conforman el gabinete legal y ampliado del Gobierno del Estado de Oaxaca, encabezados por la presidenta honoraria del Sistema Estatal DIF Oaxaca, Ivette Mor\u00e1n de Murat, contin\u00faan [&hellip;]\" \/>\n<meta property=\"og:url\" content=\"https:\/\/www.bbmnoticias.com\/labravaradiofm\/2022\/06\/13\/reactivaremos-la-economia-local-para-que-las-familias-damnificadas-tengan-un-ingreso-imm\/\" \/>\n<meta property=\"og:site_name\" content=\"LA BRAVA RADIO\" \/>\n<meta property=\"article:published_time\" content=\"2022-06-13T23:23:57+00:00\" \/>\n<meta property=\"og:image\" content=\"https:\/\/www.bbmnoticias.com\/labravaradiofm\/wp-content\/uploads\/sites\/5\/2022\/06\/imm-zipolite.jpg\" \/>\n\t<meta property=\"og:image:width\" content=\"800\" \/>\n\t<meta property=\"og:image:height\" content=\"534\" \/>\n\t<meta property=\"og:image:type\" content=\"image\/jpeg\" \/>\n<meta name=\"author\" content=\"Staff\" \/>\n<meta name=\"twitter:card\" content=\"summary_large_image\" \/>\n<meta name=\"twitter:label1\" content=\"Escrito por\" \/>\n\t<meta name=\"twitter:data1\" content=\"Staff\" \/>\n\t<meta name=\"twitter:label2\" content=\"Tiempo de lectura\" \/>\n\t<meta name=\"twitter:data2\" content=\"2 minutos\" \/>\n<script type=\"application\/ld+json\" class=\"yoast-schema-graph\">{\"@context\":\"https:\\\/\\\/schema.org\",\"@graph\":[{\"@type\":\"Article\",\"@id\":\"https:\\\/\\\/www.bbmnoticias.com\\\/labravaradiofm\\\/2022\\\/06\\\/13\\\/reactivaremos-la-economia-local-para-que-las-familias-damnificadas-tengan-un-ingreso-imm\\\/#article\",\"isPartOf\":{\"@id\":\"https:\\\/\\\/www.bbmnoticias.com\\\/labravaradiofm\\\/2022\\\/06\\\/13\\\/reactivaremos-la-economia-local-para-que-las-familias-damnificadas-tengan-un-ingreso-imm\\\/\"},\"author\":{\"name\":\"Staff\",\"@id\":\"https:\\\/\\\/www.bbmnoticias.com\\\/labravaradiofm\\\/#\\\/schema\\\/person\\\/34b139c617a70ea5bef5678bffe4dd7b\"},\"headline\":\"Reactivaremos la econom\u00eda local, para que las familias damnificadas tengan un ingreso: IMM\",\"datePublished\":\"2022-06-13T23:23:57+00:00\",\"mainEntityOfPage\":{\"@id\":\"https:\\\/\\\/www.bbmnoticias.com\\\/labravaradiofm\\\/2022\\\/06\\\/13\\\/reactivaremos-la-economia-local-para-que-las-familias-damnificadas-tengan-un-ingreso-imm\\\/\"},\"wordCount\":418,\"image\":{\"@id\":\"https:\\\/\\\/www.bbmnoticias.com\\\/labravaradiofm\\\/2022\\\/06\\\/13\\\/reactivaremos-la-economia-local-para-que-las-familias-damnificadas-tengan-un-ingreso-imm\\\/#primaryimage\"},\"thumbnailUrl\":\"https:\\\/\\\/www.bbmnoticias.com\\\/labravaradiofm\\\/wp-content\\\/uploads\\\/sites\\\/5\\\/2022\\\/06\\\/imm-zipolite.jpg\",\"articleSection\":[\"LOCAL\"],\"inLanguage\":\"es\"},{\"@type\":\"WebPage\",\"@id\":\"https:\\\/\\\/www.bbmnoticias.com\\\/labravaradiofm\\\/2022\\\/06\\\/13\\\/reactivaremos-la-economia-local-para-que-las-familias-damnificadas-tengan-un-ingreso-imm\\\/\",\"url\":\"https:\\\/\\\/www.bbmnoticias.com\\\/labravaradiofm\\\/2022\\\/06\\\/13\\\/reactivaremos-la-economia-local-para-que-las-familias-damnificadas-tengan-un-ingreso-imm\\\/\",\"name\":\"Reactivaremos la econom\u00eda local, para que las familias damnificadas tengan un ingreso: IMM - LA BRAVA RADIO\",\"isPartOf\":{\"@id\":\"https:\\\/\\\/www.bbmnoticias.com\\\/labravaradiofm\\\/#website\"},\"primaryImageOfPage\":{\"@id\":\"https:\\\/\\\/www.bbmnoticias.com\\\/labravaradiofm\\\/2022\\\/06\\\/13\\\/reactivaremos-la-economia-local-para-que-las-familias-damnificadas-tengan-un-ingreso-imm\\\/#primaryimage\"},\"image\":{\"@id\":\"https:\\\/\\\/www.bbmnoticias.com\\\/labravaradiofm\\\/2022\\\/06\\\/13\\\/reactivaremos-la-economia-local-para-que-las-familias-damnificadas-tengan-un-ingreso-imm\\\/#primaryimage\"},\"thumbnailUrl\":\"https:\\\/\\\/www.bbmnoticias.com\\\/labravaradiofm\\\/wp-content\\\/uploads\\\/sites\\\/5\\\/2022\\\/06\\\/imm-zipolite.jpg\",\"datePublished\":\"2022-06-13T23:23:57+00:00\",\"author\":{\"@id\":\"https:\\\/\\\/www.bbmnoticias.com\\\/labravaradiofm\\\/#\\\/schema\\\/person\\\/34b139c617a70ea5bef5678bffe4dd7b\"},\"breadcrumb\":{\"@id\":\"https:\\\/\\\/www.bbmnoticias.com\\\/labravaradiofm\\\/2022\\\/06\\\/13\\\/reactivaremos-la-economia-local-para-que-las-familias-damnificadas-tengan-un-ingreso-imm\\\/#breadcrumb\"},\"inLanguage\":\"es\",\"potentialAction\":[{\"@type\":\"ReadAction\",\"target\":[\"https:\\\/\\\/www.bbmnoticias.com\\\/labravaradiofm\\\/2022\\\/06\\\/13\\\/reactivaremos-la-economia-local-para-que-las-familias-damnificadas-tengan-un-ingreso-imm\\\/\"]}]},{\"@type\":\"ImageObject\",\"inLanguage\":\"es\",\"@id\":\"https:\\\/\\\/www.bbmnoticias.com\\\/labravaradiofm\\\/2022\\\/06\\\/13\\\/reactivaremos-la-economia-local-para-que-las-familias-damnificadas-tengan-un-ingreso-imm\\\/#primaryimage\",\"url\":\"https:\\\/\\\/www.bbmnoticias.com\\\/labravaradiofm\\\/wp-content\\\/uploads\\\/sites\\\/5\\\/2022\\\/06\\\/imm-zipolite.jpg\",\"contentUrl\":\"https:\\\/\\\/www.bbmnoticias.com\\\/labravaradiofm\\\/wp-content\\\/uploads\\\/sites\\\/5\\\/2022\\\/06\\\/imm-zipolite.jpg\",\"width\":800,\"height\":534},{\"@type\":\"BreadcrumbList\",\"@id\":\"https:\\\/\\\/www.bbmnoticias.com\\\/labravaradiofm\\\/2022\\\/06\\\/13\\\/reactivaremos-la-economia-local-para-que-las-familias-damnificadas-tengan-un-ingreso-imm\\\/#breadcrumb\",\"itemListElement\":[{\"@type\":\"ListItem\",\"position\":1,\"name\":\"Inicio\",\"item\":\"https:\\\/\\\/www.bbmnoticias.com\\\/labravaradiofm\\\/\"},{\"@type\":\"ListItem\",\"position\":2,\"name\":\"Reactivaremos la econom\u00eda local, para que las familias damnificadas tengan un ingreso: IMM\"}]},{\"@type\":\"WebSite\",\"@id\":\"https:\\\/\\\/www.bbmnoticias.com\\\/labravaradiofm\\\/#website\",\"url\":\"https:\\\/\\\/www.bbmnoticias.com\\\/labravaradiofm\\\/\",\"name\":\"LA BRAVA RADIO\",\"description\":\"Empresa productora de medios, Radiodifusi\u00f3n, Noticias, tendencias y todo lo que necesitas saber de la pol\u00edtica mexicana e internacional; entretenimiento, espect\u00e1culos, salud y mucho m\u00e1s.\",\"potentialAction\":[{\"@type\":\"SearchAction\",\"target\":{\"@type\":\"EntryPoint\",\"urlTemplate\":\"https:\\\/\\\/www.bbmnoticias.com\\\/labravaradiofm\\\/?s={search_term_string}\"},\"query-input\":{\"@type\":\"PropertyValueSpecification\",\"valueRequired\":true,\"valueName\":\"search_term_string\"}}],\"inLanguage\":\"es\"},{\"@type\":\"Person\",\"@id\":\"https:\\\/\\\/www.bbmnoticias.com\\\/labravaradiofm\\\/#\\\/schema\\\/person\\\/34b139c617a70ea5bef5678bffe4dd7b\",\"name\":\"Staff\",\"image\":{\"@type\":\"ImageObject\",\"inLanguage\":\"es\",\"@id\":\"https:\\\/\\\/secure.gravatar.com\\\/avatar\\\/fdd21ad66fd8b98c407f9dee5b5e588cfe7f0d8579ec20fa6527cd59bab7f0f0?s=96&d=mm&r=g\",\"url\":\"https:\\\/\\\/secure.gravatar.com\\\/avatar\\\/fdd21ad66fd8b98c407f9dee5b5e588cfe7f0d8579ec20fa6527cd59bab7f0f0?s=96&d=mm&r=g\",\"contentUrl\":\"https:\\\/\\\/secure.gravatar.com\\\/avatar\\\/fdd21ad66fd8b98c407f9dee5b5e588cfe7f0d8579ec20fa6527cd59bab7f0f0?s=96&d=mm&r=g\",\"caption\":\"Staff\"},\"url\":\"https:\\\/\\\/www.bbmnoticias.com\\\/labravaradiofm\\\/author\\\/redaccion\\\/\"}]}<\/script>\n<!-- \/ Yoast SEO plugin. -->","yoast_head_json":{"title":"Reactivaremos la econom\u00eda local, para que las familias damnificadas tengan un ingreso: IMM - LA BRAVA RADIO","robots":{"index":"index","follow":"follow","max-snippet":"max-snippet:-1","max-image-preview":"max-image-preview:large","max-video-preview":"max-video-preview:-1"},"canonical":"https:\/\/www.bbmnoticias.com\/labravaradiofm\/2022\/06\/13\/reactivaremos-la-economia-local-para-que-las-familias-damnificadas-tengan-un-ingreso-imm\/","og_locale":"es_MX","og_type":"article","og_title":"Reactivaremos la econom\u00eda local, para que las familias damnificadas tengan un ingreso: IMM - LA BRAVA RADIO","og_description":"Zipolite, San Pedro Pochutla, Oax. 13 de junio de 2022.- Con el objetivo de reactivar la econom\u00eda local de la costa oaxaque\u00f1a, personal de las diferentes dependencias que conforman el gabinete legal y ampliado del Gobierno del Estado de Oaxaca, encabezados por la presidenta honoraria del Sistema Estatal DIF Oaxaca, Ivette Mor\u00e1n de Murat, contin\u00faan [&hellip;]","og_url":"https:\/\/www.bbmnoticias.com\/labravaradiofm\/2022\/06\/13\/reactivaremos-la-economia-local-para-que-las-familias-damnificadas-tengan-un-ingreso-imm\/","og_site_name":"LA BRAVA RADIO","article_published_time":"2022-06-13T23:23:57+00:00","og_image":[{"width":800,"height":534,"url":"https:\/\/www.bbmnoticias.com\/labravaradiofm\/wp-content\/uploads\/sites\/5\/2022\/06\/imm-zipolite.jpg","type":"image\/jpeg"}],"author":"Staff","twitter_card":"summary_large_image","twitter_misc":{"Escrito por":"Staff","Tiempo de lectura":"2 minutos"},"schema":{"@context":"https:\/\/schema.org","@graph":[{"@type":"Article","@id":"https:\/\/www.bbmnoticias.com\/labravaradiofm\/2022\/06\/13\/reactivaremos-la-economia-local-para-que-las-familias-damnificadas-tengan-un-ingreso-imm\/#article","isPartOf":{"@id":"https:\/\/www.bbmnoticias.com\/labravaradiofm\/2022\/06\/13\/reactivaremos-la-economia-local-para-que-las-familias-damnificadas-tengan-un-ingreso-imm\/"},"author":{"name":"Staff","@id":"https:\/\/www.bbmnoticias.com\/labravaradiofm\/#\/schema\/person\/34b139c617a70ea5bef5678bffe4dd7b"},"headline":"Reactivaremos la econom\u00eda local, para que las familias damnificadas tengan un ingreso: IMM","datePublished":"2022-06-13T23:23:57+00:00","mainEntityOfPage":{"@id":"https:\/\/www.bbmnoticias.com\/labravaradiofm\/2022\/06\/13\/reactivaremos-la-economia-local-para-que-las-familias-damnificadas-tengan-un-ingreso-imm\/"},"wordCount":418,"image":{"@id":"https:\/\/www.bbmnoticias.com\/labravaradiofm\/2022\/06\/13\/reactivaremos-la-economia-local-para-que-las-familias-damnificadas-tengan-un-ingreso-imm\/#primaryimage"},"thumbnailUrl":"https:\/\/www.bbmnoticias.com\/labravaradiofm\/wp-content\/uploads\/sites\/5\/2022\/06\/imm-zipolite.jpg","articleSection":["LOCAL"],"inLanguage":"es"},{"@type":"WebPage","@id":"https:\/\/www.bbmnoticias.com\/labravaradiofm\/2022\/06\/13\/reactivaremos-la-economia-local-para-que-las-familias-damnificadas-tengan-un-ingreso-imm\/","url":"https:\/\/www.bbmnoticias.com\/labravaradiofm\/2022\/06\/13\/reactivaremos-la-economia-local-para-que-las-familias-damnificadas-tengan-un-ingreso-imm\/","name":"Reactivaremos la econom\u00eda local, para que las familias damnificadas tengan un ingreso: IMM - LA BRAVA RADIO","isPartOf":{"@id":"https:\/\/www.bbmnoticias.com\/labravaradiofm\/#website"},"primaryImageOfPage":{"@id":"https:\/\/www.bbmnoticias.com\/labravaradiofm\/2022\/06\/13\/reactivaremos-la-economia-local-para-que-las-familias-damnificadas-tengan-un-ingreso-imm\/#primaryimage"},"image":{"@id":"https:\/\/www.bbmnoticias.com\/labravaradiofm\/2022\/06\/13\/reactivaremos-la-economia-local-para-que-las-familias-damnificadas-tengan-un-ingreso-imm\/#primaryimage"},"thumbnailUrl":"https:\/\/www.bbmnoticias.com\/labravaradiofm\/wp-content\/uploads\/sites\/5\/2022\/06\/imm-zipolite.jpg","datePublished":"2022-06-13T23:23:57+00:00","author":{"@id":"https:\/\/www.bbmnoticias.com\/labravaradiofm\/#\/schema\/person\/34b139c617a70ea5bef5678bffe4dd7b"},"breadcrumb":{"@id":"https:\/\/www.bbmnoticias.com\/labravaradiofm\/2022\/06\/13\/reactivaremos-la-economia-local-para-que-las-familias-damnificadas-tengan-un-ingreso-imm\/#breadcrumb"},"inLanguage":"es","potentialAction":[{"@type":"ReadAction","target":["https:\/\/www.bbmnoticias.com\/labravaradiofm\/2022\/06\/13\/reactivaremos-la-economia-local-para-que-las-familias-damnificadas-tengan-un-ingreso-imm\/"]}]},{"@type":"ImageObject","inLanguage":"es","@id":"https:\/\/www.bbmnoticias.com\/labravaradiofm\/2022\/06\/13\/reactivaremos-la-economia-local-para-que-las-familias-damnificadas-tengan-un-ingreso-imm\/#primaryimage","url":"https:\/\/www.bbmnoticias.com\/labravaradiofm\/wp-content\/uploads\/sites\/5\/2022\/06\/imm-zipolite.jpg","contentUrl":"https:\/\/www.bbmnoticias.com\/labravaradiofm\/wp-content\/uploads\/sites\/5\/2022\/06\/imm-zipolite.jpg","width":800,"height":534},{"@type":"BreadcrumbList","@id":"https:\/\/www.bbmnoticias.com\/labravaradiofm\/2022\/06\/13\/reactivaremos-la-economia-local-para-que-las-familias-damnificadas-tengan-un-ingreso-imm\/#breadcrumb","itemListElement":[{"@type":"ListItem","position":1,"name":"Inicio","item":"https:\/\/www.bbmnoticias.com\/labravaradiofm\/"},{"@type":"ListItem","position":2,"name":"Reactivaremos la econom\u00eda local, para que las familias damnificadas tengan un ingreso: IMM"}]},{"@type":"WebSite","@id":"https:\/\/www.bbmnoticias.com\/labravaradiofm\/#website","url":"https:\/\/www.bbmnoticias.com\/labravaradiofm\/","name":"LA BRAVA RADIO","description":"Empresa productora de medios, Radiodifusi\u00f3n, Noticias, tendencias y todo lo que necesitas saber de la pol\u00edtica mexicana e internacional; entretenimiento, espect\u00e1culos, salud y mucho m\u00e1s.","potentialAction":[{"@type":"SearchAction","target":{"@type":"EntryPoint","urlTemplate":"https:\/\/www.bbmnoticias.com\/labravaradiofm\/?s={search_term_string}"},"query-input":{"@type":"PropertyValueSpecification","valueRequired":true,"valueName":"search_term_string"}}],"inLanguage":"es"},{"@type":"Person","@id":"https:\/\/www.bbmnoticias.com\/labravaradiofm\/#\/schema\/person\/34b139c617a70ea5bef5678bffe4dd7b","name":"Staff","image":{"@type":"ImageObject","inLanguage":"es","@id":"https:\/\/secure.gravatar.com\/avatar\/fdd21ad66fd8b98c407f9dee5b5e588cfe7f0d8579ec20fa6527cd59bab7f0f0?s=96&d=mm&r=g","url":"https:\/\/secure.gravatar.com\/avatar\/fdd21ad66fd8b98c407f9dee5b5e588cfe7f0d8579ec20fa6527cd59bab7f0f0?s=96&d=mm&r=g","contentUrl":"https:\/\/secure.gravatar.com\/avatar\/fdd21ad66fd8b98c407f9dee5b5e588cfe7f0d8579ec20fa6527cd59bab7f0f0?s=96&d=mm&r=g","caption":"Staff"},"url":"https:\/\/www.bbmnoticias.com\/labravaradiofm\/author\/redaccion\/"}]}},"_links":{"self":[{"href":"https:\/\/www.bbmnoticias.com\/labravaradiofm\/wp-json\/wp\/v2\/posts\/14504","targetHints":{"allow":["GET"]}}],"collection":[{"href":"https:\/\/www.bbmnoticias.com\/labravaradiofm\/wp-json\/wp\/v2\/posts"}],"about":[{"href":"https:\/\/www.bbmnoticias.com\/labravaradiofm\/wp-json\/wp\/v2\/types\/post"}],"author":[{"embeddable":true,"href":"https:\/\/www.bbmnoticias.com\/labravaradiofm\/wp-json\/wp\/v2\/users\/2"}],"replies":[{"embeddable":true,"href":"https:\/\/www.bbmnoticias.com\/labravaradiofm\/wp-json\/wp\/v2\/comments?post=14504"}],"version-history":[{"count":0,"href":"https:\/\/www.bbmnoticias.com\/labravaradiofm\/wp-json\/wp\/v2\/posts\/14504\/revisions"}],"wp:featuredmedia":[{"embeddable":true,"href":"https:\/\/www.bbmnoticias.com\/labravaradiofm\/wp-json\/wp\/v2\/media\/14505"}],"wp:attachment":[{"href":"https:\/\/www.bbmnoticias.com\/labravaradiofm\/wp-json\/wp\/v2\/media?parent=14504"}],"wp:term":[{"taxonomy":"category","embeddable":true,"href":"https:\/\/www.bbmnoticias.com\/labravaradiofm\/wp-json\/wp\/v2\/categories?post=14504"},{"taxonomy":"post_tag","embeddable":true,"href":"https:\/\/www.bbmnoticias.com\/labravaradiofm\/wp-json\/wp\/v2\/tags?post=14504"}],"curies":[{"name":"wp","href":"https:\/\/api.w.org\/{rel}","templated":true}]}}