{"id":1443,"date":"2021-09-08T15:35:44","date_gmt":"2021-09-08T20:35:44","guid":{"rendered":"https:\/\/www.bbmnoticias.com\/labravaradiofm\/?p=1443"},"modified":"2021-09-08T15:36:26","modified_gmt":"2021-09-08T20:36:26","slug":"sentencia-de-17-anos-de-carcel-para-agresor-sexual-de-nino","status":"publish","type":"post","link":"https:\/\/www.bbmnoticias.com\/labravaradiofm\/2021\/09\/08\/sentencia-de-17-anos-de-carcel-para-agresor-sexual-de-nino\/","title":{"rendered":"Sentencia de 17 a\u00f1os de c\u00e1rcel para agresor sexual de ni\u00f1o"},"content":{"rendered":"<div style=\"margin-top: 0px; margin-bottom: 0px;\" class=\"sharethis-inline-share-buttons\" ><\/div>\n<p><strong>Oaxaca de Ju\u00e1rez, Oax.-<\/strong> Derivado de la labor en materia de procuraci\u00f3n de justicia en delitos sexuales que realiza la Fiscal\u00eda General del Estado de Oaxaca (FGEO) se obtuvo, del Tribunal de Enjuiciamiento, sentencia condenatoria de 17 a\u00f1os de prisi\u00f3n contra la persona del sexo masculino identificada como P. M. M., responsable del delito de violaci\u00f3n equiparada en agravio de un ni\u00f1o, agresi\u00f3n cometida en marzo de 2021, en San Juan Bautista Valle Nacional, en la regi\u00f3n de la Cuenca del Papaloapan.<\/p>\n\n\n\n<p>De acuerdo con la causa penal 53\/2019, el 4 de marzo de 2021, el imputado a trav\u00e9s de enga\u00f1os, condujo a la v\u00edctima al interior de su domicilio particular, ubicado en jurisdicci\u00f3n de San Juan Bautista Valle Nacional, donde la agredi\u00f3 de manera sexual.<\/p>\n\n\n\n<p>Ante este hecho y tras la denuncia presentada por familiares de la v\u00edctima, la Instituci\u00f3n de procuraci\u00f3n de justicia atrajo la investigaci\u00f3n -a trav\u00e9s de la Vicefiscal\u00eda Regional de la Cuenca-, logrando aprehender y presentar al imputado ante el Juzgado de Control, quien determin\u00f3 vincularlo a proceso.<\/p>\n\n\n\n<p>En audiencia, el Tribunal de Enjuiciamiento dict\u00f3 sentencia condenatoria contra el agresor sexual, imponiendo la pena de 17 a\u00f1os de prisi\u00f3n y ordenando el pago de m\u00e1s de 126 mil 700 pesos por concepto de multa y la reparaci\u00f3n del da\u00f1o en abstracto.<\/p>\n","protected":false},"excerpt":{"rendered":"<p>Oaxaca de Ju\u00e1rez, Oax.- Derivado de la labor en materia de procuraci\u00f3n de justicia en delitos sexuales que realiza la Fiscal\u00eda General del Estado de Oaxaca (FGEO) se obtuvo, del Tribunal de Enjuiciamiento, sentencia condenatoria de 17 a\u00f1os de prisi\u00f3n contra la persona del sexo masculino identificada como P. M. M., responsable del delito de [&hellip;]<\/p>\n","protected":false},"author":2,"featured_media":1444,"comment_status":"closed","ping_status":"closed","sticky":false,"template":"","format":"standard","meta":{"footnotes":""},"categories":[20],"tags":[],"class_list":{"0":"post-1443","1":"post","2":"type-post","3":"status-publish","4":"format-standard","5":"has-post-thumbnail","7":"category-policiaca"},"yoast_head":"<!-- This site is optimized with the Yoast SEO plugin v27.4 - https:\/\/yoast.com\/product\/yoast-seo-wordpress\/ -->\n<title>Sentencia de 17 a\u00f1os de c\u00e1rcel para agresor sexual de ni\u00f1o - LA BRAVA RADIO<\/title>\n<meta name=\"description\" content=\"Derivado de la labor en materia de procuraci\u00f3n de justicia en delitos sexuales que realiza la Fiscal\u00eda General del Estado de Oaxaca\" \/>\n<meta name=\"robots\" content=\"index, follow, max-snippet:-1, max-image-preview:large, max-video-preview:-1\" \/>\n<link rel=\"canonical\" href=\"https:\/\/www.bbmnoticias.com\/labravaradiofm\/2021\/09\/08\/sentencia-de-17-anos-de-carcel-para-agresor-sexual-de-nino\/\" \/>\n<meta property=\"og:locale\" content=\"es_MX\" \/>\n<meta property=\"og:type\" content=\"article\" \/>\n<meta property=\"og:title\" content=\"Sentencia de 17 a\u00f1os de c\u00e1rcel para agresor sexual de ni\u00f1o - LA BRAVA RADIO\" \/>\n<meta property=\"og:description\" content=\"Derivado de la labor en materia de procuraci\u00f3n de justicia en delitos sexuales que realiza la Fiscal\u00eda General del Estado de Oaxaca\" \/>\n<meta property=\"og:url\" content=\"https:\/\/www.bbmnoticias.com\/labravaradiofm\/2021\/09\/08\/sentencia-de-17-anos-de-carcel-para-agresor-sexual-de-nino\/\" \/>\n<meta property=\"og:site_name\" content=\"LA BRAVA RADIO\" \/>\n<meta property=\"article:published_time\" content=\"2021-09-08T20:35:44+00:00\" \/>\n<meta property=\"article:modified_time\" content=\"2021-09-08T20:36:26+00:00\" \/>\n<meta property=\"og:image\" content=\"https:\/\/www.bbmnoticias.com\/labravaradiofm\/wp-content\/uploads\/sites\/5\/2021\/09\/policiaca08092021-21.jpeg\" \/>\n\t<meta property=\"og:image:width\" content=\"1000\" \/>\n\t<meta property=\"og:image:height\" content=\"563\" \/>\n\t<meta property=\"og:image:type\" content=\"image\/jpeg\" \/>\n<meta name=\"author\" content=\"Staff\" \/>\n<meta name=\"twitter:card\" content=\"summary_large_image\" \/>\n<meta name=\"twitter:label1\" content=\"Escrito por\" \/>\n\t<meta name=\"twitter:data1\" content=\"Staff\" \/>\n\t<meta name=\"twitter:label2\" content=\"Tiempo de lectura\" \/>\n\t<meta name=\"twitter:data2\" content=\"1 minuto\" \/>\n<script type=\"application\/ld+json\" class=\"yoast-schema-graph\">{\"@context\":\"https:\\\/\\\/schema.org\",\"@graph\":[{\"@type\":\"Article\",\"@id\":\"https:\\\/\\\/www.bbmnoticias.com\\\/labravaradiofm\\\/2021\\\/09\\\/08\\\/sentencia-de-17-anos-de-carcel-para-agresor-sexual-de-nino\\\/#article\",\"isPartOf\":{\"@id\":\"https:\\\/\\\/www.bbmnoticias.com\\\/labravaradiofm\\\/2021\\\/09\\\/08\\\/sentencia-de-17-anos-de-carcel-para-agresor-sexual-de-nino\\\/\"},\"author\":{\"name\":\"Staff\",\"@id\":\"https:\\\/\\\/www.bbmnoticias.com\\\/labravaradiofm\\\/#\\\/schema\\\/person\\\/34b139c617a70ea5bef5678bffe4dd7b\"},\"headline\":\"Sentencia de 17 a\u00f1os de c\u00e1rcel para agresor sexual de ni\u00f1o\",\"datePublished\":\"2021-09-08T20:35:44+00:00\",\"dateModified\":\"2021-09-08T20:36:26+00:00\",\"mainEntityOfPage\":{\"@id\":\"https:\\\/\\\/www.bbmnoticias.com\\\/labravaradiofm\\\/2021\\\/09\\\/08\\\/sentencia-de-17-anos-de-carcel-para-agresor-sexual-de-nino\\\/\"},\"wordCount\":246,\"image\":{\"@id\":\"https:\\\/\\\/www.bbmnoticias.com\\\/labravaradiofm\\\/2021\\\/09\\\/08\\\/sentencia-de-17-anos-de-carcel-para-agresor-sexual-de-nino\\\/#primaryimage\"},\"thumbnailUrl\":\"https:\\\/\\\/www.bbmnoticias.com\\\/labravaradiofm\\\/wp-content\\\/uploads\\\/sites\\\/5\\\/2021\\\/09\\\/policiaca08092021-21.jpeg\",\"articleSection\":[\"POLICIACA\"],\"inLanguage\":\"es\"},{\"@type\":\"WebPage\",\"@id\":\"https:\\\/\\\/www.bbmnoticias.com\\\/labravaradiofm\\\/2021\\\/09\\\/08\\\/sentencia-de-17-anos-de-carcel-para-agresor-sexual-de-nino\\\/\",\"url\":\"https:\\\/\\\/www.bbmnoticias.com\\\/labravaradiofm\\\/2021\\\/09\\\/08\\\/sentencia-de-17-anos-de-carcel-para-agresor-sexual-de-nino\\\/\",\"name\":\"Sentencia de 17 a\u00f1os de c\u00e1rcel para agresor sexual de ni\u00f1o - LA BRAVA RADIO\",\"isPartOf\":{\"@id\":\"https:\\\/\\\/www.bbmnoticias.com\\\/labravaradiofm\\\/#website\"},\"primaryImageOfPage\":{\"@id\":\"https:\\\/\\\/www.bbmnoticias.com\\\/labravaradiofm\\\/2021\\\/09\\\/08\\\/sentencia-de-17-anos-de-carcel-para-agresor-sexual-de-nino\\\/#primaryimage\"},\"image\":{\"@id\":\"https:\\\/\\\/www.bbmnoticias.com\\\/labravaradiofm\\\/2021\\\/09\\\/08\\\/sentencia-de-17-anos-de-carcel-para-agresor-sexual-de-nino\\\/#primaryimage\"},\"thumbnailUrl\":\"https:\\\/\\\/www.bbmnoticias.com\\\/labravaradiofm\\\/wp-content\\\/uploads\\\/sites\\\/5\\\/2021\\\/09\\\/policiaca08092021-21.jpeg\",\"datePublished\":\"2021-09-08T20:35:44+00:00\",\"dateModified\":\"2021-09-08T20:36:26+00:00\",\"author\":{\"@id\":\"https:\\\/\\\/www.bbmnoticias.com\\\/labravaradiofm\\\/#\\\/schema\\\/person\\\/34b139c617a70ea5bef5678bffe4dd7b\"},\"description\":\"Derivado de la labor en materia de procuraci\u00f3n de justicia en delitos sexuales que realiza la Fiscal\u00eda General del Estado de Oaxaca\",\"breadcrumb\":{\"@id\":\"https:\\\/\\\/www.bbmnoticias.com\\\/labravaradiofm\\\/2021\\\/09\\\/08\\\/sentencia-de-17-anos-de-carcel-para-agresor-sexual-de-nino\\\/#breadcrumb\"},\"inLanguage\":\"es\",\"potentialAction\":[{\"@type\":\"ReadAction\",\"target\":[\"https:\\\/\\\/www.bbmnoticias.com\\\/labravaradiofm\\\/2021\\\/09\\\/08\\\/sentencia-de-17-anos-de-carcel-para-agresor-sexual-de-nino\\\/\"]}]},{\"@type\":\"ImageObject\",\"inLanguage\":\"es\",\"@id\":\"https:\\\/\\\/www.bbmnoticias.com\\\/labravaradiofm\\\/2021\\\/09\\\/08\\\/sentencia-de-17-anos-de-carcel-para-agresor-sexual-de-nino\\\/#primaryimage\",\"url\":\"https:\\\/\\\/www.bbmnoticias.com\\\/labravaradiofm\\\/wp-content\\\/uploads\\\/sites\\\/5\\\/2021\\\/09\\\/policiaca08092021-21.jpeg\",\"contentUrl\":\"https:\\\/\\\/www.bbmnoticias.com\\\/labravaradiofm\\\/wp-content\\\/uploads\\\/sites\\\/5\\\/2021\\\/09\\\/policiaca08092021-21.jpeg\",\"width\":1000,\"height\":563},{\"@type\":\"BreadcrumbList\",\"@id\":\"https:\\\/\\\/www.bbmnoticias.com\\\/labravaradiofm\\\/2021\\\/09\\\/08\\\/sentencia-de-17-anos-de-carcel-para-agresor-sexual-de-nino\\\/#breadcrumb\",\"itemListElement\":[{\"@type\":\"ListItem\",\"position\":1,\"name\":\"Inicio\",\"item\":\"https:\\\/\\\/www.bbmnoticias.com\\\/labravaradiofm\\\/\"},{\"@type\":\"ListItem\",\"position\":2,\"name\":\"Sentencia de 17 a\u00f1os de c\u00e1rcel para agresor sexual de ni\u00f1o\"}]},{\"@type\":\"WebSite\",\"@id\":\"https:\\\/\\\/www.bbmnoticias.com\\\/labravaradiofm\\\/#website\",\"url\":\"https:\\\/\\\/www.bbmnoticias.com\\\/labravaradiofm\\\/\",\"name\":\"LA BRAVA RADIO\",\"description\":\"Empresa productora de medios, Radiodifusi\u00f3n, Noticias, tendencias y todo lo que necesitas saber de la pol\u00edtica mexicana e internacional; entretenimiento, espect\u00e1culos, salud y mucho m\u00e1s.\",\"potentialAction\":[{\"@type\":\"SearchAction\",\"target\":{\"@type\":\"EntryPoint\",\"urlTemplate\":\"https:\\\/\\\/www.bbmnoticias.com\\\/labravaradiofm\\\/?s={search_term_string}\"},\"query-input\":{\"@type\":\"PropertyValueSpecification\",\"valueRequired\":true,\"valueName\":\"search_term_string\"}}],\"inLanguage\":\"es\"},{\"@type\":\"Person\",\"@id\":\"https:\\\/\\\/www.bbmnoticias.com\\\/labravaradiofm\\\/#\\\/schema\\\/person\\\/34b139c617a70ea5bef5678bffe4dd7b\",\"name\":\"Staff\",\"image\":{\"@type\":\"ImageObject\",\"inLanguage\":\"es\",\"@id\":\"https:\\\/\\\/secure.gravatar.com\\\/avatar\\\/fdd21ad66fd8b98c407f9dee5b5e588cfe7f0d8579ec20fa6527cd59bab7f0f0?s=96&d=mm&r=g\",\"url\":\"https:\\\/\\\/secure.gravatar.com\\\/avatar\\\/fdd21ad66fd8b98c407f9dee5b5e588cfe7f0d8579ec20fa6527cd59bab7f0f0?s=96&d=mm&r=g\",\"contentUrl\":\"https:\\\/\\\/secure.gravatar.com\\\/avatar\\\/fdd21ad66fd8b98c407f9dee5b5e588cfe7f0d8579ec20fa6527cd59bab7f0f0?s=96&d=mm&r=g\",\"caption\":\"Staff\"},\"url\":\"https:\\\/\\\/www.bbmnoticias.com\\\/labravaradiofm\\\/author\\\/redaccion\\\/\"}]}<\/script>\n<!-- \/ Yoast SEO plugin. -->","yoast_head_json":{"title":"Sentencia de 17 a\u00f1os de c\u00e1rcel para agresor sexual de ni\u00f1o - LA BRAVA RADIO","description":"Derivado de la labor en materia de procuraci\u00f3n de justicia en delitos sexuales que realiza la Fiscal\u00eda General del Estado de Oaxaca","robots":{"index":"index","follow":"follow","max-snippet":"max-snippet:-1","max-image-preview":"max-image-preview:large","max-video-preview":"max-video-preview:-1"},"canonical":"https:\/\/www.bbmnoticias.com\/labravaradiofm\/2021\/09\/08\/sentencia-de-17-anos-de-carcel-para-agresor-sexual-de-nino\/","og_locale":"es_MX","og_type":"article","og_title":"Sentencia de 17 a\u00f1os de c\u00e1rcel para agresor sexual de ni\u00f1o - LA BRAVA RADIO","og_description":"Derivado de la labor en materia de procuraci\u00f3n de justicia en delitos sexuales que realiza la Fiscal\u00eda General del Estado de Oaxaca","og_url":"https:\/\/www.bbmnoticias.com\/labravaradiofm\/2021\/09\/08\/sentencia-de-17-anos-de-carcel-para-agresor-sexual-de-nino\/","og_site_name":"LA BRAVA RADIO","article_published_time":"2021-09-08T20:35:44+00:00","article_modified_time":"2021-09-08T20:36:26+00:00","og_image":[{"width":1000,"height":563,"url":"https:\/\/www.bbmnoticias.com\/labravaradiofm\/wp-content\/uploads\/sites\/5\/2021\/09\/policiaca08092021-21.jpeg","type":"image\/jpeg"}],"author":"Staff","twitter_card":"summary_large_image","twitter_misc":{"Escrito por":"Staff","Tiempo de lectura":"1 minuto"},"schema":{"@context":"https:\/\/schema.org","@graph":[{"@type":"Article","@id":"https:\/\/www.bbmnoticias.com\/labravaradiofm\/2021\/09\/08\/sentencia-de-17-anos-de-carcel-para-agresor-sexual-de-nino\/#article","isPartOf":{"@id":"https:\/\/www.bbmnoticias.com\/labravaradiofm\/2021\/09\/08\/sentencia-de-17-anos-de-carcel-para-agresor-sexual-de-nino\/"},"author":{"name":"Staff","@id":"https:\/\/www.bbmnoticias.com\/labravaradiofm\/#\/schema\/person\/34b139c617a70ea5bef5678bffe4dd7b"},"headline":"Sentencia de 17 a\u00f1os de c\u00e1rcel para agresor sexual de ni\u00f1o","datePublished":"2021-09-08T20:35:44+00:00","dateModified":"2021-09-08T20:36:26+00:00","mainEntityOfPage":{"@id":"https:\/\/www.bbmnoticias.com\/labravaradiofm\/2021\/09\/08\/sentencia-de-17-anos-de-carcel-para-agresor-sexual-de-nino\/"},"wordCount":246,"image":{"@id":"https:\/\/www.bbmnoticias.com\/labravaradiofm\/2021\/09\/08\/sentencia-de-17-anos-de-carcel-para-agresor-sexual-de-nino\/#primaryimage"},"thumbnailUrl":"https:\/\/www.bbmnoticias.com\/labravaradiofm\/wp-content\/uploads\/sites\/5\/2021\/09\/policiaca08092021-21.jpeg","articleSection":["POLICIACA"],"inLanguage":"es"},{"@type":"WebPage","@id":"https:\/\/www.bbmnoticias.com\/labravaradiofm\/2021\/09\/08\/sentencia-de-17-anos-de-carcel-para-agresor-sexual-de-nino\/","url":"https:\/\/www.bbmnoticias.com\/labravaradiofm\/2021\/09\/08\/sentencia-de-17-anos-de-carcel-para-agresor-sexual-de-nino\/","name":"Sentencia de 17 a\u00f1os de c\u00e1rcel para agresor sexual de ni\u00f1o - LA BRAVA RADIO","isPartOf":{"@id":"https:\/\/www.bbmnoticias.com\/labravaradiofm\/#website"},"primaryImageOfPage":{"@id":"https:\/\/www.bbmnoticias.com\/labravaradiofm\/2021\/09\/08\/sentencia-de-17-anos-de-carcel-para-agresor-sexual-de-nino\/#primaryimage"},"image":{"@id":"https:\/\/www.bbmnoticias.com\/labravaradiofm\/2021\/09\/08\/sentencia-de-17-anos-de-carcel-para-agresor-sexual-de-nino\/#primaryimage"},"thumbnailUrl":"https:\/\/www.bbmnoticias.com\/labravaradiofm\/wp-content\/uploads\/sites\/5\/2021\/09\/policiaca08092021-21.jpeg","datePublished":"2021-09-08T20:35:44+00:00","dateModified":"2021-09-08T20:36:26+00:00","author":{"@id":"https:\/\/www.bbmnoticias.com\/labravaradiofm\/#\/schema\/person\/34b139c617a70ea5bef5678bffe4dd7b"},"description":"Derivado de la labor en materia de procuraci\u00f3n de justicia en delitos sexuales que realiza la Fiscal\u00eda General del Estado de Oaxaca","breadcrumb":{"@id":"https:\/\/www.bbmnoticias.com\/labravaradiofm\/2021\/09\/08\/sentencia-de-17-anos-de-carcel-para-agresor-sexual-de-nino\/#breadcrumb"},"inLanguage":"es","potentialAction":[{"@type":"ReadAction","target":["https:\/\/www.bbmnoticias.com\/labravaradiofm\/2021\/09\/08\/sentencia-de-17-anos-de-carcel-para-agresor-sexual-de-nino\/"]}]},{"@type":"ImageObject","inLanguage":"es","@id":"https:\/\/www.bbmnoticias.com\/labravaradiofm\/2021\/09\/08\/sentencia-de-17-anos-de-carcel-para-agresor-sexual-de-nino\/#primaryimage","url":"https:\/\/www.bbmnoticias.com\/labravaradiofm\/wp-content\/uploads\/sites\/5\/2021\/09\/policiaca08092021-21.jpeg","contentUrl":"https:\/\/www.bbmnoticias.com\/labravaradiofm\/wp-content\/uploads\/sites\/5\/2021\/09\/policiaca08092021-21.jpeg","width":1000,"height":563},{"@type":"BreadcrumbList","@id":"https:\/\/www.bbmnoticias.com\/labravaradiofm\/2021\/09\/08\/sentencia-de-17-anos-de-carcel-para-agresor-sexual-de-nino\/#breadcrumb","itemListElement":[{"@type":"ListItem","position":1,"name":"Inicio","item":"https:\/\/www.bbmnoticias.com\/labravaradiofm\/"},{"@type":"ListItem","position":2,"name":"Sentencia de 17 a\u00f1os de c\u00e1rcel para agresor sexual de ni\u00f1o"}]},{"@type":"WebSite","@id":"https:\/\/www.bbmnoticias.com\/labravaradiofm\/#website","url":"https:\/\/www.bbmnoticias.com\/labravaradiofm\/","name":"LA BRAVA RADIO","description":"Empresa productora de medios, Radiodifusi\u00f3n, Noticias, tendencias y todo lo que necesitas saber de la pol\u00edtica mexicana e internacional; entretenimiento, espect\u00e1culos, salud y mucho m\u00e1s.","potentialAction":[{"@type":"SearchAction","target":{"@type":"EntryPoint","urlTemplate":"https:\/\/www.bbmnoticias.com\/labravaradiofm\/?s={search_term_string}"},"query-input":{"@type":"PropertyValueSpecification","valueRequired":true,"valueName":"search_term_string"}}],"inLanguage":"es"},{"@type":"Person","@id":"https:\/\/www.bbmnoticias.com\/labravaradiofm\/#\/schema\/person\/34b139c617a70ea5bef5678bffe4dd7b","name":"Staff","image":{"@type":"ImageObject","inLanguage":"es","@id":"https:\/\/secure.gravatar.com\/avatar\/fdd21ad66fd8b98c407f9dee5b5e588cfe7f0d8579ec20fa6527cd59bab7f0f0?s=96&d=mm&r=g","url":"https:\/\/secure.gravatar.com\/avatar\/fdd21ad66fd8b98c407f9dee5b5e588cfe7f0d8579ec20fa6527cd59bab7f0f0?s=96&d=mm&r=g","contentUrl":"https:\/\/secure.gravatar.com\/avatar\/fdd21ad66fd8b98c407f9dee5b5e588cfe7f0d8579ec20fa6527cd59bab7f0f0?s=96&d=mm&r=g","caption":"Staff"},"url":"https:\/\/www.bbmnoticias.com\/labravaradiofm\/author\/redaccion\/"}]}},"_links":{"self":[{"href":"https:\/\/www.bbmnoticias.com\/labravaradiofm\/wp-json\/wp\/v2\/posts\/1443","targetHints":{"allow":["GET"]}}],"collection":[{"href":"https:\/\/www.bbmnoticias.com\/labravaradiofm\/wp-json\/wp\/v2\/posts"}],"about":[{"href":"https:\/\/www.bbmnoticias.com\/labravaradiofm\/wp-json\/wp\/v2\/types\/post"}],"author":[{"embeddable":true,"href":"https:\/\/www.bbmnoticias.com\/labravaradiofm\/wp-json\/wp\/v2\/users\/2"}],"replies":[{"embeddable":true,"href":"https:\/\/www.bbmnoticias.com\/labravaradiofm\/wp-json\/wp\/v2\/comments?post=1443"}],"version-history":[{"count":0,"href":"https:\/\/www.bbmnoticias.com\/labravaradiofm\/wp-json\/wp\/v2\/posts\/1443\/revisions"}],"wp:featuredmedia":[{"embeddable":true,"href":"https:\/\/www.bbmnoticias.com\/labravaradiofm\/wp-json\/wp\/v2\/media\/1444"}],"wp:attachment":[{"href":"https:\/\/www.bbmnoticias.com\/labravaradiofm\/wp-json\/wp\/v2\/media?parent=1443"}],"wp:term":[{"taxonomy":"category","embeddable":true,"href":"https:\/\/www.bbmnoticias.com\/labravaradiofm\/wp-json\/wp\/v2\/categories?post=1443"},{"taxonomy":"post_tag","embeddable":true,"href":"https:\/\/www.bbmnoticias.com\/labravaradiofm\/wp-json\/wp\/v2\/tags?post=1443"}],"curies":[{"name":"wp","href":"https:\/\/api.w.org\/{rel}","templated":true}]}}