{"id":1427,"date":"2021-09-08T13:56:26","date_gmt":"2021-09-08T18:56:26","guid":{"rendered":"https:\/\/www.bbmnoticias.com\/labravaradiofm\/?p=1427"},"modified":"2021-09-08T15:10:59","modified_gmt":"2021-09-08T20:10:59","slug":"oaxaca-destino-seguro-para-convenciones-alejandro-murat","status":"publish","type":"post","link":"https:\/\/www.bbmnoticias.com\/labravaradiofm\/2021\/09\/08\/oaxaca-destino-seguro-para-convenciones-alejandro-murat\/","title":{"rendered":"Oaxaca, punta de lanza en la reactivaci\u00f3n del sector tur\u00edstico nacional"},"content":{"rendered":"<div style=\"margin-top: 0px; margin-bottom: 0px;\" class=\"sharethis-inline-share-buttons\" ><\/div>\n<p><strong>Oaxaca de Ju\u00e1rez, Oax<\/strong>. Con la presencia de los principales exponentes del sector tur\u00edstico nacional, el gobernador Alejandro Murat Hinojosa inaugur\u00f3 el Congreso para la Reactivaci\u00f3n Estatal de Convenciones y Eventos CRECE, que tiene como objetivo posicionar a Oaxaca como uno de los principales destinos para el turismo de reuniones en el pa\u00eds.<\/p>\n\n\n\n<p>En este encuentro que se desarrollar\u00e1 el 8 y 9 de septiembre en el Centro Cultural y de Convenciones de Oaxaca, se mostrar\u00e1n las particularidades de este recinto, el cual resulta ideal para realizar congresos, convenciones, ferias y exposiciones con los criterios m\u00e1s exigentes del mercado.<\/p>\n\n\n\n<p>El congreso contar\u00e1 tambi\u00e9n con el proped\u00e9utico de la certificaci\u00f3n en competitividad global desarrollada por \u201cPCO Meetings M\u00e9xico\u201d, un distintivo 100% mexicano que garantiza la adopci\u00f3n de pr\u00e1cticas responsables y competitivas en los procesos y funciones de la proveedur\u00eda en la industria de reuniones, lo que abona a la profesionalizaci\u00f3n de las y los prestadores de servicios oaxaque\u00f1os.<\/p>\n\n\n\n<figure class=\"wp-block-embed is-type-rich is-provider-twitter wp-block-embed-twitter\"><div class=\"wp-block-embed__wrapper\">\n<blockquote class=\"twitter-tweet\" data-width=\"550\" data-dnt=\"true\"><p lang=\"es\" dir=\"ltr\">Buscando la reactivaci\u00f3n econ\u00f3mica de Oaxaca y su posicionamiento como uno de los destinos ideales para el turismo de reuni\u00f3n, inauguramos el Congreso para la Reactivaci\u00f3n Estatal de Convenciones y Eventos \u201cCRECE\u201d, en donde el sector tur\u00edstico recibir\u00e1 talleres y capacitaciones. <a href=\"https:\/\/t.co\/Dw3fm1E9si\">pic.twitter.com\/Dw3fm1E9si<\/a><\/p>&mdash; Alejandro Murat (@alejandromurat) <a href=\"https:\/\/twitter.com\/alejandromurat\/status\/1435668400672591876?ref_src=twsrc%5Etfw\">September 8, 2021<\/a><\/blockquote><script async src=\"https:\/\/platform.twitter.com\/widgets.js\" charset=\"utf-8\"><\/script>\n<\/div><\/figure>\n\n\n\n<p>Alejandro Murat Hinojosa expres\u00f3 que desde el primer d\u00eda de su gobierno, el objetivo ha sido posicionar la marca Oaxaca, puesto que la entidad cuenta con todo lo necesario para destacarse en la arena internacional gracias a su enorme riqueza cultural, hist\u00f3rica, gastron\u00f3mica y natural, con impresionantes destinos tur\u00edsticos que regalan una experiencia inigualable a quien los visita.<\/p>\n\n\n\n<p>\u201cEn Oaxaca hoy caminamos con la frente en alto despu\u00e9s de superar, juntas y juntos, retos como los terremotos y la pandemia.&nbsp; Gracias a que en el gobierno avanzamos de la mano con la iniciativa privada, Oaxaca est\u00e1 lista para asumir el liderazgo en muchos sentidos. Hoy somos el estado que m\u00e1s crece, y en el cual el ingreso de los hogares se fortalece con m\u00e1s rapidez. Porque cuando se trabaja en equipo con la sociedad, se alcanzan resultados\u201d, enfatiz\u00f3.<\/p>\n\n\n\n<p>Asimismo, dio a conocer que la entidad se ha posicionado en el lugar n\u00famero 7 de los 10 mejores destinos para turismo de reuniones a nivel nacional, y ocupa el lugar 377 del ranking mundial y el 84 a nivel Latinoam\u00e9rica, de acuerdo con el reporte de 2019 de la Asociaci\u00f3n Internacional de Congresos y Convenciones (ICCA).<\/p>\n\n\n\n<p>Por su parte, Bego\u00f1a Hern\u00e1ndez Mancilla, Directora General de la Oficina de Convenciones y Visitantes de Oaxaca destac\u00f3 que en la entidad la industria tur\u00edstica no para gracias al trabajo arduo y responsable de las miles de oaxaque\u00f1as y oaxaque\u00f1os que no dejan de buscar la forma de salir adelante a pesar de la pandemia, y cuyo esfuerzo \u201choy se ve reflejado en este Congreso, posible gracias a la cadena de valor del estado, quienes comprendieron que hoy tenemos que estar m\u00e1s unidos que nunca,&nbsp; y que contribuyeron con su servicio, personal e insumos para que este gran evento sea posible\u201d.<\/p>\n\n\n\n<p>En su oportunidad, Gerardo Matienzo P\u00e9rez Esteves, presidente de PCO Meetings M\u00e9xico, destac\u00f3 los atributos de la entidad como destino de turismo de reuniones y asegur\u00f3 que \u201ca donde vamos recomendaremos Oaxaca porque es un lugar que nos seduce. Ahora es nuestra misi\u00f3n traer clientes, llenar los cuartos de hotel y contribuir a la reactivaci\u00f3n de la econom\u00eda. Nosotros contribuimos con nuestro esfuerzo y Oaxaca nos retribuye con su cultura\u201d, expres\u00f3.<\/p>\n\n\n\n<p>Como parte del Congreso CRECE, este mi\u00e9rcoles 8 y jueves 9 de septiembre se realizar\u00e1n talleres y capacitaciones especializadas para la cadena de valor del sector de turismo de reuniones. Entre los talleres destacan: Comunicaci\u00f3n efectiva para la industria de reuniones en la era digital, \u00bfC\u00f3mo dise\u00f1ar un evento corporativo exitoso?, Programa de atracci\u00f3n de congresos al destino: candidaturas; y Claves para venderle a organizaciones profesionales de congresos, convenciones y eventos corporativos.<\/p>\n\n\n\n<p>Cabe destacar que el Centro Cultural y de Convenciones de Oaxaca, es un complejo arquitect\u00f3nico de m\u00e1s de 23 mil metros cuadrados de construcci\u00f3n en el Parque Las Canteras, cuenta con un gran sal\u00f3n para 2 mil personas; salones multifuncionales; salas VIP, restaurante, tienda, vest\u00edbulo, canchas deportivas, un auditorio al aire libre y un recinto ferial de 4 mil 300 metros cuadrados.<\/p>\n\n\n\n<p>En el evento tambi\u00e9n estuvieron presentes el senador de la Rep\u00fablica, Ra\u00fal Bola\u00f1os Cu\u00e9; la diputada local Maritza V\u00e1squez Guerra; y la presidenta de la Mesa Directiva de Patrocinadores CRECE, Cibeles Ram\u00edrez Colmenares.<\/p>\n\n\n\n<p><strong>Reconocen a Oaxaca como punta de lanza en la reactivaci\u00f3n del sector tur\u00edstico<\/strong><\/p>\n\n\n\n<p>En una reuni\u00f3n de trabajo en la que tambi\u00e9n participaron Juan Carlos Rivera Castellanos, secretario de Turismo; Juan Pablo Guzm\u00e1n Cobi\u00e1n, secretario de Econom\u00eda, y Javier Lazcano Vargas, secretario de las Infraestructuras y Ordenamiento Territorial Sustentable, los principales exponentes del sector tur\u00edstico nacional expresaron que el compromiso del Gobierno del Estado y la voluntad de los prestadores de servicios tur\u00edsticos han logrado que Oaxaca sea punta de lanza para la reactivaci\u00f3n econ\u00f3mica de este sector a nivel nacional e internacional.<\/p>\n\n\n\n<p>Asimismo, reconocieron que a\u00fan es mucho el potencial que queda por ser aprovechado toda vez que mucho de lo que Oaxaca significa es a\u00fan un secreto para el mundo, por lo que se comprometieron a contribuir con la difusi\u00f3n de este destino y con el aprovechamiento sostenible de sus bondades.<\/p>\n\n\n\n<p><\/p>\n\n\n\n<p><\/p>\n\n\n\n<p><\/p>\n","protected":false},"excerpt":{"rendered":"<p>Oaxaca de Ju\u00e1rez, Oax. Con la presencia de los principales exponentes del sector tur\u00edstico nacional, el gobernador Alejandro Murat Hinojosa inaugur\u00f3 el Congreso para la Reactivaci\u00f3n Estatal de Convenciones y Eventos CRECE, que tiene como objetivo posicionar a Oaxaca como uno de los principales destinos para el turismo de reuniones en el pa\u00eds. En este [&hellip;]<\/p>\n","protected":false},"author":2,"featured_media":1428,"comment_status":"closed","ping_status":"closed","sticky":false,"template":"","format":"standard","meta":{"footnotes":""},"categories":[1],"tags":[],"class_list":{"0":"post-1427","1":"post","2":"type-post","3":"status-publish","4":"format-standard","5":"has-post-thumbnail","7":"category-sin-categoria"},"yoast_head":"<!-- This site is optimized with the Yoast SEO plugin v27.4 - https:\/\/yoast.com\/product\/yoast-seo-wordpress\/ -->\n<title>Oaxaca, punta de lanza en la reactivaci\u00f3n del sector tur\u00edstico nacional - LA BRAVA RADIO<\/title>\n<meta name=\"description\" content=\"El gobernador de Oaxaca, Alejandro Murat Hinojosa, inaugur\u00f3 este mi\u00e9rcoles el congreso\u00a0 para la reactivaci\u00f3n de convenciones y even\" \/>\n<meta name=\"robots\" content=\"index, follow, max-snippet:-1, max-image-preview:large, max-video-preview:-1\" \/>\n<link rel=\"canonical\" href=\"https:\/\/www.bbmnoticias.com\/labravaradiofm\/2021\/09\/08\/oaxaca-destino-seguro-para-convenciones-alejandro-murat\/\" \/>\n<meta property=\"og:locale\" content=\"es_MX\" \/>\n<meta property=\"og:type\" content=\"article\" \/>\n<meta property=\"og:title\" content=\"Oaxaca, punta de lanza en la reactivaci\u00f3n del sector tur\u00edstico nacional - LA BRAVA RADIO\" \/>\n<meta property=\"og:description\" content=\"El gobernador de Oaxaca, Alejandro Murat Hinojosa, inaugur\u00f3 este mi\u00e9rcoles el congreso\u00a0 para la reactivaci\u00f3n de convenciones y even\" \/>\n<meta property=\"og:url\" content=\"https:\/\/www.bbmnoticias.com\/labravaradiofm\/2021\/09\/08\/oaxaca-destino-seguro-para-convenciones-alejandro-murat\/\" \/>\n<meta property=\"og:site_name\" content=\"LA BRAVA RADIO\" \/>\n<meta property=\"article:published_time\" content=\"2021-09-08T18:56:26+00:00\" \/>\n<meta property=\"article:modified_time\" content=\"2021-09-08T20:10:59+00:00\" \/>\n<meta property=\"og:image\" content=\"https:\/\/www.bbmnoticias.com\/labravaradiofm\/wp-content\/uploads\/sites\/5\/2021\/09\/local08092021-4.jpg\" \/>\n\t<meta property=\"og:image:width\" content=\"1280\" \/>\n\t<meta property=\"og:image:height\" content=\"852\" \/>\n\t<meta property=\"og:image:type\" content=\"image\/jpeg\" \/>\n<meta name=\"author\" content=\"Staff\" \/>\n<meta name=\"twitter:card\" content=\"summary_large_image\" \/>\n<meta name=\"twitter:label1\" content=\"Escrito por\" \/>\n\t<meta name=\"twitter:data1\" content=\"Staff\" \/>\n\t<meta name=\"twitter:label2\" content=\"Tiempo de lectura\" \/>\n\t<meta name=\"twitter:data2\" content=\"4 minutos\" \/>\n<script type=\"application\/ld+json\" class=\"yoast-schema-graph\">{\"@context\":\"https:\\\/\\\/schema.org\",\"@graph\":[{\"@type\":\"Article\",\"@id\":\"https:\\\/\\\/www.bbmnoticias.com\\\/labravaradiofm\\\/2021\\\/09\\\/08\\\/oaxaca-destino-seguro-para-convenciones-alejandro-murat\\\/#article\",\"isPartOf\":{\"@id\":\"https:\\\/\\\/www.bbmnoticias.com\\\/labravaradiofm\\\/2021\\\/09\\\/08\\\/oaxaca-destino-seguro-para-convenciones-alejandro-murat\\\/\"},\"author\":{\"name\":\"Staff\",\"@id\":\"https:\\\/\\\/www.bbmnoticias.com\\\/labravaradiofm\\\/#\\\/schema\\\/person\\\/68a9e9036ef3c5b55aeb2b71dc8bab45\"},\"headline\":\"Oaxaca, punta de lanza en la reactivaci\u00f3n del sector tur\u00edstico nacional\",\"datePublished\":\"2021-09-08T18:56:26+00:00\",\"dateModified\":\"2021-09-08T20:10:59+00:00\",\"mainEntityOfPage\":{\"@id\":\"https:\\\/\\\/www.bbmnoticias.com\\\/labravaradiofm\\\/2021\\\/09\\\/08\\\/oaxaca-destino-seguro-para-convenciones-alejandro-murat\\\/\"},\"wordCount\":907,\"image\":{\"@id\":\"https:\\\/\\\/www.bbmnoticias.com\\\/labravaradiofm\\\/2021\\\/09\\\/08\\\/oaxaca-destino-seguro-para-convenciones-alejandro-murat\\\/#primaryimage\"},\"thumbnailUrl\":\"https:\\\/\\\/www.bbmnoticias.com\\\/labravaradiofm\\\/wp-content\\\/uploads\\\/sites\\\/5\\\/2021\\\/09\\\/local08092021-4.jpg\",\"inLanguage\":\"es\"},{\"@type\":\"WebPage\",\"@id\":\"https:\\\/\\\/www.bbmnoticias.com\\\/labravaradiofm\\\/2021\\\/09\\\/08\\\/oaxaca-destino-seguro-para-convenciones-alejandro-murat\\\/\",\"url\":\"https:\\\/\\\/www.bbmnoticias.com\\\/labravaradiofm\\\/2021\\\/09\\\/08\\\/oaxaca-destino-seguro-para-convenciones-alejandro-murat\\\/\",\"name\":\"Oaxaca, punta de lanza en la reactivaci\u00f3n del sector tur\u00edstico nacional - LA BRAVA RADIO\",\"isPartOf\":{\"@id\":\"https:\\\/\\\/www.bbmnoticias.com\\\/labravaradiofm\\\/#website\"},\"primaryImageOfPage\":{\"@id\":\"https:\\\/\\\/www.bbmnoticias.com\\\/labravaradiofm\\\/2021\\\/09\\\/08\\\/oaxaca-destino-seguro-para-convenciones-alejandro-murat\\\/#primaryimage\"},\"image\":{\"@id\":\"https:\\\/\\\/www.bbmnoticias.com\\\/labravaradiofm\\\/2021\\\/09\\\/08\\\/oaxaca-destino-seguro-para-convenciones-alejandro-murat\\\/#primaryimage\"},\"thumbnailUrl\":\"https:\\\/\\\/www.bbmnoticias.com\\\/labravaradiofm\\\/wp-content\\\/uploads\\\/sites\\\/5\\\/2021\\\/09\\\/local08092021-4.jpg\",\"datePublished\":\"2021-09-08T18:56:26+00:00\",\"dateModified\":\"2021-09-08T20:10:59+00:00\",\"author\":{\"@id\":\"https:\\\/\\\/www.bbmnoticias.com\\\/labravaradiofm\\\/#\\\/schema\\\/person\\\/68a9e9036ef3c5b55aeb2b71dc8bab45\"},\"description\":\"El gobernador de Oaxaca, Alejandro Murat Hinojosa, inaugur\u00f3 este mi\u00e9rcoles el congreso\u00a0 para la reactivaci\u00f3n de convenciones y even\",\"breadcrumb\":{\"@id\":\"https:\\\/\\\/www.bbmnoticias.com\\\/labravaradiofm\\\/2021\\\/09\\\/08\\\/oaxaca-destino-seguro-para-convenciones-alejandro-murat\\\/#breadcrumb\"},\"inLanguage\":\"es\",\"potentialAction\":[{\"@type\":\"ReadAction\",\"target\":[\"https:\\\/\\\/www.bbmnoticias.com\\\/labravaradiofm\\\/2021\\\/09\\\/08\\\/oaxaca-destino-seguro-para-convenciones-alejandro-murat\\\/\"]}]},{\"@type\":\"ImageObject\",\"inLanguage\":\"es\",\"@id\":\"https:\\\/\\\/www.bbmnoticias.com\\\/labravaradiofm\\\/2021\\\/09\\\/08\\\/oaxaca-destino-seguro-para-convenciones-alejandro-murat\\\/#primaryimage\",\"url\":\"https:\\\/\\\/www.bbmnoticias.com\\\/labravaradiofm\\\/wp-content\\\/uploads\\\/sites\\\/5\\\/2021\\\/09\\\/local08092021-4.jpg\",\"contentUrl\":\"https:\\\/\\\/www.bbmnoticias.com\\\/labravaradiofm\\\/wp-content\\\/uploads\\\/sites\\\/5\\\/2021\\\/09\\\/local08092021-4.jpg\",\"width\":1280,\"height\":852},{\"@type\":\"BreadcrumbList\",\"@id\":\"https:\\\/\\\/www.bbmnoticias.com\\\/labravaradiofm\\\/2021\\\/09\\\/08\\\/oaxaca-destino-seguro-para-convenciones-alejandro-murat\\\/#breadcrumb\",\"itemListElement\":[{\"@type\":\"ListItem\",\"position\":1,\"name\":\"Inicio\",\"item\":\"https:\\\/\\\/www.bbmnoticias.com\\\/labravaradiofm\\\/\"},{\"@type\":\"ListItem\",\"position\":2,\"name\":\"Oaxaca, punta de lanza en la reactivaci\u00f3n del sector tur\u00edstico nacional\"}]},{\"@type\":\"WebSite\",\"@id\":\"https:\\\/\\\/www.bbmnoticias.com\\\/labravaradiofm\\\/#website\",\"url\":\"https:\\\/\\\/www.bbmnoticias.com\\\/labravaradiofm\\\/\",\"name\":\"LA BRAVA RADIO\",\"description\":\"Empresa productora de medios, Radiodifusi\u00f3n, Noticias, tendencias y todo lo que necesitas saber de la pol\u00edtica mexicana e internacional; entretenimiento, espect\u00e1culos, salud y mucho m\u00e1s.\",\"potentialAction\":[{\"@type\":\"SearchAction\",\"target\":{\"@type\":\"EntryPoint\",\"urlTemplate\":\"https:\\\/\\\/www.bbmnoticias.com\\\/labravaradiofm\\\/?s={search_term_string}\"},\"query-input\":{\"@type\":\"PropertyValueSpecification\",\"valueRequired\":true,\"valueName\":\"search_term_string\"}}],\"inLanguage\":\"es\"},{\"@type\":\"Person\",\"@id\":\"https:\\\/\\\/www.bbmnoticias.com\\\/labravaradiofm\\\/#\\\/schema\\\/person\\\/68a9e9036ef3c5b55aeb2b71dc8bab45\",\"name\":\"Staff\",\"image\":{\"@type\":\"ImageObject\",\"inLanguage\":\"es\",\"@id\":\"https:\\\/\\\/secure.gravatar.com\\\/avatar\\\/fdd21ad66fd8b98c407f9dee5b5e588cfe7f0d8579ec20fa6527cd59bab7f0f0?s=96&d=mm&r=g\",\"url\":\"https:\\\/\\\/secure.gravatar.com\\\/avatar\\\/fdd21ad66fd8b98c407f9dee5b5e588cfe7f0d8579ec20fa6527cd59bab7f0f0?s=96&d=mm&r=g\",\"contentUrl\":\"https:\\\/\\\/secure.gravatar.com\\\/avatar\\\/fdd21ad66fd8b98c407f9dee5b5e588cfe7f0d8579ec20fa6527cd59bab7f0f0?s=96&d=mm&r=g\",\"caption\":\"Staff\"},\"url\":\"https:\\\/\\\/www.bbmnoticias.com\\\/labravaradiofm\\\/author\\\/redaccion\\\/\"}]}<\/script>\n<!-- \/ Yoast SEO plugin. -->","yoast_head_json":{"title":"Oaxaca, punta de lanza en la reactivaci\u00f3n del sector tur\u00edstico nacional - LA BRAVA RADIO","description":"El gobernador de Oaxaca, Alejandro Murat Hinojosa, inaugur\u00f3 este mi\u00e9rcoles el congreso\u00a0 para la reactivaci\u00f3n de convenciones y even","robots":{"index":"index","follow":"follow","max-snippet":"max-snippet:-1","max-image-preview":"max-image-preview:large","max-video-preview":"max-video-preview:-1"},"canonical":"https:\/\/www.bbmnoticias.com\/labravaradiofm\/2021\/09\/08\/oaxaca-destino-seguro-para-convenciones-alejandro-murat\/","og_locale":"es_MX","og_type":"article","og_title":"Oaxaca, punta de lanza en la reactivaci\u00f3n del sector tur\u00edstico nacional - LA BRAVA RADIO","og_description":"El gobernador de Oaxaca, Alejandro Murat Hinojosa, inaugur\u00f3 este mi\u00e9rcoles el congreso\u00a0 para la reactivaci\u00f3n de convenciones y even","og_url":"https:\/\/www.bbmnoticias.com\/labravaradiofm\/2021\/09\/08\/oaxaca-destino-seguro-para-convenciones-alejandro-murat\/","og_site_name":"LA BRAVA RADIO","article_published_time":"2021-09-08T18:56:26+00:00","article_modified_time":"2021-09-08T20:10:59+00:00","og_image":[{"width":1280,"height":852,"url":"https:\/\/www.bbmnoticias.com\/labravaradiofm\/wp-content\/uploads\/sites\/5\/2021\/09\/local08092021-4.jpg","type":"image\/jpeg"}],"author":"Staff","twitter_card":"summary_large_image","twitter_misc":{"Escrito por":"Staff","Tiempo de lectura":"4 minutos"},"schema":{"@context":"https:\/\/schema.org","@graph":[{"@type":"Article","@id":"https:\/\/www.bbmnoticias.com\/labravaradiofm\/2021\/09\/08\/oaxaca-destino-seguro-para-convenciones-alejandro-murat\/#article","isPartOf":{"@id":"https:\/\/www.bbmnoticias.com\/labravaradiofm\/2021\/09\/08\/oaxaca-destino-seguro-para-convenciones-alejandro-murat\/"},"author":{"name":"Staff","@id":"https:\/\/www.bbmnoticias.com\/labravaradiofm\/#\/schema\/person\/68a9e9036ef3c5b55aeb2b71dc8bab45"},"headline":"Oaxaca, punta de lanza en la reactivaci\u00f3n del sector tur\u00edstico nacional","datePublished":"2021-09-08T18:56:26+00:00","dateModified":"2021-09-08T20:10:59+00:00","mainEntityOfPage":{"@id":"https:\/\/www.bbmnoticias.com\/labravaradiofm\/2021\/09\/08\/oaxaca-destino-seguro-para-convenciones-alejandro-murat\/"},"wordCount":907,"image":{"@id":"https:\/\/www.bbmnoticias.com\/labravaradiofm\/2021\/09\/08\/oaxaca-destino-seguro-para-convenciones-alejandro-murat\/#primaryimage"},"thumbnailUrl":"https:\/\/www.bbmnoticias.com\/labravaradiofm\/wp-content\/uploads\/sites\/5\/2021\/09\/local08092021-4.jpg","inLanguage":"es"},{"@type":"WebPage","@id":"https:\/\/www.bbmnoticias.com\/labravaradiofm\/2021\/09\/08\/oaxaca-destino-seguro-para-convenciones-alejandro-murat\/","url":"https:\/\/www.bbmnoticias.com\/labravaradiofm\/2021\/09\/08\/oaxaca-destino-seguro-para-convenciones-alejandro-murat\/","name":"Oaxaca, punta de lanza en la reactivaci\u00f3n del sector tur\u00edstico nacional - LA BRAVA RADIO","isPartOf":{"@id":"https:\/\/www.bbmnoticias.com\/labravaradiofm\/#website"},"primaryImageOfPage":{"@id":"https:\/\/www.bbmnoticias.com\/labravaradiofm\/2021\/09\/08\/oaxaca-destino-seguro-para-convenciones-alejandro-murat\/#primaryimage"},"image":{"@id":"https:\/\/www.bbmnoticias.com\/labravaradiofm\/2021\/09\/08\/oaxaca-destino-seguro-para-convenciones-alejandro-murat\/#primaryimage"},"thumbnailUrl":"https:\/\/www.bbmnoticias.com\/labravaradiofm\/wp-content\/uploads\/sites\/5\/2021\/09\/local08092021-4.jpg","datePublished":"2021-09-08T18:56:26+00:00","dateModified":"2021-09-08T20:10:59+00:00","author":{"@id":"https:\/\/www.bbmnoticias.com\/labravaradiofm\/#\/schema\/person\/68a9e9036ef3c5b55aeb2b71dc8bab45"},"description":"El gobernador de Oaxaca, Alejandro Murat Hinojosa, inaugur\u00f3 este mi\u00e9rcoles el congreso\u00a0 para la reactivaci\u00f3n de convenciones y even","breadcrumb":{"@id":"https:\/\/www.bbmnoticias.com\/labravaradiofm\/2021\/09\/08\/oaxaca-destino-seguro-para-convenciones-alejandro-murat\/#breadcrumb"},"inLanguage":"es","potentialAction":[{"@type":"ReadAction","target":["https:\/\/www.bbmnoticias.com\/labravaradiofm\/2021\/09\/08\/oaxaca-destino-seguro-para-convenciones-alejandro-murat\/"]}]},{"@type":"ImageObject","inLanguage":"es","@id":"https:\/\/www.bbmnoticias.com\/labravaradiofm\/2021\/09\/08\/oaxaca-destino-seguro-para-convenciones-alejandro-murat\/#primaryimage","url":"https:\/\/www.bbmnoticias.com\/labravaradiofm\/wp-content\/uploads\/sites\/5\/2021\/09\/local08092021-4.jpg","contentUrl":"https:\/\/www.bbmnoticias.com\/labravaradiofm\/wp-content\/uploads\/sites\/5\/2021\/09\/local08092021-4.jpg","width":1280,"height":852},{"@type":"BreadcrumbList","@id":"https:\/\/www.bbmnoticias.com\/labravaradiofm\/2021\/09\/08\/oaxaca-destino-seguro-para-convenciones-alejandro-murat\/#breadcrumb","itemListElement":[{"@type":"ListItem","position":1,"name":"Inicio","item":"https:\/\/www.bbmnoticias.com\/labravaradiofm\/"},{"@type":"ListItem","position":2,"name":"Oaxaca, punta de lanza en la reactivaci\u00f3n del sector tur\u00edstico nacional"}]},{"@type":"WebSite","@id":"https:\/\/www.bbmnoticias.com\/labravaradiofm\/#website","url":"https:\/\/www.bbmnoticias.com\/labravaradiofm\/","name":"LA BRAVA RADIO","description":"Empresa productora de medios, Radiodifusi\u00f3n, Noticias, tendencias y todo lo que necesitas saber de la pol\u00edtica mexicana e internacional; entretenimiento, espect\u00e1culos, salud y mucho m\u00e1s.","potentialAction":[{"@type":"SearchAction","target":{"@type":"EntryPoint","urlTemplate":"https:\/\/www.bbmnoticias.com\/labravaradiofm\/?s={search_term_string}"},"query-input":{"@type":"PropertyValueSpecification","valueRequired":true,"valueName":"search_term_string"}}],"inLanguage":"es"},{"@type":"Person","@id":"https:\/\/www.bbmnoticias.com\/labravaradiofm\/#\/schema\/person\/68a9e9036ef3c5b55aeb2b71dc8bab45","name":"Staff","image":{"@type":"ImageObject","inLanguage":"es","@id":"https:\/\/secure.gravatar.com\/avatar\/fdd21ad66fd8b98c407f9dee5b5e588cfe7f0d8579ec20fa6527cd59bab7f0f0?s=96&d=mm&r=g","url":"https:\/\/secure.gravatar.com\/avatar\/fdd21ad66fd8b98c407f9dee5b5e588cfe7f0d8579ec20fa6527cd59bab7f0f0?s=96&d=mm&r=g","contentUrl":"https:\/\/secure.gravatar.com\/avatar\/fdd21ad66fd8b98c407f9dee5b5e588cfe7f0d8579ec20fa6527cd59bab7f0f0?s=96&d=mm&r=g","caption":"Staff"},"url":"https:\/\/www.bbmnoticias.com\/labravaradiofm\/author\/redaccion\/"}]}},"_links":{"self":[{"href":"https:\/\/www.bbmnoticias.com\/labravaradiofm\/wp-json\/wp\/v2\/posts\/1427","targetHints":{"allow":["GET"]}}],"collection":[{"href":"https:\/\/www.bbmnoticias.com\/labravaradiofm\/wp-json\/wp\/v2\/posts"}],"about":[{"href":"https:\/\/www.bbmnoticias.com\/labravaradiofm\/wp-json\/wp\/v2\/types\/post"}],"author":[{"embeddable":true,"href":"https:\/\/www.bbmnoticias.com\/labravaradiofm\/wp-json\/wp\/v2\/users\/2"}],"replies":[{"embeddable":true,"href":"https:\/\/www.bbmnoticias.com\/labravaradiofm\/wp-json\/wp\/v2\/comments?post=1427"}],"version-history":[{"count":0,"href":"https:\/\/www.bbmnoticias.com\/labravaradiofm\/wp-json\/wp\/v2\/posts\/1427\/revisions"}],"wp:featuredmedia":[{"embeddable":true,"href":"https:\/\/www.bbmnoticias.com\/labravaradiofm\/wp-json\/wp\/v2\/media\/1428"}],"wp:attachment":[{"href":"https:\/\/www.bbmnoticias.com\/labravaradiofm\/wp-json\/wp\/v2\/media?parent=1427"}],"wp:term":[{"taxonomy":"category","embeddable":true,"href":"https:\/\/www.bbmnoticias.com\/labravaradiofm\/wp-json\/wp\/v2\/categories?post=1427"},{"taxonomy":"post_tag","embeddable":true,"href":"https:\/\/www.bbmnoticias.com\/labravaradiofm\/wp-json\/wp\/v2\/tags?post=1427"}],"curies":[{"name":"wp","href":"https:\/\/api.w.org\/{rel}","templated":true}]}}