{"id":1045,"date":"2021-09-02T09:26:28","date_gmt":"2021-09-02T14:26:28","guid":{"rendered":"https:\/\/www.bbmnoticias.com\/labravaradiofm\/?p=1045"},"modified":"2021-09-02T09:29:20","modified_gmt":"2021-09-02T14:29:20","slug":"se-enfrentan-hombres-armados-y-guardia-nacional-en-reforma-de-pineda","status":"publish","type":"post","link":"https:\/\/www.bbmnoticias.com\/labravaradiofm\/2021\/09\/02\/se-enfrentan-hombres-armados-y-guardia-nacional-en-reforma-de-pineda\/","title":{"rendered":"Se enfrentan hombres armados y Guardia Nacional en Reforma de Pineda"},"content":{"rendered":"<div style=\"margin-top: 0px; margin-bottom: 0px;\" class=\"sharethis-inline-share-buttons\" ><\/div>\n<p><strong>Oaxaca, Oax.- <\/strong>Hombres armados y elementos de la Guardia Nacional se enfrentaron a balazos la noche del mi\u00e9rcoles en calles del municipio de Reforma de Pineda en el Istmo de Tehuantepec.<\/p>\n\n\n\n<p>Los hechos ocurrieron la noche del mi\u00e9rcoles, cuando elementos de la Guardia Nacional hicieron el alto a una camioneta, el cual en lugar de detenerse emprendi\u00f3 la huida por calles de esa localidad.<\/p>\n\n\n\n<p>Los uniformados salieron en persecuci\u00f3n de la unidad, por lo que se inici\u00f3 una balacera en calles de ese municipio.<\/p>\n\n\n\n<figure class=\"wp-block-embed is-type-rich is-provider-twitter wp-block-embed-twitter\"><div class=\"wp-block-embed__wrapper\">\n<blockquote class=\"twitter-tweet\" data-width=\"550\" data-dnt=\"true\"><p lang=\"es\" dir=\"ltr\">As\u00ed fue la balacera en Reforma de Pineda, municipio del Istmo de Tehuantepec, <a href=\"https:\/\/twitter.com\/hashtag\/Oaxaca?src=hash&amp;ref_src=twsrc%5Etfw\">#Oaxaca<\/a>. De manera extraoficial se habla de cuatro personas muertas. <a href=\"https:\/\/twitter.com\/hashtag\/Oaxaca?src=hash&amp;ref_src=twsrc%5Etfw\">#Oaxaca<\/a> <a href=\"https:\/\/twitter.com\/hashtag\/TwitterOax?src=hash&amp;ref_src=twsrc%5Etfw\">#TwitterOax<\/a> <a href=\"https:\/\/twitter.com\/hashtag\/Noticias?src=hash&amp;ref_src=twsrc%5Etfw\">#Noticias<\/a> <a href=\"https:\/\/twitter.com\/hashtag\/LoUltimo?src=hash&amp;ref_src=twsrc%5Etfw\">#LoUltimo<\/a> <a href=\"https:\/\/twitter.com\/hashtag\/Almomento?src=hash&amp;ref_src=twsrc%5Etfw\">#Almomento<\/a> <a href=\"https:\/\/twitter.com\/mac_cazar18?ref_src=twsrc%5Etfw\">@mac_cazar18<\/a> <a href=\"https:\/\/twitter.com\/LagarrapataS22?ref_src=twsrc%5Etfw\">@LagarrapataS22<\/a> <a href=\"https:\/\/twitter.com\/buho_botero?ref_src=twsrc%5Etfw\">@buho_botero<\/a> <a href=\"https:\/\/twitter.com\/jaimeguerrero08?ref_src=twsrc%5Etfw\">@jaimeguerrero08<\/a> <a href=\"https:\/\/twitter.com\/julioastillero?ref_src=twsrc%5Etfw\">@julioastillero<\/a> <a href=\"https:\/\/t.co\/jNkFXnSVJo\">pic.twitter.com\/jNkFXnSVJo<\/a><\/p>&mdash; CuartaPlana Oaxaca (@CuartaPlana) <a href=\"https:\/\/twitter.com\/CuartaPlana\/status\/1433397483753906179?ref_src=twsrc%5Etfw\">September 2, 2021<\/a><\/blockquote><script async src=\"https:\/\/platform.twitter.com\/widgets.js\" charset=\"utf-8\"><\/script>\n<\/div><\/figure>\n\n\n\n<p>De manera extraoficial se hablaba de cuatro personas fallecidas, sin embargo algunas fuentes en el municipio negaron dicha informaci\u00f3n, pues aseguraron que s\u00f3lo se logr\u00f3 la detenci\u00f3n de al menos tres sujetos.<\/p>\n\n\n\n<p>Asimismo, se logr\u00f3 el aseguramiento de un veh\u00edculo, as\u00ed como algunas armas, las cuales quedaron en manos de la Guardia Nacional.<\/p>\n\n\n\n<figure class=\"wp-block-embed is-type-rich is-provider-twitter wp-block-embed-twitter\"><div class=\"wp-block-embed__wrapper\">\n<blockquote class=\"twitter-tweet\" data-width=\"550\" data-dnt=\"true\"><p lang=\"es\" dir=\"ltr\">Reportan un fallecido en Reforma de Pineda  Presuntos delincuentes se enfrentan con <a href=\"https:\/\/twitter.com\/GN_MEXICO_?ref_src=twsrc%5Etfw\">@GN_MEXICO_<\/a>  &gt;inf en proceso <a href=\"https:\/\/twitter.com\/AgenciaSpiaboc?ref_src=twsrc%5Etfw\">@AgenciaSpiaboc<\/a> <a href=\"https:\/\/twitter.com\/OaxacaRegional?ref_src=twsrc%5Etfw\">@OaxacaRegional<\/a> <a href=\"https:\/\/t.co\/rp0nbPmPtN\">pic.twitter.com\/rp0nbPmPtN<\/a><\/p>&mdash; @florydiaz (@florydiazinfo) <a href=\"https:\/\/twitter.com\/florydiazinfo\/status\/1433309092756480000?ref_src=twsrc%5Etfw\">September 2, 2021<\/a><\/blockquote><script async src=\"https:\/\/platform.twitter.com\/widgets.js\" charset=\"utf-8\"><\/script>\n<\/div><\/figure>\n\n\n\n<p>Es de se\u00f1alar que algunos usuarios en redes sociales, lograron captar im\u00e1genes donde se escucha la fuerte balacera registrada.<\/p>\n\n\n\n<p>Se contempla que este caso ser\u00e1 atra\u00eddo por la Fiscal\u00eda General de la Rep\u00fablica, para que se investiguen los hechos.<\/p>\n","protected":false},"excerpt":{"rendered":"<p>Oaxaca, Oax.- Hombres armados y elementos de la Guardia Nacional se enfrentaron a balazos la noche del mi\u00e9rcoles en calles del municipio de Reforma de Pineda en el Istmo de Tehuantepec. Los hechos ocurrieron la noche del mi\u00e9rcoles, cuando elementos de la Guardia Nacional hicieron el alto a una camioneta, el cual en lugar de [&hellip;]<\/p>\n","protected":false},"author":7,"featured_media":1046,"comment_status":"closed","ping_status":"closed","sticky":false,"template":"","format":"standard","meta":{"footnotes":""},"categories":[20],"tags":[],"class_list":{"0":"post-1045","1":"post","2":"type-post","3":"status-publish","4":"format-standard","5":"has-post-thumbnail","7":"category-policiaca"},"yoast_head":"<!-- This site is optimized with the Yoast SEO plugin v27.4 - https:\/\/yoast.com\/product\/yoast-seo-wordpress\/ -->\n<title>Se enfrentan hombres armados y Guardia Nacional en Reforma de Pineda - LA BRAVA RADIO<\/title>\n<meta name=\"robots\" content=\"index, follow, max-snippet:-1, max-image-preview:large, max-video-preview:-1\" \/>\n<link rel=\"canonical\" href=\"https:\/\/www.bbmnoticias.com\/labravaradiofm\/2021\/09\/02\/se-enfrentan-hombres-armados-y-guardia-nacional-en-reforma-de-pineda\/\" \/>\n<meta property=\"og:locale\" content=\"es_MX\" \/>\n<meta property=\"og:type\" content=\"article\" \/>\n<meta property=\"og:title\" content=\"Se enfrentan hombres armados y Guardia Nacional en Reforma de Pineda - LA BRAVA RADIO\" \/>\n<meta property=\"og:description\" content=\"Oaxaca, Oax.- Hombres armados y elementos de la Guardia Nacional se enfrentaron a balazos la noche del mi\u00e9rcoles en calles del municipio de Reforma de Pineda en el Istmo de Tehuantepec. Los hechos ocurrieron la noche del mi\u00e9rcoles, cuando elementos de la Guardia Nacional hicieron el alto a una camioneta, el cual en lugar de [&hellip;]\" \/>\n<meta property=\"og:url\" content=\"https:\/\/www.bbmnoticias.com\/labravaradiofm\/2021\/09\/02\/se-enfrentan-hombres-armados-y-guardia-nacional-en-reforma-de-pineda\/\" \/>\n<meta property=\"og:site_name\" content=\"LA BRAVA RADIO\" \/>\n<meta property=\"article:published_time\" content=\"2021-09-02T14:26:28+00:00\" \/>\n<meta property=\"article:modified_time\" content=\"2021-09-02T14:29:20+00:00\" \/>\n<meta property=\"og:image\" content=\"https:\/\/www.bbmnoticias.com\/labravaradiofm\/wp-content\/uploads\/sites\/5\/2021\/09\/policiaca02092021-1.jpg\" \/>\n\t<meta property=\"og:image:width\" content=\"700\" \/>\n\t<meta property=\"og:image:height\" content=\"442\" \/>\n\t<meta property=\"og:image:type\" content=\"image\/jpeg\" \/>\n<meta name=\"author\" content=\"Cuarta Plana\" \/>\n<meta name=\"twitter:card\" content=\"summary_large_image\" \/>\n<meta name=\"twitter:label1\" content=\"Escrito por\" \/>\n\t<meta name=\"twitter:data1\" content=\"Cuarta Plana\" \/>\n\t<meta name=\"twitter:label2\" content=\"Tiempo de lectura\" \/>\n\t<meta name=\"twitter:data2\" content=\"1 minuto\" \/>\n<script type=\"application\/ld+json\" class=\"yoast-schema-graph\">{\"@context\":\"https:\\\/\\\/schema.org\",\"@graph\":[{\"@type\":\"Article\",\"@id\":\"https:\\\/\\\/www.bbmnoticias.com\\\/labravaradiofm\\\/2021\\\/09\\\/02\\\/se-enfrentan-hombres-armados-y-guardia-nacional-en-reforma-de-pineda\\\/#article\",\"isPartOf\":{\"@id\":\"https:\\\/\\\/www.bbmnoticias.com\\\/labravaradiofm\\\/2021\\\/09\\\/02\\\/se-enfrentan-hombres-armados-y-guardia-nacional-en-reforma-de-pineda\\\/\"},\"author\":{\"name\":\"Cuarta Plana\",\"@id\":\"https:\\\/\\\/www.bbmnoticias.com\\\/labravaradiofm\\\/#\\\/schema\\\/person\\\/7d786f9fa529105f958c4791d75455f1\"},\"headline\":\"Se enfrentan hombres armados y Guardia Nacional en Reforma de Pineda\",\"datePublished\":\"2021-09-02T14:26:28+00:00\",\"dateModified\":\"2021-09-02T14:29:20+00:00\",\"mainEntityOfPage\":{\"@id\":\"https:\\\/\\\/www.bbmnoticias.com\\\/labravaradiofm\\\/2021\\\/09\\\/02\\\/se-enfrentan-hombres-armados-y-guardia-nacional-en-reforma-de-pineda\\\/\"},\"wordCount\":210,\"image\":{\"@id\":\"https:\\\/\\\/www.bbmnoticias.com\\\/labravaradiofm\\\/2021\\\/09\\\/02\\\/se-enfrentan-hombres-armados-y-guardia-nacional-en-reforma-de-pineda\\\/#primaryimage\"},\"thumbnailUrl\":\"https:\\\/\\\/www.bbmnoticias.com\\\/labravaradiofm\\\/wp-content\\\/uploads\\\/sites\\\/5\\\/2021\\\/09\\\/policiaca02092021-1.jpg\",\"articleSection\":[\"POLICIACA\"],\"inLanguage\":\"es\"},{\"@type\":\"WebPage\",\"@id\":\"https:\\\/\\\/www.bbmnoticias.com\\\/labravaradiofm\\\/2021\\\/09\\\/02\\\/se-enfrentan-hombres-armados-y-guardia-nacional-en-reforma-de-pineda\\\/\",\"url\":\"https:\\\/\\\/www.bbmnoticias.com\\\/labravaradiofm\\\/2021\\\/09\\\/02\\\/se-enfrentan-hombres-armados-y-guardia-nacional-en-reforma-de-pineda\\\/\",\"name\":\"Se enfrentan hombres armados y Guardia Nacional en Reforma de Pineda - LA BRAVA RADIO\",\"isPartOf\":{\"@id\":\"https:\\\/\\\/www.bbmnoticias.com\\\/labravaradiofm\\\/#website\"},\"primaryImageOfPage\":{\"@id\":\"https:\\\/\\\/www.bbmnoticias.com\\\/labravaradiofm\\\/2021\\\/09\\\/02\\\/se-enfrentan-hombres-armados-y-guardia-nacional-en-reforma-de-pineda\\\/#primaryimage\"},\"image\":{\"@id\":\"https:\\\/\\\/www.bbmnoticias.com\\\/labravaradiofm\\\/2021\\\/09\\\/02\\\/se-enfrentan-hombres-armados-y-guardia-nacional-en-reforma-de-pineda\\\/#primaryimage\"},\"thumbnailUrl\":\"https:\\\/\\\/www.bbmnoticias.com\\\/labravaradiofm\\\/wp-content\\\/uploads\\\/sites\\\/5\\\/2021\\\/09\\\/policiaca02092021-1.jpg\",\"datePublished\":\"2021-09-02T14:26:28+00:00\",\"dateModified\":\"2021-09-02T14:29:20+00:00\",\"author\":{\"@id\":\"https:\\\/\\\/www.bbmnoticias.com\\\/labravaradiofm\\\/#\\\/schema\\\/person\\\/7d786f9fa529105f958c4791d75455f1\"},\"breadcrumb\":{\"@id\":\"https:\\\/\\\/www.bbmnoticias.com\\\/labravaradiofm\\\/2021\\\/09\\\/02\\\/se-enfrentan-hombres-armados-y-guardia-nacional-en-reforma-de-pineda\\\/#breadcrumb\"},\"inLanguage\":\"es\",\"potentialAction\":[{\"@type\":\"ReadAction\",\"target\":[\"https:\\\/\\\/www.bbmnoticias.com\\\/labravaradiofm\\\/2021\\\/09\\\/02\\\/se-enfrentan-hombres-armados-y-guardia-nacional-en-reforma-de-pineda\\\/\"]}]},{\"@type\":\"ImageObject\",\"inLanguage\":\"es\",\"@id\":\"https:\\\/\\\/www.bbmnoticias.com\\\/labravaradiofm\\\/2021\\\/09\\\/02\\\/se-enfrentan-hombres-armados-y-guardia-nacional-en-reforma-de-pineda\\\/#primaryimage\",\"url\":\"https:\\\/\\\/www.bbmnoticias.com\\\/labravaradiofm\\\/wp-content\\\/uploads\\\/sites\\\/5\\\/2021\\\/09\\\/policiaca02092021-1.jpg\",\"contentUrl\":\"https:\\\/\\\/www.bbmnoticias.com\\\/labravaradiofm\\\/wp-content\\\/uploads\\\/sites\\\/5\\\/2021\\\/09\\\/policiaca02092021-1.jpg\",\"width\":700,\"height\":442},{\"@type\":\"BreadcrumbList\",\"@id\":\"https:\\\/\\\/www.bbmnoticias.com\\\/labravaradiofm\\\/2021\\\/09\\\/02\\\/se-enfrentan-hombres-armados-y-guardia-nacional-en-reforma-de-pineda\\\/#breadcrumb\",\"itemListElement\":[{\"@type\":\"ListItem\",\"position\":1,\"name\":\"Inicio\",\"item\":\"https:\\\/\\\/www.bbmnoticias.com\\\/labravaradiofm\\\/\"},{\"@type\":\"ListItem\",\"position\":2,\"name\":\"Se enfrentan hombres armados y Guardia Nacional en Reforma de Pineda\"}]},{\"@type\":\"WebSite\",\"@id\":\"https:\\\/\\\/www.bbmnoticias.com\\\/labravaradiofm\\\/#website\",\"url\":\"https:\\\/\\\/www.bbmnoticias.com\\\/labravaradiofm\\\/\",\"name\":\"LA BRAVA RADIO\",\"description\":\"Empresa productora de medios, Radiodifusi\u00f3n, Noticias, tendencias y todo lo que necesitas saber de la pol\u00edtica mexicana e internacional; entretenimiento, espect\u00e1culos, salud y mucho m\u00e1s.\",\"potentialAction\":[{\"@type\":\"SearchAction\",\"target\":{\"@type\":\"EntryPoint\",\"urlTemplate\":\"https:\\\/\\\/www.bbmnoticias.com\\\/labravaradiofm\\\/?s={search_term_string}\"},\"query-input\":{\"@type\":\"PropertyValueSpecification\",\"valueRequired\":true,\"valueName\":\"search_term_string\"}}],\"inLanguage\":\"es\"},{\"@type\":\"Person\",\"@id\":\"https:\\\/\\\/www.bbmnoticias.com\\\/labravaradiofm\\\/#\\\/schema\\\/person\\\/7d786f9fa529105f958c4791d75455f1\",\"name\":\"Cuarta Plana\",\"image\":{\"@type\":\"ImageObject\",\"inLanguage\":\"es\",\"@id\":\"https:\\\/\\\/secure.gravatar.com\\\/avatar\\\/569aeac3582b4864a79ffcd8468ada657f9c0cbf68c06542116f60dfa8c3c2d7?s=96&d=mm&r=g\",\"url\":\"https:\\\/\\\/secure.gravatar.com\\\/avatar\\\/569aeac3582b4864a79ffcd8468ada657f9c0cbf68c06542116f60dfa8c3c2d7?s=96&d=mm&r=g\",\"contentUrl\":\"https:\\\/\\\/secure.gravatar.com\\\/avatar\\\/569aeac3582b4864a79ffcd8468ada657f9c0cbf68c06542116f60dfa8c3c2d7?s=96&d=mm&r=g\",\"caption\":\"Cuarta Plana\"},\"url\":\"https:\\\/\\\/www.bbmnoticias.com\\\/labravaradiofm\\\/author\\\/cuartaplana\\\/\"}]}<\/script>\n<!-- \/ Yoast SEO plugin. -->","yoast_head_json":{"title":"Se enfrentan hombres armados y Guardia Nacional en Reforma de Pineda - LA BRAVA RADIO","robots":{"index":"index","follow":"follow","max-snippet":"max-snippet:-1","max-image-preview":"max-image-preview:large","max-video-preview":"max-video-preview:-1"},"canonical":"https:\/\/www.bbmnoticias.com\/labravaradiofm\/2021\/09\/02\/se-enfrentan-hombres-armados-y-guardia-nacional-en-reforma-de-pineda\/","og_locale":"es_MX","og_type":"article","og_title":"Se enfrentan hombres armados y Guardia Nacional en Reforma de Pineda - LA BRAVA RADIO","og_description":"Oaxaca, Oax.- Hombres armados y elementos de la Guardia Nacional se enfrentaron a balazos la noche del mi\u00e9rcoles en calles del municipio de Reforma de Pineda en el Istmo de Tehuantepec. Los hechos ocurrieron la noche del mi\u00e9rcoles, cuando elementos de la Guardia Nacional hicieron el alto a una camioneta, el cual en lugar de [&hellip;]","og_url":"https:\/\/www.bbmnoticias.com\/labravaradiofm\/2021\/09\/02\/se-enfrentan-hombres-armados-y-guardia-nacional-en-reforma-de-pineda\/","og_site_name":"LA BRAVA RADIO","article_published_time":"2021-09-02T14:26:28+00:00","article_modified_time":"2021-09-02T14:29:20+00:00","og_image":[{"width":700,"height":442,"url":"https:\/\/www.bbmnoticias.com\/labravaradiofm\/wp-content\/uploads\/sites\/5\/2021\/09\/policiaca02092021-1.jpg","type":"image\/jpeg"}],"author":"Cuarta Plana","twitter_card":"summary_large_image","twitter_misc":{"Escrito por":"Cuarta Plana","Tiempo de lectura":"1 minuto"},"schema":{"@context":"https:\/\/schema.org","@graph":[{"@type":"Article","@id":"https:\/\/www.bbmnoticias.com\/labravaradiofm\/2021\/09\/02\/se-enfrentan-hombres-armados-y-guardia-nacional-en-reforma-de-pineda\/#article","isPartOf":{"@id":"https:\/\/www.bbmnoticias.com\/labravaradiofm\/2021\/09\/02\/se-enfrentan-hombres-armados-y-guardia-nacional-en-reforma-de-pineda\/"},"author":{"name":"Cuarta Plana","@id":"https:\/\/www.bbmnoticias.com\/labravaradiofm\/#\/schema\/person\/7d786f9fa529105f958c4791d75455f1"},"headline":"Se enfrentan hombres armados y Guardia Nacional en Reforma de Pineda","datePublished":"2021-09-02T14:26:28+00:00","dateModified":"2021-09-02T14:29:20+00:00","mainEntityOfPage":{"@id":"https:\/\/www.bbmnoticias.com\/labravaradiofm\/2021\/09\/02\/se-enfrentan-hombres-armados-y-guardia-nacional-en-reforma-de-pineda\/"},"wordCount":210,"image":{"@id":"https:\/\/www.bbmnoticias.com\/labravaradiofm\/2021\/09\/02\/se-enfrentan-hombres-armados-y-guardia-nacional-en-reforma-de-pineda\/#primaryimage"},"thumbnailUrl":"https:\/\/www.bbmnoticias.com\/labravaradiofm\/wp-content\/uploads\/sites\/5\/2021\/09\/policiaca02092021-1.jpg","articleSection":["POLICIACA"],"inLanguage":"es"},{"@type":"WebPage","@id":"https:\/\/www.bbmnoticias.com\/labravaradiofm\/2021\/09\/02\/se-enfrentan-hombres-armados-y-guardia-nacional-en-reforma-de-pineda\/","url":"https:\/\/www.bbmnoticias.com\/labravaradiofm\/2021\/09\/02\/se-enfrentan-hombres-armados-y-guardia-nacional-en-reforma-de-pineda\/","name":"Se enfrentan hombres armados y Guardia Nacional en Reforma de Pineda - LA BRAVA RADIO","isPartOf":{"@id":"https:\/\/www.bbmnoticias.com\/labravaradiofm\/#website"},"primaryImageOfPage":{"@id":"https:\/\/www.bbmnoticias.com\/labravaradiofm\/2021\/09\/02\/se-enfrentan-hombres-armados-y-guardia-nacional-en-reforma-de-pineda\/#primaryimage"},"image":{"@id":"https:\/\/www.bbmnoticias.com\/labravaradiofm\/2021\/09\/02\/se-enfrentan-hombres-armados-y-guardia-nacional-en-reforma-de-pineda\/#primaryimage"},"thumbnailUrl":"https:\/\/www.bbmnoticias.com\/labravaradiofm\/wp-content\/uploads\/sites\/5\/2021\/09\/policiaca02092021-1.jpg","datePublished":"2021-09-02T14:26:28+00:00","dateModified":"2021-09-02T14:29:20+00:00","author":{"@id":"https:\/\/www.bbmnoticias.com\/labravaradiofm\/#\/schema\/person\/7d786f9fa529105f958c4791d75455f1"},"breadcrumb":{"@id":"https:\/\/www.bbmnoticias.com\/labravaradiofm\/2021\/09\/02\/se-enfrentan-hombres-armados-y-guardia-nacional-en-reforma-de-pineda\/#breadcrumb"},"inLanguage":"es","potentialAction":[{"@type":"ReadAction","target":["https:\/\/www.bbmnoticias.com\/labravaradiofm\/2021\/09\/02\/se-enfrentan-hombres-armados-y-guardia-nacional-en-reforma-de-pineda\/"]}]},{"@type":"ImageObject","inLanguage":"es","@id":"https:\/\/www.bbmnoticias.com\/labravaradiofm\/2021\/09\/02\/se-enfrentan-hombres-armados-y-guardia-nacional-en-reforma-de-pineda\/#primaryimage","url":"https:\/\/www.bbmnoticias.com\/labravaradiofm\/wp-content\/uploads\/sites\/5\/2021\/09\/policiaca02092021-1.jpg","contentUrl":"https:\/\/www.bbmnoticias.com\/labravaradiofm\/wp-content\/uploads\/sites\/5\/2021\/09\/policiaca02092021-1.jpg","width":700,"height":442},{"@type":"BreadcrumbList","@id":"https:\/\/www.bbmnoticias.com\/labravaradiofm\/2021\/09\/02\/se-enfrentan-hombres-armados-y-guardia-nacional-en-reforma-de-pineda\/#breadcrumb","itemListElement":[{"@type":"ListItem","position":1,"name":"Inicio","item":"https:\/\/www.bbmnoticias.com\/labravaradiofm\/"},{"@type":"ListItem","position":2,"name":"Se enfrentan hombres armados y Guardia Nacional en Reforma de Pineda"}]},{"@type":"WebSite","@id":"https:\/\/www.bbmnoticias.com\/labravaradiofm\/#website","url":"https:\/\/www.bbmnoticias.com\/labravaradiofm\/","name":"LA BRAVA RADIO","description":"Empresa productora de medios, Radiodifusi\u00f3n, Noticias, tendencias y todo lo que necesitas saber de la pol\u00edtica mexicana e internacional; entretenimiento, espect\u00e1culos, salud y mucho m\u00e1s.","potentialAction":[{"@type":"SearchAction","target":{"@type":"EntryPoint","urlTemplate":"https:\/\/www.bbmnoticias.com\/labravaradiofm\/?s={search_term_string}"},"query-input":{"@type":"PropertyValueSpecification","valueRequired":true,"valueName":"search_term_string"}}],"inLanguage":"es"},{"@type":"Person","@id":"https:\/\/www.bbmnoticias.com\/labravaradiofm\/#\/schema\/person\/7d786f9fa529105f958c4791d75455f1","name":"Cuarta Plana","image":{"@type":"ImageObject","inLanguage":"es","@id":"https:\/\/secure.gravatar.com\/avatar\/569aeac3582b4864a79ffcd8468ada657f9c0cbf68c06542116f60dfa8c3c2d7?s=96&d=mm&r=g","url":"https:\/\/secure.gravatar.com\/avatar\/569aeac3582b4864a79ffcd8468ada657f9c0cbf68c06542116f60dfa8c3c2d7?s=96&d=mm&r=g","contentUrl":"https:\/\/secure.gravatar.com\/avatar\/569aeac3582b4864a79ffcd8468ada657f9c0cbf68c06542116f60dfa8c3c2d7?s=96&d=mm&r=g","caption":"Cuarta Plana"},"url":"https:\/\/www.bbmnoticias.com\/labravaradiofm\/author\/cuartaplana\/"}]}},"_links":{"self":[{"href":"https:\/\/www.bbmnoticias.com\/labravaradiofm\/wp-json\/wp\/v2\/posts\/1045","targetHints":{"allow":["GET"]}}],"collection":[{"href":"https:\/\/www.bbmnoticias.com\/labravaradiofm\/wp-json\/wp\/v2\/posts"}],"about":[{"href":"https:\/\/www.bbmnoticias.com\/labravaradiofm\/wp-json\/wp\/v2\/types\/post"}],"author":[{"embeddable":true,"href":"https:\/\/www.bbmnoticias.com\/labravaradiofm\/wp-json\/wp\/v2\/users\/7"}],"replies":[{"embeddable":true,"href":"https:\/\/www.bbmnoticias.com\/labravaradiofm\/wp-json\/wp\/v2\/comments?post=1045"}],"version-history":[{"count":0,"href":"https:\/\/www.bbmnoticias.com\/labravaradiofm\/wp-json\/wp\/v2\/posts\/1045\/revisions"}],"wp:featuredmedia":[{"embeddable":true,"href":"https:\/\/www.bbmnoticias.com\/labravaradiofm\/wp-json\/wp\/v2\/media\/1046"}],"wp:attachment":[{"href":"https:\/\/www.bbmnoticias.com\/labravaradiofm\/wp-json\/wp\/v2\/media?parent=1045"}],"wp:term":[{"taxonomy":"category","embeddable":true,"href":"https:\/\/www.bbmnoticias.com\/labravaradiofm\/wp-json\/wp\/v2\/categories?post=1045"},{"taxonomy":"post_tag","embeddable":true,"href":"https:\/\/www.bbmnoticias.com\/labravaradiofm\/wp-json\/wp\/v2\/tags?post=1045"}],"curies":[{"name":"wp","href":"https:\/\/api.w.org\/{rel}","templated":true}]}}