{"id":1011,"date":"2021-08-31T16:27:21","date_gmt":"2021-08-31T21:27:21","guid":{"rendered":"https:\/\/www.bbmnoticias.com\/labravaradiofm\/?p=1011"},"modified":"2021-08-31T16:27:23","modified_gmt":"2021-08-31T21:27:23","slug":"capacitaciones-y-herramientas-tecnologicas-para-facilitar-la-presentacion-de-ley-de-la-declaracion-patrimonial","status":"publish","type":"post","link":"https:\/\/www.bbmnoticias.com\/labravaradiofm\/2021\/08\/31\/capacitaciones-y-herramientas-tecnologicas-para-facilitar-la-presentacion-de-ley-de-la-declaracion-patrimonial\/","title":{"rendered":"Capacitaciones y herramientas tecnol\u00f3gicas para facilitar la presentaci\u00f3n de ley de la declaraci\u00f3n patrimonial"},"content":{"rendered":"<div style=\"margin-top: 0px; margin-bottom: 0px;\" class=\"sharethis-inline-share-buttons\" ><\/div>\n<p>La Secretar\u00eda de la Contralor\u00eda y Transparencia Gubernamental del Estado mantiene el exhorto a todas las funcionarias y funcionarios p\u00fablicos del Gobierno Estatal para realizar la presentaci\u00f3n de su declaraci\u00f3n patrimonial, y les recuerda que es septiembre el \u00faltimo mes marcado para este procedimiento, de lo contrario sobrevendr\u00e1n amonestaciones y en su caso, sanciones.<\/p>\n\n\n\n<p>Por lo que esta semana, se desarrolla una nueva jornada de capacitaci\u00f3n a Delegados Sindicales del Sindicato de Trabajadores de los Poderes del Estado e Instituciones Descentralizadas de Car\u00e1cter Estatal de Oaxaca, para que estos a su vez repliquen la informaci\u00f3n entre sus agremiados, asimimo, se han hecho transmisiones en l\u00ednea para involucrar e informar detalles a las y los interesados.<\/p>\n\n\n\n<p>El taller \u201cPresentaci\u00f3n de Declaraciones Patrimoniales y de Intereses en el nuevo formato aprobado por el Comit\u00e9 Coordinador del Sistema Nacional Anticorrupci\u00f3n\u201d, se llev\u00f3 a cabo en el Auditorio del Sindicato de Trabajadores de los Poderes del Estado e Instituciones Descentralizadas de Car\u00e1cter Estatal de Oaxaca, en el Fraccionamiento Villa de Antequera Oaxaca, asistieron un total de 38 personas, entre directivos y Delegados.<\/p>\n\n\n\n<p>La Contralor\u00eda tiene programadas un total 10 sesiones de capacitaci\u00f3n que se impartir\u00e1n en un lapso de cuatro horas y media diarias, del 30 de agosto al 10 de septiembre del presente, en las cuales se contempla capacitar a aproximadamente 250 delegados sindicales.<\/p>\n\n\n\n<p>Cabe se\u00f1lar, que a partir del pasado 17 de agosto, la Secretar\u00eda de la Contralor\u00eda de Oaxaca puso a disposici\u00f3n, nuevas herramientas tecnol\u00f3gicas disponibles las 24 horas para asesor\u00eda y acompa\u00f1amiento en la presentaci\u00f3n de la declaraci\u00f3n patrimonial y de intereses como Mensajer\u00eda instant\u00e1nea a trav\u00e9s de SMS enviando un mensaje de texto al 951 431 4648.<\/p>\n\n\n\n<p>As\u00ed como mensajer\u00eda instant\u00e1nea a trav\u00e9s de la aplicaci\u00f3n Whats App al 951 611 6047 donde podr\u00e1n enviar y recibir mensajes mediante internet; Asistencia robotizada a trav\u00e9s del bot \u201cAsistente Contralor\u201d, disponible en la p\u00e1gina de esta Secretar\u00eda en el v\u00ednculo <strong>https:\/\/dp.contraloria.oaxaca.gob.mx\/e-declaraoaxaca\/public\/index.php<\/strong> que utiliza inteligencia artificial para ayudar a responder las dudas o preguntas frecuentes.<\/p>\n\n\n\n<p>As\u00ed tambi\u00e9n, est\u00e1 a disposici\u00f3n el Centro de Atenci\u00f3n Telef\u00f3nica para responder o aclarar dudas por medio de asesores, solo debe llamar al 951 625 0505, este centro de atenci\u00f3n le atender\u00e1 de lunes a viernes de 8:00 a 20:00 horas.<\/p>\n","protected":false},"excerpt":{"rendered":"<p>La Secretar\u00eda de la Contralor\u00eda y Transparencia Gubernamental del Estado mantiene el exhorto a todas las funcionarias y funcionarios p\u00fablicos del Gobierno Estatal para realizar la presentaci\u00f3n de su declaraci\u00f3n patrimonial, y les recuerda que es septiembre el \u00faltimo mes marcado para este procedimiento, de lo contrario sobrevendr\u00e1n amonestaciones y en su caso, sanciones. Por [&hellip;]<\/p>\n","protected":false},"author":2,"featured_media":1012,"comment_status":"closed","ping_status":"closed","sticky":false,"template":"","format":"standard","meta":{"footnotes":""},"categories":[2],"tags":[],"class_list":{"0":"post-1011","1":"post","2":"type-post","3":"status-publish","4":"format-standard","5":"has-post-thumbnail","7":"category-oaxaca"},"yoast_head":"<!-- This site is optimized with the Yoast SEO plugin v27.4 - https:\/\/yoast.com\/product\/yoast-seo-wordpress\/ -->\n<title>Capacitaciones y herramientas tecnol\u00f3gicas para facilitar la presentaci\u00f3n de ley de la declaraci\u00f3n patrimonial - LA BRAVA RADIO<\/title>\n<meta name=\"robots\" content=\"index, follow, max-snippet:-1, max-image-preview:large, max-video-preview:-1\" \/>\n<link rel=\"canonical\" href=\"https:\/\/www.bbmnoticias.com\/labravaradiofm\/2021\/08\/31\/capacitaciones-y-herramientas-tecnologicas-para-facilitar-la-presentacion-de-ley-de-la-declaracion-patrimonial\/\" \/>\n<meta property=\"og:locale\" content=\"es_MX\" \/>\n<meta property=\"og:type\" content=\"article\" \/>\n<meta property=\"og:title\" content=\"Capacitaciones y herramientas tecnol\u00f3gicas para facilitar la presentaci\u00f3n de ley de la declaraci\u00f3n patrimonial - LA BRAVA RADIO\" \/>\n<meta property=\"og:description\" content=\"La Secretar\u00eda de la Contralor\u00eda y Transparencia Gubernamental del Estado mantiene el exhorto a todas las funcionarias y funcionarios p\u00fablicos del Gobierno Estatal para realizar la presentaci\u00f3n de su declaraci\u00f3n patrimonial, y les recuerda que es septiembre el \u00faltimo mes marcado para este procedimiento, de lo contrario sobrevendr\u00e1n amonestaciones y en su caso, sanciones. Por [&hellip;]\" \/>\n<meta property=\"og:url\" content=\"https:\/\/www.bbmnoticias.com\/labravaradiofm\/2021\/08\/31\/capacitaciones-y-herramientas-tecnologicas-para-facilitar-la-presentacion-de-ley-de-la-declaracion-patrimonial\/\" \/>\n<meta property=\"og:site_name\" content=\"LA BRAVA RADIO\" \/>\n<meta property=\"article:published_time\" content=\"2021-08-31T21:27:21+00:00\" \/>\n<meta property=\"article:modified_time\" content=\"2021-08-31T21:27:23+00:00\" \/>\n<meta property=\"og:image\" content=\"https:\/\/www.bbmnoticias.com\/labravaradiofm\/wp-content\/uploads\/sites\/5\/2021\/08\/local6.30.08.21.jpg\" \/>\n\t<meta property=\"og:image:width\" content=\"1280\" \/>\n\t<meta property=\"og:image:height\" content=\"853\" \/>\n\t<meta property=\"og:image:type\" content=\"image\/jpeg\" \/>\n<meta name=\"author\" content=\"Staff\" \/>\n<meta name=\"twitter:card\" content=\"summary_large_image\" \/>\n<meta name=\"twitter:label1\" content=\"Escrito por\" \/>\n\t<meta name=\"twitter:data1\" content=\"Staff\" \/>\n\t<meta name=\"twitter:label2\" content=\"Tiempo de lectura\" \/>\n\t<meta name=\"twitter:data2\" content=\"2 minutos\" \/>\n<script type=\"application\/ld+json\" class=\"yoast-schema-graph\">{\"@context\":\"https:\\\/\\\/schema.org\",\"@graph\":[{\"@type\":\"Article\",\"@id\":\"https:\\\/\\\/www.bbmnoticias.com\\\/labravaradiofm\\\/2021\\\/08\\\/31\\\/capacitaciones-y-herramientas-tecnologicas-para-facilitar-la-presentacion-de-ley-de-la-declaracion-patrimonial\\\/#article\",\"isPartOf\":{\"@id\":\"https:\\\/\\\/www.bbmnoticias.com\\\/labravaradiofm\\\/2021\\\/08\\\/31\\\/capacitaciones-y-herramientas-tecnologicas-para-facilitar-la-presentacion-de-ley-de-la-declaracion-patrimonial\\\/\"},\"author\":{\"name\":\"Staff\",\"@id\":\"https:\\\/\\\/www.bbmnoticias.com\\\/labravaradiofm\\\/#\\\/schema\\\/person\\\/68a9e9036ef3c5b55aeb2b71dc8bab45\"},\"headline\":\"Capacitaciones y herramientas tecnol\u00f3gicas para facilitar la presentaci\u00f3n de ley de la declaraci\u00f3n patrimonial\",\"datePublished\":\"2021-08-31T21:27:21+00:00\",\"dateModified\":\"2021-08-31T21:27:23+00:00\",\"mainEntityOfPage\":{\"@id\":\"https:\\\/\\\/www.bbmnoticias.com\\\/labravaradiofm\\\/2021\\\/08\\\/31\\\/capacitaciones-y-herramientas-tecnologicas-para-facilitar-la-presentacion-de-ley-de-la-declaracion-patrimonial\\\/\"},\"wordCount\":424,\"image\":{\"@id\":\"https:\\\/\\\/www.bbmnoticias.com\\\/labravaradiofm\\\/2021\\\/08\\\/31\\\/capacitaciones-y-herramientas-tecnologicas-para-facilitar-la-presentacion-de-ley-de-la-declaracion-patrimonial\\\/#primaryimage\"},\"thumbnailUrl\":\"https:\\\/\\\/www.bbmnoticias.com\\\/labravaradiofm\\\/wp-content\\\/uploads\\\/sites\\\/5\\\/2021\\\/08\\\/local6.30.08.21.jpg\",\"articleSection\":[\"LOCAL\"],\"inLanguage\":\"es\"},{\"@type\":\"WebPage\",\"@id\":\"https:\\\/\\\/www.bbmnoticias.com\\\/labravaradiofm\\\/2021\\\/08\\\/31\\\/capacitaciones-y-herramientas-tecnologicas-para-facilitar-la-presentacion-de-ley-de-la-declaracion-patrimonial\\\/\",\"url\":\"https:\\\/\\\/www.bbmnoticias.com\\\/labravaradiofm\\\/2021\\\/08\\\/31\\\/capacitaciones-y-herramientas-tecnologicas-para-facilitar-la-presentacion-de-ley-de-la-declaracion-patrimonial\\\/\",\"name\":\"Capacitaciones y herramientas tecnol\u00f3gicas para facilitar la presentaci\u00f3n de ley de la declaraci\u00f3n patrimonial - LA BRAVA RADIO\",\"isPartOf\":{\"@id\":\"https:\\\/\\\/www.bbmnoticias.com\\\/labravaradiofm\\\/#website\"},\"primaryImageOfPage\":{\"@id\":\"https:\\\/\\\/www.bbmnoticias.com\\\/labravaradiofm\\\/2021\\\/08\\\/31\\\/capacitaciones-y-herramientas-tecnologicas-para-facilitar-la-presentacion-de-ley-de-la-declaracion-patrimonial\\\/#primaryimage\"},\"image\":{\"@id\":\"https:\\\/\\\/www.bbmnoticias.com\\\/labravaradiofm\\\/2021\\\/08\\\/31\\\/capacitaciones-y-herramientas-tecnologicas-para-facilitar-la-presentacion-de-ley-de-la-declaracion-patrimonial\\\/#primaryimage\"},\"thumbnailUrl\":\"https:\\\/\\\/www.bbmnoticias.com\\\/labravaradiofm\\\/wp-content\\\/uploads\\\/sites\\\/5\\\/2021\\\/08\\\/local6.30.08.21.jpg\",\"datePublished\":\"2021-08-31T21:27:21+00:00\",\"dateModified\":\"2021-08-31T21:27:23+00:00\",\"author\":{\"@id\":\"https:\\\/\\\/www.bbmnoticias.com\\\/labravaradiofm\\\/#\\\/schema\\\/person\\\/68a9e9036ef3c5b55aeb2b71dc8bab45\"},\"breadcrumb\":{\"@id\":\"https:\\\/\\\/www.bbmnoticias.com\\\/labravaradiofm\\\/2021\\\/08\\\/31\\\/capacitaciones-y-herramientas-tecnologicas-para-facilitar-la-presentacion-de-ley-de-la-declaracion-patrimonial\\\/#breadcrumb\"},\"inLanguage\":\"es\",\"potentialAction\":[{\"@type\":\"ReadAction\",\"target\":[\"https:\\\/\\\/www.bbmnoticias.com\\\/labravaradiofm\\\/2021\\\/08\\\/31\\\/capacitaciones-y-herramientas-tecnologicas-para-facilitar-la-presentacion-de-ley-de-la-declaracion-patrimonial\\\/\"]}]},{\"@type\":\"ImageObject\",\"inLanguage\":\"es\",\"@id\":\"https:\\\/\\\/www.bbmnoticias.com\\\/labravaradiofm\\\/2021\\\/08\\\/31\\\/capacitaciones-y-herramientas-tecnologicas-para-facilitar-la-presentacion-de-ley-de-la-declaracion-patrimonial\\\/#primaryimage\",\"url\":\"https:\\\/\\\/www.bbmnoticias.com\\\/labravaradiofm\\\/wp-content\\\/uploads\\\/sites\\\/5\\\/2021\\\/08\\\/local6.30.08.21.jpg\",\"contentUrl\":\"https:\\\/\\\/www.bbmnoticias.com\\\/labravaradiofm\\\/wp-content\\\/uploads\\\/sites\\\/5\\\/2021\\\/08\\\/local6.30.08.21.jpg\",\"width\":1280,\"height\":853},{\"@type\":\"BreadcrumbList\",\"@id\":\"https:\\\/\\\/www.bbmnoticias.com\\\/labravaradiofm\\\/2021\\\/08\\\/31\\\/capacitaciones-y-herramientas-tecnologicas-para-facilitar-la-presentacion-de-ley-de-la-declaracion-patrimonial\\\/#breadcrumb\",\"itemListElement\":[{\"@type\":\"ListItem\",\"position\":1,\"name\":\"Inicio\",\"item\":\"https:\\\/\\\/www.bbmnoticias.com\\\/labravaradiofm\\\/\"},{\"@type\":\"ListItem\",\"position\":2,\"name\":\"Capacitaciones y herramientas tecnol\u00f3gicas para facilitar la presentaci\u00f3n de ley de la declaraci\u00f3n patrimonial\"}]},{\"@type\":\"WebSite\",\"@id\":\"https:\\\/\\\/www.bbmnoticias.com\\\/labravaradiofm\\\/#website\",\"url\":\"https:\\\/\\\/www.bbmnoticias.com\\\/labravaradiofm\\\/\",\"name\":\"LA BRAVA RADIO\",\"description\":\"Empresa productora de medios, Radiodifusi\u00f3n, Noticias, tendencias y todo lo que necesitas saber de la pol\u00edtica mexicana e internacional; entretenimiento, espect\u00e1culos, salud y mucho m\u00e1s.\",\"potentialAction\":[{\"@type\":\"SearchAction\",\"target\":{\"@type\":\"EntryPoint\",\"urlTemplate\":\"https:\\\/\\\/www.bbmnoticias.com\\\/labravaradiofm\\\/?s={search_term_string}\"},\"query-input\":{\"@type\":\"PropertyValueSpecification\",\"valueRequired\":true,\"valueName\":\"search_term_string\"}}],\"inLanguage\":\"es\"},{\"@type\":\"Person\",\"@id\":\"https:\\\/\\\/www.bbmnoticias.com\\\/labravaradiofm\\\/#\\\/schema\\\/person\\\/68a9e9036ef3c5b55aeb2b71dc8bab45\",\"name\":\"Staff\",\"image\":{\"@type\":\"ImageObject\",\"inLanguage\":\"es\",\"@id\":\"https:\\\/\\\/secure.gravatar.com\\\/avatar\\\/fdd21ad66fd8b98c407f9dee5b5e588cfe7f0d8579ec20fa6527cd59bab7f0f0?s=96&d=mm&r=g\",\"url\":\"https:\\\/\\\/secure.gravatar.com\\\/avatar\\\/fdd21ad66fd8b98c407f9dee5b5e588cfe7f0d8579ec20fa6527cd59bab7f0f0?s=96&d=mm&r=g\",\"contentUrl\":\"https:\\\/\\\/secure.gravatar.com\\\/avatar\\\/fdd21ad66fd8b98c407f9dee5b5e588cfe7f0d8579ec20fa6527cd59bab7f0f0?s=96&d=mm&r=g\",\"caption\":\"Staff\"},\"url\":\"https:\\\/\\\/www.bbmnoticias.com\\\/labravaradiofm\\\/author\\\/redaccion\\\/\"}]}<\/script>\n<!-- \/ Yoast SEO plugin. -->","yoast_head_json":{"title":"Capacitaciones y herramientas tecnol\u00f3gicas para facilitar la presentaci\u00f3n de ley de la declaraci\u00f3n patrimonial - LA BRAVA RADIO","robots":{"index":"index","follow":"follow","max-snippet":"max-snippet:-1","max-image-preview":"max-image-preview:large","max-video-preview":"max-video-preview:-1"},"canonical":"https:\/\/www.bbmnoticias.com\/labravaradiofm\/2021\/08\/31\/capacitaciones-y-herramientas-tecnologicas-para-facilitar-la-presentacion-de-ley-de-la-declaracion-patrimonial\/","og_locale":"es_MX","og_type":"article","og_title":"Capacitaciones y herramientas tecnol\u00f3gicas para facilitar la presentaci\u00f3n de ley de la declaraci\u00f3n patrimonial - LA BRAVA RADIO","og_description":"La Secretar\u00eda de la Contralor\u00eda y Transparencia Gubernamental del Estado mantiene el exhorto a todas las funcionarias y funcionarios p\u00fablicos del Gobierno Estatal para realizar la presentaci\u00f3n de su declaraci\u00f3n patrimonial, y les recuerda que es septiembre el \u00faltimo mes marcado para este procedimiento, de lo contrario sobrevendr\u00e1n amonestaciones y en su caso, sanciones. Por [&hellip;]","og_url":"https:\/\/www.bbmnoticias.com\/labravaradiofm\/2021\/08\/31\/capacitaciones-y-herramientas-tecnologicas-para-facilitar-la-presentacion-de-ley-de-la-declaracion-patrimonial\/","og_site_name":"LA BRAVA RADIO","article_published_time":"2021-08-31T21:27:21+00:00","article_modified_time":"2021-08-31T21:27:23+00:00","og_image":[{"width":1280,"height":853,"url":"https:\/\/www.bbmnoticias.com\/labravaradiofm\/wp-content\/uploads\/sites\/5\/2021\/08\/local6.30.08.21.jpg","type":"image\/jpeg"}],"author":"Staff","twitter_card":"summary_large_image","twitter_misc":{"Escrito por":"Staff","Tiempo de lectura":"2 minutos"},"schema":{"@context":"https:\/\/schema.org","@graph":[{"@type":"Article","@id":"https:\/\/www.bbmnoticias.com\/labravaradiofm\/2021\/08\/31\/capacitaciones-y-herramientas-tecnologicas-para-facilitar-la-presentacion-de-ley-de-la-declaracion-patrimonial\/#article","isPartOf":{"@id":"https:\/\/www.bbmnoticias.com\/labravaradiofm\/2021\/08\/31\/capacitaciones-y-herramientas-tecnologicas-para-facilitar-la-presentacion-de-ley-de-la-declaracion-patrimonial\/"},"author":{"name":"Staff","@id":"https:\/\/www.bbmnoticias.com\/labravaradiofm\/#\/schema\/person\/68a9e9036ef3c5b55aeb2b71dc8bab45"},"headline":"Capacitaciones y herramientas tecnol\u00f3gicas para facilitar la presentaci\u00f3n de ley de la declaraci\u00f3n patrimonial","datePublished":"2021-08-31T21:27:21+00:00","dateModified":"2021-08-31T21:27:23+00:00","mainEntityOfPage":{"@id":"https:\/\/www.bbmnoticias.com\/labravaradiofm\/2021\/08\/31\/capacitaciones-y-herramientas-tecnologicas-para-facilitar-la-presentacion-de-ley-de-la-declaracion-patrimonial\/"},"wordCount":424,"image":{"@id":"https:\/\/www.bbmnoticias.com\/labravaradiofm\/2021\/08\/31\/capacitaciones-y-herramientas-tecnologicas-para-facilitar-la-presentacion-de-ley-de-la-declaracion-patrimonial\/#primaryimage"},"thumbnailUrl":"https:\/\/www.bbmnoticias.com\/labravaradiofm\/wp-content\/uploads\/sites\/5\/2021\/08\/local6.30.08.21.jpg","articleSection":["LOCAL"],"inLanguage":"es"},{"@type":"WebPage","@id":"https:\/\/www.bbmnoticias.com\/labravaradiofm\/2021\/08\/31\/capacitaciones-y-herramientas-tecnologicas-para-facilitar-la-presentacion-de-ley-de-la-declaracion-patrimonial\/","url":"https:\/\/www.bbmnoticias.com\/labravaradiofm\/2021\/08\/31\/capacitaciones-y-herramientas-tecnologicas-para-facilitar-la-presentacion-de-ley-de-la-declaracion-patrimonial\/","name":"Capacitaciones y herramientas tecnol\u00f3gicas para facilitar la presentaci\u00f3n de ley de la declaraci\u00f3n patrimonial - LA BRAVA RADIO","isPartOf":{"@id":"https:\/\/www.bbmnoticias.com\/labravaradiofm\/#website"},"primaryImageOfPage":{"@id":"https:\/\/www.bbmnoticias.com\/labravaradiofm\/2021\/08\/31\/capacitaciones-y-herramientas-tecnologicas-para-facilitar-la-presentacion-de-ley-de-la-declaracion-patrimonial\/#primaryimage"},"image":{"@id":"https:\/\/www.bbmnoticias.com\/labravaradiofm\/2021\/08\/31\/capacitaciones-y-herramientas-tecnologicas-para-facilitar-la-presentacion-de-ley-de-la-declaracion-patrimonial\/#primaryimage"},"thumbnailUrl":"https:\/\/www.bbmnoticias.com\/labravaradiofm\/wp-content\/uploads\/sites\/5\/2021\/08\/local6.30.08.21.jpg","datePublished":"2021-08-31T21:27:21+00:00","dateModified":"2021-08-31T21:27:23+00:00","author":{"@id":"https:\/\/www.bbmnoticias.com\/labravaradiofm\/#\/schema\/person\/68a9e9036ef3c5b55aeb2b71dc8bab45"},"breadcrumb":{"@id":"https:\/\/www.bbmnoticias.com\/labravaradiofm\/2021\/08\/31\/capacitaciones-y-herramientas-tecnologicas-para-facilitar-la-presentacion-de-ley-de-la-declaracion-patrimonial\/#breadcrumb"},"inLanguage":"es","potentialAction":[{"@type":"ReadAction","target":["https:\/\/www.bbmnoticias.com\/labravaradiofm\/2021\/08\/31\/capacitaciones-y-herramientas-tecnologicas-para-facilitar-la-presentacion-de-ley-de-la-declaracion-patrimonial\/"]}]},{"@type":"ImageObject","inLanguage":"es","@id":"https:\/\/www.bbmnoticias.com\/labravaradiofm\/2021\/08\/31\/capacitaciones-y-herramientas-tecnologicas-para-facilitar-la-presentacion-de-ley-de-la-declaracion-patrimonial\/#primaryimage","url":"https:\/\/www.bbmnoticias.com\/labravaradiofm\/wp-content\/uploads\/sites\/5\/2021\/08\/local6.30.08.21.jpg","contentUrl":"https:\/\/www.bbmnoticias.com\/labravaradiofm\/wp-content\/uploads\/sites\/5\/2021\/08\/local6.30.08.21.jpg","width":1280,"height":853},{"@type":"BreadcrumbList","@id":"https:\/\/www.bbmnoticias.com\/labravaradiofm\/2021\/08\/31\/capacitaciones-y-herramientas-tecnologicas-para-facilitar-la-presentacion-de-ley-de-la-declaracion-patrimonial\/#breadcrumb","itemListElement":[{"@type":"ListItem","position":1,"name":"Inicio","item":"https:\/\/www.bbmnoticias.com\/labravaradiofm\/"},{"@type":"ListItem","position":2,"name":"Capacitaciones y herramientas tecnol\u00f3gicas para facilitar la presentaci\u00f3n de ley de la declaraci\u00f3n patrimonial"}]},{"@type":"WebSite","@id":"https:\/\/www.bbmnoticias.com\/labravaradiofm\/#website","url":"https:\/\/www.bbmnoticias.com\/labravaradiofm\/","name":"LA BRAVA RADIO","description":"Empresa productora de medios, Radiodifusi\u00f3n, Noticias, tendencias y todo lo que necesitas saber de la pol\u00edtica mexicana e internacional; entretenimiento, espect\u00e1culos, salud y mucho m\u00e1s.","potentialAction":[{"@type":"SearchAction","target":{"@type":"EntryPoint","urlTemplate":"https:\/\/www.bbmnoticias.com\/labravaradiofm\/?s={search_term_string}"},"query-input":{"@type":"PropertyValueSpecification","valueRequired":true,"valueName":"search_term_string"}}],"inLanguage":"es"},{"@type":"Person","@id":"https:\/\/www.bbmnoticias.com\/labravaradiofm\/#\/schema\/person\/68a9e9036ef3c5b55aeb2b71dc8bab45","name":"Staff","image":{"@type":"ImageObject","inLanguage":"es","@id":"https:\/\/secure.gravatar.com\/avatar\/fdd21ad66fd8b98c407f9dee5b5e588cfe7f0d8579ec20fa6527cd59bab7f0f0?s=96&d=mm&r=g","url":"https:\/\/secure.gravatar.com\/avatar\/fdd21ad66fd8b98c407f9dee5b5e588cfe7f0d8579ec20fa6527cd59bab7f0f0?s=96&d=mm&r=g","contentUrl":"https:\/\/secure.gravatar.com\/avatar\/fdd21ad66fd8b98c407f9dee5b5e588cfe7f0d8579ec20fa6527cd59bab7f0f0?s=96&d=mm&r=g","caption":"Staff"},"url":"https:\/\/www.bbmnoticias.com\/labravaradiofm\/author\/redaccion\/"}]}},"_links":{"self":[{"href":"https:\/\/www.bbmnoticias.com\/labravaradiofm\/wp-json\/wp\/v2\/posts\/1011","targetHints":{"allow":["GET"]}}],"collection":[{"href":"https:\/\/www.bbmnoticias.com\/labravaradiofm\/wp-json\/wp\/v2\/posts"}],"about":[{"href":"https:\/\/www.bbmnoticias.com\/labravaradiofm\/wp-json\/wp\/v2\/types\/post"}],"author":[{"embeddable":true,"href":"https:\/\/www.bbmnoticias.com\/labravaradiofm\/wp-json\/wp\/v2\/users\/2"}],"replies":[{"embeddable":true,"href":"https:\/\/www.bbmnoticias.com\/labravaradiofm\/wp-json\/wp\/v2\/comments?post=1011"}],"version-history":[{"count":0,"href":"https:\/\/www.bbmnoticias.com\/labravaradiofm\/wp-json\/wp\/v2\/posts\/1011\/revisions"}],"wp:featuredmedia":[{"embeddable":true,"href":"https:\/\/www.bbmnoticias.com\/labravaradiofm\/wp-json\/wp\/v2\/media\/1012"}],"wp:attachment":[{"href":"https:\/\/www.bbmnoticias.com\/labravaradiofm\/wp-json\/wp\/v2\/media?parent=1011"}],"wp:term":[{"taxonomy":"category","embeddable":true,"href":"https:\/\/www.bbmnoticias.com\/labravaradiofm\/wp-json\/wp\/v2\/categories?post=1011"},{"taxonomy":"post_tag","embeddable":true,"href":"https:\/\/www.bbmnoticias.com\/labravaradiofm\/wp-json\/wp\/v2\/tags?post=1011"}],"curies":[{"name":"wp","href":"https:\/\/api.w.org\/{rel}","templated":true}]}}